{"id":457,"date":"2021-03-03T05:45:00","date_gmt":"2021-03-03T04:45:00","guid":{"rendered":"https:\/\/www.cabinet-magar.fr\/quoi-de-neuf-pour-la-formation-des-infirmiers-exercant-en-bloc-operatoire\/"},"modified":"2021-04-01T03:01:13","modified_gmt":"2021-04-01T01:01:13","slug":"quoi-de-neuf-pour-la-formation-des-infirmiers-exercant-en-bloc-operatoire","status":"publish","type":"post","link":"https:\/\/www.cabinet-magar.fr\/de\/actualites\/quoi-de-neuf-pour-la-formation-des-infirmiers-exercant-en-bloc-operatoire\/","title":{"rendered":"Quoi de neuf pour la formation des infirmiers exer\u00e7ant en bloc op\u00e9ratoire ?"},"content":{"rendered":"<p >Les infirmiers qui exercent des fonctions d\u2019infirmier de bloc op\u00e9ratoire et souhaitent apporter une aide \u00e0 l&#8217;exposition, \u00e0 l&#8217;h\u00e9mostase et \u00e0 l&#8217;aspiration doivent suivre une formation compl\u00e9mentaire afin d\u2019obtenir l\u2019autorisation de proc\u00e9der \u00e0 de tels actes. Certaines pr\u00e9cisions viennent d\u2019\u00eatre apport\u00e9es \u00e0 ce sujet. Lesquelles ?<\/p>\n<div>\n<h2> Formation des infirmiers exer\u00e7ant en bloc op\u00e9ratoire : 2 nouvelles attestations<\/h2>\n<p>Tout infirmier ou infirmi\u00e8re exer\u00e7ant des fonctions d&#8217;infirmier de bloc op\u00e9ratoire peut apporter, dans les m\u00eames conditions que celles applicables \u00e0 l&#8217;infirmier ou l&#8217;infirmi\u00e8re de bloc op\u00e9ratoire titulaire du dipl\u00f4me d&#8217;Etat de bloc op\u00e9ratoire, une aide \u00e0 l&#8217;exposition, \u00e0 l&#8217;h\u00e9mostase et \u00e0 l&#8217;aspiration, sous r\u00e9serve d&#8217;\u00eatre titulaire d&#8217;une autorisation \u00e0 apporter cette aide d\u00e9livr\u00e9e par l\u2019autorit\u00e9 administrative.<\/p>\n<p>Peuvent d\u00e9poser une demande d\u2019autorisation les professionnels qui :<\/p>\n<ul>\n<li>ont exerc\u00e9 une fonction d&#8217;infirmier de bloc op\u00e9ratoire \u00e0 la date du 31 d\u00e9cembre 2019 depuis une dur\u00e9e d&#8217;au moins un an en \u00e9quivalent temps plein ;<\/li>\n<li>et ont apport\u00e9 de mani\u00e8re r\u00e9guli\u00e8re une aide \u00e0 l&#8217;exposition, \u00e0 l&#8217;h\u00e9mostase et \u00e0 l&#8217;aspiration au cours d&#8217;interventions chirurgicales r\u00e9alis\u00e9es pendant cette p\u00e9riode.<\/li>\n<\/ul>\n<p>Le dossier de demande d\u2019autorisation doit comprendre :<\/p>\n<ul>\n<li>une copie du titre de formation ou de l&#8217;autorisation requis pour l&#8217;exercice de la profession d&#8217;infirmier ;<\/li>\n<li>une attestation du ou des employeurs indiquant :<\/li>\n<\/ul>\n<ul>\n<li>\u25cb que l\u2019infirmer a exerc\u00e9 une fonction d&#8217;infirmier de bloc op\u00e9ratoire \u00e0 la date du 31 d\u00e9cembre 2019 depuis une dur\u00e9e d&#8217;au moins un an en \u00e9quivalent temps plein ;<\/li>\n<li>\u25cb et a apport\u00e9 de mani\u00e8re r\u00e9guli\u00e8re une aide \u00e0 l&#8217;exposition, \u00e0 l&#8217;h\u00e9mostase et \u00e0 l&#8217;aspiration au cours d&#8217;interventions chirurgicales r\u00e9alis\u00e9es pendant cette p\u00e9riode.<\/li>\n<\/ul>\n<p>Notez que depuis le 21 f\u00e9vrier 2021, un nouveau mod\u00e8le d\u2019attestation employeur est disponible <a href=\"https:\/\/www.legifrance.gouv.fr\/jorf\/id\/JORFTEXT000043162672\" target=\"_blank\" rel=\"noopener\">ici<\/a> (annexe 2).<\/p>\n<p>Pour obtenir cette autorisation, les professionnels concern\u00e9s doivent suivre une formation compl\u00e9mentaire de 21 heures, dont le contenu est consultable <a href=\"https:\/\/www.legifrance.gouv.fr\/loda\/id\/JORFTEXT000038864875\/2021-02-21\" target=\"_blank\" rel=\"noopener\">ici<\/a> (annexe 3).<\/p>\n<p>La formation est dispens\u00e9e au sein d&#8217;une \u00e9cole autoris\u00e9e pour la pr\u00e9paration du dipl\u00f4me d&#8217;Etat d&#8217;infirmier de bloc op\u00e9ratoire.<\/p>\n<p>A l&#8217;issue de la formation, l&#8217;\u00e9cole d\u00e9livre \u00e0 l\u2019infirmier une attestation certifiant que ce dernier a suivi l&#8217;ensemble de la formation et qu&#8217;il est en capacit\u00e9 d\u2019apporter une aide \u00e0 l&#8217;exposition, \u00e0 l&#8217;h\u00e9mostase et \u00e0 l&#8217;aspiration au cours d&#8217;une intervention chirurgicale, en pr\u00e9sence du chirurgien.<\/p>\n<p>Depuis le 21 f\u00e9vrier 2021, l\u2019attestation en question doit \u00eatre conforme \u00e0 un mod\u00e8le pr\u00e9\u00e9tabli consultable <a href=\"https:\/\/www.legifrance.gouv.fr\/jorf\/id\/JORFTEXT000043162672\" target=\"_blank\" rel=\"noopener\">ici<\/a>.<\/p>\n<p>Source : Arr\u00eat\u00e9 du 18 f\u00e9vrier 2021 modifiant l&#8217;arr\u00eat\u00e9 du 31 juillet 2019 et portant sur les conditions pour la r\u00e9alisation de certains actes professionnels en bloc op\u00e9ratoire par les infirmiers<\/p>\n<p><a href=\"https:\/\/www.weblex.fr\/weblex-actualite\/quoi-de-neuf-pour-la-formation-des-infirmiers-exercant-en-bloc-operatoire\" target=\"_blank\" rel=\"noopener\">Quoi de neuf pour la formation des infirmiers exer\u00e7ant en bloc op\u00e9ratoire ?<\/a> \u00a9 Copyright WebLex &#8211; 2021<\/p>\n<\/div>\n<p><img src='https:\/\/www.weblex.fr\/images\/flux_actus\/blocoperatoire.jpg'><\/p>\n","protected":false},"excerpt":{"rendered":"<p>Les infirmiers qui exercent des fonctions d\u2019infirmier de bloc op\u00e9ratoire et souhaitent apporter une aide \u00e0 l&#8217;exposition, \u00e0 l&#8217;h\u00e9mostase et \u00e0 l&#8217;aspiration doivent suivre une formation compl\u00e9mentaire afin d\u2019obtenir l\u2019autorisation de proc\u00e9der \u00e0 de tels actes. Certaines pr\u00e9cisions viennent d\u2019\u00eatre apport\u00e9es \u00e0 ce sujet. Lesquelles ?<\/p>\n","protected":false},"author":0,"featured_media":3507,"comment_status":"open","ping_status":"closed","sticky":false,"template":"","format":"standard","meta":{"_acf_changed":false,"footnotes":""},"categories":[9,7],"tags":[],"class_list":["post-457","post","type-post","status-publish","format-standard","has-post-thumbnail","hentry","category-actu-juridique","category-actualites"],"acf":[],"yoast_head":"<!-- This site is optimized with the Yoast SEO plugin v27.2 - https:\/\/yoast.com\/product\/yoast-seo-wordpress\/ -->\n<title>Quoi de neuf pour la formation des infirmiers exer\u00e7ant en bloc op\u00e9ratoire ? - Cabinet Magar<\/title>\n<meta name=\"robots\" content=\"index, follow, max-snippet:-1, max-image-preview:large, max-video-preview:-1\" \/>\n<link rel=\"canonical\" href=\"https:\/\/www.cabinet-magar.fr\/actualites\/quoi-de-neuf-pour-la-formation-des-infirmiers-exercant-en-bloc-operatoire\/\" \/>\n<meta property=\"og:locale\" content=\"de_DE\" \/>\n<meta property=\"og:type\" content=\"article\" \/>\n<meta property=\"og:title\" content=\"Quoi de neuf pour la formation des infirmiers exer\u00e7ant en bloc op\u00e9ratoire ? - Cabinet Magar\" \/>\n<meta property=\"og:description\" content=\"Les infirmiers qui exercent des fonctions d\u2019infirmier de bloc op\u00e9ratoire et souhaitent apporter une aide \u00e0 l&#039;exposition, \u00e0 l&#039;h\u00e9mostase et \u00e0 l&#039;aspiration doivent suivre une formation compl\u00e9mentaire afin d\u2019obtenir l\u2019autorisation de proc\u00e9der \u00e0 de tels actes. Certaines pr\u00e9cisions viennent d\u2019\u00eatre apport\u00e9es \u00e0 ce sujet. Lesquelles ?\" \/>\n<meta property=\"og:url\" content=\"https:\/\/www.cabinet-magar.fr\/actualites\/quoi-de-neuf-pour-la-formation-des-infirmiers-exercant-en-bloc-operatoire\/\" \/>\n<meta property=\"og:site_name\" content=\"Cabinet Magar\" \/>\n<meta property=\"article:published_time\" content=\"2021-03-03T04:45:00+00:00\" \/>\n<meta property=\"article:modified_time\" content=\"2021-04-01T01:01:13+00:00\" \/>\n<meta property=\"og:image\" content=\"https:\/\/www.cabinet-magar.fr\/wp-content\/uploads\/2021\/04\/blocoperatoire.jpg\" \/>\n\t<meta property=\"og:image:width\" content=\"600\" \/>\n\t<meta property=\"og:image:height\" content=\"400\" \/>\n\t<meta property=\"og:image:type\" content=\"image\/jpeg\" \/>\n<meta name=\"twitter:card\" content=\"summary_large_image\" \/>\n<meta name=\"twitter:label1\" content=\"Gesch\u00e4tzte Lesezeit\" \/>\n\t<meta name=\"twitter:data1\" content=\"2\u00a0Minuten\" \/>\n<script type=\"application\/ld+json\" class=\"yoast-schema-graph\">{\"@context\":\"https:\/\/schema.org\",\"@graph\":[{\"@type\":\"Article\",\"@id\":\"https:\/\/www.cabinet-magar.fr\/actualites\/quoi-de-neuf-pour-la-formation-des-infirmiers-exercant-en-bloc-operatoire\/#article\",\"isPartOf\":{\"@id\":\"https:\/\/www.cabinet-magar.fr\/actualites\/quoi-de-neuf-pour-la-formation-des-infirmiers-exercant-en-bloc-operatoire\/\"},\"author\":{\"name\":\"\",\"@id\":\"\"},\"headline\":\"Quoi de neuf pour la formation des infirmiers exer\u00e7ant en bloc op\u00e9ratoire ?\",\"datePublished\":\"2021-03-03T04:45:00+00:00\",\"dateModified\":\"2021-04-01T01:01:13+00:00\",\"mainEntityOfPage\":{\"@id\":\"https:\/\/www.cabinet-magar.fr\/actualites\/quoi-de-neuf-pour-la-formation-des-infirmiers-exercant-en-bloc-operatoire\/\"},\"wordCount\":505,\"commentCount\":0,\"image\":{\"@id\":\"https:\/\/www.cabinet-magar.fr\/actualites\/quoi-de-neuf-pour-la-formation-des-infirmiers-exercant-en-bloc-operatoire\/#primaryimage\"},\"thumbnailUrl\":\"https:\/\/www.cabinet-magar.fr\/wp-content\/uploads\/2021\/04\/blocoperatoire.jpg\",\"articleSection\":[\"Actu Juridique\",\"Actualit\u00e9s\"],\"inLanguage\":\"de\",\"potentialAction\":[{\"@type\":\"CommentAction\",\"name\":\"Comment\",\"target\":[\"https:\/\/www.cabinet-magar.fr\/actualites\/quoi-de-neuf-pour-la-formation-des-infirmiers-exercant-en-bloc-operatoire\/#respond\"]}]},{\"@type\":\"WebPage\",\"@id\":\"https:\/\/www.cabinet-magar.fr\/actualites\/quoi-de-neuf-pour-la-formation-des-infirmiers-exercant-en-bloc-operatoire\/\",\"url\":\"https:\/\/www.cabinet-magar.fr\/actualites\/quoi-de-neuf-pour-la-formation-des-infirmiers-exercant-en-bloc-operatoire\/\",\"name\":\"Quoi de neuf pour la formation des infirmiers exer\u00e7ant en bloc op\u00e9ratoire ? - Cabinet Magar\",\"isPartOf\":{\"@id\":\"https:\/\/www.cabinet-magar.fr\/#website\"},\"primaryImageOfPage\":{\"@id\":\"https:\/\/www.cabinet-magar.fr\/actualites\/quoi-de-neuf-pour-la-formation-des-infirmiers-exercant-en-bloc-operatoire\/#primaryimage\"},\"image\":{\"@id\":\"https:\/\/www.cabinet-magar.fr\/actualites\/quoi-de-neuf-pour-la-formation-des-infirmiers-exercant-en-bloc-operatoire\/#primaryimage\"},\"thumbnailUrl\":\"https:\/\/www.cabinet-magar.fr\/wp-content\/uploads\/2021\/04\/blocoperatoire.jpg\",\"datePublished\":\"2021-03-03T04:45:00+00:00\",\"dateModified\":\"2021-04-01T01:01:13+00:00\",\"author\":{\"@id\":\"\"},\"breadcrumb\":{\"@id\":\"https:\/\/www.cabinet-magar.fr\/actualites\/quoi-de-neuf-pour-la-formation-des-infirmiers-exercant-en-bloc-operatoire\/#breadcrumb\"},\"inLanguage\":\"de\",\"potentialAction\":[{\"@type\":\"ReadAction\",\"target\":[\"https:\/\/www.cabinet-magar.fr\/actualites\/quoi-de-neuf-pour-la-formation-des-infirmiers-exercant-en-bloc-operatoire\/\"]}]},{\"@type\":\"ImageObject\",\"inLanguage\":\"de\",\"@id\":\"https:\/\/www.cabinet-magar.fr\/actualites\/quoi-de-neuf-pour-la-formation-des-infirmiers-exercant-en-bloc-operatoire\/#primaryimage\",\"url\":\"https:\/\/www.cabinet-magar.fr\/wp-content\/uploads\/2021\/04\/blocoperatoire.jpg\",\"contentUrl\":\"https:\/\/www.cabinet-magar.fr\/wp-content\/uploads\/2021\/04\/blocoperatoire.jpg\",\"width\":600,\"height\":400},{\"@type\":\"BreadcrumbList\",\"@id\":\"https:\/\/www.cabinet-magar.fr\/actualites\/quoi-de-neuf-pour-la-formation-des-infirmiers-exercant-en-bloc-operatoire\/#breadcrumb\",\"itemListElement\":[{\"@type\":\"ListItem\",\"position\":1,\"name\":\"Accueil\",\"item\":\"https:\/\/www.cabinet-magar.fr\/de\/\"},{\"@type\":\"ListItem\",\"position\":2,\"name\":\"Quoi de neuf pour la formation des infirmiers exer\u00e7ant en bloc op\u00e9ratoire ?\"}]},{\"@type\":\"WebSite\",\"@id\":\"https:\/\/www.cabinet-magar.fr\/#website\",\"url\":\"https:\/\/www.cabinet-magar.fr\/\",\"name\":\"Cabinet Magar\",\"description\":\"\",\"potentialAction\":[{\"@type\":\"SearchAction\",\"target\":{\"@type\":\"EntryPoint\",\"urlTemplate\":\"https:\/\/www.cabinet-magar.fr\/?s={search_term_string}\"},\"query-input\":{\"@type\":\"PropertyValueSpecification\",\"valueRequired\":true,\"valueName\":\"search_term_string\"}}],\"inLanguage\":\"de\"}]}<\/script>\n<!-- \/ Yoast SEO plugin. -->","yoast_head_json":{"title":"Quoi de neuf pour la formation des infirmiers exer\u00e7ant en bloc op\u00e9ratoire ? - Cabinet Magar","robots":{"index":"index","follow":"follow","max-snippet":"max-snippet:-1","max-image-preview":"max-image-preview:large","max-video-preview":"max-video-preview:-1"},"canonical":"https:\/\/www.cabinet-magar.fr\/actualites\/quoi-de-neuf-pour-la-formation-des-infirmiers-exercant-en-bloc-operatoire\/","og_locale":"de_DE","og_type":"article","og_title":"Quoi de neuf pour la formation des infirmiers exer\u00e7ant en bloc op\u00e9ratoire ? - Cabinet Magar","og_description":"Les infirmiers qui exercent des fonctions d\u2019infirmier de bloc op\u00e9ratoire et souhaitent apporter une aide \u00e0 l'exposition, \u00e0 l'h\u00e9mostase et \u00e0 l'aspiration doivent suivre une formation compl\u00e9mentaire afin d\u2019obtenir l\u2019autorisation de proc\u00e9der \u00e0 de tels actes. Certaines pr\u00e9cisions viennent d\u2019\u00eatre apport\u00e9es \u00e0 ce sujet. Lesquelles ?","og_url":"https:\/\/www.cabinet-magar.fr\/actualites\/quoi-de-neuf-pour-la-formation-des-infirmiers-exercant-en-bloc-operatoire\/","og_site_name":"Cabinet Magar","article_published_time":"2021-03-03T04:45:00+00:00","article_modified_time":"2021-04-01T01:01:13+00:00","og_image":[{"width":600,"height":400,"url":"https:\/\/www.cabinet-magar.fr\/wp-content\/uploads\/2021\/04\/blocoperatoire.jpg","type":"image\/jpeg"}],"twitter_card":"summary_large_image","twitter_misc":{"Gesch\u00e4tzte Lesezeit":"2\u00a0Minuten"},"schema":{"@context":"https:\/\/schema.org","@graph":[{"@type":"Article","@id":"https:\/\/www.cabinet-magar.fr\/actualites\/quoi-de-neuf-pour-la-formation-des-infirmiers-exercant-en-bloc-operatoire\/#article","isPartOf":{"@id":"https:\/\/www.cabinet-magar.fr\/actualites\/quoi-de-neuf-pour-la-formation-des-infirmiers-exercant-en-bloc-operatoire\/"},"author":{"name":"","@id":""},"headline":"Quoi de neuf pour la formation des infirmiers exer\u00e7ant en bloc op\u00e9ratoire ?","datePublished":"2021-03-03T04:45:00+00:00","dateModified":"2021-04-01T01:01:13+00:00","mainEntityOfPage":{"@id":"https:\/\/www.cabinet-magar.fr\/actualites\/quoi-de-neuf-pour-la-formation-des-infirmiers-exercant-en-bloc-operatoire\/"},"wordCount":505,"commentCount":0,"image":{"@id":"https:\/\/www.cabinet-magar.fr\/actualites\/quoi-de-neuf-pour-la-formation-des-infirmiers-exercant-en-bloc-operatoire\/#primaryimage"},"thumbnailUrl":"https:\/\/www.cabinet-magar.fr\/wp-content\/uploads\/2021\/04\/blocoperatoire.jpg","articleSection":["Actu Juridique","Actualit\u00e9s"],"inLanguage":"de","potentialAction":[{"@type":"CommentAction","name":"Comment","target":["https:\/\/www.cabinet-magar.fr\/actualites\/quoi-de-neuf-pour-la-formation-des-infirmiers-exercant-en-bloc-operatoire\/#respond"]}]},{"@type":"WebPage","@id":"https:\/\/www.cabinet-magar.fr\/actualites\/quoi-de-neuf-pour-la-formation-des-infirmiers-exercant-en-bloc-operatoire\/","url":"https:\/\/www.cabinet-magar.fr\/actualites\/quoi-de-neuf-pour-la-formation-des-infirmiers-exercant-en-bloc-operatoire\/","name":"Quoi de neuf pour la formation des infirmiers exer\u00e7ant en bloc op\u00e9ratoire ? - Cabinet Magar","isPartOf":{"@id":"https:\/\/www.cabinet-magar.fr\/#website"},"primaryImageOfPage":{"@id":"https:\/\/www.cabinet-magar.fr\/actualites\/quoi-de-neuf-pour-la-formation-des-infirmiers-exercant-en-bloc-operatoire\/#primaryimage"},"image":{"@id":"https:\/\/www.cabinet-magar.fr\/actualites\/quoi-de-neuf-pour-la-formation-des-infirmiers-exercant-en-bloc-operatoire\/#primaryimage"},"thumbnailUrl":"https:\/\/www.cabinet-magar.fr\/wp-content\/uploads\/2021\/04\/blocoperatoire.jpg","datePublished":"2021-03-03T04:45:00+00:00","dateModified":"2021-04-01T01:01:13+00:00","author":{"@id":""},"breadcrumb":{"@id":"https:\/\/www.cabinet-magar.fr\/actualites\/quoi-de-neuf-pour-la-formation-des-infirmiers-exercant-en-bloc-operatoire\/#breadcrumb"},"inLanguage":"de","potentialAction":[{"@type":"ReadAction","target":["https:\/\/www.cabinet-magar.fr\/actualites\/quoi-de-neuf-pour-la-formation-des-infirmiers-exercant-en-bloc-operatoire\/"]}]},{"@type":"ImageObject","inLanguage":"de","@id":"https:\/\/www.cabinet-magar.fr\/actualites\/quoi-de-neuf-pour-la-formation-des-infirmiers-exercant-en-bloc-operatoire\/#primaryimage","url":"https:\/\/www.cabinet-magar.fr\/wp-content\/uploads\/2021\/04\/blocoperatoire.jpg","contentUrl":"https:\/\/www.cabinet-magar.fr\/wp-content\/uploads\/2021\/04\/blocoperatoire.jpg","width":600,"height":400},{"@type":"BreadcrumbList","@id":"https:\/\/www.cabinet-magar.fr\/actualites\/quoi-de-neuf-pour-la-formation-des-infirmiers-exercant-en-bloc-operatoire\/#breadcrumb","itemListElement":[{"@type":"ListItem","position":1,"name":"Accueil","item":"https:\/\/www.cabinet-magar.fr\/de\/"},{"@type":"ListItem","position":2,"name":"Quoi de neuf pour la formation des infirmiers exer\u00e7ant en bloc op\u00e9ratoire ?"}]},{"@type":"WebSite","@id":"https:\/\/www.cabinet-magar.fr\/#website","url":"https:\/\/www.cabinet-magar.fr\/","name":"Cabinet Magar","description":"","potentialAction":[{"@type":"SearchAction","target":{"@type":"EntryPoint","urlTemplate":"https:\/\/www.cabinet-magar.fr\/?s={search_term_string}"},"query-input":{"@type":"PropertyValueSpecification","valueRequired":true,"valueName":"search_term_string"}}],"inLanguage":"de"}]}},"_links":{"self":[{"href":"https:\/\/www.cabinet-magar.fr\/de\/wp-json\/wp\/v2\/posts\/457","targetHints":{"allow":["GET"]}}],"collection":[{"href":"https:\/\/www.cabinet-magar.fr\/de\/wp-json\/wp\/v2\/posts"}],"about":[{"href":"https:\/\/www.cabinet-magar.fr\/de\/wp-json\/wp\/v2\/types\/post"}],"replies":[{"embeddable":true,"href":"https:\/\/www.cabinet-magar.fr\/de\/wp-json\/wp\/v2\/comments?post=457"}],"version-history":[{"count":1,"href":"https:\/\/www.cabinet-magar.fr\/de\/wp-json\/wp\/v2\/posts\/457\/revisions"}],"predecessor-version":[{"id":3506,"href":"https:\/\/www.cabinet-magar.fr\/de\/wp-json\/wp\/v2\/posts\/457\/revisions\/3506"}],"wp:featuredmedia":[{"embeddable":true,"href":"https:\/\/www.cabinet-magar.fr\/de\/wp-json\/wp\/v2\/media\/3507"}],"wp:attachment":[{"href":"https:\/\/www.cabinet-magar.fr\/de\/wp-json\/wp\/v2\/media?parent=457"}],"wp:term":[{"taxonomy":"category","embeddable":true,"href":"https:\/\/www.cabinet-magar.fr\/de\/wp-json\/wp\/v2\/categories?post=457"},{"taxonomy":"post_tag","embeddable":true,"href":"https:\/\/www.cabinet-magar.fr\/de\/wp-json\/wp\/v2\/tags?post=457"}],"curies":[{"name":"wp","href":"https:\/\/api.w.org\/{rel}","templated":true}]}}