{"id":456,"date":"2021-03-03T05:45:00","date_gmt":"2021-03-03T04:45:00","guid":{"rendered":"https:\/\/www.cabinet-magar.fr\/coronavirus-covid-19-un-arret-de-travail-pour-les-personnes-de-retour-dun-voyage-a-letranger\/"},"modified":"2021-04-01T03:01:04","modified_gmt":"2021-04-01T01:01:04","slug":"coronavirus-covid-19-un-arret-de-travail-pour-les-personnes-de-retour-dun-voyage-a-letranger","status":"publish","type":"post","link":"https:\/\/www.cabinet-magar.fr\/de\/actualites\/coronavirus-covid-19-un-arret-de-travail-pour-les-personnes-de-retour-dun-voyage-a-letranger\/","title":{"rendered":"Coronavirus (COVID-19) : un arr\u00eat de travail pour les personnes de retour d\u2019un voyage \u00e0 l\u2019\u00e9tranger ?"},"content":{"rendered":"<p >Dans le cadre de la lutte contre la propagation du Covid-19, toute personne de retour d\u2019un d\u00e9placement \u00e0 l\u2019\u00e9tranger (ou en Outre-mer), doit s\u2019isoler 7 jours \u00e0 compter du jour de son retour. L\u2019Assurance Maladie pr\u00e9voit le b\u00e9n\u00e9fice d\u2019un arr\u00eat de travail pour ceux \u00e9tant dans l\u2019impossibilit\u00e9 de t\u00e9l\u00e9travailler durant cette p\u00e9riode\u2026 Sous quelles conditions ?<\/p>\n<div>\n<h2> Coronavirus (COVID-19) : un arr\u00eat de travail de 9 jours maximum<\/h2>\n<p>Rappelons qu\u2019afin de lutter contre la propagation de la Covid-19, les personnes de retour d\u2019un d\u00e9placement pour motif imp\u00e9rieux (professionnel ou personnel) doivent s\u2019isoler pour 7 jours \u00e0 compter de la date de leur retour.<\/p>\n<p>Cette obligation concerne les d\u00e9placements :<\/p>\n<ul>\n<li>entre la France m\u00e9tropolitaine et les pays situ\u00e9s hors de l\u2019espace europ\u00e9en ;<\/li>\n<li>au d\u00e9part ou \u00e0 destination des d\u00e9partements et r\u00e9gions d\u2019Outre-mer et des collectivit\u00e9s d\u2019Outre-mer, \u00e0 l&#8217;exception des d\u00e9placements entre Saint-Martin et Saint-Barth\u00e9lemy.<\/li>\n<\/ul>\n<p>Pass\u00e9 7 jours, un test de d\u00e9pistage doit \u00eatre fait afin de lever l\u2019isolement de la personne.<\/p>\n<p>Pour les retours intervenants depuis le 22 f\u00e9vrier 2021, toute personne se trouvant dans l\u2019impossibilit\u00e9 de t\u00e9l\u00e9travailler durant l\u2019ensemble de la p\u00e9riode d\u2019isolement peut b\u00e9n\u00e9ficier d\u2019un arr\u00eat de travail indemnis\u00e9 \u00e0 partir du 1er jour d\u2019isolement.<\/p>\n<p>Cet arr\u00eat de travail peut couvrir une p\u00e9riode de 9 jours maximum (7 jours d\u2019isolement + 2 jours maximum pour recevoir le r\u00e9sultat du test de d\u00e9pistage).<\/p>\n<p>La marche \u00e0 suivre pour b\u00e9n\u00e9ficier de cet arr\u00eat de travail est diff\u00e9rente selon que la personne concern\u00e9e soit salari\u00e9e de droit priv\u00e9 ou b\u00e9n\u00e9ficie d\u2019un autre statut (travailleurs ind\u00e9pendants, professionnels de sant\u00e9 etc.)<\/p>\n<ul>\n<li><strong> Marche \u00e0 suivre pour les salari\u00e9s de droit priv\u00e9<\/strong><\/li>\n<\/ul>\n<p>Pour les salari\u00e9s, il appartient \u00e0 l\u2019employeur de d\u00e9clarer cet arr\u00eat de travail gr\u00e2ce au t\u00e9l\u00e9service \u00ab D\u00e9placement pour motif imp\u00e9rieux \u00bb sur declare.ameli.fr. Il doit absolument :<\/p>\n<ul>\n<li>indiquer la date de d\u00e9but de l\u2019isolement et le nombre de jours d\u2019arr\u00eat de travail. En cons\u00e9quence, la demande d\u2019isolement par l\u2019employeur doit se faire \u00e0 la reprise du travail ;<\/li>\n<li>t\u00e9l\u00e9charger (et conserver) un r\u00e9c\u00e9piss\u00e9 d\u2019envoi de la demande.<\/li>\n<\/ul>\n<p>Concernant le r\u00e8glement des indemnit\u00e9s journali\u00e8re (IJ) par l\u2019Assurance Maladie, l\u2019attestation de salaire n\u00e9cessaire \u00e0 ce r\u00e8glement sera transmise dans les conditions habituelles via la DSN ou sur net-entreprises.fr.<\/p>\n<p>Les IJ au titre de cet arr\u00eat seront vers\u00e9es sans conditions d\u2019ouverture de droits, sans d\u00e9lai de carence et sans qu\u2019elles soient comptabilis\u00e9es dans les dur\u00e9es maximales de versement de ces indemnit\u00e9s. Le compl\u00e9ment employeur devra \u00eatre maintenu dans les m\u00eames conditions.<\/p>\n<p>L\u2019Assurance Maladie pouvant effectuer des contr\u00f4les, l\u2019employeur devra s\u2019assurer, avant de r\u00e9aliser cette demande, que son salari\u00e9 remplit les conditions d\u2019indemnisation. Des pi\u00e8ces justificatives pourront \u00eatre demand\u00e9es.<\/p>\n<ul>\n<li><strong> Marche \u00e0 suivre pour les personnes b\u00e9n\u00e9ficiant d\u2019un autre statut<\/strong><\/li>\n<\/ul>\n<p>Les travailleurs ind\u00e9pendants, professionnels de sant\u00e9, professions lib\u00e9rales, artistes-auteurs et g\u00e9rants salari\u00e9s tenus de s\u2019isoler au retour d\u2019un d\u00e9placement appelant un isolement et qui se trouvent dans l\u2019impossibilit\u00e9 de t\u00e9l\u00e9travailler doivent quant \u00e0 eux s\u2019auto-d\u00e9clarer pour obtenir un arr\u00eat de travail via le nouveau t\u00e9l\u00e9service \u00ab D\u00e9placement pour motif imp\u00e9rieux \u00bb sur declare.ameli.fr.<\/p>\n<p>Ils doivent :<\/p>\n<ul>\n<li>indiquer la date de d\u00e9but de l\u2019isolement, pour une dur\u00e9e d\u2019arr\u00eat allant jusqu\u2019\u00e0 9 jours maximum \u00e0 compter du jour du retour ;<\/li>\n<li>t\u00e9l\u00e9charger (et conserver) un r\u00e9c\u00e9piss\u00e9 d\u2019envoi de la demande \u00e0 l\u2019Assurance Maladie.<\/li>\n<\/ul>\n<p>A r\u00e9ception de cette demande, l\u2019indemnisation sera automatiquement mise en \u0153uvre par l\u2019Assurance maladie.<\/p>\n<p>Cette derni\u00e8re effectuant des contr\u00f4les r\u00e9guliers, les b\u00e9n\u00e9ficiaires de ce t\u00e9l\u00e9service sont invit\u00e9s \u00e0 conserver l\u2019ensemble des justificatifs de leur situation.<\/p>\n<p>Source : ameli.fr, actualit\u00e9 du 22 f\u00e9vrier 2021 : Isolement des assur\u00e9s \u00e0 la suite d\u2019un d\u00e9placement pour motif imp\u00e9rieux : ouverture d\u2019un t\u00e9l\u00e9service<\/p>\n<p><a href=\"https:\/\/www.weblex.fr\/weblex-actualite\/coronavirus-covid-19-un-arret-de-travail-pour-les-personnes-de-retour-dun-voyage-a-letranger\" target=\"_blank\" rel=\"noopener\">Coronavirus (COVID-19) : un arr\u00eat de travail pour les personnes de retour d\u2019un voyage \u00e0 l\u2019\u00e9tranger ?<\/a> \u00a9 Copyright WebLex &#8211; 2021<\/p>\n<\/div>\n<p><img src='https:\/\/www.weblex.fr\/images\/flux_actus\/assurancemaladie1.jpg'><\/p>\n","protected":false},"excerpt":{"rendered":"<p>Dans le cadre de la lutte contre la propagation du Covid-19, toute personne de retour d\u2019un d\u00e9placement \u00e0 l\u2019\u00e9tranger (ou en Outre-mer), doit s\u2019isoler 7 jours \u00e0 compter du jour de son retour. L\u2019Assurance Maladie pr\u00e9voit le b\u00e9n\u00e9fice d\u2019un arr\u00eat de travail pour ceux \u00e9tant dans l\u2019impossibilit\u00e9 de t\u00e9l\u00e9travailler durant cette p\u00e9riode\u2026 Sous quelles conditions ?<\/p>\n","protected":false},"author":0,"featured_media":3505,"comment_status":"open","ping_status":"closed","sticky":false,"template":"","format":"standard","meta":{"_acf_changed":false,"footnotes":""},"categories":[8,7],"tags":[],"class_list":["post-456","post","type-post","status-publish","format-standard","has-post-thumbnail","hentry","category-actu-sociale","category-actualites"],"acf":[],"yoast_head":"<!-- This site is optimized with the Yoast SEO plugin v27.2 - https:\/\/yoast.com\/product\/yoast-seo-wordpress\/ -->\n<title>Coronavirus (COVID-19) : un arr\u00eat de travail pour les personnes de retour d\u2019un voyage \u00e0 l\u2019\u00e9tranger ? - Cabinet Magar<\/title>\n<meta name=\"robots\" content=\"index, follow, max-snippet:-1, max-image-preview:large, max-video-preview:-1\" \/>\n<link rel=\"canonical\" href=\"https:\/\/www.cabinet-magar.fr\/actualites\/coronavirus-covid-19-un-arret-de-travail-pour-les-personnes-de-retour-dun-voyage-a-letranger\/\" \/>\n<meta property=\"og:locale\" content=\"de_DE\" \/>\n<meta property=\"og:type\" content=\"article\" \/>\n<meta property=\"og:title\" content=\"Coronavirus (COVID-19) : un arr\u00eat de travail pour les personnes de retour d\u2019un voyage \u00e0 l\u2019\u00e9tranger ? - Cabinet Magar\" \/>\n<meta property=\"og:description\" content=\"Dans le cadre de la lutte contre la propagation du Covid-19, toute personne de retour d\u2019un d\u00e9placement \u00e0 l\u2019\u00e9tranger (ou en Outre-mer), doit s\u2019isoler 7 jours \u00e0 compter du jour de son retour. L\u2019Assurance Maladie pr\u00e9voit le b\u00e9n\u00e9fice d\u2019un arr\u00eat de travail pour ceux \u00e9tant dans l\u2019impossibilit\u00e9 de t\u00e9l\u00e9travailler durant cette p\u00e9riode\u2026 Sous quelles conditions ?\" \/>\n<meta property=\"og:url\" content=\"https:\/\/www.cabinet-magar.fr\/actualites\/coronavirus-covid-19-un-arret-de-travail-pour-les-personnes-de-retour-dun-voyage-a-letranger\/\" \/>\n<meta property=\"og:site_name\" content=\"Cabinet Magar\" \/>\n<meta property=\"article:published_time\" content=\"2021-03-03T04:45:00+00:00\" \/>\n<meta property=\"article:modified_time\" content=\"2021-04-01T01:01:04+00:00\" \/>\n<meta property=\"og:image\" content=\"https:\/\/www.cabinet-magar.fr\/wp-content\/uploads\/2021\/04\/assurancemaladie1.jpg\" \/>\n\t<meta property=\"og:image:width\" content=\"600\" \/>\n\t<meta property=\"og:image:height\" content=\"400\" \/>\n\t<meta property=\"og:image:type\" content=\"image\/jpeg\" \/>\n<meta name=\"twitter:card\" content=\"summary_large_image\" \/>\n<meta name=\"twitter:label1\" content=\"Gesch\u00e4tzte Lesezeit\" \/>\n\t<meta name=\"twitter:data1\" content=\"4\u00a0Minuten\" \/>\n<script type=\"application\/ld+json\" class=\"yoast-schema-graph\">{\"@context\":\"https:\/\/schema.org\",\"@graph\":[{\"@type\":\"Article\",\"@id\":\"https:\/\/www.cabinet-magar.fr\/actualites\/coronavirus-covid-19-un-arret-de-travail-pour-les-personnes-de-retour-dun-voyage-a-letranger\/#article\",\"isPartOf\":{\"@id\":\"https:\/\/www.cabinet-magar.fr\/actualites\/coronavirus-covid-19-un-arret-de-travail-pour-les-personnes-de-retour-dun-voyage-a-letranger\/\"},\"author\":{\"name\":\"\",\"@id\":\"\"},\"headline\":\"Coronavirus (COVID-19) : un arr\u00eat de travail pour les personnes de retour d\u2019un voyage \u00e0 l\u2019\u00e9tranger ?\",\"datePublished\":\"2021-03-03T04:45:00+00:00\",\"dateModified\":\"2021-04-01T01:01:04+00:00\",\"mainEntityOfPage\":{\"@id\":\"https:\/\/www.cabinet-magar.fr\/actualites\/coronavirus-covid-19-un-arret-de-travail-pour-les-personnes-de-retour-dun-voyage-a-letranger\/\"},\"wordCount\":751,\"commentCount\":0,\"image\":{\"@id\":\"https:\/\/www.cabinet-magar.fr\/actualites\/coronavirus-covid-19-un-arret-de-travail-pour-les-personnes-de-retour-dun-voyage-a-letranger\/#primaryimage\"},\"thumbnailUrl\":\"https:\/\/www.cabinet-magar.fr\/wp-content\/uploads\/2021\/04\/assurancemaladie1.jpg\",\"articleSection\":[\"Actu Sociale\",\"Actualit\u00e9s\"],\"inLanguage\":\"de\",\"potentialAction\":[{\"@type\":\"CommentAction\",\"name\":\"Comment\",\"target\":[\"https:\/\/www.cabinet-magar.fr\/actualites\/coronavirus-covid-19-un-arret-de-travail-pour-les-personnes-de-retour-dun-voyage-a-letranger\/#respond\"]}]},{\"@type\":\"WebPage\",\"@id\":\"https:\/\/www.cabinet-magar.fr\/actualites\/coronavirus-covid-19-un-arret-de-travail-pour-les-personnes-de-retour-dun-voyage-a-letranger\/\",\"url\":\"https:\/\/www.cabinet-magar.fr\/actualites\/coronavirus-covid-19-un-arret-de-travail-pour-les-personnes-de-retour-dun-voyage-a-letranger\/\",\"name\":\"Coronavirus (COVID-19) : un arr\u00eat de travail pour les personnes de retour d\u2019un voyage \u00e0 l\u2019\u00e9tranger ? - Cabinet Magar\",\"isPartOf\":{\"@id\":\"https:\/\/www.cabinet-magar.fr\/#website\"},\"primaryImageOfPage\":{\"@id\":\"https:\/\/www.cabinet-magar.fr\/actualites\/coronavirus-covid-19-un-arret-de-travail-pour-les-personnes-de-retour-dun-voyage-a-letranger\/#primaryimage\"},\"image\":{\"@id\":\"https:\/\/www.cabinet-magar.fr\/actualites\/coronavirus-covid-19-un-arret-de-travail-pour-les-personnes-de-retour-dun-voyage-a-letranger\/#primaryimage\"},\"thumbnailUrl\":\"https:\/\/www.cabinet-magar.fr\/wp-content\/uploads\/2021\/04\/assurancemaladie1.jpg\",\"datePublished\":\"2021-03-03T04:45:00+00:00\",\"dateModified\":\"2021-04-01T01:01:04+00:00\",\"author\":{\"@id\":\"\"},\"breadcrumb\":{\"@id\":\"https:\/\/www.cabinet-magar.fr\/actualites\/coronavirus-covid-19-un-arret-de-travail-pour-les-personnes-de-retour-dun-voyage-a-letranger\/#breadcrumb\"},\"inLanguage\":\"de\",\"potentialAction\":[{\"@type\":\"ReadAction\",\"target\":[\"https:\/\/www.cabinet-magar.fr\/actualites\/coronavirus-covid-19-un-arret-de-travail-pour-les-personnes-de-retour-dun-voyage-a-letranger\/\"]}]},{\"@type\":\"ImageObject\",\"inLanguage\":\"de\",\"@id\":\"https:\/\/www.cabinet-magar.fr\/actualites\/coronavirus-covid-19-un-arret-de-travail-pour-les-personnes-de-retour-dun-voyage-a-letranger\/#primaryimage\",\"url\":\"https:\/\/www.cabinet-magar.fr\/wp-content\/uploads\/2021\/04\/assurancemaladie1.jpg\",\"contentUrl\":\"https:\/\/www.cabinet-magar.fr\/wp-content\/uploads\/2021\/04\/assurancemaladie1.jpg\",\"width\":600,\"height\":400},{\"@type\":\"BreadcrumbList\",\"@id\":\"https:\/\/www.cabinet-magar.fr\/actualites\/coronavirus-covid-19-un-arret-de-travail-pour-les-personnes-de-retour-dun-voyage-a-letranger\/#breadcrumb\",\"itemListElement\":[{\"@type\":\"ListItem\",\"position\":1,\"name\":\"Accueil\",\"item\":\"https:\/\/www.cabinet-magar.fr\/de\/\"},{\"@type\":\"ListItem\",\"position\":2,\"name\":\"Coronavirus (COVID-19) : un arr\u00eat de travail pour les personnes de retour d\u2019un voyage \u00e0 l\u2019\u00e9tranger ?\"}]},{\"@type\":\"WebSite\",\"@id\":\"https:\/\/www.cabinet-magar.fr\/#website\",\"url\":\"https:\/\/www.cabinet-magar.fr\/\",\"name\":\"Cabinet Magar\",\"description\":\"\",\"potentialAction\":[{\"@type\":\"SearchAction\",\"target\":{\"@type\":\"EntryPoint\",\"urlTemplate\":\"https:\/\/www.cabinet-magar.fr\/?s={search_term_string}\"},\"query-input\":{\"@type\":\"PropertyValueSpecification\",\"valueRequired\":true,\"valueName\":\"search_term_string\"}}],\"inLanguage\":\"de\"}]}<\/script>\n<!-- \/ Yoast SEO plugin. -->","yoast_head_json":{"title":"Coronavirus (COVID-19) : un arr\u00eat de travail pour les personnes de retour d\u2019un voyage \u00e0 l\u2019\u00e9tranger ? - Cabinet Magar","robots":{"index":"index","follow":"follow","max-snippet":"max-snippet:-1","max-image-preview":"max-image-preview:large","max-video-preview":"max-video-preview:-1"},"canonical":"https:\/\/www.cabinet-magar.fr\/actualites\/coronavirus-covid-19-un-arret-de-travail-pour-les-personnes-de-retour-dun-voyage-a-letranger\/","og_locale":"de_DE","og_type":"article","og_title":"Coronavirus (COVID-19) : un arr\u00eat de travail pour les personnes de retour d\u2019un voyage \u00e0 l\u2019\u00e9tranger ? - Cabinet Magar","og_description":"Dans le cadre de la lutte contre la propagation du Covid-19, toute personne de retour d\u2019un d\u00e9placement \u00e0 l\u2019\u00e9tranger (ou en Outre-mer), doit s\u2019isoler 7 jours \u00e0 compter du jour de son retour. L\u2019Assurance Maladie pr\u00e9voit le b\u00e9n\u00e9fice d\u2019un arr\u00eat de travail pour ceux \u00e9tant dans l\u2019impossibilit\u00e9 de t\u00e9l\u00e9travailler durant cette p\u00e9riode\u2026 Sous quelles conditions ?","og_url":"https:\/\/www.cabinet-magar.fr\/actualites\/coronavirus-covid-19-un-arret-de-travail-pour-les-personnes-de-retour-dun-voyage-a-letranger\/","og_site_name":"Cabinet Magar","article_published_time":"2021-03-03T04:45:00+00:00","article_modified_time":"2021-04-01T01:01:04+00:00","og_image":[{"width":600,"height":400,"url":"https:\/\/www.cabinet-magar.fr\/wp-content\/uploads\/2021\/04\/assurancemaladie1.jpg","type":"image\/jpeg"}],"twitter_card":"summary_large_image","twitter_misc":{"Gesch\u00e4tzte Lesezeit":"4\u00a0Minuten"},"schema":{"@context":"https:\/\/schema.org","@graph":[{"@type":"Article","@id":"https:\/\/www.cabinet-magar.fr\/actualites\/coronavirus-covid-19-un-arret-de-travail-pour-les-personnes-de-retour-dun-voyage-a-letranger\/#article","isPartOf":{"@id":"https:\/\/www.cabinet-magar.fr\/actualites\/coronavirus-covid-19-un-arret-de-travail-pour-les-personnes-de-retour-dun-voyage-a-letranger\/"},"author":{"name":"","@id":""},"headline":"Coronavirus (COVID-19) : un arr\u00eat de travail pour les personnes de retour d\u2019un voyage \u00e0 l\u2019\u00e9tranger ?","datePublished":"2021-03-03T04:45:00+00:00","dateModified":"2021-04-01T01:01:04+00:00","mainEntityOfPage":{"@id":"https:\/\/www.cabinet-magar.fr\/actualites\/coronavirus-covid-19-un-arret-de-travail-pour-les-personnes-de-retour-dun-voyage-a-letranger\/"},"wordCount":751,"commentCount":0,"image":{"@id":"https:\/\/www.cabinet-magar.fr\/actualites\/coronavirus-covid-19-un-arret-de-travail-pour-les-personnes-de-retour-dun-voyage-a-letranger\/#primaryimage"},"thumbnailUrl":"https:\/\/www.cabinet-magar.fr\/wp-content\/uploads\/2021\/04\/assurancemaladie1.jpg","articleSection":["Actu Sociale","Actualit\u00e9s"],"inLanguage":"de","potentialAction":[{"@type":"CommentAction","name":"Comment","target":["https:\/\/www.cabinet-magar.fr\/actualites\/coronavirus-covid-19-un-arret-de-travail-pour-les-personnes-de-retour-dun-voyage-a-letranger\/#respond"]}]},{"@type":"WebPage","@id":"https:\/\/www.cabinet-magar.fr\/actualites\/coronavirus-covid-19-un-arret-de-travail-pour-les-personnes-de-retour-dun-voyage-a-letranger\/","url":"https:\/\/www.cabinet-magar.fr\/actualites\/coronavirus-covid-19-un-arret-de-travail-pour-les-personnes-de-retour-dun-voyage-a-letranger\/","name":"Coronavirus (COVID-19) : un arr\u00eat de travail pour les personnes de retour d\u2019un voyage \u00e0 l\u2019\u00e9tranger ? - Cabinet Magar","isPartOf":{"@id":"https:\/\/www.cabinet-magar.fr\/#website"},"primaryImageOfPage":{"@id":"https:\/\/www.cabinet-magar.fr\/actualites\/coronavirus-covid-19-un-arret-de-travail-pour-les-personnes-de-retour-dun-voyage-a-letranger\/#primaryimage"},"image":{"@id":"https:\/\/www.cabinet-magar.fr\/actualites\/coronavirus-covid-19-un-arret-de-travail-pour-les-personnes-de-retour-dun-voyage-a-letranger\/#primaryimage"},"thumbnailUrl":"https:\/\/www.cabinet-magar.fr\/wp-content\/uploads\/2021\/04\/assurancemaladie1.jpg","datePublished":"2021-03-03T04:45:00+00:00","dateModified":"2021-04-01T01:01:04+00:00","author":{"@id":""},"breadcrumb":{"@id":"https:\/\/www.cabinet-magar.fr\/actualites\/coronavirus-covid-19-un-arret-de-travail-pour-les-personnes-de-retour-dun-voyage-a-letranger\/#breadcrumb"},"inLanguage":"de","potentialAction":[{"@type":"ReadAction","target":["https:\/\/www.cabinet-magar.fr\/actualites\/coronavirus-covid-19-un-arret-de-travail-pour-les-personnes-de-retour-dun-voyage-a-letranger\/"]}]},{"@type":"ImageObject","inLanguage":"de","@id":"https:\/\/www.cabinet-magar.fr\/actualites\/coronavirus-covid-19-un-arret-de-travail-pour-les-personnes-de-retour-dun-voyage-a-letranger\/#primaryimage","url":"https:\/\/www.cabinet-magar.fr\/wp-content\/uploads\/2021\/04\/assurancemaladie1.jpg","contentUrl":"https:\/\/www.cabinet-magar.fr\/wp-content\/uploads\/2021\/04\/assurancemaladie1.jpg","width":600,"height":400},{"@type":"BreadcrumbList","@id":"https:\/\/www.cabinet-magar.fr\/actualites\/coronavirus-covid-19-un-arret-de-travail-pour-les-personnes-de-retour-dun-voyage-a-letranger\/#breadcrumb","itemListElement":[{"@type":"ListItem","position":1,"name":"Accueil","item":"https:\/\/www.cabinet-magar.fr\/de\/"},{"@type":"ListItem","position":2,"name":"Coronavirus (COVID-19) : un arr\u00eat de travail pour les personnes de retour d\u2019un voyage \u00e0 l\u2019\u00e9tranger ?"}]},{"@type":"WebSite","@id":"https:\/\/www.cabinet-magar.fr\/#website","url":"https:\/\/www.cabinet-magar.fr\/","name":"Cabinet Magar","description":"","potentialAction":[{"@type":"SearchAction","target":{"@type":"EntryPoint","urlTemplate":"https:\/\/www.cabinet-magar.fr\/?s={search_term_string}"},"query-input":{"@type":"PropertyValueSpecification","valueRequired":true,"valueName":"search_term_string"}}],"inLanguage":"de"}]}},"_links":{"self":[{"href":"https:\/\/www.cabinet-magar.fr\/de\/wp-json\/wp\/v2\/posts\/456","targetHints":{"allow":["GET"]}}],"collection":[{"href":"https:\/\/www.cabinet-magar.fr\/de\/wp-json\/wp\/v2\/posts"}],"about":[{"href":"https:\/\/www.cabinet-magar.fr\/de\/wp-json\/wp\/v2\/types\/post"}],"replies":[{"embeddable":true,"href":"https:\/\/www.cabinet-magar.fr\/de\/wp-json\/wp\/v2\/comments?post=456"}],"version-history":[{"count":1,"href":"https:\/\/www.cabinet-magar.fr\/de\/wp-json\/wp\/v2\/posts\/456\/revisions"}],"predecessor-version":[{"id":3504,"href":"https:\/\/www.cabinet-magar.fr\/de\/wp-json\/wp\/v2\/posts\/456\/revisions\/3504"}],"wp:featuredmedia":[{"embeddable":true,"href":"https:\/\/www.cabinet-magar.fr\/de\/wp-json\/wp\/v2\/media\/3505"}],"wp:attachment":[{"href":"https:\/\/www.cabinet-magar.fr\/de\/wp-json\/wp\/v2\/media?parent=456"}],"wp:term":[{"taxonomy":"category","embeddable":true,"href":"https:\/\/www.cabinet-magar.fr\/de\/wp-json\/wp\/v2\/categories?post=456"},{"taxonomy":"post_tag","embeddable":true,"href":"https:\/\/www.cabinet-magar.fr\/de\/wp-json\/wp\/v2\/tags?post=456"}],"curies":[{"name":"wp","href":"https:\/\/api.w.org\/{rel}","templated":true}]}}