{"id":447,"date":"2021-03-05T05:45:00","date_gmt":"2021-03-05T04:45:00","guid":{"rendered":"https:\/\/www.cabinet-magar.fr\/coronavirus-covid-19-des-precisions-concernant-les-transports-au-5-mars-2021\/"},"modified":"2021-04-01T03:00:17","modified_gmt":"2021-04-01T01:00:17","slug":"coronavirus-covid-19-des-precisions-concernant-les-transports-au-5-mars-2021","status":"publish","type":"post","link":"https:\/\/www.cabinet-magar.fr\/de\/actualites\/coronavirus-covid-19-des-precisions-concernant-les-transports-au-5-mars-2021\/","title":{"rendered":"Coronavirus (COVID-19) : des pr\u00e9cisions concernant les transports au 5 mars 2021"},"content":{"rendered":"<p >Durement touch\u00e9 par l\u2019\u00e9pid\u00e9mie de coronavirus, le secteur du transport vient de faire l\u2019objet de nouvelles pr\u00e9cisions. Lesquelles ?<\/p>\n<div>\n<h2> Coronavirus (COVID-19) : concernant les transports<\/h2>\n<ul>\n<li><strong> Concernant les transports maritimes et routiers<\/strong><\/li>\n<\/ul>\n<p>Pour m\u00e9moire, les personnes de 11 ans ou plus souhaitant se d\u00e9placer par transport maritime \u00e0 destination du territoire m\u00e9tropolitain depuis un pays \u00e9tranger sont tenues de pr\u00e9senter \u00e0 l&#8217;embarquement le r\u00e9sultat d&#8217;un examen biologique de d\u00e9pistage virologique r\u00e9alis\u00e9 moins de 72 heures avant la travers\u00e9e concluant \u00e0 l\u2019absence de contamination par la covid-19.<\/p>\n<p>Il est d\u00e9sormais pr\u00e9cis\u00e9 que cette obligation n&#8217;est pas applicable aux professionnels du transport routier arrivant en France en provenance d&#8217;un pays de l&#8217;Union europ\u00e9enne, d&#8217;Andorre, d&#8217;Islande, du Liechtenstein, de Monaco, de Norv\u00e8ge, de Saint-Marin, du Saint-Si\u00e8ge ou de Suisse.<\/p>\n<ul>\n<li><strong> Concernant les d\u00e9placements \u00e0 destination de la Corse <\/strong><\/li>\n<\/ul>\n<p>Pour m\u00e9moire, toute personne souhaitant se d\u00e9placer \u00e0 destination de la Corse en provenance du territoire hexagonal est tenue de pr\u00e9senter certains justificatifs \u00e0 l\u2019entreprise de transport avant son embarquement.<\/p>\n<p>Cette mesure, initialement pr\u00e9vue jusqu\u2019au 7 mars 2021 inclus, n\u2019est plus limit\u00e9e dans le temps.<\/p>\n<ul>\n<li><strong> Concernant les transports maritimes en provenance d\u2019Irlande <\/strong><\/li>\n<\/ul>\n<p>Pour rappel, les professionnels du transport routier arrivant en France par voie maritime en provenance d&#8217;Irlande sont autoris\u00e9s \u00e0 pr\u00e9senter le r\u00e9sultat d&#8217;un test antig\u00e9nique si celui-ci permet la d\u00e9tection de la prot\u00e9ine N du SARS-CoV-2.<\/p>\n<p>L&#8217;obligation de test pr\u00e9vue n\u2019est pas applicable \u00e0 ces m\u00eames professionnels lorsqu&#8217;ils retournent en France apr\u00e8s avoir pass\u00e9 moins de 48 heures sur le territoire irlandais.<\/p>\n<p>Cette disposition est d\u00e9sormais supprim\u00e9e.<\/p>\n<p>L\u2019ensemble de ces mesures sont applicables aux territoires d\u2019Outre-mer et \u00e0 la Nouvelle Cal\u00e9donie.<\/p>\n<p>Source : D\u00e9cret n\u00b0 2021-248 du 4 mars 2021 modifiant les d\u00e9crets n\u00b0 2020-1262 du 16 octobre 2020 et n\u00b0 2020-1310 du 29 octobre 2020 prescrivant les mesures g\u00e9n\u00e9rales n\u00e9cessaires pour faire face \u00e0 l&#8217;\u00e9pid\u00e9mie de covid-19 dans le cadre de l&#8217;\u00e9tat d&#8217;urgence sanitaire<\/p>\n<p><a href=\"https:\/\/www.weblex.fr\/weblex-actualite\/coronavirus-covid-19-des-precisions-concernant-les-transports-au-5-mars-2021\" rel=\"nofollow noopener\" target=\"_blank\">Coronavirus (COVID-19) : des pr\u00e9cisions concernant les transports au 5 mars 2021<\/a> \u00a9 Copyright WebLex &#8211; 2021<\/p>\n<\/div>\n<\/div>\n<p><img src='https:\/\/www.weblex.fr\/images\/flux_actus\/transporteurs.jpg'><\/p>\n","protected":false},"excerpt":{"rendered":"<p>Durement touch\u00e9 par l\u2019\u00e9pid\u00e9mie de coronavirus, le secteur du transport vient de faire l\u2019objet de nouvelles pr\u00e9cisions. Lesquelles ?<\/p>\n","protected":false},"author":0,"featured_media":3488,"comment_status":"open","ping_status":"closed","sticky":false,"template":"","format":"standard","meta":{"_acf_changed":false,"footnotes":""},"categories":[9,7],"tags":[],"class_list":["post-447","post","type-post","status-publish","format-standard","has-post-thumbnail","hentry","category-actu-juridique","category-actualites"],"acf":[],"yoast_head":"<!-- This site is optimized with the Yoast SEO plugin v27.2 - https:\/\/yoast.com\/product\/yoast-seo-wordpress\/ -->\n<title>Coronavirus (COVID-19) : des pr\u00e9cisions concernant les transports au 5 mars 2021 - Cabinet Magar<\/title>\n<meta name=\"robots\" content=\"index, follow, max-snippet:-1, max-image-preview:large, max-video-preview:-1\" \/>\n<link rel=\"canonical\" href=\"https:\/\/www.cabinet-magar.fr\/actualites\/coronavirus-covid-19-des-precisions-concernant-les-transports-au-5-mars-2021\/\" \/>\n<meta property=\"og:locale\" content=\"de_DE\" \/>\n<meta property=\"og:type\" content=\"article\" \/>\n<meta property=\"og:title\" content=\"Coronavirus (COVID-19) : des pr\u00e9cisions concernant les transports au 5 mars 2021 - Cabinet Magar\" \/>\n<meta property=\"og:description\" content=\"Durement touch\u00e9 par l\u2019\u00e9pid\u00e9mie de coronavirus, le secteur du transport vient de faire l\u2019objet de nouvelles pr\u00e9cisions. Lesquelles ?\" \/>\n<meta property=\"og:url\" content=\"https:\/\/www.cabinet-magar.fr\/actualites\/coronavirus-covid-19-des-precisions-concernant-les-transports-au-5-mars-2021\/\" \/>\n<meta property=\"og:site_name\" content=\"Cabinet Magar\" \/>\n<meta property=\"article:published_time\" content=\"2021-03-05T04:45:00+00:00\" \/>\n<meta property=\"article:modified_time\" content=\"2021-04-01T01:00:17+00:00\" \/>\n<meta property=\"og:image\" content=\"https:\/\/www.cabinet-magar.fr\/wp-content\/uploads\/2021\/04\/transporteurs.jpg\" \/>\n\t<meta property=\"og:image:width\" content=\"600\" \/>\n\t<meta property=\"og:image:height\" content=\"400\" \/>\n\t<meta property=\"og:image:type\" content=\"image\/jpeg\" \/>\n<meta name=\"twitter:card\" content=\"summary_large_image\" \/>\n<meta name=\"twitter:label1\" content=\"Gesch\u00e4tzte Lesezeit\" \/>\n\t<meta name=\"twitter:data1\" content=\"2\u00a0Minuten\" \/>\n<script type=\"application\/ld+json\" class=\"yoast-schema-graph\">{\"@context\":\"https:\/\/schema.org\",\"@graph\":[{\"@type\":\"Article\",\"@id\":\"https:\/\/www.cabinet-magar.fr\/actualites\/coronavirus-covid-19-des-precisions-concernant-les-transports-au-5-mars-2021\/#article\",\"isPartOf\":{\"@id\":\"https:\/\/www.cabinet-magar.fr\/actualites\/coronavirus-covid-19-des-precisions-concernant-les-transports-au-5-mars-2021\/\"},\"author\":{\"name\":\"\",\"@id\":\"\"},\"headline\":\"Coronavirus (COVID-19) : des pr\u00e9cisions concernant les transports au 5 mars 2021\",\"datePublished\":\"2021-03-05T04:45:00+00:00\",\"dateModified\":\"2021-04-01T01:00:17+00:00\",\"mainEntityOfPage\":{\"@id\":\"https:\/\/www.cabinet-magar.fr\/actualites\/coronavirus-covid-19-des-precisions-concernant-les-transports-au-5-mars-2021\/\"},\"wordCount\":372,\"commentCount\":0,\"image\":{\"@id\":\"https:\/\/www.cabinet-magar.fr\/actualites\/coronavirus-covid-19-des-precisions-concernant-les-transports-au-5-mars-2021\/#primaryimage\"},\"thumbnailUrl\":\"https:\/\/www.cabinet-magar.fr\/wp-content\/uploads\/2021\/04\/transporteurs.jpg\",\"articleSection\":[\"Actu Juridique\",\"Actualit\u00e9s\"],\"inLanguage\":\"de\",\"potentialAction\":[{\"@type\":\"CommentAction\",\"name\":\"Comment\",\"target\":[\"https:\/\/www.cabinet-magar.fr\/actualites\/coronavirus-covid-19-des-precisions-concernant-les-transports-au-5-mars-2021\/#respond\"]}]},{\"@type\":\"WebPage\",\"@id\":\"https:\/\/www.cabinet-magar.fr\/actualites\/coronavirus-covid-19-des-precisions-concernant-les-transports-au-5-mars-2021\/\",\"url\":\"https:\/\/www.cabinet-magar.fr\/actualites\/coronavirus-covid-19-des-precisions-concernant-les-transports-au-5-mars-2021\/\",\"name\":\"Coronavirus (COVID-19) : des pr\u00e9cisions concernant les transports au 5 mars 2021 - Cabinet Magar\",\"isPartOf\":{\"@id\":\"https:\/\/www.cabinet-magar.fr\/#website\"},\"primaryImageOfPage\":{\"@id\":\"https:\/\/www.cabinet-magar.fr\/actualites\/coronavirus-covid-19-des-precisions-concernant-les-transports-au-5-mars-2021\/#primaryimage\"},\"image\":{\"@id\":\"https:\/\/www.cabinet-magar.fr\/actualites\/coronavirus-covid-19-des-precisions-concernant-les-transports-au-5-mars-2021\/#primaryimage\"},\"thumbnailUrl\":\"https:\/\/www.cabinet-magar.fr\/wp-content\/uploads\/2021\/04\/transporteurs.jpg\",\"datePublished\":\"2021-03-05T04:45:00+00:00\",\"dateModified\":\"2021-04-01T01:00:17+00:00\",\"author\":{\"@id\":\"\"},\"breadcrumb\":{\"@id\":\"https:\/\/www.cabinet-magar.fr\/actualites\/coronavirus-covid-19-des-precisions-concernant-les-transports-au-5-mars-2021\/#breadcrumb\"},\"inLanguage\":\"de\",\"potentialAction\":[{\"@type\":\"ReadAction\",\"target\":[\"https:\/\/www.cabinet-magar.fr\/actualites\/coronavirus-covid-19-des-precisions-concernant-les-transports-au-5-mars-2021\/\"]}]},{\"@type\":\"ImageObject\",\"inLanguage\":\"de\",\"@id\":\"https:\/\/www.cabinet-magar.fr\/actualites\/coronavirus-covid-19-des-precisions-concernant-les-transports-au-5-mars-2021\/#primaryimage\",\"url\":\"https:\/\/www.cabinet-magar.fr\/wp-content\/uploads\/2021\/04\/transporteurs.jpg\",\"contentUrl\":\"https:\/\/www.cabinet-magar.fr\/wp-content\/uploads\/2021\/04\/transporteurs.jpg\",\"width\":600,\"height\":400},{\"@type\":\"BreadcrumbList\",\"@id\":\"https:\/\/www.cabinet-magar.fr\/actualites\/coronavirus-covid-19-des-precisions-concernant-les-transports-au-5-mars-2021\/#breadcrumb\",\"itemListElement\":[{\"@type\":\"ListItem\",\"position\":1,\"name\":\"Accueil\",\"item\":\"https:\/\/www.cabinet-magar.fr\/de\/\"},{\"@type\":\"ListItem\",\"position\":2,\"name\":\"Coronavirus (COVID-19) : des pr\u00e9cisions concernant les transports au 5 mars 2021\"}]},{\"@type\":\"WebSite\",\"@id\":\"https:\/\/www.cabinet-magar.fr\/#website\",\"url\":\"https:\/\/www.cabinet-magar.fr\/\",\"name\":\"Cabinet Magar\",\"description\":\"\",\"potentialAction\":[{\"@type\":\"SearchAction\",\"target\":{\"@type\":\"EntryPoint\",\"urlTemplate\":\"https:\/\/www.cabinet-magar.fr\/?s={search_term_string}\"},\"query-input\":{\"@type\":\"PropertyValueSpecification\",\"valueRequired\":true,\"valueName\":\"search_term_string\"}}],\"inLanguage\":\"de\"}]}<\/script>\n<!-- \/ Yoast SEO plugin. -->","yoast_head_json":{"title":"Coronavirus (COVID-19) : des pr\u00e9cisions concernant les transports au 5 mars 2021 - Cabinet Magar","robots":{"index":"index","follow":"follow","max-snippet":"max-snippet:-1","max-image-preview":"max-image-preview:large","max-video-preview":"max-video-preview:-1"},"canonical":"https:\/\/www.cabinet-magar.fr\/actualites\/coronavirus-covid-19-des-precisions-concernant-les-transports-au-5-mars-2021\/","og_locale":"de_DE","og_type":"article","og_title":"Coronavirus (COVID-19) : des pr\u00e9cisions concernant les transports au 5 mars 2021 - Cabinet Magar","og_description":"Durement touch\u00e9 par l\u2019\u00e9pid\u00e9mie de coronavirus, le secteur du transport vient de faire l\u2019objet de nouvelles pr\u00e9cisions. Lesquelles ?","og_url":"https:\/\/www.cabinet-magar.fr\/actualites\/coronavirus-covid-19-des-precisions-concernant-les-transports-au-5-mars-2021\/","og_site_name":"Cabinet Magar","article_published_time":"2021-03-05T04:45:00+00:00","article_modified_time":"2021-04-01T01:00:17+00:00","og_image":[{"width":600,"height":400,"url":"https:\/\/www.cabinet-magar.fr\/wp-content\/uploads\/2021\/04\/transporteurs.jpg","type":"image\/jpeg"}],"twitter_card":"summary_large_image","twitter_misc":{"Gesch\u00e4tzte Lesezeit":"2\u00a0Minuten"},"schema":{"@context":"https:\/\/schema.org","@graph":[{"@type":"Article","@id":"https:\/\/www.cabinet-magar.fr\/actualites\/coronavirus-covid-19-des-precisions-concernant-les-transports-au-5-mars-2021\/#article","isPartOf":{"@id":"https:\/\/www.cabinet-magar.fr\/actualites\/coronavirus-covid-19-des-precisions-concernant-les-transports-au-5-mars-2021\/"},"author":{"name":"","@id":""},"headline":"Coronavirus (COVID-19) : des pr\u00e9cisions concernant les transports au 5 mars 2021","datePublished":"2021-03-05T04:45:00+00:00","dateModified":"2021-04-01T01:00:17+00:00","mainEntityOfPage":{"@id":"https:\/\/www.cabinet-magar.fr\/actualites\/coronavirus-covid-19-des-precisions-concernant-les-transports-au-5-mars-2021\/"},"wordCount":372,"commentCount":0,"image":{"@id":"https:\/\/www.cabinet-magar.fr\/actualites\/coronavirus-covid-19-des-precisions-concernant-les-transports-au-5-mars-2021\/#primaryimage"},"thumbnailUrl":"https:\/\/www.cabinet-magar.fr\/wp-content\/uploads\/2021\/04\/transporteurs.jpg","articleSection":["Actu Juridique","Actualit\u00e9s"],"inLanguage":"de","potentialAction":[{"@type":"CommentAction","name":"Comment","target":["https:\/\/www.cabinet-magar.fr\/actualites\/coronavirus-covid-19-des-precisions-concernant-les-transports-au-5-mars-2021\/#respond"]}]},{"@type":"WebPage","@id":"https:\/\/www.cabinet-magar.fr\/actualites\/coronavirus-covid-19-des-precisions-concernant-les-transports-au-5-mars-2021\/","url":"https:\/\/www.cabinet-magar.fr\/actualites\/coronavirus-covid-19-des-precisions-concernant-les-transports-au-5-mars-2021\/","name":"Coronavirus (COVID-19) : des pr\u00e9cisions concernant les transports au 5 mars 2021 - Cabinet Magar","isPartOf":{"@id":"https:\/\/www.cabinet-magar.fr\/#website"},"primaryImageOfPage":{"@id":"https:\/\/www.cabinet-magar.fr\/actualites\/coronavirus-covid-19-des-precisions-concernant-les-transports-au-5-mars-2021\/#primaryimage"},"image":{"@id":"https:\/\/www.cabinet-magar.fr\/actualites\/coronavirus-covid-19-des-precisions-concernant-les-transports-au-5-mars-2021\/#primaryimage"},"thumbnailUrl":"https:\/\/www.cabinet-magar.fr\/wp-content\/uploads\/2021\/04\/transporteurs.jpg","datePublished":"2021-03-05T04:45:00+00:00","dateModified":"2021-04-01T01:00:17+00:00","author":{"@id":""},"breadcrumb":{"@id":"https:\/\/www.cabinet-magar.fr\/actualites\/coronavirus-covid-19-des-precisions-concernant-les-transports-au-5-mars-2021\/#breadcrumb"},"inLanguage":"de","potentialAction":[{"@type":"ReadAction","target":["https:\/\/www.cabinet-magar.fr\/actualites\/coronavirus-covid-19-des-precisions-concernant-les-transports-au-5-mars-2021\/"]}]},{"@type":"ImageObject","inLanguage":"de","@id":"https:\/\/www.cabinet-magar.fr\/actualites\/coronavirus-covid-19-des-precisions-concernant-les-transports-au-5-mars-2021\/#primaryimage","url":"https:\/\/www.cabinet-magar.fr\/wp-content\/uploads\/2021\/04\/transporteurs.jpg","contentUrl":"https:\/\/www.cabinet-magar.fr\/wp-content\/uploads\/2021\/04\/transporteurs.jpg","width":600,"height":400},{"@type":"BreadcrumbList","@id":"https:\/\/www.cabinet-magar.fr\/actualites\/coronavirus-covid-19-des-precisions-concernant-les-transports-au-5-mars-2021\/#breadcrumb","itemListElement":[{"@type":"ListItem","position":1,"name":"Accueil","item":"https:\/\/www.cabinet-magar.fr\/de\/"},{"@type":"ListItem","position":2,"name":"Coronavirus (COVID-19) : des pr\u00e9cisions concernant les transports au 5 mars 2021"}]},{"@type":"WebSite","@id":"https:\/\/www.cabinet-magar.fr\/#website","url":"https:\/\/www.cabinet-magar.fr\/","name":"Cabinet Magar","description":"","potentialAction":[{"@type":"SearchAction","target":{"@type":"EntryPoint","urlTemplate":"https:\/\/www.cabinet-magar.fr\/?s={search_term_string}"},"query-input":{"@type":"PropertyValueSpecification","valueRequired":true,"valueName":"search_term_string"}}],"inLanguage":"de"}]}},"_links":{"self":[{"href":"https:\/\/www.cabinet-magar.fr\/de\/wp-json\/wp\/v2\/posts\/447","targetHints":{"allow":["GET"]}}],"collection":[{"href":"https:\/\/www.cabinet-magar.fr\/de\/wp-json\/wp\/v2\/posts"}],"about":[{"href":"https:\/\/www.cabinet-magar.fr\/de\/wp-json\/wp\/v2\/types\/post"}],"replies":[{"embeddable":true,"href":"https:\/\/www.cabinet-magar.fr\/de\/wp-json\/wp\/v2\/comments?post=447"}],"version-history":[{"count":1,"href":"https:\/\/www.cabinet-magar.fr\/de\/wp-json\/wp\/v2\/posts\/447\/revisions"}],"predecessor-version":[{"id":3487,"href":"https:\/\/www.cabinet-magar.fr\/de\/wp-json\/wp\/v2\/posts\/447\/revisions\/3487"}],"wp:featuredmedia":[{"embeddable":true,"href":"https:\/\/www.cabinet-magar.fr\/de\/wp-json\/wp\/v2\/media\/3488"}],"wp:attachment":[{"href":"https:\/\/www.cabinet-magar.fr\/de\/wp-json\/wp\/v2\/media?parent=447"}],"wp:term":[{"taxonomy":"category","embeddable":true,"href":"https:\/\/www.cabinet-magar.fr\/de\/wp-json\/wp\/v2\/categories?post=447"},{"taxonomy":"post_tag","embeddable":true,"href":"https:\/\/www.cabinet-magar.fr\/de\/wp-json\/wp\/v2\/tags?post=447"}],"curies":[{"name":"wp","href":"https:\/\/api.w.org\/{rel}","templated":true}]}}