{"id":446,"date":"2021-03-05T05:45:00","date_gmt":"2021-03-05T04:45:00","guid":{"rendered":"https:\/\/www.cabinet-magar.fr\/coronavirus-covid-19-des-precisions-concernant-les-commerces-au-5-mars-2021\/"},"modified":"2021-03-31T03:01:24","modified_gmt":"2021-03-31T01:01:24","slug":"coronavirus-covid-19-des-precisions-concernant-les-commerces-au-5-mars-2021","status":"publish","type":"post","link":"https:\/\/www.cabinet-magar.fr\/de\/actualites\/coronavirus-covid-19-des-precisions-concernant-les-commerces-au-5-mars-2021\/","title":{"rendered":"Coronavirus (COVID-19) : des pr\u00e9cisions concernant les commerces au 5 mars 2021"},"content":{"rendered":"<p >Le secteur du commerce, pleinement impact\u00e9 par la crise sanitaire et son cort\u00e8ge de mesures restrictives, vient de faire l\u2019objet de nouvelles mesures. Lesquelles ?<\/p>\n<div>\n<h2> Coronavirus (COVID-19) : concernant les commerces<\/h2>\n<p>Pour m\u00e9moire, il est pr\u00e9vu, sous r\u00e9serve de certaines exceptions, que les magasins de vente et centres commerciaux comportant un ou plusieurs b\u00e2timents dont la surface commerciale utile cumul\u00e9e est sup\u00e9rieure ou \u00e9gale \u00e0 20 000 m\u00b2 ne peuvent pas accueillir du public.<\/p>\n<p>La surface commerciale utile est la surface totale comprenant les surfaces de vente, les bureaux et les r\u00e9serves, sans d\u00e9duction de tr\u00e9mie ou poteau et calcul\u00e9e entre les axes des murs mitoyens avec les parties privatives, et les nus ext\u00e9rieurs des murs mitoyens avec les parties communes.<\/p>\n<p>Il est d\u00e9sormais pr\u00e9vu que lorsque les circonstances locales le justifient, le pr\u00e9fet de d\u00e9partement peut r\u00e9duire la surface commerciale utile autoris\u00e9e. Cette mesure est \u00e9galement applicable aux territoires d\u2019Outre-mer et \u00e0 la Nouvelle-Cal\u00e9donie.<\/p>\n<p>Notez que dans les zones d\u00e9finies par le pr\u00e9fet de d\u00e9partement o\u00f9 l&#8217;interdiction de d\u00e9placement entre 6 h et 18h s\u2019applique les samedi et dimanche, les magasins de vente et les centres commerciaux dont la surface commerciale utile est inf\u00e9rieure au seuil fix\u00e9 par le pr\u00e9fet ne peuvent accueillir du public sur ces horaires que pour leurs activit\u00e9s de livraison et de retrait de commandes ou certaines activit\u00e9s limitativement list\u00e9es.<\/p>\n<p>Source : D\u00e9cret n\u00b0 2021-248 du 4 mars 2021 modifiant les d\u00e9crets n\u00b0 2020-1262 du 16 octobre 2020 et n\u00b0 2020-1310 du 29 octobre 2020 prescrivant les mesures g\u00e9n\u00e9rales n\u00e9cessaires pour faire face \u00e0 l&#8217;\u00e9pid\u00e9mie de covid-19 dans le cadre de l&#8217;\u00e9tat d&#8217;urgence sanitaire<\/p>\n<p><a href=\"https:\/\/www.weblex.fr\/weblex-actualite\/coronavirus-covid-19-des-precisions-concernant-les-commerces-au-5-mars-2021\" rel=\"nofollow noopener\" target=\"_blank\">Coronavirus (COVID-19) : des pr\u00e9cisions concernant les commerces au 5 mars 2021<\/a> \u00a9 Copyright WebLex &#8211; 2021<\/p>\n<\/div>\n<\/div>\n<p><img src='https:\/\/www.weblex.fr\/images\/flux_actus\/commercecoronavirus.jpg'><\/p>\n","protected":false},"excerpt":{"rendered":"<p>Le secteur du commerce, pleinement impact\u00e9 par la crise sanitaire et son cort\u00e8ge de mesures restrictives, vient de faire l\u2019objet de nouvelles mesures. Lesquelles ?<\/p>\n","protected":false},"author":0,"featured_media":3486,"comment_status":"open","ping_status":"closed","sticky":false,"template":"","format":"standard","meta":{"_acf_changed":false,"footnotes":""},"categories":[9,7],"tags":[],"class_list":["post-446","post","type-post","status-publish","format-standard","has-post-thumbnail","hentry","category-actu-juridique","category-actualites"],"acf":[],"yoast_head":"<!-- This site is optimized with the Yoast SEO plugin v27.2 - https:\/\/yoast.com\/product\/yoast-seo-wordpress\/ -->\n<title>Coronavirus (COVID-19) : des pr\u00e9cisions concernant les commerces au 5 mars 2021 - Cabinet Magar<\/title>\n<meta name=\"robots\" content=\"index, follow, max-snippet:-1, max-image-preview:large, max-video-preview:-1\" \/>\n<link rel=\"canonical\" href=\"https:\/\/www.cabinet-magar.fr\/de\/actualites\/coronavirus-covid-19-des-precisions-concernant-les-commerces-au-5-mars-2021\/\" \/>\n<meta property=\"og:locale\" content=\"de_DE\" \/>\n<meta property=\"og:type\" content=\"article\" \/>\n<meta property=\"og:title\" content=\"Coronavirus (COVID-19) : des pr\u00e9cisions concernant les commerces au 5 mars 2021 - Cabinet Magar\" \/>\n<meta property=\"og:description\" content=\"Le secteur du commerce, pleinement impact\u00e9 par la crise sanitaire et son cort\u00e8ge de mesures restrictives, vient de faire l\u2019objet de nouvelles mesures. Lesquelles ?\" \/>\n<meta property=\"og:url\" content=\"https:\/\/www.cabinet-magar.fr\/de\/actualites\/coronavirus-covid-19-des-precisions-concernant-les-commerces-au-5-mars-2021\/\" \/>\n<meta property=\"og:site_name\" content=\"Cabinet Magar\" \/>\n<meta property=\"article:published_time\" content=\"2021-03-05T04:45:00+00:00\" \/>\n<meta property=\"article:modified_time\" content=\"2021-03-31T01:01:24+00:00\" \/>\n<meta property=\"og:image\" content=\"https:\/\/www.cabinet-magar.fr\/wp-content\/uploads\/2021\/03\/commercecoronavirus.jpg\" \/>\n\t<meta property=\"og:image:width\" content=\"600\" \/>\n\t<meta property=\"og:image:height\" content=\"400\" \/>\n\t<meta property=\"og:image:type\" content=\"image\/jpeg\" \/>\n<meta name=\"twitter:card\" content=\"summary_large_image\" \/>\n<meta name=\"twitter:label1\" content=\"Gesch\u00e4tzte Lesezeit\" \/>\n\t<meta name=\"twitter:data1\" content=\"2\u00a0Minuten\" \/>\n<script type=\"application\/ld+json\" class=\"yoast-schema-graph\">{\"@context\":\"https:\/\/schema.org\",\"@graph\":[{\"@type\":\"Article\",\"@id\":\"https:\/\/www.cabinet-magar.fr\/de\/actualites\/coronavirus-covid-19-des-precisions-concernant-les-commerces-au-5-mars-2021\/#article\",\"isPartOf\":{\"@id\":\"https:\/\/www.cabinet-magar.fr\/de\/actualites\/coronavirus-covid-19-des-precisions-concernant-les-commerces-au-5-mars-2021\/\"},\"author\":{\"name\":\"\",\"@id\":\"\"},\"headline\":\"Coronavirus (COVID-19) : des pr\u00e9cisions concernant les commerces au 5 mars 2021\",\"datePublished\":\"2021-03-05T04:45:00+00:00\",\"dateModified\":\"2021-03-31T01:01:24+00:00\",\"mainEntityOfPage\":{\"@id\":\"https:\/\/www.cabinet-magar.fr\/de\/actualites\/coronavirus-covid-19-des-precisions-concernant-les-commerces-au-5-mars-2021\/\"},\"wordCount\":318,\"commentCount\":0,\"image\":{\"@id\":\"https:\/\/www.cabinet-magar.fr\/de\/actualites\/coronavirus-covid-19-des-precisions-concernant-les-commerces-au-5-mars-2021\/#primaryimage\"},\"thumbnailUrl\":\"https:\/\/www.cabinet-magar.fr\/wp-content\/uploads\/2021\/03\/commercecoronavirus.jpg\",\"articleSection\":[\"Actu Juridique\",\"Actualit\u00e9s\"],\"inLanguage\":\"de\",\"potentialAction\":[{\"@type\":\"CommentAction\",\"name\":\"Comment\",\"target\":[\"https:\/\/www.cabinet-magar.fr\/de\/actualites\/coronavirus-covid-19-des-precisions-concernant-les-commerces-au-5-mars-2021\/#respond\"]}]},{\"@type\":\"WebPage\",\"@id\":\"https:\/\/www.cabinet-magar.fr\/de\/actualites\/coronavirus-covid-19-des-precisions-concernant-les-commerces-au-5-mars-2021\/\",\"url\":\"https:\/\/www.cabinet-magar.fr\/de\/actualites\/coronavirus-covid-19-des-precisions-concernant-les-commerces-au-5-mars-2021\/\",\"name\":\"Coronavirus (COVID-19) : des pr\u00e9cisions concernant les commerces au 5 mars 2021 - Cabinet Magar\",\"isPartOf\":{\"@id\":\"https:\/\/www.cabinet-magar.fr\/#website\"},\"primaryImageOfPage\":{\"@id\":\"https:\/\/www.cabinet-magar.fr\/de\/actualites\/coronavirus-covid-19-des-precisions-concernant-les-commerces-au-5-mars-2021\/#primaryimage\"},\"image\":{\"@id\":\"https:\/\/www.cabinet-magar.fr\/de\/actualites\/coronavirus-covid-19-des-precisions-concernant-les-commerces-au-5-mars-2021\/#primaryimage\"},\"thumbnailUrl\":\"https:\/\/www.cabinet-magar.fr\/wp-content\/uploads\/2021\/03\/commercecoronavirus.jpg\",\"datePublished\":\"2021-03-05T04:45:00+00:00\",\"dateModified\":\"2021-03-31T01:01:24+00:00\",\"author\":{\"@id\":\"\"},\"breadcrumb\":{\"@id\":\"https:\/\/www.cabinet-magar.fr\/de\/actualites\/coronavirus-covid-19-des-precisions-concernant-les-commerces-au-5-mars-2021\/#breadcrumb\"},\"inLanguage\":\"de\",\"potentialAction\":[{\"@type\":\"ReadAction\",\"target\":[\"https:\/\/www.cabinet-magar.fr\/de\/actualites\/coronavirus-covid-19-des-precisions-concernant-les-commerces-au-5-mars-2021\/\"]}]},{\"@type\":\"ImageObject\",\"inLanguage\":\"de\",\"@id\":\"https:\/\/www.cabinet-magar.fr\/de\/actualites\/coronavirus-covid-19-des-precisions-concernant-les-commerces-au-5-mars-2021\/#primaryimage\",\"url\":\"https:\/\/www.cabinet-magar.fr\/wp-content\/uploads\/2021\/03\/commercecoronavirus.jpg\",\"contentUrl\":\"https:\/\/www.cabinet-magar.fr\/wp-content\/uploads\/2021\/03\/commercecoronavirus.jpg\",\"width\":600,\"height\":400},{\"@type\":\"BreadcrumbList\",\"@id\":\"https:\/\/www.cabinet-magar.fr\/de\/actualites\/coronavirus-covid-19-des-precisions-concernant-les-commerces-au-5-mars-2021\/#breadcrumb\",\"itemListElement\":[{\"@type\":\"ListItem\",\"position\":1,\"name\":\"Accueil\",\"item\":\"https:\/\/www.cabinet-magar.fr\/de\/\"},{\"@type\":\"ListItem\",\"position\":2,\"name\":\"Coronavirus (COVID-19) : des pr\u00e9cisions concernant les commerces au 5 mars 2021\"}]},{\"@type\":\"WebSite\",\"@id\":\"https:\/\/www.cabinet-magar.fr\/#website\",\"url\":\"https:\/\/www.cabinet-magar.fr\/\",\"name\":\"Cabinet Magar\",\"description\":\"\",\"potentialAction\":[{\"@type\":\"SearchAction\",\"target\":{\"@type\":\"EntryPoint\",\"urlTemplate\":\"https:\/\/www.cabinet-magar.fr\/?s={search_term_string}\"},\"query-input\":{\"@type\":\"PropertyValueSpecification\",\"valueRequired\":true,\"valueName\":\"search_term_string\"}}],\"inLanguage\":\"de\"}]}<\/script>\n<!-- \/ Yoast SEO plugin. -->","yoast_head_json":{"title":"Coronavirus (COVID-19) : des pr\u00e9cisions concernant les commerces au 5 mars 2021 - Cabinet Magar","robots":{"index":"index","follow":"follow","max-snippet":"max-snippet:-1","max-image-preview":"max-image-preview:large","max-video-preview":"max-video-preview:-1"},"canonical":"https:\/\/www.cabinet-magar.fr\/de\/actualites\/coronavirus-covid-19-des-precisions-concernant-les-commerces-au-5-mars-2021\/","og_locale":"de_DE","og_type":"article","og_title":"Coronavirus (COVID-19) : des pr\u00e9cisions concernant les commerces au 5 mars 2021 - Cabinet Magar","og_description":"Le secteur du commerce, pleinement impact\u00e9 par la crise sanitaire et son cort\u00e8ge de mesures restrictives, vient de faire l\u2019objet de nouvelles mesures. Lesquelles ?","og_url":"https:\/\/www.cabinet-magar.fr\/de\/actualites\/coronavirus-covid-19-des-precisions-concernant-les-commerces-au-5-mars-2021\/","og_site_name":"Cabinet Magar","article_published_time":"2021-03-05T04:45:00+00:00","article_modified_time":"2021-03-31T01:01:24+00:00","og_image":[{"width":600,"height":400,"url":"https:\/\/www.cabinet-magar.fr\/wp-content\/uploads\/2021\/03\/commercecoronavirus.jpg","type":"image\/jpeg"}],"twitter_card":"summary_large_image","twitter_misc":{"Gesch\u00e4tzte Lesezeit":"2\u00a0Minuten"},"schema":{"@context":"https:\/\/schema.org","@graph":[{"@type":"Article","@id":"https:\/\/www.cabinet-magar.fr\/de\/actualites\/coronavirus-covid-19-des-precisions-concernant-les-commerces-au-5-mars-2021\/#article","isPartOf":{"@id":"https:\/\/www.cabinet-magar.fr\/de\/actualites\/coronavirus-covid-19-des-precisions-concernant-les-commerces-au-5-mars-2021\/"},"author":{"name":"","@id":""},"headline":"Coronavirus (COVID-19) : des pr\u00e9cisions concernant les commerces au 5 mars 2021","datePublished":"2021-03-05T04:45:00+00:00","dateModified":"2021-03-31T01:01:24+00:00","mainEntityOfPage":{"@id":"https:\/\/www.cabinet-magar.fr\/de\/actualites\/coronavirus-covid-19-des-precisions-concernant-les-commerces-au-5-mars-2021\/"},"wordCount":318,"commentCount":0,"image":{"@id":"https:\/\/www.cabinet-magar.fr\/de\/actualites\/coronavirus-covid-19-des-precisions-concernant-les-commerces-au-5-mars-2021\/#primaryimage"},"thumbnailUrl":"https:\/\/www.cabinet-magar.fr\/wp-content\/uploads\/2021\/03\/commercecoronavirus.jpg","articleSection":["Actu Juridique","Actualit\u00e9s"],"inLanguage":"de","potentialAction":[{"@type":"CommentAction","name":"Comment","target":["https:\/\/www.cabinet-magar.fr\/de\/actualites\/coronavirus-covid-19-des-precisions-concernant-les-commerces-au-5-mars-2021\/#respond"]}]},{"@type":"WebPage","@id":"https:\/\/www.cabinet-magar.fr\/de\/actualites\/coronavirus-covid-19-des-precisions-concernant-les-commerces-au-5-mars-2021\/","url":"https:\/\/www.cabinet-magar.fr\/de\/actualites\/coronavirus-covid-19-des-precisions-concernant-les-commerces-au-5-mars-2021\/","name":"Coronavirus (COVID-19) : des pr\u00e9cisions concernant les commerces au 5 mars 2021 - Cabinet Magar","isPartOf":{"@id":"https:\/\/www.cabinet-magar.fr\/#website"},"primaryImageOfPage":{"@id":"https:\/\/www.cabinet-magar.fr\/de\/actualites\/coronavirus-covid-19-des-precisions-concernant-les-commerces-au-5-mars-2021\/#primaryimage"},"image":{"@id":"https:\/\/www.cabinet-magar.fr\/de\/actualites\/coronavirus-covid-19-des-precisions-concernant-les-commerces-au-5-mars-2021\/#primaryimage"},"thumbnailUrl":"https:\/\/www.cabinet-magar.fr\/wp-content\/uploads\/2021\/03\/commercecoronavirus.jpg","datePublished":"2021-03-05T04:45:00+00:00","dateModified":"2021-03-31T01:01:24+00:00","author":{"@id":""},"breadcrumb":{"@id":"https:\/\/www.cabinet-magar.fr\/de\/actualites\/coronavirus-covid-19-des-precisions-concernant-les-commerces-au-5-mars-2021\/#breadcrumb"},"inLanguage":"de","potentialAction":[{"@type":"ReadAction","target":["https:\/\/www.cabinet-magar.fr\/de\/actualites\/coronavirus-covid-19-des-precisions-concernant-les-commerces-au-5-mars-2021\/"]}]},{"@type":"ImageObject","inLanguage":"de","@id":"https:\/\/www.cabinet-magar.fr\/de\/actualites\/coronavirus-covid-19-des-precisions-concernant-les-commerces-au-5-mars-2021\/#primaryimage","url":"https:\/\/www.cabinet-magar.fr\/wp-content\/uploads\/2021\/03\/commercecoronavirus.jpg","contentUrl":"https:\/\/www.cabinet-magar.fr\/wp-content\/uploads\/2021\/03\/commercecoronavirus.jpg","width":600,"height":400},{"@type":"BreadcrumbList","@id":"https:\/\/www.cabinet-magar.fr\/de\/actualites\/coronavirus-covid-19-des-precisions-concernant-les-commerces-au-5-mars-2021\/#breadcrumb","itemListElement":[{"@type":"ListItem","position":1,"name":"Accueil","item":"https:\/\/www.cabinet-magar.fr\/de\/"},{"@type":"ListItem","position":2,"name":"Coronavirus (COVID-19) : des pr\u00e9cisions concernant les commerces au 5 mars 2021"}]},{"@type":"WebSite","@id":"https:\/\/www.cabinet-magar.fr\/#website","url":"https:\/\/www.cabinet-magar.fr\/","name":"Cabinet Magar","description":"","potentialAction":[{"@type":"SearchAction","target":{"@type":"EntryPoint","urlTemplate":"https:\/\/www.cabinet-magar.fr\/?s={search_term_string}"},"query-input":{"@type":"PropertyValueSpecification","valueRequired":true,"valueName":"search_term_string"}}],"inLanguage":"de"}]}},"_links":{"self":[{"href":"https:\/\/www.cabinet-magar.fr\/de\/wp-json\/wp\/v2\/posts\/446","targetHints":{"allow":["GET"]}}],"collection":[{"href":"https:\/\/www.cabinet-magar.fr\/de\/wp-json\/wp\/v2\/posts"}],"about":[{"href":"https:\/\/www.cabinet-magar.fr\/de\/wp-json\/wp\/v2\/types\/post"}],"replies":[{"embeddable":true,"href":"https:\/\/www.cabinet-magar.fr\/de\/wp-json\/wp\/v2\/comments?post=446"}],"version-history":[{"count":1,"href":"https:\/\/www.cabinet-magar.fr\/de\/wp-json\/wp\/v2\/posts\/446\/revisions"}],"predecessor-version":[{"id":3485,"href":"https:\/\/www.cabinet-magar.fr\/de\/wp-json\/wp\/v2\/posts\/446\/revisions\/3485"}],"wp:featuredmedia":[{"embeddable":true,"href":"https:\/\/www.cabinet-magar.fr\/de\/wp-json\/wp\/v2\/media\/3486"}],"wp:attachment":[{"href":"https:\/\/www.cabinet-magar.fr\/de\/wp-json\/wp\/v2\/media?parent=446"}],"wp:term":[{"taxonomy":"category","embeddable":true,"href":"https:\/\/www.cabinet-magar.fr\/de\/wp-json\/wp\/v2\/categories?post=446"},{"taxonomy":"post_tag","embeddable":true,"href":"https:\/\/www.cabinet-magar.fr\/de\/wp-json\/wp\/v2\/tags?post=446"}],"curies":[{"name":"wp","href":"https:\/\/api.w.org\/{rel}","templated":true}]}}