{"id":215,"date":"2018-10-10T23:23:00","date_gmt":"2018-10-10T21:23:00","guid":{"rendered":"https:\/\/www.cabinet-magar.fr\/travailleurs-independants-plusieurs-contributions-a-la-formation-professionnelle-par-an\/"},"modified":"2018-10-10T23:23:00","modified_gmt":"2018-10-10T21:23:00","slug":"travailleurs-independants-plusieurs-contributions-a-la-formation-professionnelle-par-an","status":"publish","type":"post","link":"https:\/\/www.cabinet-magar.fr\/de\/le-saviez-vous\/travailleurs-independants-plusieurs-contributions-a-la-formation-professionnelle-par-an\/","title":{"rendered":"Travailleurs ind\u00e9pendants : plusieurs contributions \u00e0 la formation professionnelle par an ?"},"content":{"rendered":"<div class=\"quizz\">\n<div class=\"question-quizz\">Un travailleur ind\u00e9pendant re\u00e7oit une information de l&#8217;Urssaf : lorsqu&#8217;il acquittera le r\u00e8glement de ses cotisations sociales, en novembre 2018, il devra y ajouter sa contribution \u00e0 la formation professionnelle de 2018.<\/p>\n<p>Or, il a d\u00e9j\u00e0 pay\u00e9, en f\u00e9vrier 2018, une contribution \u00e0 la formation professionnelle.<\/p>\n<p>Il s&#8217;interroge : doit il payer 2 fois ?<\/p><\/div>\n<ul class=\"propal-quizz\">\n<li class=\"quizz-a\"><a href=\"#reponse\" onclick=\"document.getElementById('page-fiche').classList.add('quizz-open'); return false;\">Oui<\/a><\/li>\n<li class=\"quizz-b\"><a href=\"#reponse\" onclick=\"document.getElementById('page-fiche').classList.add('quizz-open'); return false;\">Non<\/a><\/li>\n<\/ul>\n<div id=\"rna\" class=\"reponse-non-affichee\">La r\u00e9ponse n&#8217;est pas toujours celle que l&#8217;on croit&#8230;<\/div>\n<div id=\"reponse\" class=\"reponse-quizz-in\">La bonne r\u00e9ponse est&#8230;<br \/> <span class=\"reponse-b\">Non<\/span><br \/>La contribution \u00e0 la formation continue est due annuellement. Cependant, jusqu&#8217;alors, elle \u00e9tait due en f\u00e9vrier de l&#8217;ann\u00e9e qui suivait celle au titre de laquelle elle \u00e9tait due. En f\u00e9vrier 2018, ce travailleur ind\u00e9pendant a donc honor\u00e9 la contribution due pour l&#8217;ann\u00e9e 2017.<\/p>\n<p>Mais \u00e0 partir de 2018, la contribution est due en novembre de l&#8217;ann\u00e9e N : il devra donc acquitter le paiement de la contribution \u00e0 la formation professionnelle de 2018 en m\u00eame temps que ses cotisations sociales de novembre 2018 (le 5 ou le 20, selon son option).<\/p>\n<p>Notez qu&#8217;un nouveau changement interviendra en 2019 pour les travailleurs ind\u00e9pendants inscrits au r\u00e9pertoire des m\u00e9tiers. Les contributions \u00e0 la formation professionnelle pour les ann\u00e9es 2019 et 2020 feront l&#8217;objet de 2 versements : l&#8217;un en f\u00e9vrier 2019 et l&#8217;autre en novembre 2019, voire en octobre pour certains dirigeants.<\/p><\/div>\n<\/div>\n","protected":false},"excerpt":{"rendered":"<p>Un travailleur ind\u00e9pendant re\u00e7oit une information de l&#8217;Urssaf : lorsqu&#8217;il acquittera le r\u00e8glement de ses cotisations sociales, en novembre 2018, il devra y ajouter sa contribution \u00e0 la formation professionnelle de 2018.<\/p>\n<p>Or, il a d\u00e9j\u00e0 pay\u00e9, en f\u00e9vrier 2018, une contribution \u00e0 la formation professionnelle.<\/p>\n<p>Il s&#8217;interroge : doit il payer 2 fois ?<\/p>\n","protected":false},"author":1,"featured_media":0,"comment_status":"open","ping_status":"closed","sticky":false,"template":"","format":"standard","meta":{"_acf_changed":false,"footnotes":""},"categories":[5],"tags":[],"class_list":["post-215","post","type-post","status-publish","format-standard","hentry","category-le-saviez-vous"],"acf":[],"yoast_head":"<!-- This site is optimized with the Yoast SEO plugin v27.2 - https:\/\/yoast.com\/product\/yoast-seo-wordpress\/ -->\n<title>Travailleurs ind\u00e9pendants : plusieurs contributions \u00e0 la formation professionnelle par an ? - Cabinet Magar<\/title>\n<meta name=\"robots\" content=\"index, follow, max-snippet:-1, max-image-preview:large, max-video-preview:-1\" \/>\n<link rel=\"canonical\" href=\"https:\/\/www.cabinet-magar.fr\/le-saviez-vous\/travailleurs-independants-plusieurs-contributions-a-la-formation-professionnelle-par-an\/\" \/>\n<meta property=\"og:locale\" content=\"de_DE\" \/>\n<meta property=\"og:type\" content=\"article\" \/>\n<meta property=\"og:title\" content=\"Travailleurs ind\u00e9pendants : plusieurs contributions \u00e0 la formation professionnelle par an ? - Cabinet Magar\" \/>\n<meta property=\"og:description\" content=\"Un travailleur ind\u00e9pendant re\u00e7oit une information de l&#039;Urssaf : lorsqu&#039;il acquittera le r\u00e8glement de ses cotisations sociales, en novembre 2018, il devra y ajouter sa contribution \u00e0 la formation professionnelle de 2018.Or, il a d\u00e9j\u00e0 pay\u00e9, en f\u00e9vrier 2018, une contribution \u00e0 la formation professionnelle.Il s&#039;interroge : doit il payer 2 fois ?\" \/>\n<meta property=\"og:url\" content=\"https:\/\/www.cabinet-magar.fr\/le-saviez-vous\/travailleurs-independants-plusieurs-contributions-a-la-formation-professionnelle-par-an\/\" \/>\n<meta property=\"og:site_name\" content=\"Cabinet Magar\" \/>\n<meta property=\"article:published_time\" content=\"2018-10-10T21:23:00+00:00\" \/>\n<meta name=\"author\" content=\"adlucyan\" \/>\n<meta name=\"twitter:card\" content=\"summary_large_image\" \/>\n<meta name=\"twitter:label1\" content=\"Verfasst von\" \/>\n\t<meta name=\"twitter:data1\" content=\"adlucyan\" \/>\n\t<meta name=\"twitter:label2\" content=\"Gesch\u00e4tzte Lesezeit\" \/>\n\t<meta name=\"twitter:data2\" content=\"1\u00a0Minute\" \/>\n<script type=\"application\/ld+json\" class=\"yoast-schema-graph\">{\"@context\":\"https:\/\/schema.org\",\"@graph\":[{\"@type\":\"Article\",\"@id\":\"https:\/\/www.cabinet-magar.fr\/le-saviez-vous\/travailleurs-independants-plusieurs-contributions-a-la-formation-professionnelle-par-an\/#article\",\"isPartOf\":{\"@id\":\"https:\/\/www.cabinet-magar.fr\/le-saviez-vous\/travailleurs-independants-plusieurs-contributions-a-la-formation-professionnelle-par-an\/\"},\"author\":{\"name\":\"adlucyan\",\"@id\":\"https:\/\/www.cabinet-magar.fr\/#\/schema\/person\/00f6d5357e718a659e49151253984062\"},\"headline\":\"Travailleurs ind\u00e9pendants : plusieurs contributions \u00e0 la formation professionnelle par an ?\",\"datePublished\":\"2018-10-10T21:23:00+00:00\",\"mainEntityOfPage\":{\"@id\":\"https:\/\/www.cabinet-magar.fr\/le-saviez-vous\/travailleurs-independants-plusieurs-contributions-a-la-formation-professionnelle-par-an\/\"},\"wordCount\":225,\"commentCount\":0,\"articleSection\":[\"Le saviez-vous ?\"],\"inLanguage\":\"de\",\"potentialAction\":[{\"@type\":\"CommentAction\",\"name\":\"Comment\",\"target\":[\"https:\/\/www.cabinet-magar.fr\/le-saviez-vous\/travailleurs-independants-plusieurs-contributions-a-la-formation-professionnelle-par-an\/#respond\"]}]},{\"@type\":\"WebPage\",\"@id\":\"https:\/\/www.cabinet-magar.fr\/le-saviez-vous\/travailleurs-independants-plusieurs-contributions-a-la-formation-professionnelle-par-an\/\",\"url\":\"https:\/\/www.cabinet-magar.fr\/le-saviez-vous\/travailleurs-independants-plusieurs-contributions-a-la-formation-professionnelle-par-an\/\",\"name\":\"Travailleurs ind\u00e9pendants : plusieurs contributions \u00e0 la formation professionnelle par an ? - Cabinet Magar\",\"isPartOf\":{\"@id\":\"https:\/\/www.cabinet-magar.fr\/#website\"},\"datePublished\":\"2018-10-10T21:23:00+00:00\",\"author\":{\"@id\":\"https:\/\/www.cabinet-magar.fr\/#\/schema\/person\/00f6d5357e718a659e49151253984062\"},\"breadcrumb\":{\"@id\":\"https:\/\/www.cabinet-magar.fr\/le-saviez-vous\/travailleurs-independants-plusieurs-contributions-a-la-formation-professionnelle-par-an\/#breadcrumb\"},\"inLanguage\":\"de\",\"potentialAction\":[{\"@type\":\"ReadAction\",\"target\":[\"https:\/\/www.cabinet-magar.fr\/le-saviez-vous\/travailleurs-independants-plusieurs-contributions-a-la-formation-professionnelle-par-an\/\"]}]},{\"@type\":\"BreadcrumbList\",\"@id\":\"https:\/\/www.cabinet-magar.fr\/le-saviez-vous\/travailleurs-independants-plusieurs-contributions-a-la-formation-professionnelle-par-an\/#breadcrumb\",\"itemListElement\":[{\"@type\":\"ListItem\",\"position\":1,\"name\":\"Accueil\",\"item\":\"https:\/\/www.cabinet-magar.fr\/de\/\"},{\"@type\":\"ListItem\",\"position\":2,\"name\":\"Travailleurs ind\u00e9pendants : plusieurs contributions \u00e0 la formation professionnelle par an ?\"}]},{\"@type\":\"WebSite\",\"@id\":\"https:\/\/www.cabinet-magar.fr\/#website\",\"url\":\"https:\/\/www.cabinet-magar.fr\/\",\"name\":\"Cabinet Magar\",\"description\":\"\",\"potentialAction\":[{\"@type\":\"SearchAction\",\"target\":{\"@type\":\"EntryPoint\",\"urlTemplate\":\"https:\/\/www.cabinet-magar.fr\/?s={search_term_string}\"},\"query-input\":{\"@type\":\"PropertyValueSpecification\",\"valueRequired\":true,\"valueName\":\"search_term_string\"}}],\"inLanguage\":\"de\"},{\"@type\":\"Person\",\"@id\":\"https:\/\/www.cabinet-magar.fr\/#\/schema\/person\/00f6d5357e718a659e49151253984062\",\"name\":\"adlucyan\",\"sameAs\":[\"https:\/\/www.cabinet-magar.fr\"],\"url\":\"https:\/\/www.cabinet-magar.fr\/de\/author\/adlucyan\/\"}]}<\/script>\n<!-- \/ Yoast SEO plugin. -->","yoast_head_json":{"title":"Travailleurs ind\u00e9pendants : plusieurs contributions \u00e0 la formation professionnelle par an ? - Cabinet Magar","robots":{"index":"index","follow":"follow","max-snippet":"max-snippet:-1","max-image-preview":"max-image-preview:large","max-video-preview":"max-video-preview:-1"},"canonical":"https:\/\/www.cabinet-magar.fr\/le-saviez-vous\/travailleurs-independants-plusieurs-contributions-a-la-formation-professionnelle-par-an\/","og_locale":"de_DE","og_type":"article","og_title":"Travailleurs ind\u00e9pendants : plusieurs contributions \u00e0 la formation professionnelle par an ? - Cabinet Magar","og_description":"Un travailleur ind\u00e9pendant re\u00e7oit une information de l'Urssaf : lorsqu'il acquittera le r\u00e8glement de ses cotisations sociales, en novembre 2018, il devra y ajouter sa contribution \u00e0 la formation professionnelle de 2018.Or, il a d\u00e9j\u00e0 pay\u00e9, en f\u00e9vrier 2018, une contribution \u00e0 la formation professionnelle.Il s'interroge : doit il payer 2 fois ?","og_url":"https:\/\/www.cabinet-magar.fr\/le-saviez-vous\/travailleurs-independants-plusieurs-contributions-a-la-formation-professionnelle-par-an\/","og_site_name":"Cabinet Magar","article_published_time":"2018-10-10T21:23:00+00:00","author":"adlucyan","twitter_card":"summary_large_image","twitter_misc":{"Verfasst von":"adlucyan","Gesch\u00e4tzte Lesezeit":"1\u00a0Minute"},"schema":{"@context":"https:\/\/schema.org","@graph":[{"@type":"Article","@id":"https:\/\/www.cabinet-magar.fr\/le-saviez-vous\/travailleurs-independants-plusieurs-contributions-a-la-formation-professionnelle-par-an\/#article","isPartOf":{"@id":"https:\/\/www.cabinet-magar.fr\/le-saviez-vous\/travailleurs-independants-plusieurs-contributions-a-la-formation-professionnelle-par-an\/"},"author":{"name":"adlucyan","@id":"https:\/\/www.cabinet-magar.fr\/#\/schema\/person\/00f6d5357e718a659e49151253984062"},"headline":"Travailleurs ind\u00e9pendants : plusieurs contributions \u00e0 la formation professionnelle par an ?","datePublished":"2018-10-10T21:23:00+00:00","mainEntityOfPage":{"@id":"https:\/\/www.cabinet-magar.fr\/le-saviez-vous\/travailleurs-independants-plusieurs-contributions-a-la-formation-professionnelle-par-an\/"},"wordCount":225,"commentCount":0,"articleSection":["Le saviez-vous ?"],"inLanguage":"de","potentialAction":[{"@type":"CommentAction","name":"Comment","target":["https:\/\/www.cabinet-magar.fr\/le-saviez-vous\/travailleurs-independants-plusieurs-contributions-a-la-formation-professionnelle-par-an\/#respond"]}]},{"@type":"WebPage","@id":"https:\/\/www.cabinet-magar.fr\/le-saviez-vous\/travailleurs-independants-plusieurs-contributions-a-la-formation-professionnelle-par-an\/","url":"https:\/\/www.cabinet-magar.fr\/le-saviez-vous\/travailleurs-independants-plusieurs-contributions-a-la-formation-professionnelle-par-an\/","name":"Travailleurs ind\u00e9pendants : plusieurs contributions \u00e0 la formation professionnelle par an ? - Cabinet Magar","isPartOf":{"@id":"https:\/\/www.cabinet-magar.fr\/#website"},"datePublished":"2018-10-10T21:23:00+00:00","author":{"@id":"https:\/\/www.cabinet-magar.fr\/#\/schema\/person\/00f6d5357e718a659e49151253984062"},"breadcrumb":{"@id":"https:\/\/www.cabinet-magar.fr\/le-saviez-vous\/travailleurs-independants-plusieurs-contributions-a-la-formation-professionnelle-par-an\/#breadcrumb"},"inLanguage":"de","potentialAction":[{"@type":"ReadAction","target":["https:\/\/www.cabinet-magar.fr\/le-saviez-vous\/travailleurs-independants-plusieurs-contributions-a-la-formation-professionnelle-par-an\/"]}]},{"@type":"BreadcrumbList","@id":"https:\/\/www.cabinet-magar.fr\/le-saviez-vous\/travailleurs-independants-plusieurs-contributions-a-la-formation-professionnelle-par-an\/#breadcrumb","itemListElement":[{"@type":"ListItem","position":1,"name":"Accueil","item":"https:\/\/www.cabinet-magar.fr\/de\/"},{"@type":"ListItem","position":2,"name":"Travailleurs ind\u00e9pendants : plusieurs contributions \u00e0 la formation professionnelle par an ?"}]},{"@type":"WebSite","@id":"https:\/\/www.cabinet-magar.fr\/#website","url":"https:\/\/www.cabinet-magar.fr\/","name":"Cabinet Magar","description":"","potentialAction":[{"@type":"SearchAction","target":{"@type":"EntryPoint","urlTemplate":"https:\/\/www.cabinet-magar.fr\/?s={search_term_string}"},"query-input":{"@type":"PropertyValueSpecification","valueRequired":true,"valueName":"search_term_string"}}],"inLanguage":"de"},{"@type":"Person","@id":"https:\/\/www.cabinet-magar.fr\/#\/schema\/person\/00f6d5357e718a659e49151253984062","name":"adlucyan","sameAs":["https:\/\/www.cabinet-magar.fr"],"url":"https:\/\/www.cabinet-magar.fr\/de\/author\/adlucyan\/"}]}},"_links":{"self":[{"href":"https:\/\/www.cabinet-magar.fr\/de\/wp-json\/wp\/v2\/posts\/215","targetHints":{"allow":["GET"]}}],"collection":[{"href":"https:\/\/www.cabinet-magar.fr\/de\/wp-json\/wp\/v2\/posts"}],"about":[{"href":"https:\/\/www.cabinet-magar.fr\/de\/wp-json\/wp\/v2\/types\/post"}],"author":[{"embeddable":true,"href":"https:\/\/www.cabinet-magar.fr\/de\/wp-json\/wp\/v2\/users\/1"}],"replies":[{"embeddable":true,"href":"https:\/\/www.cabinet-magar.fr\/de\/wp-json\/wp\/v2\/comments?post=215"}],"version-history":[{"count":0,"href":"https:\/\/www.cabinet-magar.fr\/de\/wp-json\/wp\/v2\/posts\/215\/revisions"}],"wp:attachment":[{"href":"https:\/\/www.cabinet-magar.fr\/de\/wp-json\/wp\/v2\/media?parent=215"}],"wp:term":[{"taxonomy":"category","embeddable":true,"href":"https:\/\/www.cabinet-magar.fr\/de\/wp-json\/wp\/v2\/categories?post=215"},{"taxonomy":"post_tag","embeddable":true,"href":"https:\/\/www.cabinet-magar.fr\/de\/wp-json\/wp\/v2\/tags?post=215"}],"curies":[{"name":"wp","href":"https:\/\/api.w.org\/{rel}","templated":true}]}}