{"id":214,"date":"2018-10-17T23:23:00","date_gmt":"2018-10-17T21:23:00","guid":{"rendered":"https:\/\/www.cabinet-magar.fr\/travail-a-domicile-pas-de-taxe-dhabitation\/"},"modified":"2018-10-17T23:23:00","modified_gmt":"2018-10-17T21:23:00","slug":"travail-a-domicile-pas-de-taxe-dhabitation","status":"publish","type":"post","link":"https:\/\/www.cabinet-magar.fr\/de\/le-saviez-vous\/travail-a-domicile-pas-de-taxe-dhabitation\/","title":{"rendered":"Travail \u00e0 domicile = pas de taxe d&#8217;habitation ?"},"content":{"rendered":"<div class=\"quizz\">\n<div class=\"question-quizz\">Un entrepreneur exerce une partie de son activit\u00e9 professionnelle dans son habitation : en semaine, il se sert de son salon comme bureau commercial.<\/p>\n<p>Comme la majorit\u00e9 des fran\u00e7ais, il vient de recevoir son avis de taxe d&#8217;habitation, ce qui l&#8217;\u00e9tonne : il paie d\u00e9j\u00e0 la CFE (cotisation fonci\u00e8re des entreprises) pour la partie de l&#8217;habitation dans laquelle il exerce son activit\u00e9 professionnelle.<\/p>\n<p>En plus de la CFE, l&#8217;entrepreneur doit-il aussi payer sa taxe d&#8217;habitation ?<\/p><\/div>\n<ul class=\"propal-quizz\">\n<li class=\"quizz-a\"><a href=\"#reponse\" onclick=\"document.getElementById('page-fiche').classList.add('quizz-open'); return false;\">Oui<\/a><\/li>\n<li class=\"quizz-b\"><a href=\"#reponse\" onclick=\"document.getElementById('page-fiche').classList.add('quizz-open'); return false;\">Non<\/a><\/li>\n<\/ul>\n<div id=\"rna\" class=\"reponse-non-affichee\">La r\u00e9ponse n&#8217;est pas toujours celle que l&#8217;on croit&#8230;<\/div>\n<div id=\"reponse\" class=\"reponse-quizz-in\">La bonne r\u00e9ponse est&#8230;<br \/> <span class=\"reponse-a\">Oui<\/span><br \/>En principe, la taxe d&#8217;habitation est due pour les locaux meubl\u00e9s affect\u00e9s \u00e0 l&#8217;habitation. Donc, les locaux \u00e0 usage strictement professionnel \u00e9chappent \u00e0 cette taxe.<\/p>\n<p>Toutefois, lorsque le local professionnel fait partie de l&#8217;habitation du contribuable et ne comporte pas d&#8217;am\u00e9nagement sp\u00e9cifique le rendant impropre \u00e0 l&#8217;habitation, ce dernier doit s&#8217;acquitter non seulement de la CFE, mais \u00e9galement de la taxe d&#8217;habitation.<\/p>\n<p>Ici, l&#8217;entrepreneur se sert de son salon comme bureau uniquement pendant la semaine. En l&#8217;absence d&#8217;am\u00e9nagement sp\u00e9cifique, cette pi\u00e8ce continue \u00e0 faire partie de son habitation. En cons\u00e9quence, il devra s&#8217;acquitter non seulement de la CFE, mais \u00e9galement de la taxe d&#8217;habitation.<\/p><\/div>\n<\/div>\n","protected":false},"excerpt":{"rendered":"<p>Un entrepreneur exerce une partie de son activit\u00e9 professionnelle dans son habitation : en semaine, il se sert de son salon comme bureau commercial.<\/p>\n<p>Comme la majorit\u00e9 des fran\u00e7ais, il vient de recevoir son avis de taxe d&#8217;habitation, ce qui l&#8217;\u00e9tonne : il paie d\u00e9j\u00e0 la CFE (cotisation fonci\u00e8re des entreprises) pour la partie de l&#8217;habitation dans laquelle il exerce son activit\u00e9 professionnelle.<\/p>\n<p>En plus de la CFE, l&#8217;entrepreneur doit-il aussi payer sa taxe d&#8217;habitation ?<\/p>\n","protected":false},"author":1,"featured_media":0,"comment_status":"open","ping_status":"closed","sticky":false,"template":"","format":"standard","meta":{"_acf_changed":false,"footnotes":""},"categories":[5],"tags":[],"class_list":["post-214","post","type-post","status-publish","format-standard","hentry","category-le-saviez-vous"],"acf":[],"yoast_head":"<!-- This site is optimized with the Yoast SEO plugin v27.2 - https:\/\/yoast.com\/product\/yoast-seo-wordpress\/ -->\n<title>Travail \u00e0 domicile = pas de taxe d&#039;habitation ? - Cabinet Magar<\/title>\n<meta name=\"robots\" content=\"index, follow, max-snippet:-1, max-image-preview:large, max-video-preview:-1\" \/>\n<link rel=\"canonical\" href=\"https:\/\/www.cabinet-magar.fr\/le-saviez-vous\/travail-a-domicile-pas-de-taxe-dhabitation\/\" \/>\n<meta property=\"og:locale\" content=\"de_DE\" \/>\n<meta property=\"og:type\" content=\"article\" \/>\n<meta property=\"og:title\" content=\"Travail \u00e0 domicile = pas de taxe d&#039;habitation ? - Cabinet Magar\" \/>\n<meta property=\"og:description\" content=\"Un entrepreneur exerce une partie de son activit\u00e9 professionnelle dans son habitation : en semaine, il se sert de son salon comme bureau commercial.Comme la majorit\u00e9 des fran\u00e7ais, il vient de recevoir son avis de taxe d&#039;habitation, ce qui l&#039;\u00e9tonne : il paie d\u00e9j\u00e0 la CFE (cotisation fonci\u00e8re des entreprises) pour la partie de l&#039;habitation dans laquelle il exerce son activit\u00e9 professionnelle.En plus de la CFE, l&#039;entrepreneur doit-il aussi payer sa taxe d&#039;habitation ?\" \/>\n<meta property=\"og:url\" content=\"https:\/\/www.cabinet-magar.fr\/le-saviez-vous\/travail-a-domicile-pas-de-taxe-dhabitation\/\" \/>\n<meta property=\"og:site_name\" content=\"Cabinet Magar\" \/>\n<meta property=\"article:published_time\" content=\"2018-10-17T21:23:00+00:00\" \/>\n<meta name=\"author\" content=\"adlucyan\" \/>\n<meta name=\"twitter:card\" content=\"summary_large_image\" \/>\n<meta name=\"twitter:label1\" content=\"Verfasst von\" \/>\n\t<meta name=\"twitter:data1\" content=\"adlucyan\" \/>\n\t<meta name=\"twitter:label2\" content=\"Gesch\u00e4tzte Lesezeit\" \/>\n\t<meta name=\"twitter:data2\" content=\"1\u00a0Minute\" \/>\n<script type=\"application\/ld+json\" class=\"yoast-schema-graph\">{\"@context\":\"https:\/\/schema.org\",\"@graph\":[{\"@type\":\"Article\",\"@id\":\"https:\/\/www.cabinet-magar.fr\/le-saviez-vous\/travail-a-domicile-pas-de-taxe-dhabitation\/#article\",\"isPartOf\":{\"@id\":\"https:\/\/www.cabinet-magar.fr\/le-saviez-vous\/travail-a-domicile-pas-de-taxe-dhabitation\/\"},\"author\":{\"name\":\"adlucyan\",\"@id\":\"https:\/\/www.cabinet-magar.fr\/#\/schema\/person\/00f6d5357e718a659e49151253984062\"},\"headline\":\"Travail \u00e0 domicile = pas de taxe d&#8217;habitation ?\",\"datePublished\":\"2018-10-17T21:23:00+00:00\",\"mainEntityOfPage\":{\"@id\":\"https:\/\/www.cabinet-magar.fr\/le-saviez-vous\/travail-a-domicile-pas-de-taxe-dhabitation\/\"},\"wordCount\":227,\"commentCount\":0,\"articleSection\":[\"Le saviez-vous ?\"],\"inLanguage\":\"de\",\"potentialAction\":[{\"@type\":\"CommentAction\",\"name\":\"Comment\",\"target\":[\"https:\/\/www.cabinet-magar.fr\/le-saviez-vous\/travail-a-domicile-pas-de-taxe-dhabitation\/#respond\"]}]},{\"@type\":\"WebPage\",\"@id\":\"https:\/\/www.cabinet-magar.fr\/le-saviez-vous\/travail-a-domicile-pas-de-taxe-dhabitation\/\",\"url\":\"https:\/\/www.cabinet-magar.fr\/le-saviez-vous\/travail-a-domicile-pas-de-taxe-dhabitation\/\",\"name\":\"Travail \u00e0 domicile = pas de taxe d'habitation ? - Cabinet Magar\",\"isPartOf\":{\"@id\":\"https:\/\/www.cabinet-magar.fr\/#website\"},\"datePublished\":\"2018-10-17T21:23:00+00:00\",\"author\":{\"@id\":\"https:\/\/www.cabinet-magar.fr\/#\/schema\/person\/00f6d5357e718a659e49151253984062\"},\"breadcrumb\":{\"@id\":\"https:\/\/www.cabinet-magar.fr\/le-saviez-vous\/travail-a-domicile-pas-de-taxe-dhabitation\/#breadcrumb\"},\"inLanguage\":\"de\",\"potentialAction\":[{\"@type\":\"ReadAction\",\"target\":[\"https:\/\/www.cabinet-magar.fr\/le-saviez-vous\/travail-a-domicile-pas-de-taxe-dhabitation\/\"]}]},{\"@type\":\"BreadcrumbList\",\"@id\":\"https:\/\/www.cabinet-magar.fr\/le-saviez-vous\/travail-a-domicile-pas-de-taxe-dhabitation\/#breadcrumb\",\"itemListElement\":[{\"@type\":\"ListItem\",\"position\":1,\"name\":\"Accueil\",\"item\":\"https:\/\/www.cabinet-magar.fr\/de\/\"},{\"@type\":\"ListItem\",\"position\":2,\"name\":\"Travail \u00e0 domicile = pas de taxe d&rsquo;habitation ?\"}]},{\"@type\":\"WebSite\",\"@id\":\"https:\/\/www.cabinet-magar.fr\/#website\",\"url\":\"https:\/\/www.cabinet-magar.fr\/\",\"name\":\"Cabinet Magar\",\"description\":\"\",\"potentialAction\":[{\"@type\":\"SearchAction\",\"target\":{\"@type\":\"EntryPoint\",\"urlTemplate\":\"https:\/\/www.cabinet-magar.fr\/?s={search_term_string}\"},\"query-input\":{\"@type\":\"PropertyValueSpecification\",\"valueRequired\":true,\"valueName\":\"search_term_string\"}}],\"inLanguage\":\"de\"},{\"@type\":\"Person\",\"@id\":\"https:\/\/www.cabinet-magar.fr\/#\/schema\/person\/00f6d5357e718a659e49151253984062\",\"name\":\"adlucyan\",\"sameAs\":[\"https:\/\/www.cabinet-magar.fr\"],\"url\":\"https:\/\/www.cabinet-magar.fr\/de\/author\/adlucyan\/\"}]}<\/script>\n<!-- \/ Yoast SEO plugin. -->","yoast_head_json":{"title":"Travail \u00e0 domicile = pas de taxe d'habitation ? - Cabinet Magar","robots":{"index":"index","follow":"follow","max-snippet":"max-snippet:-1","max-image-preview":"max-image-preview:large","max-video-preview":"max-video-preview:-1"},"canonical":"https:\/\/www.cabinet-magar.fr\/le-saviez-vous\/travail-a-domicile-pas-de-taxe-dhabitation\/","og_locale":"de_DE","og_type":"article","og_title":"Travail \u00e0 domicile = pas de taxe d'habitation ? - Cabinet Magar","og_description":"Un entrepreneur exerce une partie de son activit\u00e9 professionnelle dans son habitation : en semaine, il se sert de son salon comme bureau commercial.Comme la majorit\u00e9 des fran\u00e7ais, il vient de recevoir son avis de taxe d'habitation, ce qui l'\u00e9tonne : il paie d\u00e9j\u00e0 la CFE (cotisation fonci\u00e8re des entreprises) pour la partie de l'habitation dans laquelle il exerce son activit\u00e9 professionnelle.En plus de la CFE, l'entrepreneur doit-il aussi payer sa taxe d'habitation ?","og_url":"https:\/\/www.cabinet-magar.fr\/le-saviez-vous\/travail-a-domicile-pas-de-taxe-dhabitation\/","og_site_name":"Cabinet Magar","article_published_time":"2018-10-17T21:23:00+00:00","author":"adlucyan","twitter_card":"summary_large_image","twitter_misc":{"Verfasst von":"adlucyan","Gesch\u00e4tzte Lesezeit":"1\u00a0Minute"},"schema":{"@context":"https:\/\/schema.org","@graph":[{"@type":"Article","@id":"https:\/\/www.cabinet-magar.fr\/le-saviez-vous\/travail-a-domicile-pas-de-taxe-dhabitation\/#article","isPartOf":{"@id":"https:\/\/www.cabinet-magar.fr\/le-saviez-vous\/travail-a-domicile-pas-de-taxe-dhabitation\/"},"author":{"name":"adlucyan","@id":"https:\/\/www.cabinet-magar.fr\/#\/schema\/person\/00f6d5357e718a659e49151253984062"},"headline":"Travail \u00e0 domicile = pas de taxe d&#8217;habitation ?","datePublished":"2018-10-17T21:23:00+00:00","mainEntityOfPage":{"@id":"https:\/\/www.cabinet-magar.fr\/le-saviez-vous\/travail-a-domicile-pas-de-taxe-dhabitation\/"},"wordCount":227,"commentCount":0,"articleSection":["Le saviez-vous ?"],"inLanguage":"de","potentialAction":[{"@type":"CommentAction","name":"Comment","target":["https:\/\/www.cabinet-magar.fr\/le-saviez-vous\/travail-a-domicile-pas-de-taxe-dhabitation\/#respond"]}]},{"@type":"WebPage","@id":"https:\/\/www.cabinet-magar.fr\/le-saviez-vous\/travail-a-domicile-pas-de-taxe-dhabitation\/","url":"https:\/\/www.cabinet-magar.fr\/le-saviez-vous\/travail-a-domicile-pas-de-taxe-dhabitation\/","name":"Travail \u00e0 domicile = pas de taxe d'habitation ? - Cabinet Magar","isPartOf":{"@id":"https:\/\/www.cabinet-magar.fr\/#website"},"datePublished":"2018-10-17T21:23:00+00:00","author":{"@id":"https:\/\/www.cabinet-magar.fr\/#\/schema\/person\/00f6d5357e718a659e49151253984062"},"breadcrumb":{"@id":"https:\/\/www.cabinet-magar.fr\/le-saviez-vous\/travail-a-domicile-pas-de-taxe-dhabitation\/#breadcrumb"},"inLanguage":"de","potentialAction":[{"@type":"ReadAction","target":["https:\/\/www.cabinet-magar.fr\/le-saviez-vous\/travail-a-domicile-pas-de-taxe-dhabitation\/"]}]},{"@type":"BreadcrumbList","@id":"https:\/\/www.cabinet-magar.fr\/le-saviez-vous\/travail-a-domicile-pas-de-taxe-dhabitation\/#breadcrumb","itemListElement":[{"@type":"ListItem","position":1,"name":"Accueil","item":"https:\/\/www.cabinet-magar.fr\/de\/"},{"@type":"ListItem","position":2,"name":"Travail \u00e0 domicile = pas de taxe d&rsquo;habitation ?"}]},{"@type":"WebSite","@id":"https:\/\/www.cabinet-magar.fr\/#website","url":"https:\/\/www.cabinet-magar.fr\/","name":"Cabinet Magar","description":"","potentialAction":[{"@type":"SearchAction","target":{"@type":"EntryPoint","urlTemplate":"https:\/\/www.cabinet-magar.fr\/?s={search_term_string}"},"query-input":{"@type":"PropertyValueSpecification","valueRequired":true,"valueName":"search_term_string"}}],"inLanguage":"de"},{"@type":"Person","@id":"https:\/\/www.cabinet-magar.fr\/#\/schema\/person\/00f6d5357e718a659e49151253984062","name":"adlucyan","sameAs":["https:\/\/www.cabinet-magar.fr"],"url":"https:\/\/www.cabinet-magar.fr\/de\/author\/adlucyan\/"}]}},"_links":{"self":[{"href":"https:\/\/www.cabinet-magar.fr\/de\/wp-json\/wp\/v2\/posts\/214","targetHints":{"allow":["GET"]}}],"collection":[{"href":"https:\/\/www.cabinet-magar.fr\/de\/wp-json\/wp\/v2\/posts"}],"about":[{"href":"https:\/\/www.cabinet-magar.fr\/de\/wp-json\/wp\/v2\/types\/post"}],"author":[{"embeddable":true,"href":"https:\/\/www.cabinet-magar.fr\/de\/wp-json\/wp\/v2\/users\/1"}],"replies":[{"embeddable":true,"href":"https:\/\/www.cabinet-magar.fr\/de\/wp-json\/wp\/v2\/comments?post=214"}],"version-history":[{"count":0,"href":"https:\/\/www.cabinet-magar.fr\/de\/wp-json\/wp\/v2\/posts\/214\/revisions"}],"wp:attachment":[{"href":"https:\/\/www.cabinet-magar.fr\/de\/wp-json\/wp\/v2\/media?parent=214"}],"wp:term":[{"taxonomy":"category","embeddable":true,"href":"https:\/\/www.cabinet-magar.fr\/de\/wp-json\/wp\/v2\/categories?post=214"},{"taxonomy":"post_tag","embeddable":true,"href":"https:\/\/www.cabinet-magar.fr\/de\/wp-json\/wp\/v2\/tags?post=214"}],"curies":[{"name":"wp","href":"https:\/\/api.w.org\/{rel}","templated":true}]}}