{"id":213,"date":"2018-10-24T23:23:00","date_gmt":"2018-10-24T21:23:00","guid":{"rendered":"https:\/\/www.cabinet-magar.fr\/passage-a-lheure-dhiver-1-heure-supplementaire\/"},"modified":"2018-10-24T23:23:00","modified_gmt":"2018-10-24T21:23:00","slug":"passage-a-lheure-dhiver-1-heure-supplementaire","status":"publish","type":"post","link":"https:\/\/www.cabinet-magar.fr\/de\/le-saviez-vous\/passage-a-lheure-dhiver-1-heure-supplementaire\/","title":{"rendered":"Passage \u00e0 l&#8217;heure d&#8217;hiver = 1 heure suppl\u00e9mentaire ?"},"content":{"rendered":"<div class=\"quizz\">\n<div class=\"question-quizz\">Une entreprise emploie des travailleurs de nuit. Lors du passage \u00e0 l&#8217;heure d&#8217;hiver, les travailleurs de nuit voient leur temps de travail augment\u00e9 d&#8217;une heure.<\/p>\n<p>L&#8217;employeur s&#8217;interroge sur l&#8217;impact de cette heure de plus sur la r\u00e9mun\u00e9ration de ses salari\u00e9s : doit-elle \u00eatre pay\u00e9e comme une heure suppl\u00e9mentaire ?<\/p><\/div>\n<ul class=\"propal-quizz\">\n<li class=\"quizz-a\"><a href=\"#reponse\" onclick=\"document.getElementById('page-fiche').classList.add('quizz-open'); return false;\">Oui<\/a><\/li>\n<li class=\"quizz-b\"><a href=\"#reponse\" onclick=\"document.getElementById('page-fiche').classList.add('quizz-open'); return false;\">Non<\/a><\/li>\n<\/ul>\n<div id=\"rna\" class=\"reponse-non-affichee\">La r\u00e9ponse n&#8217;est pas toujours celle que l&#8217;on croit&#8230;<\/div>\n<div id=\"reponse\" class=\"reponse-quizz-in\">La bonne r\u00e9ponse est&#8230;<br \/> <span class=\"reponse-a\">Oui<\/span><br \/>\u2026 sauf si la convention collective applicable dans l&#8217;entreprise lui r\u00e9serve un sort particulier. La Loi ne pr\u00e9voyant pas de disposition sp\u00e9cifique, cette heure &#8222;suppl\u00e9mentaire&#8220; doit \u00eatre trait\u00e9e comme n&#8217;importe quelle heure suppl\u00e9mentaire : elle doit donc donner lieu \u00e0 une majoration de salaire, ou \u00e0 un repos compensateur.<\/p>\n<p>Par ailleurs, lors du passage \u00e0 l&#8217;heure d&#8217;\u00e9t\u00e9, les travailleurs de nuit sont \u00e9pargn\u00e9s d&#8217;une heure. A moins que la convention collective applicable \u00e0 l&#8217;entreprise ne pr\u00e9voie d&#8217;autres modalit\u00e9s, l&#8217;employeur est fond\u00e9 \u00e0 op\u00e9rer une retenue \u00e9quivalant \u00e0 cette heure perdue sur la r\u00e9mun\u00e9ration des travailleurs concern\u00e9s.<\/p><\/div>\n<\/div>\n","protected":false},"excerpt":{"rendered":"<p>Une entreprise emploie des travailleurs de nuit. Lors du passage \u00e0 l&#8217;heure d&#8217;hiver, les travailleurs de nuit voient leur temps de travail augment\u00e9 d&#8217;une heure.<\/p>\n<p>L&#8217;employeur s&#8217;interroge sur l&#8217;impact de cette heure de plus sur la r\u00e9mun\u00e9ration de ses salari\u00e9s : doit-elle \u00eatre pay\u00e9e comme une heure suppl\u00e9mentaire ?<\/p>\n","protected":false},"author":1,"featured_media":0,"comment_status":"open","ping_status":"closed","sticky":false,"template":"","format":"standard","meta":{"_acf_changed":false,"footnotes":""},"categories":[5],"tags":[],"class_list":["post-213","post","type-post","status-publish","format-standard","hentry","category-le-saviez-vous"],"acf":[],"yoast_head":"<!-- This site is optimized with the Yoast SEO plugin v27.2 - https:\/\/yoast.com\/product\/yoast-seo-wordpress\/ -->\n<title>Passage \u00e0 l&#039;heure d&#039;hiver = 1 heure suppl\u00e9mentaire ? - Cabinet Magar<\/title>\n<meta name=\"robots\" content=\"index, follow, max-snippet:-1, max-image-preview:large, max-video-preview:-1\" \/>\n<link rel=\"canonical\" href=\"https:\/\/www.cabinet-magar.fr\/le-saviez-vous\/passage-a-lheure-dhiver-1-heure-supplementaire\/\" \/>\n<meta property=\"og:locale\" content=\"de_DE\" \/>\n<meta property=\"og:type\" content=\"article\" \/>\n<meta property=\"og:title\" content=\"Passage \u00e0 l&#039;heure d&#039;hiver = 1 heure suppl\u00e9mentaire ? - Cabinet Magar\" \/>\n<meta property=\"og:description\" content=\"Une entreprise emploie des travailleurs de nuit. Lors du passage \u00e0 l&#039;heure d&#039;hiver, les travailleurs de nuit voient leur temps de travail augment\u00e9 d&#039;une heure.L&#039;employeur s&#039;interroge sur l&#039;impact de cette heure de plus sur la r\u00e9mun\u00e9ration de ses salari\u00e9s : doit-elle \u00eatre pay\u00e9e comme une heure suppl\u00e9mentaire ?\" \/>\n<meta property=\"og:url\" content=\"https:\/\/www.cabinet-magar.fr\/le-saviez-vous\/passage-a-lheure-dhiver-1-heure-supplementaire\/\" \/>\n<meta property=\"og:site_name\" content=\"Cabinet Magar\" \/>\n<meta property=\"article:published_time\" content=\"2018-10-24T21:23:00+00:00\" \/>\n<meta name=\"author\" content=\"adlucyan\" \/>\n<meta name=\"twitter:card\" content=\"summary_large_image\" \/>\n<meta name=\"twitter:label1\" content=\"Verfasst von\" \/>\n\t<meta name=\"twitter:data1\" content=\"adlucyan\" \/>\n\t<meta name=\"twitter:label2\" content=\"Gesch\u00e4tzte Lesezeit\" \/>\n\t<meta name=\"twitter:data2\" content=\"1\u00a0Minute\" \/>\n<script type=\"application\/ld+json\" class=\"yoast-schema-graph\">{\"@context\":\"https:\/\/schema.org\",\"@graph\":[{\"@type\":\"Article\",\"@id\":\"https:\/\/www.cabinet-magar.fr\/le-saviez-vous\/passage-a-lheure-dhiver-1-heure-supplementaire\/#article\",\"isPartOf\":{\"@id\":\"https:\/\/www.cabinet-magar.fr\/le-saviez-vous\/passage-a-lheure-dhiver-1-heure-supplementaire\/\"},\"author\":{\"name\":\"adlucyan\",\"@id\":\"https:\/\/www.cabinet-magar.fr\/#\/schema\/person\/00f6d5357e718a659e49151253984062\"},\"headline\":\"Passage \u00e0 l&#8217;heure d&#8217;hiver = 1 heure suppl\u00e9mentaire ?\",\"datePublished\":\"2018-10-24T21:23:00+00:00\",\"mainEntityOfPage\":{\"@id\":\"https:\/\/www.cabinet-magar.fr\/le-saviez-vous\/passage-a-lheure-dhiver-1-heure-supplementaire\/\"},\"wordCount\":194,\"commentCount\":0,\"articleSection\":[\"Le saviez-vous ?\"],\"inLanguage\":\"de\",\"potentialAction\":[{\"@type\":\"CommentAction\",\"name\":\"Comment\",\"target\":[\"https:\/\/www.cabinet-magar.fr\/le-saviez-vous\/passage-a-lheure-dhiver-1-heure-supplementaire\/#respond\"]}]},{\"@type\":\"WebPage\",\"@id\":\"https:\/\/www.cabinet-magar.fr\/le-saviez-vous\/passage-a-lheure-dhiver-1-heure-supplementaire\/\",\"url\":\"https:\/\/www.cabinet-magar.fr\/le-saviez-vous\/passage-a-lheure-dhiver-1-heure-supplementaire\/\",\"name\":\"Passage \u00e0 l'heure d'hiver = 1 heure suppl\u00e9mentaire ? - Cabinet Magar\",\"isPartOf\":{\"@id\":\"https:\/\/www.cabinet-magar.fr\/#website\"},\"datePublished\":\"2018-10-24T21:23:00+00:00\",\"author\":{\"@id\":\"https:\/\/www.cabinet-magar.fr\/#\/schema\/person\/00f6d5357e718a659e49151253984062\"},\"breadcrumb\":{\"@id\":\"https:\/\/www.cabinet-magar.fr\/le-saviez-vous\/passage-a-lheure-dhiver-1-heure-supplementaire\/#breadcrumb\"},\"inLanguage\":\"de\",\"potentialAction\":[{\"@type\":\"ReadAction\",\"target\":[\"https:\/\/www.cabinet-magar.fr\/le-saviez-vous\/passage-a-lheure-dhiver-1-heure-supplementaire\/\"]}]},{\"@type\":\"BreadcrumbList\",\"@id\":\"https:\/\/www.cabinet-magar.fr\/le-saviez-vous\/passage-a-lheure-dhiver-1-heure-supplementaire\/#breadcrumb\",\"itemListElement\":[{\"@type\":\"ListItem\",\"position\":1,\"name\":\"Accueil\",\"item\":\"https:\/\/www.cabinet-magar.fr\/de\/\"},{\"@type\":\"ListItem\",\"position\":2,\"name\":\"Passage \u00e0 l&rsquo;heure d&rsquo;hiver = 1 heure suppl\u00e9mentaire ?\"}]},{\"@type\":\"WebSite\",\"@id\":\"https:\/\/www.cabinet-magar.fr\/#website\",\"url\":\"https:\/\/www.cabinet-magar.fr\/\",\"name\":\"Cabinet Magar\",\"description\":\"\",\"potentialAction\":[{\"@type\":\"SearchAction\",\"target\":{\"@type\":\"EntryPoint\",\"urlTemplate\":\"https:\/\/www.cabinet-magar.fr\/?s={search_term_string}\"},\"query-input\":{\"@type\":\"PropertyValueSpecification\",\"valueRequired\":true,\"valueName\":\"search_term_string\"}}],\"inLanguage\":\"de\"},{\"@type\":\"Person\",\"@id\":\"https:\/\/www.cabinet-magar.fr\/#\/schema\/person\/00f6d5357e718a659e49151253984062\",\"name\":\"adlucyan\",\"sameAs\":[\"https:\/\/www.cabinet-magar.fr\"],\"url\":\"https:\/\/www.cabinet-magar.fr\/de\/author\/adlucyan\/\"}]}<\/script>\n<!-- \/ Yoast SEO plugin. -->","yoast_head_json":{"title":"Passage \u00e0 l'heure d'hiver = 1 heure suppl\u00e9mentaire ? - Cabinet Magar","robots":{"index":"index","follow":"follow","max-snippet":"max-snippet:-1","max-image-preview":"max-image-preview:large","max-video-preview":"max-video-preview:-1"},"canonical":"https:\/\/www.cabinet-magar.fr\/le-saviez-vous\/passage-a-lheure-dhiver-1-heure-supplementaire\/","og_locale":"de_DE","og_type":"article","og_title":"Passage \u00e0 l'heure d'hiver = 1 heure suppl\u00e9mentaire ? - Cabinet Magar","og_description":"Une entreprise emploie des travailleurs de nuit. Lors du passage \u00e0 l'heure d'hiver, les travailleurs de nuit voient leur temps de travail augment\u00e9 d'une heure.L'employeur s'interroge sur l'impact de cette heure de plus sur la r\u00e9mun\u00e9ration de ses salari\u00e9s : doit-elle \u00eatre pay\u00e9e comme une heure suppl\u00e9mentaire ?","og_url":"https:\/\/www.cabinet-magar.fr\/le-saviez-vous\/passage-a-lheure-dhiver-1-heure-supplementaire\/","og_site_name":"Cabinet Magar","article_published_time":"2018-10-24T21:23:00+00:00","author":"adlucyan","twitter_card":"summary_large_image","twitter_misc":{"Verfasst von":"adlucyan","Gesch\u00e4tzte Lesezeit":"1\u00a0Minute"},"schema":{"@context":"https:\/\/schema.org","@graph":[{"@type":"Article","@id":"https:\/\/www.cabinet-magar.fr\/le-saviez-vous\/passage-a-lheure-dhiver-1-heure-supplementaire\/#article","isPartOf":{"@id":"https:\/\/www.cabinet-magar.fr\/le-saviez-vous\/passage-a-lheure-dhiver-1-heure-supplementaire\/"},"author":{"name":"adlucyan","@id":"https:\/\/www.cabinet-magar.fr\/#\/schema\/person\/00f6d5357e718a659e49151253984062"},"headline":"Passage \u00e0 l&#8217;heure d&#8217;hiver = 1 heure suppl\u00e9mentaire ?","datePublished":"2018-10-24T21:23:00+00:00","mainEntityOfPage":{"@id":"https:\/\/www.cabinet-magar.fr\/le-saviez-vous\/passage-a-lheure-dhiver-1-heure-supplementaire\/"},"wordCount":194,"commentCount":0,"articleSection":["Le saviez-vous ?"],"inLanguage":"de","potentialAction":[{"@type":"CommentAction","name":"Comment","target":["https:\/\/www.cabinet-magar.fr\/le-saviez-vous\/passage-a-lheure-dhiver-1-heure-supplementaire\/#respond"]}]},{"@type":"WebPage","@id":"https:\/\/www.cabinet-magar.fr\/le-saviez-vous\/passage-a-lheure-dhiver-1-heure-supplementaire\/","url":"https:\/\/www.cabinet-magar.fr\/le-saviez-vous\/passage-a-lheure-dhiver-1-heure-supplementaire\/","name":"Passage \u00e0 l'heure d'hiver = 1 heure suppl\u00e9mentaire ? - Cabinet Magar","isPartOf":{"@id":"https:\/\/www.cabinet-magar.fr\/#website"},"datePublished":"2018-10-24T21:23:00+00:00","author":{"@id":"https:\/\/www.cabinet-magar.fr\/#\/schema\/person\/00f6d5357e718a659e49151253984062"},"breadcrumb":{"@id":"https:\/\/www.cabinet-magar.fr\/le-saviez-vous\/passage-a-lheure-dhiver-1-heure-supplementaire\/#breadcrumb"},"inLanguage":"de","potentialAction":[{"@type":"ReadAction","target":["https:\/\/www.cabinet-magar.fr\/le-saviez-vous\/passage-a-lheure-dhiver-1-heure-supplementaire\/"]}]},{"@type":"BreadcrumbList","@id":"https:\/\/www.cabinet-magar.fr\/le-saviez-vous\/passage-a-lheure-dhiver-1-heure-supplementaire\/#breadcrumb","itemListElement":[{"@type":"ListItem","position":1,"name":"Accueil","item":"https:\/\/www.cabinet-magar.fr\/de\/"},{"@type":"ListItem","position":2,"name":"Passage \u00e0 l&rsquo;heure d&rsquo;hiver = 1 heure suppl\u00e9mentaire ?"}]},{"@type":"WebSite","@id":"https:\/\/www.cabinet-magar.fr\/#website","url":"https:\/\/www.cabinet-magar.fr\/","name":"Cabinet Magar","description":"","potentialAction":[{"@type":"SearchAction","target":{"@type":"EntryPoint","urlTemplate":"https:\/\/www.cabinet-magar.fr\/?s={search_term_string}"},"query-input":{"@type":"PropertyValueSpecification","valueRequired":true,"valueName":"search_term_string"}}],"inLanguage":"de"},{"@type":"Person","@id":"https:\/\/www.cabinet-magar.fr\/#\/schema\/person\/00f6d5357e718a659e49151253984062","name":"adlucyan","sameAs":["https:\/\/www.cabinet-magar.fr"],"url":"https:\/\/www.cabinet-magar.fr\/de\/author\/adlucyan\/"}]}},"_links":{"self":[{"href":"https:\/\/www.cabinet-magar.fr\/de\/wp-json\/wp\/v2\/posts\/213","targetHints":{"allow":["GET"]}}],"collection":[{"href":"https:\/\/www.cabinet-magar.fr\/de\/wp-json\/wp\/v2\/posts"}],"about":[{"href":"https:\/\/www.cabinet-magar.fr\/de\/wp-json\/wp\/v2\/types\/post"}],"author":[{"embeddable":true,"href":"https:\/\/www.cabinet-magar.fr\/de\/wp-json\/wp\/v2\/users\/1"}],"replies":[{"embeddable":true,"href":"https:\/\/www.cabinet-magar.fr\/de\/wp-json\/wp\/v2\/comments?post=213"}],"version-history":[{"count":0,"href":"https:\/\/www.cabinet-magar.fr\/de\/wp-json\/wp\/v2\/posts\/213\/revisions"}],"wp:attachment":[{"href":"https:\/\/www.cabinet-magar.fr\/de\/wp-json\/wp\/v2\/media?parent=213"}],"wp:term":[{"taxonomy":"category","embeddable":true,"href":"https:\/\/www.cabinet-magar.fr\/de\/wp-json\/wp\/v2\/categories?post=213"},{"taxonomy":"post_tag","embeddable":true,"href":"https:\/\/www.cabinet-magar.fr\/de\/wp-json\/wp\/v2\/tags?post=213"}],"curies":[{"name":"wp","href":"https:\/\/api.w.org\/{rel}","templated":true}]}}