{"id":212,"date":"2018-11-08T00:23:00","date_gmt":"2018-11-07T23:23:00","guid":{"rendered":"https:\/\/www.cabinet-magar.fr\/un-credit-dimpot-pour-la-transition-energetique-au-rabais\/"},"modified":"2018-11-08T00:23:00","modified_gmt":"2018-11-07T23:23:00","slug":"un-credit-dimpot-pour-la-transition-energetique-au-rabais","status":"publish","type":"post","link":"https:\/\/www.cabinet-magar.fr\/de\/le-saviez-vous\/un-credit-dimpot-pour-la-transition-energetique-au-rabais\/","title":{"rendered":"Un cr\u00e9dit d&#8217;imp\u00f4t pour la transition \u00e9nerg\u00e9tique\u2026 au rabais ?"},"content":{"rendered":"<div class=\"quizz\">\n<div class=\"question-quizz\">Un particulier fait appel \u00e0 un professionnel pour installer un insert et un nouveau tubage dans la chemin\u00e9e existante de son habitation.<\/p>\n<p>A l&#8217;issue de ces travaux, il demande \u00e0 b\u00e9n\u00e9ficier du cr\u00e9dit d&#8217;imp\u00f4t pour la transition \u00e9nerg\u00e9tique (CITE) sur l&#8217;int\u00e9gralit\u00e9 de la facture du professionnel&#8230; Ce que lui refuse l&#8217;administration qui ne lui accorde le b\u00e9n\u00e9fice de l&#8217;avantage fiscal que sur le seul prix d&#8217;achat de l&#8217;insert.<\/p>\n<p>Sur la base de quel montant le particulier peut-il b\u00e9n\u00e9ficier du cr\u00e9dit d&#8217;imp\u00f4t ?<\/p><\/div>\n<ul class=\"propal-quizz\">\n<li class=\"quizz-a\"><a href=\"#reponse\" onclick=\"document.getElementById('page-fiche').classList.add('quizz-open'); return false;\">Le prix de l&#8217;insert<\/a><\/li>\n<li class=\"quizz-b\"><a href=\"#reponse\" onclick=\"document.getElementById('page-fiche').classList.add('quizz-open'); return false;\">Le prix total des travaux<\/a><\/li>\n<\/ul>\n<div id=\"rna\" class=\"reponse-non-affichee\">La r\u00e9ponse n&#8217;est pas toujours celle que l&#8217;on croit&#8230;<\/div>\n<div id=\"reponse\" class=\"reponse-quizz-in\">La bonne r\u00e9ponse est&#8230;<br \/> <span class=\"reponse-a\">Le prix de l&#8217;insert<\/span><br \/>Lorsque l&#8217;installation d&#8217;un insert (notamment dans un foyer de chemin\u00e9e ouvert) n\u00e9cessite la pose d&#8217;un tubage, le cr\u00e9dit d&#8217;imp\u00f4t pour la transition \u00e9nerg\u00e9tique est calcul\u00e9 sur le seul prix d&#8217;achat de l&#8217;insert lui-m\u00eame : le co\u00fbt du tubage, de m\u00eame que la main d&#8217;oeuvre n\u00e9cessaire pour l&#8217;installation ne sont pas pris en compte.<\/div>\n<\/div>\n","protected":false},"excerpt":{"rendered":"<p>Un particulier fait appel \u00e0 un professionnel pour installer un insert et un nouveau tubage dans la chemin\u00e9e existante de son habitation.<\/p>\n<p>A l&#8217;issue de ces travaux, il demande \u00e0 b\u00e9n\u00e9ficier du cr\u00e9dit d&#8217;imp\u00f4t pour la transition \u00e9nerg\u00e9tique (CITE) sur l&#8217;int\u00e9gralit\u00e9 de la facture du professionnel&#8230; Ce que lui refuse l&#8217;administration qui ne lui accorde le b\u00e9n\u00e9fice de l&#8217;avantage fiscal que sur le seul prix d&#8217;achat de l&#8217;insert.<\/p>\n<p>Sur la base de quel montant le particulier peut-il b\u00e9n\u00e9ficier du cr\u00e9dit d&#8217;imp\u00f4t ?<\/p>\n","protected":false},"author":1,"featured_media":0,"comment_status":"open","ping_status":"closed","sticky":false,"template":"","format":"standard","meta":{"_acf_changed":false,"footnotes":""},"categories":[5],"tags":[],"class_list":["post-212","post","type-post","status-publish","format-standard","hentry","category-le-saviez-vous"],"acf":[],"yoast_head":"<!-- This site is optimized with the Yoast SEO plugin v27.2 - https:\/\/yoast.com\/product\/yoast-seo-wordpress\/ -->\n<title>Un cr\u00e9dit d&#039;imp\u00f4t pour la transition \u00e9nerg\u00e9tique\u2026 au rabais ? - Cabinet Magar<\/title>\n<meta name=\"robots\" content=\"index, follow, max-snippet:-1, max-image-preview:large, max-video-preview:-1\" \/>\n<link rel=\"canonical\" href=\"https:\/\/www.cabinet-magar.fr\/le-saviez-vous\/un-credit-dimpot-pour-la-transition-energetique-au-rabais\/\" \/>\n<meta property=\"og:locale\" content=\"de_DE\" \/>\n<meta property=\"og:type\" content=\"article\" \/>\n<meta property=\"og:title\" content=\"Un cr\u00e9dit d&#039;imp\u00f4t pour la transition \u00e9nerg\u00e9tique\u2026 au rabais ? - Cabinet Magar\" \/>\n<meta property=\"og:description\" content=\"Un particulier fait appel \u00e0 un professionnel pour installer un insert et un nouveau tubage dans la chemin\u00e9e existante de son habitation.A l&#039;issue de ces travaux, il demande \u00e0 b\u00e9n\u00e9ficier du cr\u00e9dit d&#039;imp\u00f4t pour la transition \u00e9nerg\u00e9tique (CITE) sur l&#039;int\u00e9gralit\u00e9 de la facture du professionnel... Ce que lui refuse l&#039;administration qui ne lui accorde le b\u00e9n\u00e9fice de l&#039;avantage fiscal que sur le seul prix d&#039;achat de l&#039;insert.Sur la base de quel montant le particulier peut-il b\u00e9n\u00e9ficier du cr\u00e9dit d&#039;imp\u00f4t ?\" \/>\n<meta property=\"og:url\" content=\"https:\/\/www.cabinet-magar.fr\/le-saviez-vous\/un-credit-dimpot-pour-la-transition-energetique-au-rabais\/\" \/>\n<meta property=\"og:site_name\" content=\"Cabinet Magar\" \/>\n<meta property=\"article:published_time\" content=\"2018-11-07T23:23:00+00:00\" \/>\n<meta name=\"author\" content=\"adlucyan\" \/>\n<meta name=\"twitter:card\" content=\"summary_large_image\" \/>\n<meta name=\"twitter:label1\" content=\"Verfasst von\" \/>\n\t<meta name=\"twitter:data1\" content=\"adlucyan\" \/>\n\t<meta name=\"twitter:label2\" content=\"Gesch\u00e4tzte Lesezeit\" \/>\n\t<meta name=\"twitter:data2\" content=\"1\u00a0Minute\" \/>\n<script type=\"application\/ld+json\" class=\"yoast-schema-graph\">{\"@context\":\"https:\/\/schema.org\",\"@graph\":[{\"@type\":\"Article\",\"@id\":\"https:\/\/www.cabinet-magar.fr\/le-saviez-vous\/un-credit-dimpot-pour-la-transition-energetique-au-rabais\/#article\",\"isPartOf\":{\"@id\":\"https:\/\/www.cabinet-magar.fr\/le-saviez-vous\/un-credit-dimpot-pour-la-transition-energetique-au-rabais\/\"},\"author\":{\"name\":\"adlucyan\",\"@id\":\"https:\/\/www.cabinet-magar.fr\/#\/schema\/person\/00f6d5357e718a659e49151253984062\"},\"headline\":\"Un cr\u00e9dit d&#8217;imp\u00f4t pour la transition \u00e9nerg\u00e9tique\u2026 au rabais ?\",\"datePublished\":\"2018-11-07T23:23:00+00:00\",\"mainEntityOfPage\":{\"@id\":\"https:\/\/www.cabinet-magar.fr\/le-saviez-vous\/un-credit-dimpot-pour-la-transition-energetique-au-rabais\/\"},\"wordCount\":214,\"commentCount\":0,\"articleSection\":[\"Le saviez-vous ?\"],\"inLanguage\":\"de\",\"potentialAction\":[{\"@type\":\"CommentAction\",\"name\":\"Comment\",\"target\":[\"https:\/\/www.cabinet-magar.fr\/le-saviez-vous\/un-credit-dimpot-pour-la-transition-energetique-au-rabais\/#respond\"]}]},{\"@type\":\"WebPage\",\"@id\":\"https:\/\/www.cabinet-magar.fr\/le-saviez-vous\/un-credit-dimpot-pour-la-transition-energetique-au-rabais\/\",\"url\":\"https:\/\/www.cabinet-magar.fr\/le-saviez-vous\/un-credit-dimpot-pour-la-transition-energetique-au-rabais\/\",\"name\":\"Un cr\u00e9dit d'imp\u00f4t pour la transition \u00e9nerg\u00e9tique\u2026 au rabais ? - Cabinet Magar\",\"isPartOf\":{\"@id\":\"https:\/\/www.cabinet-magar.fr\/#website\"},\"datePublished\":\"2018-11-07T23:23:00+00:00\",\"author\":{\"@id\":\"https:\/\/www.cabinet-magar.fr\/#\/schema\/person\/00f6d5357e718a659e49151253984062\"},\"breadcrumb\":{\"@id\":\"https:\/\/www.cabinet-magar.fr\/le-saviez-vous\/un-credit-dimpot-pour-la-transition-energetique-au-rabais\/#breadcrumb\"},\"inLanguage\":\"de\",\"potentialAction\":[{\"@type\":\"ReadAction\",\"target\":[\"https:\/\/www.cabinet-magar.fr\/le-saviez-vous\/un-credit-dimpot-pour-la-transition-energetique-au-rabais\/\"]}]},{\"@type\":\"BreadcrumbList\",\"@id\":\"https:\/\/www.cabinet-magar.fr\/le-saviez-vous\/un-credit-dimpot-pour-la-transition-energetique-au-rabais\/#breadcrumb\",\"itemListElement\":[{\"@type\":\"ListItem\",\"position\":1,\"name\":\"Accueil\",\"item\":\"https:\/\/www.cabinet-magar.fr\/de\/\"},{\"@type\":\"ListItem\",\"position\":2,\"name\":\"Un cr\u00e9dit d&rsquo;imp\u00f4t pour la transition \u00e9nerg\u00e9tique\u2026 au rabais ?\"}]},{\"@type\":\"WebSite\",\"@id\":\"https:\/\/www.cabinet-magar.fr\/#website\",\"url\":\"https:\/\/www.cabinet-magar.fr\/\",\"name\":\"Cabinet Magar\",\"description\":\"\",\"potentialAction\":[{\"@type\":\"SearchAction\",\"target\":{\"@type\":\"EntryPoint\",\"urlTemplate\":\"https:\/\/www.cabinet-magar.fr\/?s={search_term_string}\"},\"query-input\":{\"@type\":\"PropertyValueSpecification\",\"valueRequired\":true,\"valueName\":\"search_term_string\"}}],\"inLanguage\":\"de\"},{\"@type\":\"Person\",\"@id\":\"https:\/\/www.cabinet-magar.fr\/#\/schema\/person\/00f6d5357e718a659e49151253984062\",\"name\":\"adlucyan\",\"sameAs\":[\"https:\/\/www.cabinet-magar.fr\"],\"url\":\"https:\/\/www.cabinet-magar.fr\/de\/author\/adlucyan\/\"}]}<\/script>\n<!-- \/ Yoast SEO plugin. -->","yoast_head_json":{"title":"Un cr\u00e9dit d'imp\u00f4t pour la transition \u00e9nerg\u00e9tique\u2026 au rabais ? - Cabinet Magar","robots":{"index":"index","follow":"follow","max-snippet":"max-snippet:-1","max-image-preview":"max-image-preview:large","max-video-preview":"max-video-preview:-1"},"canonical":"https:\/\/www.cabinet-magar.fr\/le-saviez-vous\/un-credit-dimpot-pour-la-transition-energetique-au-rabais\/","og_locale":"de_DE","og_type":"article","og_title":"Un cr\u00e9dit d'imp\u00f4t pour la transition \u00e9nerg\u00e9tique\u2026 au rabais ? - Cabinet Magar","og_description":"Un particulier fait appel \u00e0 un professionnel pour installer un insert et un nouveau tubage dans la chemin\u00e9e existante de son habitation.A l'issue de ces travaux, il demande \u00e0 b\u00e9n\u00e9ficier du cr\u00e9dit d'imp\u00f4t pour la transition \u00e9nerg\u00e9tique (CITE) sur l'int\u00e9gralit\u00e9 de la facture du professionnel... Ce que lui refuse l'administration qui ne lui accorde le b\u00e9n\u00e9fice de l'avantage fiscal que sur le seul prix d'achat de l'insert.Sur la base de quel montant le particulier peut-il b\u00e9n\u00e9ficier du cr\u00e9dit d'imp\u00f4t ?","og_url":"https:\/\/www.cabinet-magar.fr\/le-saviez-vous\/un-credit-dimpot-pour-la-transition-energetique-au-rabais\/","og_site_name":"Cabinet Magar","article_published_time":"2018-11-07T23:23:00+00:00","author":"adlucyan","twitter_card":"summary_large_image","twitter_misc":{"Verfasst von":"adlucyan","Gesch\u00e4tzte Lesezeit":"1\u00a0Minute"},"schema":{"@context":"https:\/\/schema.org","@graph":[{"@type":"Article","@id":"https:\/\/www.cabinet-magar.fr\/le-saviez-vous\/un-credit-dimpot-pour-la-transition-energetique-au-rabais\/#article","isPartOf":{"@id":"https:\/\/www.cabinet-magar.fr\/le-saviez-vous\/un-credit-dimpot-pour-la-transition-energetique-au-rabais\/"},"author":{"name":"adlucyan","@id":"https:\/\/www.cabinet-magar.fr\/#\/schema\/person\/00f6d5357e718a659e49151253984062"},"headline":"Un cr\u00e9dit d&#8217;imp\u00f4t pour la transition \u00e9nerg\u00e9tique\u2026 au rabais ?","datePublished":"2018-11-07T23:23:00+00:00","mainEntityOfPage":{"@id":"https:\/\/www.cabinet-magar.fr\/le-saviez-vous\/un-credit-dimpot-pour-la-transition-energetique-au-rabais\/"},"wordCount":214,"commentCount":0,"articleSection":["Le saviez-vous ?"],"inLanguage":"de","potentialAction":[{"@type":"CommentAction","name":"Comment","target":["https:\/\/www.cabinet-magar.fr\/le-saviez-vous\/un-credit-dimpot-pour-la-transition-energetique-au-rabais\/#respond"]}]},{"@type":"WebPage","@id":"https:\/\/www.cabinet-magar.fr\/le-saviez-vous\/un-credit-dimpot-pour-la-transition-energetique-au-rabais\/","url":"https:\/\/www.cabinet-magar.fr\/le-saviez-vous\/un-credit-dimpot-pour-la-transition-energetique-au-rabais\/","name":"Un cr\u00e9dit d'imp\u00f4t pour la transition \u00e9nerg\u00e9tique\u2026 au rabais ? - Cabinet Magar","isPartOf":{"@id":"https:\/\/www.cabinet-magar.fr\/#website"},"datePublished":"2018-11-07T23:23:00+00:00","author":{"@id":"https:\/\/www.cabinet-magar.fr\/#\/schema\/person\/00f6d5357e718a659e49151253984062"},"breadcrumb":{"@id":"https:\/\/www.cabinet-magar.fr\/le-saviez-vous\/un-credit-dimpot-pour-la-transition-energetique-au-rabais\/#breadcrumb"},"inLanguage":"de","potentialAction":[{"@type":"ReadAction","target":["https:\/\/www.cabinet-magar.fr\/le-saviez-vous\/un-credit-dimpot-pour-la-transition-energetique-au-rabais\/"]}]},{"@type":"BreadcrumbList","@id":"https:\/\/www.cabinet-magar.fr\/le-saviez-vous\/un-credit-dimpot-pour-la-transition-energetique-au-rabais\/#breadcrumb","itemListElement":[{"@type":"ListItem","position":1,"name":"Accueil","item":"https:\/\/www.cabinet-magar.fr\/de\/"},{"@type":"ListItem","position":2,"name":"Un cr\u00e9dit d&rsquo;imp\u00f4t pour la transition \u00e9nerg\u00e9tique\u2026 au rabais ?"}]},{"@type":"WebSite","@id":"https:\/\/www.cabinet-magar.fr\/#website","url":"https:\/\/www.cabinet-magar.fr\/","name":"Cabinet Magar","description":"","potentialAction":[{"@type":"SearchAction","target":{"@type":"EntryPoint","urlTemplate":"https:\/\/www.cabinet-magar.fr\/?s={search_term_string}"},"query-input":{"@type":"PropertyValueSpecification","valueRequired":true,"valueName":"search_term_string"}}],"inLanguage":"de"},{"@type":"Person","@id":"https:\/\/www.cabinet-magar.fr\/#\/schema\/person\/00f6d5357e718a659e49151253984062","name":"adlucyan","sameAs":["https:\/\/www.cabinet-magar.fr"],"url":"https:\/\/www.cabinet-magar.fr\/de\/author\/adlucyan\/"}]}},"_links":{"self":[{"href":"https:\/\/www.cabinet-magar.fr\/de\/wp-json\/wp\/v2\/posts\/212","targetHints":{"allow":["GET"]}}],"collection":[{"href":"https:\/\/www.cabinet-magar.fr\/de\/wp-json\/wp\/v2\/posts"}],"about":[{"href":"https:\/\/www.cabinet-magar.fr\/de\/wp-json\/wp\/v2\/types\/post"}],"author":[{"embeddable":true,"href":"https:\/\/www.cabinet-magar.fr\/de\/wp-json\/wp\/v2\/users\/1"}],"replies":[{"embeddable":true,"href":"https:\/\/www.cabinet-magar.fr\/de\/wp-json\/wp\/v2\/comments?post=212"}],"version-history":[{"count":0,"href":"https:\/\/www.cabinet-magar.fr\/de\/wp-json\/wp\/v2\/posts\/212\/revisions"}],"wp:attachment":[{"href":"https:\/\/www.cabinet-magar.fr\/de\/wp-json\/wp\/v2\/media?parent=212"}],"wp:term":[{"taxonomy":"category","embeddable":true,"href":"https:\/\/www.cabinet-magar.fr\/de\/wp-json\/wp\/v2\/categories?post=212"},{"taxonomy":"post_tag","embeddable":true,"href":"https:\/\/www.cabinet-magar.fr\/de\/wp-json\/wp\/v2\/tags?post=212"}],"curies":[{"name":"wp","href":"https:\/\/api.w.org\/{rel}","templated":true}]}}