{"id":211,"date":"2018-11-22T00:23:00","date_gmt":"2018-11-21T23:23:00","guid":{"rendered":"https:\/\/www.cabinet-magar.fr\/un-cadeau-pour-les-salaries-et-pour-lentreprise\/"},"modified":"2018-11-22T00:23:00","modified_gmt":"2018-11-21T23:23:00","slug":"un-cadeau-pour-les-salaries-et-pour-lentreprise","status":"publish","type":"post","link":"https:\/\/www.cabinet-magar.fr\/de\/le-saviez-vous\/un-cadeau-pour-les-salaries-et-pour-lentreprise\/","title":{"rendered":"Un cadeau pour les salari\u00e9s\u2026 et pour l&#8217;entreprise ?"},"content":{"rendered":"<div class=\"quizz\">\n<div class=\"question-quizz\">A l&#8217;approche de No\u00ebl, un employeur souhaite r\u00e9compenser le travail accompli par tous les salari\u00e9s de l&#8217;entreprise au cours de cette ann\u00e9e. Il envisage donc de leur offrir des ch\u00e8ques cadeaux d&#8217;une valeur totale de 120 \u20ac par salari\u00e9.<\/p>\n<p>Il a entendu dire qu&#8217;il b\u00e9n\u00e9ficiait d&#8217;une exon\u00e9ration de charges sociales sur les bons cadeaux. De quoi lier l&#8217;utile \u00e0 l&#8217;agr\u00e9able, selon lui&#8230;<\/p>\n<p>Ces bons cadeaux seront-ils soumis \u00e0 cotisations sociales ?<\/p><\/div>\n<ul class=\"propal-quizz\">\n<li class=\"quizz-a\"><a href=\"#reponse\" onclick=\"document.getElementById('page-fiche').classList.add('quizz-open'); return false;\">Oui<\/a><\/li>\n<li class=\"quizz-b\"><a href=\"#reponse\" onclick=\"document.getElementById('page-fiche').classList.add('quizz-open'); return false;\">Non<\/a><\/li>\n<\/ul>\n<div id=\"rna\" class=\"reponse-non-affichee\">La r\u00e9ponse n&#8217;est pas toujours celle que l&#8217;on croit&#8230;<\/div>\n<div id=\"reponse\" class=\"reponse-quizz-in\">La bonne r\u00e9ponse est&#8230;<br \/> <span class=\"reponse-b\">Non<\/span><br \/>Les bons cadeaux ne sont pas soumis aux cotisations sociales, uniquement si l&#8217;Urssaf dont d\u00e9pend l&#8217;entreprise pratique cette tol\u00e9rance. En effet, il ne s&#8217;agit pas d&#8217;une r\u00e8gle \u00e0 caract\u00e8re imp\u00e9ratif mais d&#8217;une simple tol\u00e9rance admise par l&#8217;Acoss, et soumise \u00e0 conditions.<\/p>\n<p>Aussi, si l&#8217;Urssaf n&#8217;est pas \u00ab tol\u00e9rante \u00bb, elle pourra r\u00e9int\u00e9grer la valeur de ces bons cadeaux dans le calcul des cotisations sociales dues par l&#8217;entreprise et il ne sera alors pas possible, pour l&#8217;employeur, de contester sa d\u00e9cision.<\/p>\n<p>Si vous envisagez de recourir aux ch\u00e8ques cadeaux pour cette fin d&#8217;ann\u00e9e, n&#8217;h\u00e9sitez pas \u00e0 demander \u00e0 votre Urssaf quelle est sa position !<\/p>\n<p>Il n&#8217;est pas exclut, toutefois, que le l\u00e9gislateur impose, \u00e0 l&#8217;avenir, une telle exon\u00e9ration (un amendement au Projet de Loi de financement de la s\u00e9curit\u00e9 sociale pour 2019 ayant \u00e9t\u00e9 d\u00e9pos\u00e9 en ce sens).<\/p><\/div>\n<\/div>\n","protected":false},"excerpt":{"rendered":"<p>A l&#8217;approche de No\u00ebl, un employeur souhaite r\u00e9compenser le travail accompli par tous les salari\u00e9s de l&#8217;entreprise au cours de cette ann\u00e9e. Il envisage donc de leur offrir des ch\u00e8ques cadeaux d&#8217;une valeur totale de 120 \u20ac par salari\u00e9.<\/p>\n<p>Il a entendu dire qu&#8217;il b\u00e9n\u00e9ficiait d&#8217;une exon\u00e9ration de charges sociales sur les bons cadeaux. De quoi lier l&#8217;utile \u00e0 l&#8217;agr\u00e9able, selon lui&#8230;<\/p>\n<p>Ces bons cadeaux seront-ils soumis \u00e0 cotisations sociales ?<\/p>\n","protected":false},"author":1,"featured_media":0,"comment_status":"open","ping_status":"closed","sticky":false,"template":"","format":"standard","meta":{"_acf_changed":false,"footnotes":""},"categories":[5],"tags":[],"class_list":["post-211","post","type-post","status-publish","format-standard","hentry","category-le-saviez-vous"],"acf":[],"yoast_head":"<!-- This site is optimized with the Yoast SEO plugin v27.2 - https:\/\/yoast.com\/product\/yoast-seo-wordpress\/ -->\n<title>Un cadeau pour les salari\u00e9s\u2026 et pour l&#039;entreprise ? - Cabinet Magar<\/title>\n<meta name=\"robots\" content=\"index, follow, max-snippet:-1, max-image-preview:large, max-video-preview:-1\" \/>\n<link rel=\"canonical\" href=\"https:\/\/www.cabinet-magar.fr\/le-saviez-vous\/un-cadeau-pour-les-salaries-et-pour-lentreprise\/\" \/>\n<meta property=\"og:locale\" content=\"de_DE\" \/>\n<meta property=\"og:type\" content=\"article\" \/>\n<meta property=\"og:title\" content=\"Un cadeau pour les salari\u00e9s\u2026 et pour l&#039;entreprise ? - Cabinet Magar\" \/>\n<meta property=\"og:description\" content=\"A l&#039;approche de No\u00ebl, un employeur souhaite r\u00e9compenser le travail accompli par tous les salari\u00e9s de l&#039;entreprise au cours de cette ann\u00e9e. Il envisage donc de leur offrir des ch\u00e8ques cadeaux d&#039;une valeur totale de 120 \u20ac par salari\u00e9.Il a entendu dire qu&#039;il b\u00e9n\u00e9ficiait d&#039;une exon\u00e9ration de charges sociales sur les bons cadeaux. De quoi lier l&#039;utile \u00e0 l&#039;agr\u00e9able, selon lui...Ces bons cadeaux seront-ils soumis \u00e0 cotisations sociales ?\" \/>\n<meta property=\"og:url\" content=\"https:\/\/www.cabinet-magar.fr\/le-saviez-vous\/un-cadeau-pour-les-salaries-et-pour-lentreprise\/\" \/>\n<meta property=\"og:site_name\" content=\"Cabinet Magar\" \/>\n<meta property=\"article:published_time\" content=\"2018-11-21T23:23:00+00:00\" \/>\n<meta name=\"author\" content=\"adlucyan\" \/>\n<meta name=\"twitter:card\" content=\"summary_large_image\" \/>\n<meta name=\"twitter:label1\" content=\"Verfasst von\" \/>\n\t<meta name=\"twitter:data1\" content=\"adlucyan\" \/>\n\t<meta name=\"twitter:label2\" content=\"Gesch\u00e4tzte Lesezeit\" \/>\n\t<meta name=\"twitter:data2\" content=\"1\u00a0Minute\" \/>\n<script type=\"application\/ld+json\" class=\"yoast-schema-graph\">{\"@context\":\"https:\/\/schema.org\",\"@graph\":[{\"@type\":\"Article\",\"@id\":\"https:\/\/www.cabinet-magar.fr\/le-saviez-vous\/un-cadeau-pour-les-salaries-et-pour-lentreprise\/#article\",\"isPartOf\":{\"@id\":\"https:\/\/www.cabinet-magar.fr\/le-saviez-vous\/un-cadeau-pour-les-salaries-et-pour-lentreprise\/\"},\"author\":{\"name\":\"adlucyan\",\"@id\":\"https:\/\/www.cabinet-magar.fr\/#\/schema\/person\/00f6d5357e718a659e49151253984062\"},\"headline\":\"Un cadeau pour les salari\u00e9s\u2026 et pour l&#8217;entreprise ?\",\"datePublished\":\"2018-11-21T23:23:00+00:00\",\"mainEntityOfPage\":{\"@id\":\"https:\/\/www.cabinet-magar.fr\/le-saviez-vous\/un-cadeau-pour-les-salaries-et-pour-lentreprise\/\"},\"wordCount\":272,\"commentCount\":0,\"articleSection\":[\"Le saviez-vous ?\"],\"inLanguage\":\"de\",\"potentialAction\":[{\"@type\":\"CommentAction\",\"name\":\"Comment\",\"target\":[\"https:\/\/www.cabinet-magar.fr\/le-saviez-vous\/un-cadeau-pour-les-salaries-et-pour-lentreprise\/#respond\"]}]},{\"@type\":\"WebPage\",\"@id\":\"https:\/\/www.cabinet-magar.fr\/le-saviez-vous\/un-cadeau-pour-les-salaries-et-pour-lentreprise\/\",\"url\":\"https:\/\/www.cabinet-magar.fr\/le-saviez-vous\/un-cadeau-pour-les-salaries-et-pour-lentreprise\/\",\"name\":\"Un cadeau pour les salari\u00e9s\u2026 et pour l'entreprise ? - Cabinet Magar\",\"isPartOf\":{\"@id\":\"https:\/\/www.cabinet-magar.fr\/#website\"},\"datePublished\":\"2018-11-21T23:23:00+00:00\",\"author\":{\"@id\":\"https:\/\/www.cabinet-magar.fr\/#\/schema\/person\/00f6d5357e718a659e49151253984062\"},\"breadcrumb\":{\"@id\":\"https:\/\/www.cabinet-magar.fr\/le-saviez-vous\/un-cadeau-pour-les-salaries-et-pour-lentreprise\/#breadcrumb\"},\"inLanguage\":\"de\",\"potentialAction\":[{\"@type\":\"ReadAction\",\"target\":[\"https:\/\/www.cabinet-magar.fr\/le-saviez-vous\/un-cadeau-pour-les-salaries-et-pour-lentreprise\/\"]}]},{\"@type\":\"BreadcrumbList\",\"@id\":\"https:\/\/www.cabinet-magar.fr\/le-saviez-vous\/un-cadeau-pour-les-salaries-et-pour-lentreprise\/#breadcrumb\",\"itemListElement\":[{\"@type\":\"ListItem\",\"position\":1,\"name\":\"Accueil\",\"item\":\"https:\/\/www.cabinet-magar.fr\/de\/\"},{\"@type\":\"ListItem\",\"position\":2,\"name\":\"Un cadeau pour les salari\u00e9s\u2026 et pour l&rsquo;entreprise ?\"}]},{\"@type\":\"WebSite\",\"@id\":\"https:\/\/www.cabinet-magar.fr\/#website\",\"url\":\"https:\/\/www.cabinet-magar.fr\/\",\"name\":\"Cabinet Magar\",\"description\":\"\",\"potentialAction\":[{\"@type\":\"SearchAction\",\"target\":{\"@type\":\"EntryPoint\",\"urlTemplate\":\"https:\/\/www.cabinet-magar.fr\/?s={search_term_string}\"},\"query-input\":{\"@type\":\"PropertyValueSpecification\",\"valueRequired\":true,\"valueName\":\"search_term_string\"}}],\"inLanguage\":\"de\"},{\"@type\":\"Person\",\"@id\":\"https:\/\/www.cabinet-magar.fr\/#\/schema\/person\/00f6d5357e718a659e49151253984062\",\"name\":\"adlucyan\",\"sameAs\":[\"https:\/\/www.cabinet-magar.fr\"],\"url\":\"https:\/\/www.cabinet-magar.fr\/de\/author\/adlucyan\/\"}]}<\/script>\n<!-- \/ Yoast SEO plugin. -->","yoast_head_json":{"title":"Un cadeau pour les salari\u00e9s\u2026 et pour l'entreprise ? - Cabinet Magar","robots":{"index":"index","follow":"follow","max-snippet":"max-snippet:-1","max-image-preview":"max-image-preview:large","max-video-preview":"max-video-preview:-1"},"canonical":"https:\/\/www.cabinet-magar.fr\/le-saviez-vous\/un-cadeau-pour-les-salaries-et-pour-lentreprise\/","og_locale":"de_DE","og_type":"article","og_title":"Un cadeau pour les salari\u00e9s\u2026 et pour l'entreprise ? - Cabinet Magar","og_description":"A l'approche de No\u00ebl, un employeur souhaite r\u00e9compenser le travail accompli par tous les salari\u00e9s de l'entreprise au cours de cette ann\u00e9e. Il envisage donc de leur offrir des ch\u00e8ques cadeaux d'une valeur totale de 120 \u20ac par salari\u00e9.Il a entendu dire qu'il b\u00e9n\u00e9ficiait d'une exon\u00e9ration de charges sociales sur les bons cadeaux. De quoi lier l'utile \u00e0 l'agr\u00e9able, selon lui...Ces bons cadeaux seront-ils soumis \u00e0 cotisations sociales ?","og_url":"https:\/\/www.cabinet-magar.fr\/le-saviez-vous\/un-cadeau-pour-les-salaries-et-pour-lentreprise\/","og_site_name":"Cabinet Magar","article_published_time":"2018-11-21T23:23:00+00:00","author":"adlucyan","twitter_card":"summary_large_image","twitter_misc":{"Verfasst von":"adlucyan","Gesch\u00e4tzte Lesezeit":"1\u00a0Minute"},"schema":{"@context":"https:\/\/schema.org","@graph":[{"@type":"Article","@id":"https:\/\/www.cabinet-magar.fr\/le-saviez-vous\/un-cadeau-pour-les-salaries-et-pour-lentreprise\/#article","isPartOf":{"@id":"https:\/\/www.cabinet-magar.fr\/le-saviez-vous\/un-cadeau-pour-les-salaries-et-pour-lentreprise\/"},"author":{"name":"adlucyan","@id":"https:\/\/www.cabinet-magar.fr\/#\/schema\/person\/00f6d5357e718a659e49151253984062"},"headline":"Un cadeau pour les salari\u00e9s\u2026 et pour l&#8217;entreprise ?","datePublished":"2018-11-21T23:23:00+00:00","mainEntityOfPage":{"@id":"https:\/\/www.cabinet-magar.fr\/le-saviez-vous\/un-cadeau-pour-les-salaries-et-pour-lentreprise\/"},"wordCount":272,"commentCount":0,"articleSection":["Le saviez-vous ?"],"inLanguage":"de","potentialAction":[{"@type":"CommentAction","name":"Comment","target":["https:\/\/www.cabinet-magar.fr\/le-saviez-vous\/un-cadeau-pour-les-salaries-et-pour-lentreprise\/#respond"]}]},{"@type":"WebPage","@id":"https:\/\/www.cabinet-magar.fr\/le-saviez-vous\/un-cadeau-pour-les-salaries-et-pour-lentreprise\/","url":"https:\/\/www.cabinet-magar.fr\/le-saviez-vous\/un-cadeau-pour-les-salaries-et-pour-lentreprise\/","name":"Un cadeau pour les salari\u00e9s\u2026 et pour l'entreprise ? - Cabinet Magar","isPartOf":{"@id":"https:\/\/www.cabinet-magar.fr\/#website"},"datePublished":"2018-11-21T23:23:00+00:00","author":{"@id":"https:\/\/www.cabinet-magar.fr\/#\/schema\/person\/00f6d5357e718a659e49151253984062"},"breadcrumb":{"@id":"https:\/\/www.cabinet-magar.fr\/le-saviez-vous\/un-cadeau-pour-les-salaries-et-pour-lentreprise\/#breadcrumb"},"inLanguage":"de","potentialAction":[{"@type":"ReadAction","target":["https:\/\/www.cabinet-magar.fr\/le-saviez-vous\/un-cadeau-pour-les-salaries-et-pour-lentreprise\/"]}]},{"@type":"BreadcrumbList","@id":"https:\/\/www.cabinet-magar.fr\/le-saviez-vous\/un-cadeau-pour-les-salaries-et-pour-lentreprise\/#breadcrumb","itemListElement":[{"@type":"ListItem","position":1,"name":"Accueil","item":"https:\/\/www.cabinet-magar.fr\/de\/"},{"@type":"ListItem","position":2,"name":"Un cadeau pour les salari\u00e9s\u2026 et pour l&rsquo;entreprise ?"}]},{"@type":"WebSite","@id":"https:\/\/www.cabinet-magar.fr\/#website","url":"https:\/\/www.cabinet-magar.fr\/","name":"Cabinet Magar","description":"","potentialAction":[{"@type":"SearchAction","target":{"@type":"EntryPoint","urlTemplate":"https:\/\/www.cabinet-magar.fr\/?s={search_term_string}"},"query-input":{"@type":"PropertyValueSpecification","valueRequired":true,"valueName":"search_term_string"}}],"inLanguage":"de"},{"@type":"Person","@id":"https:\/\/www.cabinet-magar.fr\/#\/schema\/person\/00f6d5357e718a659e49151253984062","name":"adlucyan","sameAs":["https:\/\/www.cabinet-magar.fr"],"url":"https:\/\/www.cabinet-magar.fr\/de\/author\/adlucyan\/"}]}},"_links":{"self":[{"href":"https:\/\/www.cabinet-magar.fr\/de\/wp-json\/wp\/v2\/posts\/211","targetHints":{"allow":["GET"]}}],"collection":[{"href":"https:\/\/www.cabinet-magar.fr\/de\/wp-json\/wp\/v2\/posts"}],"about":[{"href":"https:\/\/www.cabinet-magar.fr\/de\/wp-json\/wp\/v2\/types\/post"}],"author":[{"embeddable":true,"href":"https:\/\/www.cabinet-magar.fr\/de\/wp-json\/wp\/v2\/users\/1"}],"replies":[{"embeddable":true,"href":"https:\/\/www.cabinet-magar.fr\/de\/wp-json\/wp\/v2\/comments?post=211"}],"version-history":[{"count":0,"href":"https:\/\/www.cabinet-magar.fr\/de\/wp-json\/wp\/v2\/posts\/211\/revisions"}],"wp:attachment":[{"href":"https:\/\/www.cabinet-magar.fr\/de\/wp-json\/wp\/v2\/media?parent=211"}],"wp:term":[{"taxonomy":"category","embeddable":true,"href":"https:\/\/www.cabinet-magar.fr\/de\/wp-json\/wp\/v2\/categories?post=211"},{"taxonomy":"post_tag","embeddable":true,"href":"https:\/\/www.cabinet-magar.fr\/de\/wp-json\/wp\/v2\/tags?post=211"}],"curies":[{"name":"wp","href":"https:\/\/api.w.org\/{rel}","templated":true}]}}