{"id":208,"date":"2019-01-24T00:23:00","date_gmt":"2019-01-23T23:23:00","guid":{"rendered":"https:\/\/www.cabinet-magar.fr\/cite-cest-la-porte-ouverte-a-toutes-les-fenetres\/"},"modified":"2019-01-24T00:23:00","modified_gmt":"2019-01-23T23:23:00","slug":"cite-cest-la-porte-ouverte-a-toutes-les-fenetres","status":"publish","type":"post","link":"https:\/\/www.cabinet-magar.fr\/de\/le-saviez-vous\/cite-cest-la-porte-ouverte-a-toutes-les-fenetres\/","title":{"rendered":"CITE : c&#8217;est la porte ouverte \u00e0 toutes les fen\u00eatres\u2026"},"content":{"rendered":"<div class=\"quizz\">\n<div class=\"question-quizz\">Courant d\u00e9cembre 2018, un particulier passe commande aupr\u00e8s d&#8217;un professionnel pour changer les fen\u00eatres de son habitation : il souhaite faire installer du double vitrage \u00e0 la place du simple vitrage. A cette occasion, il verse un acompte correspondant \u00e0 30 % du montant total de la facture. Il paiera le solde une fois les travaux achev\u00e9s, en f\u00e9vrier 2019.<\/p>\n<p>Le particulier a entendu dire qu&#8217;en 2019, les d\u00e9penses d&#8217;isolation thermique des vitrages permettaient \u00e0 nouveau de b\u00e9n\u00e9ficier d&#8217;un cr\u00e9dit d&#8217;imp\u00f4t (le CITE).<\/p>\n<p>Pourra-t-il b\u00e9n\u00e9ficier du CITE pour ces travaux ?<\/p><\/div>\n<ul class=\"propal-quizz\">\n<li class=\"quizz-a\"><a href=\"#reponse\" onclick=\"document.getElementById('page-fiche').classList.add('quizz-open'); return false;\">Oui<\/a><\/li>\n<li class=\"quizz-b\"><a href=\"#reponse\" onclick=\"document.getElementById('page-fiche').classList.add('quizz-open'); return false;\">Non<\/a><\/li>\n<\/ul>\n<div id=\"rna\" class=\"reponse-non-affichee\">La r\u00e9ponse n&#8217;est pas toujours celle que l&#8217;on croit&#8230;<\/div>\n<div id=\"reponse\" class=\"reponse-quizz-in\">La bonne r\u00e9ponse est&#8230;<br \/> <span class=\"reponse-a\">Oui<\/span><br \/>Les d\u00e9penses li\u00e9es \u00e0 l\u2019achat de mat\u00e9riaux d\u2019isolation thermique des parois vitr\u00e9es engag\u00e9es entre le 1er janvier 2019 et le 31 d\u00e9cembre 2019 peuvent ouvrir droit au b\u00e9n\u00e9fice du CITE, \u00e0 condition que les mat\u00e9riaux achet\u00e9s viennent en remplacement de parois en simple vitrage, dans la limite d\u2019un plafond de d\u00e9penses devant \u00eatre fix\u00e9 par arr\u00eat\u00e9 (non encore paru \u00e0 ce jour).<\/p>\n<p>Cet avantage fiscal est accord\u00e9 au titre de l&#8217;ann\u00e9e au cours de laquelle les travaux ont \u00e9t\u00e9 d\u00e9finitivement pay\u00e9s. A ce titre, le paiement d&#8217;un acompte ne vaut pas paiement d\u00e9finitif.<\/p>\n<p>Ici, les travaux \u00e9tant d\u00e9finitivement pay\u00e9s en f\u00e9vrier 2019, le particulier pourra bien b\u00e9n\u00e9ficier du CITE.<\/p><\/div>\n<\/div>\n","protected":false},"excerpt":{"rendered":"<p>Courant d\u00e9cembre 2018, un particulier passe commande aupr\u00e8s d&#8217;un professionnel pour changer les fen\u00eatres de son habitation : il souhaite faire installer du double vitrage \u00e0 la place du simple vitrage. A cette occasion, il verse un acompte correspondant \u00e0 30 % du montant total de la facture. Il paiera le solde une fois les travaux achev\u00e9s, en f\u00e9vrier 2019.<\/p>\n<p>Le particulier a entendu dire qu&#8217;en 2019, les d\u00e9penses d&#8217;isolation thermique des vitrages permettaient \u00e0 nouveau de b\u00e9n\u00e9ficier d&#8217;un cr\u00e9dit d&#8217;imp\u00f4t (le CITE).<\/p>\n<p>Pourra-t-il b\u00e9n\u00e9ficier du CITE pour ces travaux ?<\/p>\n","protected":false},"author":1,"featured_media":0,"comment_status":"open","ping_status":"closed","sticky":false,"template":"","format":"standard","meta":{"_acf_changed":false,"footnotes":""},"categories":[5],"tags":[],"class_list":["post-208","post","type-post","status-publish","format-standard","hentry","category-le-saviez-vous"],"acf":[],"yoast_head":"<!-- This site is optimized with the Yoast SEO plugin v27.2 - https:\/\/yoast.com\/product\/yoast-seo-wordpress\/ -->\n<title>CITE : c&#039;est la porte ouverte \u00e0 toutes les fen\u00eatres\u2026 - Cabinet Magar<\/title>\n<meta name=\"robots\" content=\"index, follow, max-snippet:-1, max-image-preview:large, max-video-preview:-1\" \/>\n<link rel=\"canonical\" href=\"https:\/\/www.cabinet-magar.fr\/le-saviez-vous\/cite-cest-la-porte-ouverte-a-toutes-les-fenetres\/\" \/>\n<meta property=\"og:locale\" content=\"de_DE\" \/>\n<meta property=\"og:type\" content=\"article\" \/>\n<meta property=\"og:title\" content=\"CITE : c&#039;est la porte ouverte \u00e0 toutes les fen\u00eatres\u2026 - Cabinet Magar\" \/>\n<meta property=\"og:description\" content=\"Courant d\u00e9cembre 2018, un particulier passe commande aupr\u00e8s d&#039;un professionnel pour changer les fen\u00eatres de son habitation : il souhaite faire installer du double vitrage \u00e0 la place du simple vitrage. A cette occasion, il verse un acompte correspondant \u00e0 30 % du montant total de la facture. Il paiera le solde une fois les travaux achev\u00e9s, en f\u00e9vrier 2019.Le particulier a entendu dire qu&#039;en 2019, les d\u00e9penses d&#039;isolation thermique des vitrages permettaient \u00e0 nouveau de b\u00e9n\u00e9ficier d&#039;un cr\u00e9dit d&#039;imp\u00f4t (le CITE).Pourra-t-il b\u00e9n\u00e9ficier du CITE pour ces travaux ?\" \/>\n<meta property=\"og:url\" content=\"https:\/\/www.cabinet-magar.fr\/le-saviez-vous\/cite-cest-la-porte-ouverte-a-toutes-les-fenetres\/\" \/>\n<meta property=\"og:site_name\" content=\"Cabinet Magar\" \/>\n<meta property=\"article:published_time\" content=\"2019-01-23T23:23:00+00:00\" \/>\n<meta name=\"author\" content=\"adlucyan\" \/>\n<meta name=\"twitter:card\" content=\"summary_large_image\" \/>\n<meta name=\"twitter:label1\" content=\"Verfasst von\" \/>\n\t<meta name=\"twitter:data1\" content=\"adlucyan\" \/>\n\t<meta name=\"twitter:label2\" content=\"Gesch\u00e4tzte Lesezeit\" \/>\n\t<meta name=\"twitter:data2\" content=\"1\u00a0Minute\" \/>\n<script type=\"application\/ld+json\" class=\"yoast-schema-graph\">{\"@context\":\"https:\/\/schema.org\",\"@graph\":[{\"@type\":\"Article\",\"@id\":\"https:\/\/www.cabinet-magar.fr\/le-saviez-vous\/cite-cest-la-porte-ouverte-a-toutes-les-fenetres\/#article\",\"isPartOf\":{\"@id\":\"https:\/\/www.cabinet-magar.fr\/le-saviez-vous\/cite-cest-la-porte-ouverte-a-toutes-les-fenetres\/\"},\"author\":{\"name\":\"adlucyan\",\"@id\":\"https:\/\/www.cabinet-magar.fr\/#\/schema\/person\/00f6d5357e718a659e49151253984062\"},\"headline\":\"CITE : c&#8217;est la porte ouverte \u00e0 toutes les fen\u00eatres\u2026\",\"datePublished\":\"2019-01-23T23:23:00+00:00\",\"mainEntityOfPage\":{\"@id\":\"https:\/\/www.cabinet-magar.fr\/le-saviez-vous\/cite-cest-la-porte-ouverte-a-toutes-les-fenetres\/\"},\"wordCount\":256,\"commentCount\":0,\"articleSection\":[\"Le saviez-vous ?\"],\"inLanguage\":\"de\",\"potentialAction\":[{\"@type\":\"CommentAction\",\"name\":\"Comment\",\"target\":[\"https:\/\/www.cabinet-magar.fr\/le-saviez-vous\/cite-cest-la-porte-ouverte-a-toutes-les-fenetres\/#respond\"]}]},{\"@type\":\"WebPage\",\"@id\":\"https:\/\/www.cabinet-magar.fr\/le-saviez-vous\/cite-cest-la-porte-ouverte-a-toutes-les-fenetres\/\",\"url\":\"https:\/\/www.cabinet-magar.fr\/le-saviez-vous\/cite-cest-la-porte-ouverte-a-toutes-les-fenetres\/\",\"name\":\"CITE : c'est la porte ouverte \u00e0 toutes les fen\u00eatres\u2026 - Cabinet Magar\",\"isPartOf\":{\"@id\":\"https:\/\/www.cabinet-magar.fr\/#website\"},\"datePublished\":\"2019-01-23T23:23:00+00:00\",\"author\":{\"@id\":\"https:\/\/www.cabinet-magar.fr\/#\/schema\/person\/00f6d5357e718a659e49151253984062\"},\"breadcrumb\":{\"@id\":\"https:\/\/www.cabinet-magar.fr\/le-saviez-vous\/cite-cest-la-porte-ouverte-a-toutes-les-fenetres\/#breadcrumb\"},\"inLanguage\":\"de\",\"potentialAction\":[{\"@type\":\"ReadAction\",\"target\":[\"https:\/\/www.cabinet-magar.fr\/le-saviez-vous\/cite-cest-la-porte-ouverte-a-toutes-les-fenetres\/\"]}]},{\"@type\":\"BreadcrumbList\",\"@id\":\"https:\/\/www.cabinet-magar.fr\/le-saviez-vous\/cite-cest-la-porte-ouverte-a-toutes-les-fenetres\/#breadcrumb\",\"itemListElement\":[{\"@type\":\"ListItem\",\"position\":1,\"name\":\"Accueil\",\"item\":\"https:\/\/www.cabinet-magar.fr\/de\/\"},{\"@type\":\"ListItem\",\"position\":2,\"name\":\"CITE : c&rsquo;est la porte ouverte \u00e0 toutes les fen\u00eatres\u2026\"}]},{\"@type\":\"WebSite\",\"@id\":\"https:\/\/www.cabinet-magar.fr\/#website\",\"url\":\"https:\/\/www.cabinet-magar.fr\/\",\"name\":\"Cabinet Magar\",\"description\":\"\",\"potentialAction\":[{\"@type\":\"SearchAction\",\"target\":{\"@type\":\"EntryPoint\",\"urlTemplate\":\"https:\/\/www.cabinet-magar.fr\/?s={search_term_string}\"},\"query-input\":{\"@type\":\"PropertyValueSpecification\",\"valueRequired\":true,\"valueName\":\"search_term_string\"}}],\"inLanguage\":\"de\"},{\"@type\":\"Person\",\"@id\":\"https:\/\/www.cabinet-magar.fr\/#\/schema\/person\/00f6d5357e718a659e49151253984062\",\"name\":\"adlucyan\",\"sameAs\":[\"https:\/\/www.cabinet-magar.fr\"],\"url\":\"https:\/\/www.cabinet-magar.fr\/de\/author\/adlucyan\/\"}]}<\/script>\n<!-- \/ Yoast SEO plugin. -->","yoast_head_json":{"title":"CITE : c'est la porte ouverte \u00e0 toutes les fen\u00eatres\u2026 - Cabinet Magar","robots":{"index":"index","follow":"follow","max-snippet":"max-snippet:-1","max-image-preview":"max-image-preview:large","max-video-preview":"max-video-preview:-1"},"canonical":"https:\/\/www.cabinet-magar.fr\/le-saviez-vous\/cite-cest-la-porte-ouverte-a-toutes-les-fenetres\/","og_locale":"de_DE","og_type":"article","og_title":"CITE : c'est la porte ouverte \u00e0 toutes les fen\u00eatres\u2026 - Cabinet Magar","og_description":"Courant d\u00e9cembre 2018, un particulier passe commande aupr\u00e8s d'un professionnel pour changer les fen\u00eatres de son habitation : il souhaite faire installer du double vitrage \u00e0 la place du simple vitrage. A cette occasion, il verse un acompte correspondant \u00e0 30 % du montant total de la facture. Il paiera le solde une fois les travaux achev\u00e9s, en f\u00e9vrier 2019.Le particulier a entendu dire qu'en 2019, les d\u00e9penses d'isolation thermique des vitrages permettaient \u00e0 nouveau de b\u00e9n\u00e9ficier d'un cr\u00e9dit d'imp\u00f4t (le CITE).Pourra-t-il b\u00e9n\u00e9ficier du CITE pour ces travaux ?","og_url":"https:\/\/www.cabinet-magar.fr\/le-saviez-vous\/cite-cest-la-porte-ouverte-a-toutes-les-fenetres\/","og_site_name":"Cabinet Magar","article_published_time":"2019-01-23T23:23:00+00:00","author":"adlucyan","twitter_card":"summary_large_image","twitter_misc":{"Verfasst von":"adlucyan","Gesch\u00e4tzte Lesezeit":"1\u00a0Minute"},"schema":{"@context":"https:\/\/schema.org","@graph":[{"@type":"Article","@id":"https:\/\/www.cabinet-magar.fr\/le-saviez-vous\/cite-cest-la-porte-ouverte-a-toutes-les-fenetres\/#article","isPartOf":{"@id":"https:\/\/www.cabinet-magar.fr\/le-saviez-vous\/cite-cest-la-porte-ouverte-a-toutes-les-fenetres\/"},"author":{"name":"adlucyan","@id":"https:\/\/www.cabinet-magar.fr\/#\/schema\/person\/00f6d5357e718a659e49151253984062"},"headline":"CITE : c&#8217;est la porte ouverte \u00e0 toutes les fen\u00eatres\u2026","datePublished":"2019-01-23T23:23:00+00:00","mainEntityOfPage":{"@id":"https:\/\/www.cabinet-magar.fr\/le-saviez-vous\/cite-cest-la-porte-ouverte-a-toutes-les-fenetres\/"},"wordCount":256,"commentCount":0,"articleSection":["Le saviez-vous ?"],"inLanguage":"de","potentialAction":[{"@type":"CommentAction","name":"Comment","target":["https:\/\/www.cabinet-magar.fr\/le-saviez-vous\/cite-cest-la-porte-ouverte-a-toutes-les-fenetres\/#respond"]}]},{"@type":"WebPage","@id":"https:\/\/www.cabinet-magar.fr\/le-saviez-vous\/cite-cest-la-porte-ouverte-a-toutes-les-fenetres\/","url":"https:\/\/www.cabinet-magar.fr\/le-saviez-vous\/cite-cest-la-porte-ouverte-a-toutes-les-fenetres\/","name":"CITE : c'est la porte ouverte \u00e0 toutes les fen\u00eatres\u2026 - Cabinet Magar","isPartOf":{"@id":"https:\/\/www.cabinet-magar.fr\/#website"},"datePublished":"2019-01-23T23:23:00+00:00","author":{"@id":"https:\/\/www.cabinet-magar.fr\/#\/schema\/person\/00f6d5357e718a659e49151253984062"},"breadcrumb":{"@id":"https:\/\/www.cabinet-magar.fr\/le-saviez-vous\/cite-cest-la-porte-ouverte-a-toutes-les-fenetres\/#breadcrumb"},"inLanguage":"de","potentialAction":[{"@type":"ReadAction","target":["https:\/\/www.cabinet-magar.fr\/le-saviez-vous\/cite-cest-la-porte-ouverte-a-toutes-les-fenetres\/"]}]},{"@type":"BreadcrumbList","@id":"https:\/\/www.cabinet-magar.fr\/le-saviez-vous\/cite-cest-la-porte-ouverte-a-toutes-les-fenetres\/#breadcrumb","itemListElement":[{"@type":"ListItem","position":1,"name":"Accueil","item":"https:\/\/www.cabinet-magar.fr\/de\/"},{"@type":"ListItem","position":2,"name":"CITE : c&rsquo;est la porte ouverte \u00e0 toutes les fen\u00eatres\u2026"}]},{"@type":"WebSite","@id":"https:\/\/www.cabinet-magar.fr\/#website","url":"https:\/\/www.cabinet-magar.fr\/","name":"Cabinet Magar","description":"","potentialAction":[{"@type":"SearchAction","target":{"@type":"EntryPoint","urlTemplate":"https:\/\/www.cabinet-magar.fr\/?s={search_term_string}"},"query-input":{"@type":"PropertyValueSpecification","valueRequired":true,"valueName":"search_term_string"}}],"inLanguage":"de"},{"@type":"Person","@id":"https:\/\/www.cabinet-magar.fr\/#\/schema\/person\/00f6d5357e718a659e49151253984062","name":"adlucyan","sameAs":["https:\/\/www.cabinet-magar.fr"],"url":"https:\/\/www.cabinet-magar.fr\/de\/author\/adlucyan\/"}]}},"_links":{"self":[{"href":"https:\/\/www.cabinet-magar.fr\/de\/wp-json\/wp\/v2\/posts\/208","targetHints":{"allow":["GET"]}}],"collection":[{"href":"https:\/\/www.cabinet-magar.fr\/de\/wp-json\/wp\/v2\/posts"}],"about":[{"href":"https:\/\/www.cabinet-magar.fr\/de\/wp-json\/wp\/v2\/types\/post"}],"author":[{"embeddable":true,"href":"https:\/\/www.cabinet-magar.fr\/de\/wp-json\/wp\/v2\/users\/1"}],"replies":[{"embeddable":true,"href":"https:\/\/www.cabinet-magar.fr\/de\/wp-json\/wp\/v2\/comments?post=208"}],"version-history":[{"count":0,"href":"https:\/\/www.cabinet-magar.fr\/de\/wp-json\/wp\/v2\/posts\/208\/revisions"}],"wp:attachment":[{"href":"https:\/\/www.cabinet-magar.fr\/de\/wp-json\/wp\/v2\/media?parent=208"}],"wp:term":[{"taxonomy":"category","embeddable":true,"href":"https:\/\/www.cabinet-magar.fr\/de\/wp-json\/wp\/v2\/categories?post=208"},{"taxonomy":"post_tag","embeddable":true,"href":"https:\/\/www.cabinet-magar.fr\/de\/wp-json\/wp\/v2\/tags?post=208"}],"curies":[{"name":"wp","href":"https:\/\/api.w.org\/{rel}","templated":true}]}}