{"id":205,"date":"2019-02-21T00:23:00","date_gmt":"2019-02-20T23:23:00","guid":{"rendered":"https:\/\/www.cabinet-magar.fr\/prelevement-a-la-source-trop-important-la-faute-a-lemployeur\/"},"modified":"2019-02-21T00:23:00","modified_gmt":"2019-02-20T23:23:00","slug":"prelevement-a-la-source-trop-important-la-faute-a-lemployeur","status":"publish","type":"post","link":"https:\/\/www.cabinet-magar.fr\/de\/le-saviez-vous\/prelevement-a-la-source-trop-important-la-faute-a-lemployeur\/","title":{"rendered":"Pr\u00e9l\u00e8vement \u00e0 la source trop important : la faute \u00e0 l&#8217;employeur ?"},"content":{"rendered":"<div class=\"quizz\">\n<div class=\"question-quizz\">Sur son bulletin de salaire du mois de janvier 2019, un salari\u00e9 a vu appara\u00eetre le taux de pr\u00e9l\u00e8vement \u00e0 la source qui lui \u00e9tait appliqu\u00e9, ainsi que le montant effectivement pr\u00e9lev\u00e9 au titre de cette retenue.<\/p>\n<p>Consid\u00e9rant que le taux de pr\u00e9l\u00e8vement qui lui est appliqu\u00e9 est erron\u00e9 (la retenue \u00e9tant selon lui trop importante), il demande \u00e0 son employeur de le modifier, ce que ce dernier refuse.<\/p>\n<p>Mais peut-il vraiment refuser de modifier le taux de pr\u00e9l\u00e8vement \u00e0 la source appliqu\u00e9 au salari\u00e9 ? <\/p><\/div>\n<ul class=\"propal-quizz\">\n<li class=\"quizz-a\"><a href=\"#reponse\" onclick=\"document.getElementById('page-fiche').classList.add('quizz-open'); return false;\">Oui<\/a><\/li>\n<li class=\"quizz-b\"><a href=\"#reponse\" onclick=\"document.getElementById('page-fiche').classList.add('quizz-open'); return false;\">Non<\/a><\/li>\n<\/ul>\n<div id=\"rna\" class=\"reponse-non-affichee\">La r\u00e9ponse n&#8217;est pas toujours celle que l&#8217;on croit&#8230;<\/div>\n<div id=\"reponse\" class=\"reponse-quizz-in\">La bonne r\u00e9ponse est&#8230;<br \/> <span class=\"reponse-a\">Oui<\/span><br \/>Avec la mise en place du pr\u00e9l\u00e8vement \u00e0 la source, l&#8216; employeur n\u2019assume qu\u2019un r\u00f4le de collecteur pour le compte de l\u2019administration fiscale : c\u2019est l\u2019administration qui d\u00e9termine le taux de pr\u00e9l\u00e8vement applicable au salari\u00e9 (en fonction de sa situation personnelle) et qui transmet ce taux \u00e0 l&#8217;employeur. Ce dernier se charge simplement de pr\u00e9lever la somme correspondante sur le salaire, puis de la reverser \u00e0 l\u2019administration.<\/p>\n<p>En cas de variation de revenus ou de d\u00e9saccord sur le taux de pr\u00e9l\u00e8vement pratiqu\u00e9, le salari\u00e9 devra contacter directement l\u2019administration fiscale, l\u2019employeur ne pouvant en aucune fa\u00e7on acc\u00e9der \u00e0 sa demande.<\/p><\/div>\n<\/div>\n","protected":false},"excerpt":{"rendered":"<p>Sur son bulletin de salaire du mois de janvier 2019, un salari\u00e9 a vu appara\u00eetre le taux de pr\u00e9l\u00e8vement \u00e0 la source qui lui \u00e9tait appliqu\u00e9, ainsi que le montant effectivement pr\u00e9lev\u00e9 au titre de cette retenue.<\/p>\n<p>Consid\u00e9rant que le taux de pr\u00e9l\u00e8vement qui lui est appliqu\u00e9 est erron\u00e9 (la retenue \u00e9tant selon lui trop importante), il demande \u00e0 son employeur de le modifier, ce que ce dernier refuse.<\/p>\n<p>Mais peut-il vraiment refuser de modifier le taux de pr\u00e9l\u00e8vement \u00e0 la source appliqu\u00e9 au salari\u00e9 ?<\/p>\n","protected":false},"author":1,"featured_media":0,"comment_status":"open","ping_status":"closed","sticky":false,"template":"","format":"standard","meta":{"_acf_changed":false,"footnotes":""},"categories":[5],"tags":[],"class_list":["post-205","post","type-post","status-publish","format-standard","hentry","category-le-saviez-vous"],"acf":[],"yoast_head":"<!-- This site is optimized with the Yoast SEO plugin v27.2 - https:\/\/yoast.com\/product\/yoast-seo-wordpress\/ -->\n<title>Pr\u00e9l\u00e8vement \u00e0 la source trop important : la faute \u00e0 l&#039;employeur ? - Cabinet Magar<\/title>\n<meta name=\"robots\" content=\"index, follow, max-snippet:-1, max-image-preview:large, max-video-preview:-1\" \/>\n<link rel=\"canonical\" href=\"https:\/\/www.cabinet-magar.fr\/le-saviez-vous\/prelevement-a-la-source-trop-important-la-faute-a-lemployeur\/\" \/>\n<meta property=\"og:locale\" content=\"de_DE\" \/>\n<meta property=\"og:type\" content=\"article\" \/>\n<meta property=\"og:title\" content=\"Pr\u00e9l\u00e8vement \u00e0 la source trop important : la faute \u00e0 l&#039;employeur ? - Cabinet Magar\" \/>\n<meta property=\"og:description\" content=\"Sur son bulletin de salaire du mois de janvier 2019, un salari\u00e9 a vu appara\u00eetre le taux de pr\u00e9l\u00e8vement \u00e0 la source qui lui \u00e9tait appliqu\u00e9, ainsi que le montant effectivement pr\u00e9lev\u00e9 au titre de cette retenue.Consid\u00e9rant que le taux de pr\u00e9l\u00e8vement qui lui est appliqu\u00e9 est erron\u00e9 (la retenue \u00e9tant selon lui trop importante), il demande \u00e0 son employeur de le modifier, ce que ce dernier refuse.Mais peut-il vraiment refuser de modifier le taux de pr\u00e9l\u00e8vement \u00e0 la source appliqu\u00e9 au salari\u00e9 ?\" \/>\n<meta property=\"og:url\" content=\"https:\/\/www.cabinet-magar.fr\/le-saviez-vous\/prelevement-a-la-source-trop-important-la-faute-a-lemployeur\/\" \/>\n<meta property=\"og:site_name\" content=\"Cabinet Magar\" \/>\n<meta property=\"article:published_time\" content=\"2019-02-20T23:23:00+00:00\" \/>\n<meta name=\"author\" content=\"adlucyan\" \/>\n<meta name=\"twitter:card\" content=\"summary_large_image\" \/>\n<meta name=\"twitter:label1\" content=\"Verfasst von\" \/>\n\t<meta name=\"twitter:data1\" content=\"adlucyan\" \/>\n\t<meta name=\"twitter:label2\" content=\"Gesch\u00e4tzte Lesezeit\" \/>\n\t<meta name=\"twitter:data2\" content=\"1\u00a0Minute\" \/>\n<script type=\"application\/ld+json\" class=\"yoast-schema-graph\">{\"@context\":\"https:\/\/schema.org\",\"@graph\":[{\"@type\":\"Article\",\"@id\":\"https:\/\/www.cabinet-magar.fr\/le-saviez-vous\/prelevement-a-la-source-trop-important-la-faute-a-lemployeur\/#article\",\"isPartOf\":{\"@id\":\"https:\/\/www.cabinet-magar.fr\/le-saviez-vous\/prelevement-a-la-source-trop-important-la-faute-a-lemployeur\/\"},\"author\":{\"name\":\"adlucyan\",\"@id\":\"https:\/\/www.cabinet-magar.fr\/#\/schema\/person\/00f6d5357e718a659e49151253984062\"},\"headline\":\"Pr\u00e9l\u00e8vement \u00e0 la source trop important : la faute \u00e0 l&#8217;employeur ?\",\"datePublished\":\"2019-02-20T23:23:00+00:00\",\"mainEntityOfPage\":{\"@id\":\"https:\/\/www.cabinet-magar.fr\/le-saviez-vous\/prelevement-a-la-source-trop-important-la-faute-a-lemployeur\/\"},\"wordCount\":236,\"commentCount\":0,\"articleSection\":[\"Le saviez-vous ?\"],\"inLanguage\":\"de\",\"potentialAction\":[{\"@type\":\"CommentAction\",\"name\":\"Comment\",\"target\":[\"https:\/\/www.cabinet-magar.fr\/le-saviez-vous\/prelevement-a-la-source-trop-important-la-faute-a-lemployeur\/#respond\"]}]},{\"@type\":\"WebPage\",\"@id\":\"https:\/\/www.cabinet-magar.fr\/le-saviez-vous\/prelevement-a-la-source-trop-important-la-faute-a-lemployeur\/\",\"url\":\"https:\/\/www.cabinet-magar.fr\/le-saviez-vous\/prelevement-a-la-source-trop-important-la-faute-a-lemployeur\/\",\"name\":\"Pr\u00e9l\u00e8vement \u00e0 la source trop important : la faute \u00e0 l'employeur ? - Cabinet Magar\",\"isPartOf\":{\"@id\":\"https:\/\/www.cabinet-magar.fr\/#website\"},\"datePublished\":\"2019-02-20T23:23:00+00:00\",\"author\":{\"@id\":\"https:\/\/www.cabinet-magar.fr\/#\/schema\/person\/00f6d5357e718a659e49151253984062\"},\"breadcrumb\":{\"@id\":\"https:\/\/www.cabinet-magar.fr\/le-saviez-vous\/prelevement-a-la-source-trop-important-la-faute-a-lemployeur\/#breadcrumb\"},\"inLanguage\":\"de\",\"potentialAction\":[{\"@type\":\"ReadAction\",\"target\":[\"https:\/\/www.cabinet-magar.fr\/le-saviez-vous\/prelevement-a-la-source-trop-important-la-faute-a-lemployeur\/\"]}]},{\"@type\":\"BreadcrumbList\",\"@id\":\"https:\/\/www.cabinet-magar.fr\/le-saviez-vous\/prelevement-a-la-source-trop-important-la-faute-a-lemployeur\/#breadcrumb\",\"itemListElement\":[{\"@type\":\"ListItem\",\"position\":1,\"name\":\"Accueil\",\"item\":\"https:\/\/www.cabinet-magar.fr\/de\/\"},{\"@type\":\"ListItem\",\"position\":2,\"name\":\"Pr\u00e9l\u00e8vement \u00e0 la source trop important : la faute \u00e0 l&#8217;employeur ?\"}]},{\"@type\":\"WebSite\",\"@id\":\"https:\/\/www.cabinet-magar.fr\/#website\",\"url\":\"https:\/\/www.cabinet-magar.fr\/\",\"name\":\"Cabinet Magar\",\"description\":\"\",\"potentialAction\":[{\"@type\":\"SearchAction\",\"target\":{\"@type\":\"EntryPoint\",\"urlTemplate\":\"https:\/\/www.cabinet-magar.fr\/?s={search_term_string}\"},\"query-input\":{\"@type\":\"PropertyValueSpecification\",\"valueRequired\":true,\"valueName\":\"search_term_string\"}}],\"inLanguage\":\"de\"},{\"@type\":\"Person\",\"@id\":\"https:\/\/www.cabinet-magar.fr\/#\/schema\/person\/00f6d5357e718a659e49151253984062\",\"name\":\"adlucyan\",\"sameAs\":[\"https:\/\/www.cabinet-magar.fr\"],\"url\":\"https:\/\/www.cabinet-magar.fr\/de\/author\/adlucyan\/\"}]}<\/script>\n<!-- \/ Yoast SEO plugin. -->","yoast_head_json":{"title":"Pr\u00e9l\u00e8vement \u00e0 la source trop important : la faute \u00e0 l'employeur ? - Cabinet Magar","robots":{"index":"index","follow":"follow","max-snippet":"max-snippet:-1","max-image-preview":"max-image-preview:large","max-video-preview":"max-video-preview:-1"},"canonical":"https:\/\/www.cabinet-magar.fr\/le-saviez-vous\/prelevement-a-la-source-trop-important-la-faute-a-lemployeur\/","og_locale":"de_DE","og_type":"article","og_title":"Pr\u00e9l\u00e8vement \u00e0 la source trop important : la faute \u00e0 l'employeur ? - Cabinet Magar","og_description":"Sur son bulletin de salaire du mois de janvier 2019, un salari\u00e9 a vu appara\u00eetre le taux de pr\u00e9l\u00e8vement \u00e0 la source qui lui \u00e9tait appliqu\u00e9, ainsi que le montant effectivement pr\u00e9lev\u00e9 au titre de cette retenue.Consid\u00e9rant que le taux de pr\u00e9l\u00e8vement qui lui est appliqu\u00e9 est erron\u00e9 (la retenue \u00e9tant selon lui trop importante), il demande \u00e0 son employeur de le modifier, ce que ce dernier refuse.Mais peut-il vraiment refuser de modifier le taux de pr\u00e9l\u00e8vement \u00e0 la source appliqu\u00e9 au salari\u00e9 ?","og_url":"https:\/\/www.cabinet-magar.fr\/le-saviez-vous\/prelevement-a-la-source-trop-important-la-faute-a-lemployeur\/","og_site_name":"Cabinet Magar","article_published_time":"2019-02-20T23:23:00+00:00","author":"adlucyan","twitter_card":"summary_large_image","twitter_misc":{"Verfasst von":"adlucyan","Gesch\u00e4tzte Lesezeit":"1\u00a0Minute"},"schema":{"@context":"https:\/\/schema.org","@graph":[{"@type":"Article","@id":"https:\/\/www.cabinet-magar.fr\/le-saviez-vous\/prelevement-a-la-source-trop-important-la-faute-a-lemployeur\/#article","isPartOf":{"@id":"https:\/\/www.cabinet-magar.fr\/le-saviez-vous\/prelevement-a-la-source-trop-important-la-faute-a-lemployeur\/"},"author":{"name":"adlucyan","@id":"https:\/\/www.cabinet-magar.fr\/#\/schema\/person\/00f6d5357e718a659e49151253984062"},"headline":"Pr\u00e9l\u00e8vement \u00e0 la source trop important : la faute \u00e0 l&#8217;employeur ?","datePublished":"2019-02-20T23:23:00+00:00","mainEntityOfPage":{"@id":"https:\/\/www.cabinet-magar.fr\/le-saviez-vous\/prelevement-a-la-source-trop-important-la-faute-a-lemployeur\/"},"wordCount":236,"commentCount":0,"articleSection":["Le saviez-vous ?"],"inLanguage":"de","potentialAction":[{"@type":"CommentAction","name":"Comment","target":["https:\/\/www.cabinet-magar.fr\/le-saviez-vous\/prelevement-a-la-source-trop-important-la-faute-a-lemployeur\/#respond"]}]},{"@type":"WebPage","@id":"https:\/\/www.cabinet-magar.fr\/le-saviez-vous\/prelevement-a-la-source-trop-important-la-faute-a-lemployeur\/","url":"https:\/\/www.cabinet-magar.fr\/le-saviez-vous\/prelevement-a-la-source-trop-important-la-faute-a-lemployeur\/","name":"Pr\u00e9l\u00e8vement \u00e0 la source trop important : la faute \u00e0 l'employeur ? - Cabinet Magar","isPartOf":{"@id":"https:\/\/www.cabinet-magar.fr\/#website"},"datePublished":"2019-02-20T23:23:00+00:00","author":{"@id":"https:\/\/www.cabinet-magar.fr\/#\/schema\/person\/00f6d5357e718a659e49151253984062"},"breadcrumb":{"@id":"https:\/\/www.cabinet-magar.fr\/le-saviez-vous\/prelevement-a-la-source-trop-important-la-faute-a-lemployeur\/#breadcrumb"},"inLanguage":"de","potentialAction":[{"@type":"ReadAction","target":["https:\/\/www.cabinet-magar.fr\/le-saviez-vous\/prelevement-a-la-source-trop-important-la-faute-a-lemployeur\/"]}]},{"@type":"BreadcrumbList","@id":"https:\/\/www.cabinet-magar.fr\/le-saviez-vous\/prelevement-a-la-source-trop-important-la-faute-a-lemployeur\/#breadcrumb","itemListElement":[{"@type":"ListItem","position":1,"name":"Accueil","item":"https:\/\/www.cabinet-magar.fr\/de\/"},{"@type":"ListItem","position":2,"name":"Pr\u00e9l\u00e8vement \u00e0 la source trop important : la faute \u00e0 l&#8217;employeur ?"}]},{"@type":"WebSite","@id":"https:\/\/www.cabinet-magar.fr\/#website","url":"https:\/\/www.cabinet-magar.fr\/","name":"Cabinet Magar","description":"","potentialAction":[{"@type":"SearchAction","target":{"@type":"EntryPoint","urlTemplate":"https:\/\/www.cabinet-magar.fr\/?s={search_term_string}"},"query-input":{"@type":"PropertyValueSpecification","valueRequired":true,"valueName":"search_term_string"}}],"inLanguage":"de"},{"@type":"Person","@id":"https:\/\/www.cabinet-magar.fr\/#\/schema\/person\/00f6d5357e718a659e49151253984062","name":"adlucyan","sameAs":["https:\/\/www.cabinet-magar.fr"],"url":"https:\/\/www.cabinet-magar.fr\/de\/author\/adlucyan\/"}]}},"_links":{"self":[{"href":"https:\/\/www.cabinet-magar.fr\/de\/wp-json\/wp\/v2\/posts\/205","targetHints":{"allow":["GET"]}}],"collection":[{"href":"https:\/\/www.cabinet-magar.fr\/de\/wp-json\/wp\/v2\/posts"}],"about":[{"href":"https:\/\/www.cabinet-magar.fr\/de\/wp-json\/wp\/v2\/types\/post"}],"author":[{"embeddable":true,"href":"https:\/\/www.cabinet-magar.fr\/de\/wp-json\/wp\/v2\/users\/1"}],"replies":[{"embeddable":true,"href":"https:\/\/www.cabinet-magar.fr\/de\/wp-json\/wp\/v2\/comments?post=205"}],"version-history":[{"count":0,"href":"https:\/\/www.cabinet-magar.fr\/de\/wp-json\/wp\/v2\/posts\/205\/revisions"}],"wp:attachment":[{"href":"https:\/\/www.cabinet-magar.fr\/de\/wp-json\/wp\/v2\/media?parent=205"}],"wp:term":[{"taxonomy":"category","embeddable":true,"href":"https:\/\/www.cabinet-magar.fr\/de\/wp-json\/wp\/v2\/categories?post=205"},{"taxonomy":"post_tag","embeddable":true,"href":"https:\/\/www.cabinet-magar.fr\/de\/wp-json\/wp\/v2\/tags?post=205"}],"curies":[{"name":"wp","href":"https:\/\/api.w.org\/{rel}","templated":true}]}}