{"id":203,"date":"2019-03-07T00:23:00","date_gmt":"2019-03-06T23:23:00","guid":{"rendered":"https:\/\/www.cabinet-magar.fr\/2018-pas-dimpot-pour-les-dividendes\/"},"modified":"2019-03-07T00:23:00","modified_gmt":"2019-03-06T23:23:00","slug":"2018-pas-dimpot-pour-les-dividendes","status":"publish","type":"post","link":"https:\/\/www.cabinet-magar.fr\/de\/le-saviez-vous\/2018-pas-dimpot-pour-les-dividendes\/","title":{"rendered":"2018 : pas d&#8217;imp\u00f4t pour les dividendes ?"},"content":{"rendered":"<div class=\"quizz\">\n<div class=\"question-quizz\">Tous les ans, le dirigeant d&#8217;une soci\u00e9t\u00e9 per\u00e7oit, en plus de son salaire, des dividendes \u00e0 hauteur d&#8217;environ 10 000 \u20ac.  Il est normalement pr\u00e9vu que les revenus per\u00e7us en 2018 \u00e9chappent \u00e0 l&#8217;imp\u00f4t (&#8222;ann\u00e9e blanche&#8220; fiscale).<\/p>\n<p>Les dividendes per\u00e7us par le dirigeant en 2018 \u00e9chappent-ils aussi, ici, \u00e0 l&#8217;imp\u00f4t sur le revenu ?<\/p><\/div>\n<ul class=\"propal-quizz\">\n<li class=\"quizz-a\"><a href=\"#reponse\" onclick=\"document.getElementById('page-fiche').classList.add('quizz-open'); return false;\">Oui<\/a><\/li>\n<li class=\"quizz-b\"><a href=\"#reponse\" onclick=\"document.getElementById('page-fiche').classList.add('quizz-open'); return false;\">Non<\/a><\/li>\n<\/ul>\n<div id=\"rna\" class=\"reponse-non-affichee\">La r\u00e9ponse n&#8217;est pas toujours celle que l&#8217;on croit&#8230;<\/div>\n<div id=\"reponse\" class=\"reponse-quizz-in\">La bonne r\u00e9ponse est&#8230;<br \/> <span class=\"reponse-b\">Non<\/span><br \/>Malgr\u00e9 l&#8217;ann\u00e9e fiscale blanche, les dividendes sont soumis \u00e0 l&#8217;imp\u00f4t. <\/p>\n<p>Plus exactement, les dividendes per\u00e7us par le dirigeant en 2018 seront soumis \u00e0 l&#8217;imp\u00f4t sur le revenu au titre du pr\u00e9l\u00e8vement forfaitaire unique au taux de 30 %.<\/p>\n<p>Le dispositif permettant de neutraliser l&#8217;imp\u00f4t sur les revenus per\u00e7us en 2018 (cr\u00e9dit d&#8217;imp\u00f4t modernisation du recouvrement &#8211; CIMR) ne concerne que les revenus &#8222;non exceptionnels&#8220; susceptibles d&#8217;\u00eatre recueillis annuellement (comme les salaires) qui font l&#8217;objet du pr\u00e9l\u00e8vement \u00e0 la source. Les dividendes n&#8217;\u00e9tant pas concern\u00e9s par le pr\u00e9l\u00e8vement \u00e0 la source, ceux qui ont \u00e9t\u00e9 vers\u00e9s en 2018 ne seront pas neutralis\u00e9s et seront donc normalement soumis \u00e0 l&#8217;imp\u00f4t.<\/p><\/div>\n<\/div>\n","protected":false},"excerpt":{"rendered":"<p>Tous les ans, le dirigeant d&#8217;une soci\u00e9t\u00e9 per\u00e7oit, en plus de son salaire, des dividendes \u00e0 hauteur d&#8217;environ 10 000 \u20ac.  Il est normalement pr\u00e9vu que les revenus per\u00e7us en 2018 \u00e9chappent \u00e0 l&#8217;imp\u00f4t (&#8222;ann\u00e9e blanche&#8220; fiscale).<\/p>\n<p>Les dividendes per\u00e7us par le dirigeant en 2018 \u00e9chappent-ils aussi, ici, \u00e0 l&#8217;imp\u00f4t sur le revenu ?<\/p>\n","protected":false},"author":1,"featured_media":0,"comment_status":"open","ping_status":"closed","sticky":false,"template":"","format":"standard","meta":{"_acf_changed":false,"footnotes":""},"categories":[5],"tags":[],"class_list":["post-203","post","type-post","status-publish","format-standard","hentry","category-le-saviez-vous"],"acf":[],"yoast_head":"<!-- This site is optimized with the Yoast SEO plugin v27.2 - https:\/\/yoast.com\/product\/yoast-seo-wordpress\/ -->\n<title>2018 : pas d&#039;imp\u00f4t pour les dividendes ? - Cabinet Magar<\/title>\n<meta name=\"robots\" content=\"index, follow, max-snippet:-1, max-image-preview:large, max-video-preview:-1\" \/>\n<link rel=\"canonical\" href=\"https:\/\/www.cabinet-magar.fr\/le-saviez-vous\/2018-pas-dimpot-pour-les-dividendes\/\" \/>\n<meta property=\"og:locale\" content=\"de_DE\" \/>\n<meta property=\"og:type\" content=\"article\" \/>\n<meta property=\"og:title\" content=\"2018 : pas d&#039;imp\u00f4t pour les dividendes ? - Cabinet Magar\" \/>\n<meta property=\"og:description\" content=\"Tous les ans, le dirigeant d&#039;une soci\u00e9t\u00e9 per\u00e7oit, en plus de son salaire, des dividendes \u00e0 hauteur d&#039;environ 10 000 \u20ac. Il est normalement pr\u00e9vu que les revenus per\u00e7us en 2018 \u00e9chappent \u00e0 l&#039;imp\u00f4t (&quot;ann\u00e9e blanche&quot; fiscale).Les dividendes per\u00e7us par le dirigeant en 2018 \u00e9chappent-ils aussi, ici, \u00e0 l&#039;imp\u00f4t sur le revenu ?\" \/>\n<meta property=\"og:url\" content=\"https:\/\/www.cabinet-magar.fr\/le-saviez-vous\/2018-pas-dimpot-pour-les-dividendes\/\" \/>\n<meta property=\"og:site_name\" content=\"Cabinet Magar\" \/>\n<meta property=\"article:published_time\" content=\"2019-03-06T23:23:00+00:00\" \/>\n<meta name=\"author\" content=\"adlucyan\" \/>\n<meta name=\"twitter:card\" content=\"summary_large_image\" \/>\n<meta name=\"twitter:label1\" content=\"Verfasst von\" \/>\n\t<meta name=\"twitter:data1\" content=\"adlucyan\" \/>\n\t<meta name=\"twitter:label2\" content=\"Gesch\u00e4tzte Lesezeit\" \/>\n\t<meta name=\"twitter:data2\" content=\"1\u00a0Minute\" \/>\n<script type=\"application\/ld+json\" class=\"yoast-schema-graph\">{\"@context\":\"https:\/\/schema.org\",\"@graph\":[{\"@type\":\"Article\",\"@id\":\"https:\/\/www.cabinet-magar.fr\/le-saviez-vous\/2018-pas-dimpot-pour-les-dividendes\/#article\",\"isPartOf\":{\"@id\":\"https:\/\/www.cabinet-magar.fr\/le-saviez-vous\/2018-pas-dimpot-pour-les-dividendes\/\"},\"author\":{\"name\":\"adlucyan\",\"@id\":\"https:\/\/www.cabinet-magar.fr\/#\/schema\/person\/00f6d5357e718a659e49151253984062\"},\"headline\":\"2018 : pas d&#8217;imp\u00f4t pour les dividendes ?\",\"datePublished\":\"2019-03-06T23:23:00+00:00\",\"mainEntityOfPage\":{\"@id\":\"https:\/\/www.cabinet-magar.fr\/le-saviez-vous\/2018-pas-dimpot-pour-les-dividendes\/\"},\"wordCount\":209,\"commentCount\":0,\"articleSection\":[\"Le saviez-vous ?\"],\"inLanguage\":\"de\",\"potentialAction\":[{\"@type\":\"CommentAction\",\"name\":\"Comment\",\"target\":[\"https:\/\/www.cabinet-magar.fr\/le-saviez-vous\/2018-pas-dimpot-pour-les-dividendes\/#respond\"]}]},{\"@type\":\"WebPage\",\"@id\":\"https:\/\/www.cabinet-magar.fr\/le-saviez-vous\/2018-pas-dimpot-pour-les-dividendes\/\",\"url\":\"https:\/\/www.cabinet-magar.fr\/le-saviez-vous\/2018-pas-dimpot-pour-les-dividendes\/\",\"name\":\"2018 : pas d'imp\u00f4t pour les dividendes ? - Cabinet Magar\",\"isPartOf\":{\"@id\":\"https:\/\/www.cabinet-magar.fr\/#website\"},\"datePublished\":\"2019-03-06T23:23:00+00:00\",\"author\":{\"@id\":\"https:\/\/www.cabinet-magar.fr\/#\/schema\/person\/00f6d5357e718a659e49151253984062\"},\"breadcrumb\":{\"@id\":\"https:\/\/www.cabinet-magar.fr\/le-saviez-vous\/2018-pas-dimpot-pour-les-dividendes\/#breadcrumb\"},\"inLanguage\":\"de\",\"potentialAction\":[{\"@type\":\"ReadAction\",\"target\":[\"https:\/\/www.cabinet-magar.fr\/le-saviez-vous\/2018-pas-dimpot-pour-les-dividendes\/\"]}]},{\"@type\":\"BreadcrumbList\",\"@id\":\"https:\/\/www.cabinet-magar.fr\/le-saviez-vous\/2018-pas-dimpot-pour-les-dividendes\/#breadcrumb\",\"itemListElement\":[{\"@type\":\"ListItem\",\"position\":1,\"name\":\"Accueil\",\"item\":\"https:\/\/www.cabinet-magar.fr\/de\/\"},{\"@type\":\"ListItem\",\"position\":2,\"name\":\"2018 : pas d&rsquo;imp\u00f4t pour les dividendes ?\"}]},{\"@type\":\"WebSite\",\"@id\":\"https:\/\/www.cabinet-magar.fr\/#website\",\"url\":\"https:\/\/www.cabinet-magar.fr\/\",\"name\":\"Cabinet Magar\",\"description\":\"\",\"potentialAction\":[{\"@type\":\"SearchAction\",\"target\":{\"@type\":\"EntryPoint\",\"urlTemplate\":\"https:\/\/www.cabinet-magar.fr\/?s={search_term_string}\"},\"query-input\":{\"@type\":\"PropertyValueSpecification\",\"valueRequired\":true,\"valueName\":\"search_term_string\"}}],\"inLanguage\":\"de\"},{\"@type\":\"Person\",\"@id\":\"https:\/\/www.cabinet-magar.fr\/#\/schema\/person\/00f6d5357e718a659e49151253984062\",\"name\":\"adlucyan\",\"sameAs\":[\"https:\/\/www.cabinet-magar.fr\"],\"url\":\"https:\/\/www.cabinet-magar.fr\/de\/author\/adlucyan\/\"}]}<\/script>\n<!-- \/ Yoast SEO plugin. -->","yoast_head_json":{"title":"2018 : pas d'imp\u00f4t pour les dividendes ? - Cabinet Magar","robots":{"index":"index","follow":"follow","max-snippet":"max-snippet:-1","max-image-preview":"max-image-preview:large","max-video-preview":"max-video-preview:-1"},"canonical":"https:\/\/www.cabinet-magar.fr\/le-saviez-vous\/2018-pas-dimpot-pour-les-dividendes\/","og_locale":"de_DE","og_type":"article","og_title":"2018 : pas d'imp\u00f4t pour les dividendes ? - Cabinet Magar","og_description":"Tous les ans, le dirigeant d'une soci\u00e9t\u00e9 per\u00e7oit, en plus de son salaire, des dividendes \u00e0 hauteur d'environ 10 000 \u20ac. Il est normalement pr\u00e9vu que les revenus per\u00e7us en 2018 \u00e9chappent \u00e0 l'imp\u00f4t (\"ann\u00e9e blanche\" fiscale).Les dividendes per\u00e7us par le dirigeant en 2018 \u00e9chappent-ils aussi, ici, \u00e0 l'imp\u00f4t sur le revenu ?","og_url":"https:\/\/www.cabinet-magar.fr\/le-saviez-vous\/2018-pas-dimpot-pour-les-dividendes\/","og_site_name":"Cabinet Magar","article_published_time":"2019-03-06T23:23:00+00:00","author":"adlucyan","twitter_card":"summary_large_image","twitter_misc":{"Verfasst von":"adlucyan","Gesch\u00e4tzte Lesezeit":"1\u00a0Minute"},"schema":{"@context":"https:\/\/schema.org","@graph":[{"@type":"Article","@id":"https:\/\/www.cabinet-magar.fr\/le-saviez-vous\/2018-pas-dimpot-pour-les-dividendes\/#article","isPartOf":{"@id":"https:\/\/www.cabinet-magar.fr\/le-saviez-vous\/2018-pas-dimpot-pour-les-dividendes\/"},"author":{"name":"adlucyan","@id":"https:\/\/www.cabinet-magar.fr\/#\/schema\/person\/00f6d5357e718a659e49151253984062"},"headline":"2018 : pas d&#8217;imp\u00f4t pour les dividendes ?","datePublished":"2019-03-06T23:23:00+00:00","mainEntityOfPage":{"@id":"https:\/\/www.cabinet-magar.fr\/le-saviez-vous\/2018-pas-dimpot-pour-les-dividendes\/"},"wordCount":209,"commentCount":0,"articleSection":["Le saviez-vous ?"],"inLanguage":"de","potentialAction":[{"@type":"CommentAction","name":"Comment","target":["https:\/\/www.cabinet-magar.fr\/le-saviez-vous\/2018-pas-dimpot-pour-les-dividendes\/#respond"]}]},{"@type":"WebPage","@id":"https:\/\/www.cabinet-magar.fr\/le-saviez-vous\/2018-pas-dimpot-pour-les-dividendes\/","url":"https:\/\/www.cabinet-magar.fr\/le-saviez-vous\/2018-pas-dimpot-pour-les-dividendes\/","name":"2018 : pas d'imp\u00f4t pour les dividendes ? - Cabinet Magar","isPartOf":{"@id":"https:\/\/www.cabinet-magar.fr\/#website"},"datePublished":"2019-03-06T23:23:00+00:00","author":{"@id":"https:\/\/www.cabinet-magar.fr\/#\/schema\/person\/00f6d5357e718a659e49151253984062"},"breadcrumb":{"@id":"https:\/\/www.cabinet-magar.fr\/le-saviez-vous\/2018-pas-dimpot-pour-les-dividendes\/#breadcrumb"},"inLanguage":"de","potentialAction":[{"@type":"ReadAction","target":["https:\/\/www.cabinet-magar.fr\/le-saviez-vous\/2018-pas-dimpot-pour-les-dividendes\/"]}]},{"@type":"BreadcrumbList","@id":"https:\/\/www.cabinet-magar.fr\/le-saviez-vous\/2018-pas-dimpot-pour-les-dividendes\/#breadcrumb","itemListElement":[{"@type":"ListItem","position":1,"name":"Accueil","item":"https:\/\/www.cabinet-magar.fr\/de\/"},{"@type":"ListItem","position":2,"name":"2018 : pas d&rsquo;imp\u00f4t pour les dividendes ?"}]},{"@type":"WebSite","@id":"https:\/\/www.cabinet-magar.fr\/#website","url":"https:\/\/www.cabinet-magar.fr\/","name":"Cabinet Magar","description":"","potentialAction":[{"@type":"SearchAction","target":{"@type":"EntryPoint","urlTemplate":"https:\/\/www.cabinet-magar.fr\/?s={search_term_string}"},"query-input":{"@type":"PropertyValueSpecification","valueRequired":true,"valueName":"search_term_string"}}],"inLanguage":"de"},{"@type":"Person","@id":"https:\/\/www.cabinet-magar.fr\/#\/schema\/person\/00f6d5357e718a659e49151253984062","name":"adlucyan","sameAs":["https:\/\/www.cabinet-magar.fr"],"url":"https:\/\/www.cabinet-magar.fr\/de\/author\/adlucyan\/"}]}},"_links":{"self":[{"href":"https:\/\/www.cabinet-magar.fr\/de\/wp-json\/wp\/v2\/posts\/203","targetHints":{"allow":["GET"]}}],"collection":[{"href":"https:\/\/www.cabinet-magar.fr\/de\/wp-json\/wp\/v2\/posts"}],"about":[{"href":"https:\/\/www.cabinet-magar.fr\/de\/wp-json\/wp\/v2\/types\/post"}],"author":[{"embeddable":true,"href":"https:\/\/www.cabinet-magar.fr\/de\/wp-json\/wp\/v2\/users\/1"}],"replies":[{"embeddable":true,"href":"https:\/\/www.cabinet-magar.fr\/de\/wp-json\/wp\/v2\/comments?post=203"}],"version-history":[{"count":0,"href":"https:\/\/www.cabinet-magar.fr\/de\/wp-json\/wp\/v2\/posts\/203\/revisions"}],"wp:attachment":[{"href":"https:\/\/www.cabinet-magar.fr\/de\/wp-json\/wp\/v2\/media?parent=203"}],"wp:term":[{"taxonomy":"category","embeddable":true,"href":"https:\/\/www.cabinet-magar.fr\/de\/wp-json\/wp\/v2\/categories?post=203"},{"taxonomy":"post_tag","embeddable":true,"href":"https:\/\/www.cabinet-magar.fr\/de\/wp-json\/wp\/v2\/tags?post=203"}],"curies":[{"name":"wp","href":"https:\/\/api.w.org\/{rel}","templated":true}]}}