{"id":202,"date":"2019-04-03T23:23:00","date_gmt":"2019-04-03T21:23:00","guid":{"rendered":"https:\/\/www.cabinet-magar.fr\/un-seminaire-hors-taxes\/"},"modified":"2019-04-03T23:23:00","modified_gmt":"2019-04-03T21:23:00","slug":"un-seminaire-hors-taxes","status":"publish","type":"post","link":"https:\/\/www.cabinet-magar.fr\/de\/le-saviez-vous\/un-seminaire-hors-taxes\/","title":{"rendered":"Un s\u00e9minaire &#8222;hors taxes&#8220; ?"},"content":{"rendered":"<div class=\"quizz\">\n<div class=\"question-quizz\">Une entreprise organise un s\u00e9minaire de 3 jours avec l&#8217;ensemble des collaborateurs, impliquant des frais de restaurant et d&#8217;h\u00e9bergement.<\/p>\n<p>Elle re\u00e7oit la facture et se pose une question : peut-elle r\u00e9cup\u00e9rer la TVA sur toutes ces d\u00e9penses ?<\/p><\/div>\n<ul class=\"propal-quizz\">\n<li class=\"quizz-a\"><a href=\"#reponse\" onclick=\"document.getElementById('page-fiche').classList.add('quizz-open'); return false;\">Oui<\/a><\/li>\n<li class=\"quizz-b\"><a href=\"#reponse\" onclick=\"document.getElementById('page-fiche').classList.add('quizz-open'); return false;\">Non<\/a><\/li>\n<\/ul>\n<div id=\"rna\" class=\"reponse-non-affichee\">La r\u00e9ponse n&#8217;est pas toujours celle que l&#8217;on croit&#8230;<\/div>\n<div id=\"reponse\" class=\"reponse-quizz-in\">La bonne r\u00e9ponse est&#8230;<br \/> <span class=\"reponse-b\">Non<\/span><br \/>L&#8217;entreprise ne pourra pas r\u00e9cup\u00e9rer la TVA li\u00e9e aux frais d&#8217;h\u00f4tel, mais pourra r\u00e9cup\u00e9rer la TVA sur les frais de restaurant.<\/p>\n<p>S&#8217;agissant des frais d&#8217;h\u00f4tel, la TVA qui gr\u00e8ve les d\u00e9penses de logement des dirigeants et des salari\u00e9s pris en charge gratuitement par l\u2019entreprise n\u2019est pas r\u00e9cup\u00e9rable.<\/p>\n<p>S&#8217;agissant des frais de restaurant pris en charge pour les dirigeants et les salari\u00e9s par l&#8217;entreprise, la TVA est r\u00e9cup\u00e9rable dans la mesure o\u00f9 il s\u2018agit bien de frais engag\u00e9s dans l\u2019int\u00e9r\u00eat de l\u2019exploitation.<\/p><\/div>\n<\/div>\n","protected":false},"excerpt":{"rendered":"<p>Une entreprise organise un s\u00e9minaire de 3 jours avec l&#8217;ensemble des collaborateurs, impliquant des frais de restaurant et d&#8217;h\u00e9bergement.<\/p>\n<p>Elle re\u00e7oit la facture et se pose une question : peut-elle r\u00e9cup\u00e9rer la TVA sur toutes ces d\u00e9penses ?<\/p>\n","protected":false},"author":1,"featured_media":0,"comment_status":"open","ping_status":"closed","sticky":false,"template":"","format":"standard","meta":{"_acf_changed":false,"footnotes":""},"categories":[5],"tags":[],"class_list":["post-202","post","type-post","status-publish","format-standard","hentry","category-le-saviez-vous"],"acf":[],"yoast_head":"<!-- This site is optimized with the Yoast SEO plugin v27.2 - https:\/\/yoast.com\/product\/yoast-seo-wordpress\/ -->\n<title>Un s\u00e9minaire &quot;hors taxes&quot; ? - Cabinet Magar<\/title>\n<meta name=\"robots\" content=\"index, follow, max-snippet:-1, max-image-preview:large, max-video-preview:-1\" \/>\n<link rel=\"canonical\" href=\"https:\/\/www.cabinet-magar.fr\/de\/le-saviez-vous\/un-seminaire-hors-taxes\/\" \/>\n<meta property=\"og:locale\" content=\"de_DE\" \/>\n<meta property=\"og:type\" content=\"article\" \/>\n<meta property=\"og:title\" content=\"Un s\u00e9minaire &quot;hors taxes&quot; ? - Cabinet Magar\" \/>\n<meta property=\"og:description\" content=\"Une entreprise organise un s\u00e9minaire de 3 jours avec l&#039;ensemble des collaborateurs, impliquant des frais de restaurant et d&#039;h\u00e9bergement.Elle re\u00e7oit la facture et se pose une question : peut-elle r\u00e9cup\u00e9rer la TVA sur toutes ces d\u00e9penses ?\" \/>\n<meta property=\"og:url\" content=\"https:\/\/www.cabinet-magar.fr\/de\/le-saviez-vous\/un-seminaire-hors-taxes\/\" \/>\n<meta property=\"og:site_name\" content=\"Cabinet Magar\" \/>\n<meta property=\"article:published_time\" content=\"2019-04-03T21:23:00+00:00\" \/>\n<meta name=\"author\" content=\"adlucyan\" \/>\n<meta name=\"twitter:card\" content=\"summary_large_image\" \/>\n<meta name=\"twitter:label1\" content=\"Verfasst von\" \/>\n\t<meta name=\"twitter:data1\" content=\"adlucyan\" \/>\n\t<meta name=\"twitter:label2\" content=\"Gesch\u00e4tzte Lesezeit\" \/>\n\t<meta name=\"twitter:data2\" content=\"1\u00a0Minute\" \/>\n<script type=\"application\/ld+json\" class=\"yoast-schema-graph\">{\"@context\":\"https:\/\/schema.org\",\"@graph\":[{\"@type\":\"Article\",\"@id\":\"https:\/\/www.cabinet-magar.fr\/de\/le-saviez-vous\/un-seminaire-hors-taxes\/#article\",\"isPartOf\":{\"@id\":\"https:\/\/www.cabinet-magar.fr\/de\/le-saviez-vous\/un-seminaire-hors-taxes\/\"},\"author\":{\"name\":\"adlucyan\",\"@id\":\"https:\/\/www.cabinet-magar.fr\/#\/schema\/person\/00f6d5357e718a659e49151253984062\"},\"headline\":\"Un s\u00e9minaire &#8222;hors taxes&#8220; ?\",\"datePublished\":\"2019-04-03T21:23:00+00:00\",\"mainEntityOfPage\":{\"@id\":\"https:\/\/www.cabinet-magar.fr\/de\/le-saviez-vous\/un-seminaire-hors-taxes\/\"},\"wordCount\":178,\"commentCount\":0,\"articleSection\":[\"Le saviez-vous ?\"],\"inLanguage\":\"de\",\"potentialAction\":[{\"@type\":\"CommentAction\",\"name\":\"Comment\",\"target\":[\"https:\/\/www.cabinet-magar.fr\/de\/le-saviez-vous\/un-seminaire-hors-taxes\/#respond\"]}]},{\"@type\":\"WebPage\",\"@id\":\"https:\/\/www.cabinet-magar.fr\/de\/le-saviez-vous\/un-seminaire-hors-taxes\/\",\"url\":\"https:\/\/www.cabinet-magar.fr\/de\/le-saviez-vous\/un-seminaire-hors-taxes\/\",\"name\":\"Un s\u00e9minaire \\\"hors taxes\\\" ? - Cabinet Magar\",\"isPartOf\":{\"@id\":\"https:\/\/www.cabinet-magar.fr\/#website\"},\"datePublished\":\"2019-04-03T21:23:00+00:00\",\"author\":{\"@id\":\"https:\/\/www.cabinet-magar.fr\/#\/schema\/person\/00f6d5357e718a659e49151253984062\"},\"breadcrumb\":{\"@id\":\"https:\/\/www.cabinet-magar.fr\/de\/le-saviez-vous\/un-seminaire-hors-taxes\/#breadcrumb\"},\"inLanguage\":\"de\",\"potentialAction\":[{\"@type\":\"ReadAction\",\"target\":[\"https:\/\/www.cabinet-magar.fr\/de\/le-saviez-vous\/un-seminaire-hors-taxes\/\"]}]},{\"@type\":\"BreadcrumbList\",\"@id\":\"https:\/\/www.cabinet-magar.fr\/de\/le-saviez-vous\/un-seminaire-hors-taxes\/#breadcrumb\",\"itemListElement\":[{\"@type\":\"ListItem\",\"position\":1,\"name\":\"Accueil\",\"item\":\"https:\/\/www.cabinet-magar.fr\/de\/\"},{\"@type\":\"ListItem\",\"position\":2,\"name\":\"Un s\u00e9minaire &#8222;hors taxes&#8220; ?\"}]},{\"@type\":\"WebSite\",\"@id\":\"https:\/\/www.cabinet-magar.fr\/#website\",\"url\":\"https:\/\/www.cabinet-magar.fr\/\",\"name\":\"Cabinet Magar\",\"description\":\"\",\"potentialAction\":[{\"@type\":\"SearchAction\",\"target\":{\"@type\":\"EntryPoint\",\"urlTemplate\":\"https:\/\/www.cabinet-magar.fr\/?s={search_term_string}\"},\"query-input\":{\"@type\":\"PropertyValueSpecification\",\"valueRequired\":true,\"valueName\":\"search_term_string\"}}],\"inLanguage\":\"de\"},{\"@type\":\"Person\",\"@id\":\"https:\/\/www.cabinet-magar.fr\/#\/schema\/person\/00f6d5357e718a659e49151253984062\",\"name\":\"adlucyan\",\"sameAs\":[\"https:\/\/www.cabinet-magar.fr\"],\"url\":\"https:\/\/www.cabinet-magar.fr\/de\/author\/adlucyan\/\"}]}<\/script>\n<!-- \/ Yoast SEO plugin. -->","yoast_head_json":{"title":"Un s\u00e9minaire \"hors taxes\" ? - Cabinet Magar","robots":{"index":"index","follow":"follow","max-snippet":"max-snippet:-1","max-image-preview":"max-image-preview:large","max-video-preview":"max-video-preview:-1"},"canonical":"https:\/\/www.cabinet-magar.fr\/de\/le-saviez-vous\/un-seminaire-hors-taxes\/","og_locale":"de_DE","og_type":"article","og_title":"Un s\u00e9minaire \"hors taxes\" ? - Cabinet Magar","og_description":"Une entreprise organise un s\u00e9minaire de 3 jours avec l'ensemble des collaborateurs, impliquant des frais de restaurant et d'h\u00e9bergement.Elle re\u00e7oit la facture et se pose une question : peut-elle r\u00e9cup\u00e9rer la TVA sur toutes ces d\u00e9penses ?","og_url":"https:\/\/www.cabinet-magar.fr\/de\/le-saviez-vous\/un-seminaire-hors-taxes\/","og_site_name":"Cabinet Magar","article_published_time":"2019-04-03T21:23:00+00:00","author":"adlucyan","twitter_card":"summary_large_image","twitter_misc":{"Verfasst von":"adlucyan","Gesch\u00e4tzte Lesezeit":"1\u00a0Minute"},"schema":{"@context":"https:\/\/schema.org","@graph":[{"@type":"Article","@id":"https:\/\/www.cabinet-magar.fr\/de\/le-saviez-vous\/un-seminaire-hors-taxes\/#article","isPartOf":{"@id":"https:\/\/www.cabinet-magar.fr\/de\/le-saviez-vous\/un-seminaire-hors-taxes\/"},"author":{"name":"adlucyan","@id":"https:\/\/www.cabinet-magar.fr\/#\/schema\/person\/00f6d5357e718a659e49151253984062"},"headline":"Un s\u00e9minaire &#8222;hors taxes&#8220; ?","datePublished":"2019-04-03T21:23:00+00:00","mainEntityOfPage":{"@id":"https:\/\/www.cabinet-magar.fr\/de\/le-saviez-vous\/un-seminaire-hors-taxes\/"},"wordCount":178,"commentCount":0,"articleSection":["Le saviez-vous ?"],"inLanguage":"de","potentialAction":[{"@type":"CommentAction","name":"Comment","target":["https:\/\/www.cabinet-magar.fr\/de\/le-saviez-vous\/un-seminaire-hors-taxes\/#respond"]}]},{"@type":"WebPage","@id":"https:\/\/www.cabinet-magar.fr\/de\/le-saviez-vous\/un-seminaire-hors-taxes\/","url":"https:\/\/www.cabinet-magar.fr\/de\/le-saviez-vous\/un-seminaire-hors-taxes\/","name":"Un s\u00e9minaire \"hors taxes\" ? - Cabinet Magar","isPartOf":{"@id":"https:\/\/www.cabinet-magar.fr\/#website"},"datePublished":"2019-04-03T21:23:00+00:00","author":{"@id":"https:\/\/www.cabinet-magar.fr\/#\/schema\/person\/00f6d5357e718a659e49151253984062"},"breadcrumb":{"@id":"https:\/\/www.cabinet-magar.fr\/de\/le-saviez-vous\/un-seminaire-hors-taxes\/#breadcrumb"},"inLanguage":"de","potentialAction":[{"@type":"ReadAction","target":["https:\/\/www.cabinet-magar.fr\/de\/le-saviez-vous\/un-seminaire-hors-taxes\/"]}]},{"@type":"BreadcrumbList","@id":"https:\/\/www.cabinet-magar.fr\/de\/le-saviez-vous\/un-seminaire-hors-taxes\/#breadcrumb","itemListElement":[{"@type":"ListItem","position":1,"name":"Accueil","item":"https:\/\/www.cabinet-magar.fr\/de\/"},{"@type":"ListItem","position":2,"name":"Un s\u00e9minaire &#8222;hors taxes&#8220; ?"}]},{"@type":"WebSite","@id":"https:\/\/www.cabinet-magar.fr\/#website","url":"https:\/\/www.cabinet-magar.fr\/","name":"Cabinet Magar","description":"","potentialAction":[{"@type":"SearchAction","target":{"@type":"EntryPoint","urlTemplate":"https:\/\/www.cabinet-magar.fr\/?s={search_term_string}"},"query-input":{"@type":"PropertyValueSpecification","valueRequired":true,"valueName":"search_term_string"}}],"inLanguage":"de"},{"@type":"Person","@id":"https:\/\/www.cabinet-magar.fr\/#\/schema\/person\/00f6d5357e718a659e49151253984062","name":"adlucyan","sameAs":["https:\/\/www.cabinet-magar.fr"],"url":"https:\/\/www.cabinet-magar.fr\/de\/author\/adlucyan\/"}]}},"_links":{"self":[{"href":"https:\/\/www.cabinet-magar.fr\/de\/wp-json\/wp\/v2\/posts\/202","targetHints":{"allow":["GET"]}}],"collection":[{"href":"https:\/\/www.cabinet-magar.fr\/de\/wp-json\/wp\/v2\/posts"}],"about":[{"href":"https:\/\/www.cabinet-magar.fr\/de\/wp-json\/wp\/v2\/types\/post"}],"author":[{"embeddable":true,"href":"https:\/\/www.cabinet-magar.fr\/de\/wp-json\/wp\/v2\/users\/1"}],"replies":[{"embeddable":true,"href":"https:\/\/www.cabinet-magar.fr\/de\/wp-json\/wp\/v2\/comments?post=202"}],"version-history":[{"count":0,"href":"https:\/\/www.cabinet-magar.fr\/de\/wp-json\/wp\/v2\/posts\/202\/revisions"}],"wp:attachment":[{"href":"https:\/\/www.cabinet-magar.fr\/de\/wp-json\/wp\/v2\/media?parent=202"}],"wp:term":[{"taxonomy":"category","embeddable":true,"href":"https:\/\/www.cabinet-magar.fr\/de\/wp-json\/wp\/v2\/categories?post=202"},{"taxonomy":"post_tag","embeddable":true,"href":"https:\/\/www.cabinet-magar.fr\/de\/wp-json\/wp\/v2\/tags?post=202"}],"curies":[{"name":"wp","href":"https:\/\/api.w.org\/{rel}","templated":true}]}}