{"id":201,"date":"2019-04-17T23:23:00","date_gmt":"2019-04-17T21:23:00","guid":{"rendered":"https:\/\/www.cabinet-magar.fr\/embaucher-un-jeune-pour-lete-quelle-remuneration\/"},"modified":"2019-04-17T23:23:00","modified_gmt":"2019-04-17T21:23:00","slug":"embaucher-un-jeune-pour-lete-quelle-remuneration","status":"publish","type":"post","link":"https:\/\/www.cabinet-magar.fr\/de\/le-saviez-vous\/embaucher-un-jeune-pour-lete-quelle-remuneration\/","title":{"rendered":"Embaucher un jeune pour l&#8217;\u00e9t\u00e9 : quelle r\u00e9mun\u00e9ration ?"},"content":{"rendered":"<div class=\"quizz\">\n<div class=\"question-quizz\">Un dirigeant envisage de recruter un jeune de 18 ans pour l&#8217;\u00e9t\u00e9. Il emploie par ailleurs un apprenti du m\u00eame \u00e2ge, r\u00e9mun\u00e9r\u00e9 \u00e0 43 % du Smic (soit 654,13 \u20ac).<\/p>\n<p>Doit-il pratiquer le m\u00eame salaire pour le jeune en job d&#8217;\u00e9t\u00e9 ?<\/p><\/div>\n<ul class=\"propal-quizz\">\n<li class=\"quizz-a\"><a href=\"#reponse\" onclick=\"document.getElementById('page-fiche').classList.add('quizz-open'); return false;\">Oui<\/a><\/li>\n<li class=\"quizz-b\"><a href=\"#reponse\" onclick=\"document.getElementById('page-fiche').classList.add('quizz-open'); return false;\">Non<\/a><\/li>\n<\/ul>\n<div id=\"rna\" class=\"reponse-non-affichee\">La r\u00e9ponse n&#8217;est pas toujours celle que l&#8217;on croit&#8230;<\/div>\n<div id=\"reponse\" class=\"reponse-quizz-in\">La bonne r\u00e9ponse est&#8230;<br \/> <span class=\"reponse-b\">Non<\/span><br \/>Non, l&#8217;employeur n&#8217;a pas \u00e0 leur verser le m\u00eame montant de r\u00e9mun\u00e9ration car ces 2 salari\u00e9s n&#8217;ont pas le m\u00eame statut.<\/p>\n<p>Tout salari\u00e9 d&#8217;au moins 18 ans, qui travaille au moins la dur\u00e9e l\u00e9gale (soit 35 heures), doit percevoir une r\u00e9mun\u00e9ration au moins \u00e9gale au Smic ou au minimum conventionnel. Un abattement est permis dans 2 situations : le salari\u00e9 a moins de 18 ans ou le salari\u00e9 est employ\u00e9 dans le cadre d&#8217;un contrat d&#8217;apprentissage.<\/p><\/div>\n<\/div>\n","protected":false},"excerpt":{"rendered":"<p>Un dirigeant envisage de recruter un jeune de 18 ans pour l&#8217;\u00e9t\u00e9. Il emploie par ailleurs un apprenti du m\u00eame \u00e2ge, r\u00e9mun\u00e9r\u00e9 \u00e0 43 % du Smic (soit 654,13 \u20ac).<\/p>\n<p>Doit-il pratiquer le m\u00eame salaire pour le jeune en job d&#8217;\u00e9t\u00e9 ?<\/p>\n","protected":false},"author":1,"featured_media":0,"comment_status":"open","ping_status":"closed","sticky":false,"template":"","format":"standard","meta":{"_acf_changed":false,"footnotes":""},"categories":[5],"tags":[],"class_list":["post-201","post","type-post","status-publish","format-standard","hentry","category-le-saviez-vous"],"acf":[],"yoast_head":"<!-- This site is optimized with the Yoast SEO plugin v27.2 - https:\/\/yoast.com\/product\/yoast-seo-wordpress\/ -->\n<title>Embaucher un jeune pour l&#039;\u00e9t\u00e9 : quelle r\u00e9mun\u00e9ration ? - Cabinet Magar<\/title>\n<meta name=\"robots\" content=\"index, follow, max-snippet:-1, max-image-preview:large, max-video-preview:-1\" \/>\n<link rel=\"canonical\" href=\"https:\/\/www.cabinet-magar.fr\/de\/le-saviez-vous\/embaucher-un-jeune-pour-lete-quelle-remuneration\/\" \/>\n<meta property=\"og:locale\" content=\"de_DE\" \/>\n<meta property=\"og:type\" content=\"article\" \/>\n<meta property=\"og:title\" content=\"Embaucher un jeune pour l&#039;\u00e9t\u00e9 : quelle r\u00e9mun\u00e9ration ? - Cabinet Magar\" \/>\n<meta property=\"og:description\" content=\"Un dirigeant envisage de recruter un jeune de 18 ans pour l&#039;\u00e9t\u00e9. Il emploie par ailleurs un apprenti du m\u00eame \u00e2ge, r\u00e9mun\u00e9r\u00e9 \u00e0 43 % du Smic (soit 654,13 \u20ac).Doit-il pratiquer le m\u00eame salaire pour le jeune en job d&#039;\u00e9t\u00e9 ?\" \/>\n<meta property=\"og:url\" content=\"https:\/\/www.cabinet-magar.fr\/de\/le-saviez-vous\/embaucher-un-jeune-pour-lete-quelle-remuneration\/\" \/>\n<meta property=\"og:site_name\" content=\"Cabinet Magar\" \/>\n<meta property=\"article:published_time\" content=\"2019-04-17T21:23:00+00:00\" \/>\n<meta name=\"author\" content=\"adlucyan\" \/>\n<meta name=\"twitter:card\" content=\"summary_large_image\" \/>\n<meta name=\"twitter:label1\" content=\"Verfasst von\" \/>\n\t<meta name=\"twitter:data1\" content=\"adlucyan\" \/>\n\t<meta name=\"twitter:label2\" content=\"Gesch\u00e4tzte Lesezeit\" \/>\n\t<meta name=\"twitter:data2\" content=\"1\u00a0Minute\" \/>\n<script type=\"application\/ld+json\" class=\"yoast-schema-graph\">{\"@context\":\"https:\/\/schema.org\",\"@graph\":[{\"@type\":\"Article\",\"@id\":\"https:\/\/www.cabinet-magar.fr\/de\/le-saviez-vous\/embaucher-un-jeune-pour-lete-quelle-remuneration\/#article\",\"isPartOf\":{\"@id\":\"https:\/\/www.cabinet-magar.fr\/de\/le-saviez-vous\/embaucher-un-jeune-pour-lete-quelle-remuneration\/\"},\"author\":{\"name\":\"adlucyan\",\"@id\":\"https:\/\/www.cabinet-magar.fr\/#\/schema\/person\/00f6d5357e718a659e49151253984062\"},\"headline\":\"Embaucher un jeune pour l&#8217;\u00e9t\u00e9 : quelle r\u00e9mun\u00e9ration ?\",\"datePublished\":\"2019-04-17T21:23:00+00:00\",\"mainEntityOfPage\":{\"@id\":\"https:\/\/www.cabinet-magar.fr\/de\/le-saviez-vous\/embaucher-un-jeune-pour-lete-quelle-remuneration\/\"},\"wordCount\":155,\"commentCount\":0,\"articleSection\":[\"Le saviez-vous ?\"],\"inLanguage\":\"de\",\"potentialAction\":[{\"@type\":\"CommentAction\",\"name\":\"Comment\",\"target\":[\"https:\/\/www.cabinet-magar.fr\/de\/le-saviez-vous\/embaucher-un-jeune-pour-lete-quelle-remuneration\/#respond\"]}]},{\"@type\":\"WebPage\",\"@id\":\"https:\/\/www.cabinet-magar.fr\/de\/le-saviez-vous\/embaucher-un-jeune-pour-lete-quelle-remuneration\/\",\"url\":\"https:\/\/www.cabinet-magar.fr\/de\/le-saviez-vous\/embaucher-un-jeune-pour-lete-quelle-remuneration\/\",\"name\":\"Embaucher un jeune pour l'\u00e9t\u00e9 : quelle r\u00e9mun\u00e9ration ? - Cabinet Magar\",\"isPartOf\":{\"@id\":\"https:\/\/www.cabinet-magar.fr\/#website\"},\"datePublished\":\"2019-04-17T21:23:00+00:00\",\"author\":{\"@id\":\"https:\/\/www.cabinet-magar.fr\/#\/schema\/person\/00f6d5357e718a659e49151253984062\"},\"breadcrumb\":{\"@id\":\"https:\/\/www.cabinet-magar.fr\/de\/le-saviez-vous\/embaucher-un-jeune-pour-lete-quelle-remuneration\/#breadcrumb\"},\"inLanguage\":\"de\",\"potentialAction\":[{\"@type\":\"ReadAction\",\"target\":[\"https:\/\/www.cabinet-magar.fr\/de\/le-saviez-vous\/embaucher-un-jeune-pour-lete-quelle-remuneration\/\"]}]},{\"@type\":\"BreadcrumbList\",\"@id\":\"https:\/\/www.cabinet-magar.fr\/de\/le-saviez-vous\/embaucher-un-jeune-pour-lete-quelle-remuneration\/#breadcrumb\",\"itemListElement\":[{\"@type\":\"ListItem\",\"position\":1,\"name\":\"Accueil\",\"item\":\"https:\/\/www.cabinet-magar.fr\/de\/\"},{\"@type\":\"ListItem\",\"position\":2,\"name\":\"Embaucher un jeune pour l&#8217;\u00e9t\u00e9 : quelle r\u00e9mun\u00e9ration ?\"}]},{\"@type\":\"WebSite\",\"@id\":\"https:\/\/www.cabinet-magar.fr\/#website\",\"url\":\"https:\/\/www.cabinet-magar.fr\/\",\"name\":\"Cabinet Magar\",\"description\":\"\",\"potentialAction\":[{\"@type\":\"SearchAction\",\"target\":{\"@type\":\"EntryPoint\",\"urlTemplate\":\"https:\/\/www.cabinet-magar.fr\/?s={search_term_string}\"},\"query-input\":{\"@type\":\"PropertyValueSpecification\",\"valueRequired\":true,\"valueName\":\"search_term_string\"}}],\"inLanguage\":\"de\"},{\"@type\":\"Person\",\"@id\":\"https:\/\/www.cabinet-magar.fr\/#\/schema\/person\/00f6d5357e718a659e49151253984062\",\"name\":\"adlucyan\",\"sameAs\":[\"https:\/\/www.cabinet-magar.fr\"],\"url\":\"https:\/\/www.cabinet-magar.fr\/de\/author\/adlucyan\/\"}]}<\/script>\n<!-- \/ Yoast SEO plugin. -->","yoast_head_json":{"title":"Embaucher un jeune pour l'\u00e9t\u00e9 : quelle r\u00e9mun\u00e9ration ? - Cabinet Magar","robots":{"index":"index","follow":"follow","max-snippet":"max-snippet:-1","max-image-preview":"max-image-preview:large","max-video-preview":"max-video-preview:-1"},"canonical":"https:\/\/www.cabinet-magar.fr\/de\/le-saviez-vous\/embaucher-un-jeune-pour-lete-quelle-remuneration\/","og_locale":"de_DE","og_type":"article","og_title":"Embaucher un jeune pour l'\u00e9t\u00e9 : quelle r\u00e9mun\u00e9ration ? - Cabinet Magar","og_description":"Un dirigeant envisage de recruter un jeune de 18 ans pour l'\u00e9t\u00e9. Il emploie par ailleurs un apprenti du m\u00eame \u00e2ge, r\u00e9mun\u00e9r\u00e9 \u00e0 43 % du Smic (soit 654,13 \u20ac).Doit-il pratiquer le m\u00eame salaire pour le jeune en job d'\u00e9t\u00e9 ?","og_url":"https:\/\/www.cabinet-magar.fr\/de\/le-saviez-vous\/embaucher-un-jeune-pour-lete-quelle-remuneration\/","og_site_name":"Cabinet Magar","article_published_time":"2019-04-17T21:23:00+00:00","author":"adlucyan","twitter_card":"summary_large_image","twitter_misc":{"Verfasst von":"adlucyan","Gesch\u00e4tzte Lesezeit":"1\u00a0Minute"},"schema":{"@context":"https:\/\/schema.org","@graph":[{"@type":"Article","@id":"https:\/\/www.cabinet-magar.fr\/de\/le-saviez-vous\/embaucher-un-jeune-pour-lete-quelle-remuneration\/#article","isPartOf":{"@id":"https:\/\/www.cabinet-magar.fr\/de\/le-saviez-vous\/embaucher-un-jeune-pour-lete-quelle-remuneration\/"},"author":{"name":"adlucyan","@id":"https:\/\/www.cabinet-magar.fr\/#\/schema\/person\/00f6d5357e718a659e49151253984062"},"headline":"Embaucher un jeune pour l&#8217;\u00e9t\u00e9 : quelle r\u00e9mun\u00e9ration ?","datePublished":"2019-04-17T21:23:00+00:00","mainEntityOfPage":{"@id":"https:\/\/www.cabinet-magar.fr\/de\/le-saviez-vous\/embaucher-un-jeune-pour-lete-quelle-remuneration\/"},"wordCount":155,"commentCount":0,"articleSection":["Le saviez-vous ?"],"inLanguage":"de","potentialAction":[{"@type":"CommentAction","name":"Comment","target":["https:\/\/www.cabinet-magar.fr\/de\/le-saviez-vous\/embaucher-un-jeune-pour-lete-quelle-remuneration\/#respond"]}]},{"@type":"WebPage","@id":"https:\/\/www.cabinet-magar.fr\/de\/le-saviez-vous\/embaucher-un-jeune-pour-lete-quelle-remuneration\/","url":"https:\/\/www.cabinet-magar.fr\/de\/le-saviez-vous\/embaucher-un-jeune-pour-lete-quelle-remuneration\/","name":"Embaucher un jeune pour l'\u00e9t\u00e9 : quelle r\u00e9mun\u00e9ration ? - Cabinet Magar","isPartOf":{"@id":"https:\/\/www.cabinet-magar.fr\/#website"},"datePublished":"2019-04-17T21:23:00+00:00","author":{"@id":"https:\/\/www.cabinet-magar.fr\/#\/schema\/person\/00f6d5357e718a659e49151253984062"},"breadcrumb":{"@id":"https:\/\/www.cabinet-magar.fr\/de\/le-saviez-vous\/embaucher-un-jeune-pour-lete-quelle-remuneration\/#breadcrumb"},"inLanguage":"de","potentialAction":[{"@type":"ReadAction","target":["https:\/\/www.cabinet-magar.fr\/de\/le-saviez-vous\/embaucher-un-jeune-pour-lete-quelle-remuneration\/"]}]},{"@type":"BreadcrumbList","@id":"https:\/\/www.cabinet-magar.fr\/de\/le-saviez-vous\/embaucher-un-jeune-pour-lete-quelle-remuneration\/#breadcrumb","itemListElement":[{"@type":"ListItem","position":1,"name":"Accueil","item":"https:\/\/www.cabinet-magar.fr\/de\/"},{"@type":"ListItem","position":2,"name":"Embaucher un jeune pour l&#8217;\u00e9t\u00e9 : quelle r\u00e9mun\u00e9ration ?"}]},{"@type":"WebSite","@id":"https:\/\/www.cabinet-magar.fr\/#website","url":"https:\/\/www.cabinet-magar.fr\/","name":"Cabinet Magar","description":"","potentialAction":[{"@type":"SearchAction","target":{"@type":"EntryPoint","urlTemplate":"https:\/\/www.cabinet-magar.fr\/?s={search_term_string}"},"query-input":{"@type":"PropertyValueSpecification","valueRequired":true,"valueName":"search_term_string"}}],"inLanguage":"de"},{"@type":"Person","@id":"https:\/\/www.cabinet-magar.fr\/#\/schema\/person\/00f6d5357e718a659e49151253984062","name":"adlucyan","sameAs":["https:\/\/www.cabinet-magar.fr"],"url":"https:\/\/www.cabinet-magar.fr\/de\/author\/adlucyan\/"}]}},"_links":{"self":[{"href":"https:\/\/www.cabinet-magar.fr\/de\/wp-json\/wp\/v2\/posts\/201","targetHints":{"allow":["GET"]}}],"collection":[{"href":"https:\/\/www.cabinet-magar.fr\/de\/wp-json\/wp\/v2\/posts"}],"about":[{"href":"https:\/\/www.cabinet-magar.fr\/de\/wp-json\/wp\/v2\/types\/post"}],"author":[{"embeddable":true,"href":"https:\/\/www.cabinet-magar.fr\/de\/wp-json\/wp\/v2\/users\/1"}],"replies":[{"embeddable":true,"href":"https:\/\/www.cabinet-magar.fr\/de\/wp-json\/wp\/v2\/comments?post=201"}],"version-history":[{"count":0,"href":"https:\/\/www.cabinet-magar.fr\/de\/wp-json\/wp\/v2\/posts\/201\/revisions"}],"wp:attachment":[{"href":"https:\/\/www.cabinet-magar.fr\/de\/wp-json\/wp\/v2\/media?parent=201"}],"wp:term":[{"taxonomy":"category","embeddable":true,"href":"https:\/\/www.cabinet-magar.fr\/de\/wp-json\/wp\/v2\/categories?post=201"},{"taxonomy":"post_tag","embeddable":true,"href":"https:\/\/www.cabinet-magar.fr\/de\/wp-json\/wp\/v2\/tags?post=201"}],"curies":[{"name":"wp","href":"https:\/\/api.w.org\/{rel}","templated":true}]}}