{"id":200,"date":"2019-04-24T23:23:00","date_gmt":"2019-04-24T21:23:00","guid":{"rendered":"https:\/\/www.cabinet-magar.fr\/credit-dimpot-pas-de-declaration-de-revenus\/"},"modified":"2019-04-24T23:23:00","modified_gmt":"2019-04-24T21:23:00","slug":"credit-dimpot-pas-de-declaration-de-revenus","status":"publish","type":"post","link":"https:\/\/www.cabinet-magar.fr\/de\/le-saviez-vous\/credit-dimpot-pas-de-declaration-de-revenus\/","title":{"rendered":"Cr\u00e9dit d&#8217;imp\u00f4t = pas de d\u00e9claration de revenus ?"},"content":{"rendered":"<div class=\"quizz\">\n<div class=\"question-quizz\">Avec l&#8217;ann\u00e9e fiscale &#8222;blanche&#8220;, et la mise en place du cr\u00e9dit d&#8217;imp\u00f4t modernisation du recouvrement, et parce que les salaires per\u00e7us en 2018 ne sont pas impos\u00e9s, je n&#8217;ai pas \u00e0 les d\u00e9clarer cette ann\u00e9e.<\/div>\n<ul class=\"propal-quizz\">\n<li class=\"quizz-a\"><a href=\"#reponse\" onclick=\"document.getElementById('page-fiche').classList.add('quizz-open'); return false;\">Vrai<\/a><\/li>\n<li class=\"quizz-b\"><a href=\"#reponse\" onclick=\"document.getElementById('page-fiche').classList.add('quizz-open'); return false;\">Faux<\/a><\/li>\n<\/ul>\n<div id=\"rna\" class=\"reponse-non-affichee\">La r\u00e9ponse n&#8217;est pas toujours celle que l&#8217;on croit&#8230;<\/div>\n<div id=\"reponse\" class=\"reponse-quizz-in\">La bonne r\u00e9ponse est&#8230;<br \/> <span class=\"reponse-b\">Faux<\/span><br \/>M\u00eame si ces revenus de 2018 ne sont pas impos\u00e9s, ils  doivent quand m\u00eame \u00eatre d\u00e9clar\u00e9s dans les cases habituelles de votre d\u00e9claration de revenus. <\/p>\n<p>Cette solution vaut pour tous les revenus non exceptionnels per\u00e7us en 2018 qui b\u00e9n\u00e9ficieront de cette exon\u00e9ration sp\u00e9cifique (salaires, pensions, prime, heures suppl\u00e9mentaiares, etc.).<\/p>\n<p>Quant aux revenus dits &#8222;exceptionnels&#8220; per\u00e7us en 2018 (indemnit\u00e9s de rupture du contrat de travail pour leur fraction imposable, primes de d\u00e9part \u00e0 la retraite, etc.), ils sont aussi \u00e0 d\u00e9clarer obligatoirement, ces revenus \u00e9tant eux impos\u00e9s.<\/p><\/div>\n<\/div>\n","protected":false},"excerpt":{"rendered":"<p>Avec l&#8217;ann\u00e9e fiscale &#8222;blanche&#8220;, et la mise en place du cr\u00e9dit d&#8217;imp\u00f4t modernisation du recouvrement, et parce que les salaires per\u00e7us en 2018 ne sont pas impos\u00e9s, je n&#8217;ai pas \u00e0 les d\u00e9clarer cette ann\u00e9e.<\/p>\n","protected":false},"author":1,"featured_media":0,"comment_status":"open","ping_status":"closed","sticky":false,"template":"","format":"standard","meta":{"_acf_changed":false,"footnotes":""},"categories":[5],"tags":[],"class_list":["post-200","post","type-post","status-publish","format-standard","hentry","category-le-saviez-vous"],"acf":[],"yoast_head":"<!-- This site is optimized with the Yoast SEO plugin v27.2 - https:\/\/yoast.com\/product\/yoast-seo-wordpress\/ -->\n<title>Cr\u00e9dit d&#039;imp\u00f4t = pas de d\u00e9claration de revenus ? - Cabinet Magar<\/title>\n<meta name=\"robots\" content=\"index, follow, max-snippet:-1, max-image-preview:large, max-video-preview:-1\" \/>\n<link rel=\"canonical\" href=\"https:\/\/www.cabinet-magar.fr\/de\/le-saviez-vous\/credit-dimpot-pas-de-declaration-de-revenus\/\" \/>\n<meta property=\"og:locale\" content=\"de_DE\" \/>\n<meta property=\"og:type\" content=\"article\" \/>\n<meta property=\"og:title\" content=\"Cr\u00e9dit d&#039;imp\u00f4t = pas de d\u00e9claration de revenus ? - Cabinet Magar\" \/>\n<meta property=\"og:description\" content=\"Avec l&#039;ann\u00e9e fiscale &quot;blanche&quot;, et la mise en place du cr\u00e9dit d&#039;imp\u00f4t modernisation du recouvrement, et parce que les salaires per\u00e7us en 2018 ne sont pas impos\u00e9s, je n&#039;ai pas \u00e0 les d\u00e9clarer cette ann\u00e9e.\" \/>\n<meta property=\"og:url\" content=\"https:\/\/www.cabinet-magar.fr\/de\/le-saviez-vous\/credit-dimpot-pas-de-declaration-de-revenus\/\" \/>\n<meta property=\"og:site_name\" content=\"Cabinet Magar\" \/>\n<meta property=\"article:published_time\" content=\"2019-04-24T21:23:00+00:00\" \/>\n<meta name=\"author\" content=\"adlucyan\" \/>\n<meta name=\"twitter:card\" content=\"summary_large_image\" \/>\n<meta name=\"twitter:label1\" content=\"Verfasst von\" \/>\n\t<meta name=\"twitter:data1\" content=\"adlucyan\" \/>\n\t<meta name=\"twitter:label2\" content=\"Gesch\u00e4tzte Lesezeit\" \/>\n\t<meta name=\"twitter:data2\" content=\"1\u00a0Minute\" \/>\n<script type=\"application\/ld+json\" class=\"yoast-schema-graph\">{\"@context\":\"https:\/\/schema.org\",\"@graph\":[{\"@type\":\"Article\",\"@id\":\"https:\/\/www.cabinet-magar.fr\/de\/le-saviez-vous\/credit-dimpot-pas-de-declaration-de-revenus\/#article\",\"isPartOf\":{\"@id\":\"https:\/\/www.cabinet-magar.fr\/de\/le-saviez-vous\/credit-dimpot-pas-de-declaration-de-revenus\/\"},\"author\":{\"name\":\"adlucyan\",\"@id\":\"https:\/\/www.cabinet-magar.fr\/#\/schema\/person\/00f6d5357e718a659e49151253984062\"},\"headline\":\"Cr\u00e9dit d&#8217;imp\u00f4t = pas de d\u00e9claration de revenus ?\",\"datePublished\":\"2019-04-24T21:23:00+00:00\",\"mainEntityOfPage\":{\"@id\":\"https:\/\/www.cabinet-magar.fr\/de\/le-saviez-vous\/credit-dimpot-pas-de-declaration-de-revenus\/\"},\"wordCount\":172,\"commentCount\":0,\"articleSection\":[\"Le saviez-vous ?\"],\"inLanguage\":\"de\",\"potentialAction\":[{\"@type\":\"CommentAction\",\"name\":\"Comment\",\"target\":[\"https:\/\/www.cabinet-magar.fr\/de\/le-saviez-vous\/credit-dimpot-pas-de-declaration-de-revenus\/#respond\"]}]},{\"@type\":\"WebPage\",\"@id\":\"https:\/\/www.cabinet-magar.fr\/de\/le-saviez-vous\/credit-dimpot-pas-de-declaration-de-revenus\/\",\"url\":\"https:\/\/www.cabinet-magar.fr\/de\/le-saviez-vous\/credit-dimpot-pas-de-declaration-de-revenus\/\",\"name\":\"Cr\u00e9dit d'imp\u00f4t = pas de d\u00e9claration de revenus ? - Cabinet Magar\",\"isPartOf\":{\"@id\":\"https:\/\/www.cabinet-magar.fr\/#website\"},\"datePublished\":\"2019-04-24T21:23:00+00:00\",\"author\":{\"@id\":\"https:\/\/www.cabinet-magar.fr\/#\/schema\/person\/00f6d5357e718a659e49151253984062\"},\"breadcrumb\":{\"@id\":\"https:\/\/www.cabinet-magar.fr\/de\/le-saviez-vous\/credit-dimpot-pas-de-declaration-de-revenus\/#breadcrumb\"},\"inLanguage\":\"de\",\"potentialAction\":[{\"@type\":\"ReadAction\",\"target\":[\"https:\/\/www.cabinet-magar.fr\/de\/le-saviez-vous\/credit-dimpot-pas-de-declaration-de-revenus\/\"]}]},{\"@type\":\"BreadcrumbList\",\"@id\":\"https:\/\/www.cabinet-magar.fr\/de\/le-saviez-vous\/credit-dimpot-pas-de-declaration-de-revenus\/#breadcrumb\",\"itemListElement\":[{\"@type\":\"ListItem\",\"position\":1,\"name\":\"Accueil\",\"item\":\"https:\/\/www.cabinet-magar.fr\/de\/\"},{\"@type\":\"ListItem\",\"position\":2,\"name\":\"Cr\u00e9dit d&#8217;imp\u00f4t = pas de d\u00e9claration de revenus ?\"}]},{\"@type\":\"WebSite\",\"@id\":\"https:\/\/www.cabinet-magar.fr\/#website\",\"url\":\"https:\/\/www.cabinet-magar.fr\/\",\"name\":\"Cabinet Magar\",\"description\":\"\",\"potentialAction\":[{\"@type\":\"SearchAction\",\"target\":{\"@type\":\"EntryPoint\",\"urlTemplate\":\"https:\/\/www.cabinet-magar.fr\/?s={search_term_string}\"},\"query-input\":{\"@type\":\"PropertyValueSpecification\",\"valueRequired\":true,\"valueName\":\"search_term_string\"}}],\"inLanguage\":\"de\"},{\"@type\":\"Person\",\"@id\":\"https:\/\/www.cabinet-magar.fr\/#\/schema\/person\/00f6d5357e718a659e49151253984062\",\"name\":\"adlucyan\",\"sameAs\":[\"https:\/\/www.cabinet-magar.fr\"],\"url\":\"https:\/\/www.cabinet-magar.fr\/de\/author\/adlucyan\/\"}]}<\/script>\n<!-- \/ Yoast SEO plugin. -->","yoast_head_json":{"title":"Cr\u00e9dit d'imp\u00f4t = pas de d\u00e9claration de revenus ? - Cabinet Magar","robots":{"index":"index","follow":"follow","max-snippet":"max-snippet:-1","max-image-preview":"max-image-preview:large","max-video-preview":"max-video-preview:-1"},"canonical":"https:\/\/www.cabinet-magar.fr\/de\/le-saviez-vous\/credit-dimpot-pas-de-declaration-de-revenus\/","og_locale":"de_DE","og_type":"article","og_title":"Cr\u00e9dit d'imp\u00f4t = pas de d\u00e9claration de revenus ? - Cabinet Magar","og_description":"Avec l'ann\u00e9e fiscale \"blanche\", et la mise en place du cr\u00e9dit d'imp\u00f4t modernisation du recouvrement, et parce que les salaires per\u00e7us en 2018 ne sont pas impos\u00e9s, je n'ai pas \u00e0 les d\u00e9clarer cette ann\u00e9e.","og_url":"https:\/\/www.cabinet-magar.fr\/de\/le-saviez-vous\/credit-dimpot-pas-de-declaration-de-revenus\/","og_site_name":"Cabinet Magar","article_published_time":"2019-04-24T21:23:00+00:00","author":"adlucyan","twitter_card":"summary_large_image","twitter_misc":{"Verfasst von":"adlucyan","Gesch\u00e4tzte Lesezeit":"1\u00a0Minute"},"schema":{"@context":"https:\/\/schema.org","@graph":[{"@type":"Article","@id":"https:\/\/www.cabinet-magar.fr\/de\/le-saviez-vous\/credit-dimpot-pas-de-declaration-de-revenus\/#article","isPartOf":{"@id":"https:\/\/www.cabinet-magar.fr\/de\/le-saviez-vous\/credit-dimpot-pas-de-declaration-de-revenus\/"},"author":{"name":"adlucyan","@id":"https:\/\/www.cabinet-magar.fr\/#\/schema\/person\/00f6d5357e718a659e49151253984062"},"headline":"Cr\u00e9dit d&#8217;imp\u00f4t = pas de d\u00e9claration de revenus ?","datePublished":"2019-04-24T21:23:00+00:00","mainEntityOfPage":{"@id":"https:\/\/www.cabinet-magar.fr\/de\/le-saviez-vous\/credit-dimpot-pas-de-declaration-de-revenus\/"},"wordCount":172,"commentCount":0,"articleSection":["Le saviez-vous ?"],"inLanguage":"de","potentialAction":[{"@type":"CommentAction","name":"Comment","target":["https:\/\/www.cabinet-magar.fr\/de\/le-saviez-vous\/credit-dimpot-pas-de-declaration-de-revenus\/#respond"]}]},{"@type":"WebPage","@id":"https:\/\/www.cabinet-magar.fr\/de\/le-saviez-vous\/credit-dimpot-pas-de-declaration-de-revenus\/","url":"https:\/\/www.cabinet-magar.fr\/de\/le-saviez-vous\/credit-dimpot-pas-de-declaration-de-revenus\/","name":"Cr\u00e9dit d'imp\u00f4t = pas de d\u00e9claration de revenus ? - Cabinet Magar","isPartOf":{"@id":"https:\/\/www.cabinet-magar.fr\/#website"},"datePublished":"2019-04-24T21:23:00+00:00","author":{"@id":"https:\/\/www.cabinet-magar.fr\/#\/schema\/person\/00f6d5357e718a659e49151253984062"},"breadcrumb":{"@id":"https:\/\/www.cabinet-magar.fr\/de\/le-saviez-vous\/credit-dimpot-pas-de-declaration-de-revenus\/#breadcrumb"},"inLanguage":"de","potentialAction":[{"@type":"ReadAction","target":["https:\/\/www.cabinet-magar.fr\/de\/le-saviez-vous\/credit-dimpot-pas-de-declaration-de-revenus\/"]}]},{"@type":"BreadcrumbList","@id":"https:\/\/www.cabinet-magar.fr\/de\/le-saviez-vous\/credit-dimpot-pas-de-declaration-de-revenus\/#breadcrumb","itemListElement":[{"@type":"ListItem","position":1,"name":"Accueil","item":"https:\/\/www.cabinet-magar.fr\/de\/"},{"@type":"ListItem","position":2,"name":"Cr\u00e9dit d&#8217;imp\u00f4t = pas de d\u00e9claration de revenus ?"}]},{"@type":"WebSite","@id":"https:\/\/www.cabinet-magar.fr\/#website","url":"https:\/\/www.cabinet-magar.fr\/","name":"Cabinet Magar","description":"","potentialAction":[{"@type":"SearchAction","target":{"@type":"EntryPoint","urlTemplate":"https:\/\/www.cabinet-magar.fr\/?s={search_term_string}"},"query-input":{"@type":"PropertyValueSpecification","valueRequired":true,"valueName":"search_term_string"}}],"inLanguage":"de"},{"@type":"Person","@id":"https:\/\/www.cabinet-magar.fr\/#\/schema\/person\/00f6d5357e718a659e49151253984062","name":"adlucyan","sameAs":["https:\/\/www.cabinet-magar.fr"],"url":"https:\/\/www.cabinet-magar.fr\/de\/author\/adlucyan\/"}]}},"_links":{"self":[{"href":"https:\/\/www.cabinet-magar.fr\/de\/wp-json\/wp\/v2\/posts\/200","targetHints":{"allow":["GET"]}}],"collection":[{"href":"https:\/\/www.cabinet-magar.fr\/de\/wp-json\/wp\/v2\/posts"}],"about":[{"href":"https:\/\/www.cabinet-magar.fr\/de\/wp-json\/wp\/v2\/types\/post"}],"author":[{"embeddable":true,"href":"https:\/\/www.cabinet-magar.fr\/de\/wp-json\/wp\/v2\/users\/1"}],"replies":[{"embeddable":true,"href":"https:\/\/www.cabinet-magar.fr\/de\/wp-json\/wp\/v2\/comments?post=200"}],"version-history":[{"count":0,"href":"https:\/\/www.cabinet-magar.fr\/de\/wp-json\/wp\/v2\/posts\/200\/revisions"}],"wp:attachment":[{"href":"https:\/\/www.cabinet-magar.fr\/de\/wp-json\/wp\/v2\/media?parent=200"}],"wp:term":[{"taxonomy":"category","embeddable":true,"href":"https:\/\/www.cabinet-magar.fr\/de\/wp-json\/wp\/v2\/categories?post=200"},{"taxonomy":"post_tag","embeddable":true,"href":"https:\/\/www.cabinet-magar.fr\/de\/wp-json\/wp\/v2\/tags?post=200"}],"curies":[{"name":"wp","href":"https:\/\/api.w.org\/{rel}","templated":true}]}}