{"id":196,"date":"2019-06-26T23:23:00","date_gmt":"2019-06-26T21:23:00","guid":{"rendered":"https:\/\/www.cabinet-magar.fr\/alerte-canicule-faire-tomber-la-tenue-de-travail\/"},"modified":"2019-06-26T23:23:00","modified_gmt":"2019-06-26T21:23:00","slug":"alerte-canicule-faire-tomber-la-tenue-de-travail","status":"publish","type":"post","link":"https:\/\/www.cabinet-magar.fr\/de\/le-saviez-vous\/alerte-canicule-faire-tomber-la-tenue-de-travail\/","title":{"rendered":"Alerte canicule : faire tomber\u2026 la tenue de travail ?"},"content":{"rendered":"<div class=\"quizz\">\n<div class=\"question-quizz\">En raison de l&#8217;activit\u00e9 de son entreprise de r\u00e9paration et d&#8217;entretien automobile, un employeur impose \u00e0 ses m\u00e9caniciens de porter une tenue de travail comportant notamment une combinaison, des gants et des chaussures de protection.<\/p>\n<p>Alors que l&#8217;alerte canicule est donn\u00e9e, un salari\u00e9 refuse de porter ces \u00e9quipements au motif qu&#8217;il fait trop chaud dans l&#8217;atelier.<\/p>\n<p>Peut-il refuser de porter ces \u00e9quipements ?<\/p><\/div>\n<ul class=\"propal-quizz\">\n<li class=\"quizz-a\"><a href=\"#reponse\" onclick=\"document.getElementById('page-fiche').classList.add('quizz-open'); return false;\">Oui<\/a><\/li>\n<li class=\"quizz-b\"><a href=\"#reponse\" onclick=\"document.getElementById('page-fiche').classList.add('quizz-open'); return false;\">Non<\/a><\/li>\n<\/ul>\n<div id=\"rna\" class=\"reponse-non-affichee\">La r\u00e9ponse n&#8217;est pas toujours celle que l&#8217;on croit&#8230;<\/div>\n<div id=\"reponse\" class=\"reponse-quizz-in\">La bonne r\u00e9ponse est&#8230;<br \/> <span class=\"reponse-b\">Non<\/span><br \/>En principe, le salari\u00e9 doit porter ses \u00e9quipements de protection individuelles, m\u00eame en p\u00e9riode de canicule. Ceux-ci doivent permettre, autant que possible, l&#8217;\u00e9vacuation de la chaleur.<\/p>\n<p>Pour limiter les risques li\u00e9s aux coups de chaleur, l&#8217;employeur doit \u00e9ventuellement modifier l&#8217;organisation du travail, s&#8217;assurer que la temp\u00e9rature de l&#8217;atelier reste aussi supportable que possible, assurer sa ventilation, pr\u00e9voir des sources d&#8217;eau potable fra\u00eeche \u00e0 proximit\u00e9 des postes de travail, etc.<\/p>\n<p>Si l&#8217;\u00e9l\u00e9vation de la temp\u00e9rature pr\u00e9sente un danger grave et imminent pour les travailleurs, ceux-ci pourront exercer individuellement leur droit de retrait (c&#8217;est-\u00e0-dire cesser l&#8217;activit\u00e9 qui les expose \u00e0 ce danger).<\/p><\/div>\n<\/div>\n","protected":false},"excerpt":{"rendered":"<p>En raison de l&#8217;activit\u00e9 de son entreprise de r\u00e9paration et d&#8217;entretien automobile, un employeur impose \u00e0 ses m\u00e9caniciens de porter une tenue de travail comportant notamment une combinaison, des gants et des chaussures de protection.<\/p>\n<p>Alors que l&#8217;alerte canicule est donn\u00e9e, un salari\u00e9 refuse de porter ces \u00e9quipements au motif qu&#8217;il fait trop chaud dans l&#8217;atelier.<\/p>\n<p>Peut-il refuser de porter ces \u00e9quipements ?<\/p>\n","protected":false},"author":1,"featured_media":0,"comment_status":"open","ping_status":"closed","sticky":false,"template":"","format":"standard","meta":{"_acf_changed":false,"footnotes":""},"categories":[5],"tags":[],"class_list":["post-196","post","type-post","status-publish","format-standard","hentry","category-le-saviez-vous"],"acf":[],"yoast_head":"<!-- This site is optimized with the Yoast SEO plugin v27.2 - https:\/\/yoast.com\/product\/yoast-seo-wordpress\/ -->\n<title>Alerte canicule : faire tomber\u2026 la tenue de travail ? - Cabinet Magar<\/title>\n<meta name=\"robots\" content=\"index, follow, max-snippet:-1, max-image-preview:large, max-video-preview:-1\" \/>\n<link rel=\"canonical\" href=\"https:\/\/www.cabinet-magar.fr\/de\/le-saviez-vous\/alerte-canicule-faire-tomber-la-tenue-de-travail\/\" \/>\n<meta property=\"og:locale\" content=\"de_DE\" \/>\n<meta property=\"og:type\" content=\"article\" \/>\n<meta property=\"og:title\" content=\"Alerte canicule : faire tomber\u2026 la tenue de travail ? - Cabinet Magar\" \/>\n<meta property=\"og:description\" content=\"En raison de l&#039;activit\u00e9 de son entreprise de r\u00e9paration et d&#039;entretien automobile, un employeur impose \u00e0 ses m\u00e9caniciens de porter une tenue de travail comportant notamment une combinaison, des gants et des chaussures de protection.Alors que l&#039;alerte canicule est donn\u00e9e, un salari\u00e9 refuse de porter ces \u00e9quipements au motif qu&#039;il fait trop chaud dans l&#039;atelier.Peut-il refuser de porter ces \u00e9quipements ?\" \/>\n<meta property=\"og:url\" content=\"https:\/\/www.cabinet-magar.fr\/de\/le-saviez-vous\/alerte-canicule-faire-tomber-la-tenue-de-travail\/\" \/>\n<meta property=\"og:site_name\" content=\"Cabinet Magar\" \/>\n<meta property=\"article:published_time\" content=\"2019-06-26T21:23:00+00:00\" \/>\n<meta name=\"author\" content=\"adlucyan\" \/>\n<meta name=\"twitter:card\" content=\"summary_large_image\" \/>\n<meta name=\"twitter:label1\" content=\"Verfasst von\" \/>\n\t<meta name=\"twitter:data1\" content=\"adlucyan\" \/>\n\t<meta name=\"twitter:label2\" content=\"Gesch\u00e4tzte Lesezeit\" \/>\n\t<meta name=\"twitter:data2\" content=\"1\u00a0Minute\" \/>\n<script type=\"application\/ld+json\" class=\"yoast-schema-graph\">{\"@context\":\"https:\/\/schema.org\",\"@graph\":[{\"@type\":\"Article\",\"@id\":\"https:\/\/www.cabinet-magar.fr\/de\/le-saviez-vous\/alerte-canicule-faire-tomber-la-tenue-de-travail\/#article\",\"isPartOf\":{\"@id\":\"https:\/\/www.cabinet-magar.fr\/de\/le-saviez-vous\/alerte-canicule-faire-tomber-la-tenue-de-travail\/\"},\"author\":{\"name\":\"adlucyan\",\"@id\":\"https:\/\/www.cabinet-magar.fr\/#\/schema\/person\/00f6d5357e718a659e49151253984062\"},\"headline\":\"Alerte canicule : faire tomber\u2026 la tenue de travail ?\",\"datePublished\":\"2019-06-26T21:23:00+00:00\",\"mainEntityOfPage\":{\"@id\":\"https:\/\/www.cabinet-magar.fr\/de\/le-saviez-vous\/alerte-canicule-faire-tomber-la-tenue-de-travail\/\"},\"wordCount\":214,\"commentCount\":0,\"articleSection\":[\"Le saviez-vous ?\"],\"inLanguage\":\"de\",\"potentialAction\":[{\"@type\":\"CommentAction\",\"name\":\"Comment\",\"target\":[\"https:\/\/www.cabinet-magar.fr\/de\/le-saviez-vous\/alerte-canicule-faire-tomber-la-tenue-de-travail\/#respond\"]}]},{\"@type\":\"WebPage\",\"@id\":\"https:\/\/www.cabinet-magar.fr\/de\/le-saviez-vous\/alerte-canicule-faire-tomber-la-tenue-de-travail\/\",\"url\":\"https:\/\/www.cabinet-magar.fr\/de\/le-saviez-vous\/alerte-canicule-faire-tomber-la-tenue-de-travail\/\",\"name\":\"Alerte canicule : faire tomber\u2026 la tenue de travail ? - Cabinet Magar\",\"isPartOf\":{\"@id\":\"https:\/\/www.cabinet-magar.fr\/#website\"},\"datePublished\":\"2019-06-26T21:23:00+00:00\",\"author\":{\"@id\":\"https:\/\/www.cabinet-magar.fr\/#\/schema\/person\/00f6d5357e718a659e49151253984062\"},\"breadcrumb\":{\"@id\":\"https:\/\/www.cabinet-magar.fr\/de\/le-saviez-vous\/alerte-canicule-faire-tomber-la-tenue-de-travail\/#breadcrumb\"},\"inLanguage\":\"de\",\"potentialAction\":[{\"@type\":\"ReadAction\",\"target\":[\"https:\/\/www.cabinet-magar.fr\/de\/le-saviez-vous\/alerte-canicule-faire-tomber-la-tenue-de-travail\/\"]}]},{\"@type\":\"BreadcrumbList\",\"@id\":\"https:\/\/www.cabinet-magar.fr\/de\/le-saviez-vous\/alerte-canicule-faire-tomber-la-tenue-de-travail\/#breadcrumb\",\"itemListElement\":[{\"@type\":\"ListItem\",\"position\":1,\"name\":\"Accueil\",\"item\":\"https:\/\/www.cabinet-magar.fr\/de\/\"},{\"@type\":\"ListItem\",\"position\":2,\"name\":\"Alerte canicule : faire tomber\u2026 la tenue de travail ?\"}]},{\"@type\":\"WebSite\",\"@id\":\"https:\/\/www.cabinet-magar.fr\/#website\",\"url\":\"https:\/\/www.cabinet-magar.fr\/\",\"name\":\"Cabinet Magar\",\"description\":\"\",\"potentialAction\":[{\"@type\":\"SearchAction\",\"target\":{\"@type\":\"EntryPoint\",\"urlTemplate\":\"https:\/\/www.cabinet-magar.fr\/?s={search_term_string}\"},\"query-input\":{\"@type\":\"PropertyValueSpecification\",\"valueRequired\":true,\"valueName\":\"search_term_string\"}}],\"inLanguage\":\"de\"},{\"@type\":\"Person\",\"@id\":\"https:\/\/www.cabinet-magar.fr\/#\/schema\/person\/00f6d5357e718a659e49151253984062\",\"name\":\"adlucyan\",\"sameAs\":[\"https:\/\/www.cabinet-magar.fr\"],\"url\":\"https:\/\/www.cabinet-magar.fr\/de\/author\/adlucyan\/\"}]}<\/script>\n<!-- \/ Yoast SEO plugin. -->","yoast_head_json":{"title":"Alerte canicule : faire tomber\u2026 la tenue de travail ? - Cabinet Magar","robots":{"index":"index","follow":"follow","max-snippet":"max-snippet:-1","max-image-preview":"max-image-preview:large","max-video-preview":"max-video-preview:-1"},"canonical":"https:\/\/www.cabinet-magar.fr\/de\/le-saviez-vous\/alerte-canicule-faire-tomber-la-tenue-de-travail\/","og_locale":"de_DE","og_type":"article","og_title":"Alerte canicule : faire tomber\u2026 la tenue de travail ? - Cabinet Magar","og_description":"En raison de l'activit\u00e9 de son entreprise de r\u00e9paration et d'entretien automobile, un employeur impose \u00e0 ses m\u00e9caniciens de porter une tenue de travail comportant notamment une combinaison, des gants et des chaussures de protection.Alors que l'alerte canicule est donn\u00e9e, un salari\u00e9 refuse de porter ces \u00e9quipements au motif qu'il fait trop chaud dans l'atelier.Peut-il refuser de porter ces \u00e9quipements ?","og_url":"https:\/\/www.cabinet-magar.fr\/de\/le-saviez-vous\/alerte-canicule-faire-tomber-la-tenue-de-travail\/","og_site_name":"Cabinet Magar","article_published_time":"2019-06-26T21:23:00+00:00","author":"adlucyan","twitter_card":"summary_large_image","twitter_misc":{"Verfasst von":"adlucyan","Gesch\u00e4tzte Lesezeit":"1\u00a0Minute"},"schema":{"@context":"https:\/\/schema.org","@graph":[{"@type":"Article","@id":"https:\/\/www.cabinet-magar.fr\/de\/le-saviez-vous\/alerte-canicule-faire-tomber-la-tenue-de-travail\/#article","isPartOf":{"@id":"https:\/\/www.cabinet-magar.fr\/de\/le-saviez-vous\/alerte-canicule-faire-tomber-la-tenue-de-travail\/"},"author":{"name":"adlucyan","@id":"https:\/\/www.cabinet-magar.fr\/#\/schema\/person\/00f6d5357e718a659e49151253984062"},"headline":"Alerte canicule : faire tomber\u2026 la tenue de travail ?","datePublished":"2019-06-26T21:23:00+00:00","mainEntityOfPage":{"@id":"https:\/\/www.cabinet-magar.fr\/de\/le-saviez-vous\/alerte-canicule-faire-tomber-la-tenue-de-travail\/"},"wordCount":214,"commentCount":0,"articleSection":["Le saviez-vous ?"],"inLanguage":"de","potentialAction":[{"@type":"CommentAction","name":"Comment","target":["https:\/\/www.cabinet-magar.fr\/de\/le-saviez-vous\/alerte-canicule-faire-tomber-la-tenue-de-travail\/#respond"]}]},{"@type":"WebPage","@id":"https:\/\/www.cabinet-magar.fr\/de\/le-saviez-vous\/alerte-canicule-faire-tomber-la-tenue-de-travail\/","url":"https:\/\/www.cabinet-magar.fr\/de\/le-saviez-vous\/alerte-canicule-faire-tomber-la-tenue-de-travail\/","name":"Alerte canicule : faire tomber\u2026 la tenue de travail ? - Cabinet Magar","isPartOf":{"@id":"https:\/\/www.cabinet-magar.fr\/#website"},"datePublished":"2019-06-26T21:23:00+00:00","author":{"@id":"https:\/\/www.cabinet-magar.fr\/#\/schema\/person\/00f6d5357e718a659e49151253984062"},"breadcrumb":{"@id":"https:\/\/www.cabinet-magar.fr\/de\/le-saviez-vous\/alerte-canicule-faire-tomber-la-tenue-de-travail\/#breadcrumb"},"inLanguage":"de","potentialAction":[{"@type":"ReadAction","target":["https:\/\/www.cabinet-magar.fr\/de\/le-saviez-vous\/alerte-canicule-faire-tomber-la-tenue-de-travail\/"]}]},{"@type":"BreadcrumbList","@id":"https:\/\/www.cabinet-magar.fr\/de\/le-saviez-vous\/alerte-canicule-faire-tomber-la-tenue-de-travail\/#breadcrumb","itemListElement":[{"@type":"ListItem","position":1,"name":"Accueil","item":"https:\/\/www.cabinet-magar.fr\/de\/"},{"@type":"ListItem","position":2,"name":"Alerte canicule : faire tomber\u2026 la tenue de travail ?"}]},{"@type":"WebSite","@id":"https:\/\/www.cabinet-magar.fr\/#website","url":"https:\/\/www.cabinet-magar.fr\/","name":"Cabinet Magar","description":"","potentialAction":[{"@type":"SearchAction","target":{"@type":"EntryPoint","urlTemplate":"https:\/\/www.cabinet-magar.fr\/?s={search_term_string}"},"query-input":{"@type":"PropertyValueSpecification","valueRequired":true,"valueName":"search_term_string"}}],"inLanguage":"de"},{"@type":"Person","@id":"https:\/\/www.cabinet-magar.fr\/#\/schema\/person\/00f6d5357e718a659e49151253984062","name":"adlucyan","sameAs":["https:\/\/www.cabinet-magar.fr"],"url":"https:\/\/www.cabinet-magar.fr\/de\/author\/adlucyan\/"}]}},"_links":{"self":[{"href":"https:\/\/www.cabinet-magar.fr\/de\/wp-json\/wp\/v2\/posts\/196","targetHints":{"allow":["GET"]}}],"collection":[{"href":"https:\/\/www.cabinet-magar.fr\/de\/wp-json\/wp\/v2\/posts"}],"about":[{"href":"https:\/\/www.cabinet-magar.fr\/de\/wp-json\/wp\/v2\/types\/post"}],"author":[{"embeddable":true,"href":"https:\/\/www.cabinet-magar.fr\/de\/wp-json\/wp\/v2\/users\/1"}],"replies":[{"embeddable":true,"href":"https:\/\/www.cabinet-magar.fr\/de\/wp-json\/wp\/v2\/comments?post=196"}],"version-history":[{"count":0,"href":"https:\/\/www.cabinet-magar.fr\/de\/wp-json\/wp\/v2\/posts\/196\/revisions"}],"wp:attachment":[{"href":"https:\/\/www.cabinet-magar.fr\/de\/wp-json\/wp\/v2\/media?parent=196"}],"wp:term":[{"taxonomy":"category","embeddable":true,"href":"https:\/\/www.cabinet-magar.fr\/de\/wp-json\/wp\/v2\/categories?post=196"},{"taxonomy":"post_tag","embeddable":true,"href":"https:\/\/www.cabinet-magar.fr\/de\/wp-json\/wp\/v2\/tags?post=196"}],"curies":[{"name":"wp","href":"https:\/\/api.w.org\/{rel}","templated":true}]}}