{"id":193,"date":"2019-07-24T23:23:00","date_gmt":"2019-07-24T21:23:00","guid":{"rendered":"https:\/\/www.cabinet-magar.fr\/incident-au-cours-dun-seminaire-vie-privee-ou-vie-professionnelle\/"},"modified":"2019-07-24T23:23:00","modified_gmt":"2019-07-24T21:23:00","slug":"incident-au-cours-dun-seminaire-vie-privee-ou-vie-professionnelle","status":"publish","type":"post","link":"https:\/\/www.cabinet-magar.fr\/de\/le-saviez-vous\/incident-au-cours-dun-seminaire-vie-privee-ou-vie-professionnelle\/","title":{"rendered":"Incident au cours d\u2019un s\u00e9minaire : vie priv\u00e9e ou vie professionnelle ?"},"content":{"rendered":"<div class=\"quizz\">\n<div class=\"question-quizz\">Une entreprise organise un s\u00e9minaire sur 2 jours dans une station baln\u00e9aire. Un responsable d\u2019\u00e9quipe propose aux membres de son \u00e9quipe de finir la 1\u00e8re journ\u00e9e de s\u00e9minaire en bo\u00eete de nuit, puis sur la plage. C\u2019est \u00e0 cette occasion que 2 salari\u00e9s ont chahut\u00e9 (amicalement) et que l\u2019un d\u2019eux a \u00e9t\u00e9 bless\u00e9.<\/p>\n<p>L\u2019employeur licencie le manager pour manquement \u00e0 son management, ce que ce dernier conteste : ce qui s&#8217;est pass\u00e9 cette nuit-l\u00e0 rel\u00e8ve de la vie priv\u00e9e ; il ne peut donc pas \u00eatre sanctionn\u00e9&#8230;<\/p>\n<p>Qui a raison ?<\/p><\/div>\n<ul class=\"propal-quizz\">\n<li class=\"quizz-a\"><a href=\"#reponse\" onclick=\"document.getElementById('page-fiche').classList.add('quizz-open'); return false;\">L\u2019employeur<\/a><\/li>\n<li class=\"quizz-b\"><a href=\"#reponse\" onclick=\"document.getElementById('page-fiche').classList.add('quizz-open'); return false;\">Le manager<\/a><\/li>\n<\/ul>\n<div id=\"rna\" class=\"reponse-non-affichee\">La r\u00e9ponse n&#8217;est pas toujours celle que l&#8217;on croit&#8230;<\/div>\n<div id=\"reponse\" class=\"reponse-quizz-in\">La bonne r\u00e9ponse est&#8230;<br \/> <span class=\"reponse-b\">Le manager<\/span><br \/>La nuit s\u00e9parant les 2 jours de s\u00e9minaire rel\u00e8ve effectivement de la vie priv\u00e9e du salari\u00e9. D\u00e8s lors que l\u2019incident n\u2019a pas affect\u00e9 les conditions de travail des salari\u00e9s, le manager ne peut pas \u00eatre sanctionn\u00e9.<\/div>\n<\/div>\n","protected":false},"excerpt":{"rendered":"<p>Une entreprise organise un s\u00e9minaire sur 2 jours dans une station baln\u00e9aire. Un responsable d\u2019\u00e9quipe propose aux membres de son \u00e9quipe de finir la 1\u00e8re journ\u00e9e de s\u00e9minaire en bo\u00eete de nuit, puis sur la plage. C\u2019est \u00e0 cette occasion que 2 salari\u00e9s ont chahut\u00e9 (amicalement) et que l\u2019un d\u2019eux a \u00e9t\u00e9 bless\u00e9.<\/p>\n<p>L\u2019employeur licencie le manager pour manquement \u00e0 son management, ce que ce dernier conteste : ce qui s&#8217;est pass\u00e9 cette nuit-l\u00e0 rel\u00e8ve de la vie priv\u00e9e ; il ne peut donc pas \u00eatre sanctionn\u00e9&#8230;<\/p>\n<p>Qui a raison ?<\/p>\n","protected":false},"author":1,"featured_media":0,"comment_status":"open","ping_status":"closed","sticky":false,"template":"","format":"standard","meta":{"_acf_changed":false,"footnotes":""},"categories":[5],"tags":[],"class_list":["post-193","post","type-post","status-publish","format-standard","hentry","category-le-saviez-vous"],"acf":[],"yoast_head":"<!-- This site is optimized with the Yoast SEO plugin v27.2 - https:\/\/yoast.com\/product\/yoast-seo-wordpress\/ -->\n<title>Incident au cours d\u2019un s\u00e9minaire : vie priv\u00e9e ou vie professionnelle ? - Cabinet Magar<\/title>\n<meta name=\"robots\" content=\"index, follow, max-snippet:-1, max-image-preview:large, max-video-preview:-1\" \/>\n<link rel=\"canonical\" href=\"https:\/\/www.cabinet-magar.fr\/le-saviez-vous\/incident-au-cours-dun-seminaire-vie-privee-ou-vie-professionnelle\/\" \/>\n<meta property=\"og:locale\" content=\"de_DE\" \/>\n<meta property=\"og:type\" content=\"article\" \/>\n<meta property=\"og:title\" content=\"Incident au cours d\u2019un s\u00e9minaire : vie priv\u00e9e ou vie professionnelle ? - Cabinet Magar\" \/>\n<meta property=\"og:description\" content=\"Une entreprise organise un s\u00e9minaire sur 2 jours dans une station baln\u00e9aire. Un responsable d\u2019\u00e9quipe propose aux membres de son \u00e9quipe de finir la 1\u00e8re journ\u00e9e de s\u00e9minaire en bo\u00eete de nuit, puis sur la plage. C\u2019est \u00e0 cette occasion que 2 salari\u00e9s ont chahut\u00e9 (amicalement) et que l\u2019un d\u2019eux a \u00e9t\u00e9 bless\u00e9.L\u2019employeur licencie le manager pour manquement \u00e0 son management, ce que ce dernier conteste : ce qui s&#039;est pass\u00e9 cette nuit-l\u00e0 rel\u00e8ve de la vie priv\u00e9e ; il ne peut donc pas \u00eatre sanctionn\u00e9...Qui a raison ?\" \/>\n<meta property=\"og:url\" content=\"https:\/\/www.cabinet-magar.fr\/le-saviez-vous\/incident-au-cours-dun-seminaire-vie-privee-ou-vie-professionnelle\/\" \/>\n<meta property=\"og:site_name\" content=\"Cabinet Magar\" \/>\n<meta property=\"article:published_time\" content=\"2019-07-24T21:23:00+00:00\" \/>\n<meta name=\"author\" content=\"adlucyan\" \/>\n<meta name=\"twitter:card\" content=\"summary_large_image\" \/>\n<meta name=\"twitter:label1\" content=\"Verfasst von\" \/>\n\t<meta name=\"twitter:data1\" content=\"adlucyan\" \/>\n\t<meta name=\"twitter:label2\" content=\"Gesch\u00e4tzte Lesezeit\" \/>\n\t<meta name=\"twitter:data2\" content=\"1\u00a0Minute\" \/>\n<script type=\"application\/ld+json\" class=\"yoast-schema-graph\">{\"@context\":\"https:\/\/schema.org\",\"@graph\":[{\"@type\":\"Article\",\"@id\":\"https:\/\/www.cabinet-magar.fr\/le-saviez-vous\/incident-au-cours-dun-seminaire-vie-privee-ou-vie-professionnelle\/#article\",\"isPartOf\":{\"@id\":\"https:\/\/www.cabinet-magar.fr\/le-saviez-vous\/incident-au-cours-dun-seminaire-vie-privee-ou-vie-professionnelle\/\"},\"author\":{\"name\":\"adlucyan\",\"@id\":\"https:\/\/www.cabinet-magar.fr\/#\/schema\/person\/00f6d5357e718a659e49151253984062\"},\"headline\":\"Incident au cours d\u2019un s\u00e9minaire : vie priv\u00e9e ou vie professionnelle ?\",\"datePublished\":\"2019-07-24T21:23:00+00:00\",\"mainEntityOfPage\":{\"@id\":\"https:\/\/www.cabinet-magar.fr\/le-saviez-vous\/incident-au-cours-dun-seminaire-vie-privee-ou-vie-professionnelle\/\"},\"wordCount\":177,\"commentCount\":0,\"articleSection\":[\"Le saviez-vous ?\"],\"inLanguage\":\"de\",\"potentialAction\":[{\"@type\":\"CommentAction\",\"name\":\"Comment\",\"target\":[\"https:\/\/www.cabinet-magar.fr\/le-saviez-vous\/incident-au-cours-dun-seminaire-vie-privee-ou-vie-professionnelle\/#respond\"]}]},{\"@type\":\"WebPage\",\"@id\":\"https:\/\/www.cabinet-magar.fr\/le-saviez-vous\/incident-au-cours-dun-seminaire-vie-privee-ou-vie-professionnelle\/\",\"url\":\"https:\/\/www.cabinet-magar.fr\/le-saviez-vous\/incident-au-cours-dun-seminaire-vie-privee-ou-vie-professionnelle\/\",\"name\":\"Incident au cours d\u2019un s\u00e9minaire : vie priv\u00e9e ou vie professionnelle ? - Cabinet Magar\",\"isPartOf\":{\"@id\":\"https:\/\/www.cabinet-magar.fr\/#website\"},\"datePublished\":\"2019-07-24T21:23:00+00:00\",\"author\":{\"@id\":\"https:\/\/www.cabinet-magar.fr\/#\/schema\/person\/00f6d5357e718a659e49151253984062\"},\"breadcrumb\":{\"@id\":\"https:\/\/www.cabinet-magar.fr\/le-saviez-vous\/incident-au-cours-dun-seminaire-vie-privee-ou-vie-professionnelle\/#breadcrumb\"},\"inLanguage\":\"de\",\"potentialAction\":[{\"@type\":\"ReadAction\",\"target\":[\"https:\/\/www.cabinet-magar.fr\/le-saviez-vous\/incident-au-cours-dun-seminaire-vie-privee-ou-vie-professionnelle\/\"]}]},{\"@type\":\"BreadcrumbList\",\"@id\":\"https:\/\/www.cabinet-magar.fr\/le-saviez-vous\/incident-au-cours-dun-seminaire-vie-privee-ou-vie-professionnelle\/#breadcrumb\",\"itemListElement\":[{\"@type\":\"ListItem\",\"position\":1,\"name\":\"Accueil\",\"item\":\"https:\/\/www.cabinet-magar.fr\/de\/\"},{\"@type\":\"ListItem\",\"position\":2,\"name\":\"Incident au cours d\u2019un s\u00e9minaire : vie priv\u00e9e ou vie professionnelle ?\"}]},{\"@type\":\"WebSite\",\"@id\":\"https:\/\/www.cabinet-magar.fr\/#website\",\"url\":\"https:\/\/www.cabinet-magar.fr\/\",\"name\":\"Cabinet Magar\",\"description\":\"\",\"potentialAction\":[{\"@type\":\"SearchAction\",\"target\":{\"@type\":\"EntryPoint\",\"urlTemplate\":\"https:\/\/www.cabinet-magar.fr\/?s={search_term_string}\"},\"query-input\":{\"@type\":\"PropertyValueSpecification\",\"valueRequired\":true,\"valueName\":\"search_term_string\"}}],\"inLanguage\":\"de\"},{\"@type\":\"Person\",\"@id\":\"https:\/\/www.cabinet-magar.fr\/#\/schema\/person\/00f6d5357e718a659e49151253984062\",\"name\":\"adlucyan\",\"sameAs\":[\"https:\/\/www.cabinet-magar.fr\"],\"url\":\"https:\/\/www.cabinet-magar.fr\/de\/author\/adlucyan\/\"}]}<\/script>\n<!-- \/ Yoast SEO plugin. -->","yoast_head_json":{"title":"Incident au cours d\u2019un s\u00e9minaire : vie priv\u00e9e ou vie professionnelle ? - Cabinet Magar","robots":{"index":"index","follow":"follow","max-snippet":"max-snippet:-1","max-image-preview":"max-image-preview:large","max-video-preview":"max-video-preview:-1"},"canonical":"https:\/\/www.cabinet-magar.fr\/le-saviez-vous\/incident-au-cours-dun-seminaire-vie-privee-ou-vie-professionnelle\/","og_locale":"de_DE","og_type":"article","og_title":"Incident au cours d\u2019un s\u00e9minaire : vie priv\u00e9e ou vie professionnelle ? - Cabinet Magar","og_description":"Une entreprise organise un s\u00e9minaire sur 2 jours dans une station baln\u00e9aire. Un responsable d\u2019\u00e9quipe propose aux membres de son \u00e9quipe de finir la 1\u00e8re journ\u00e9e de s\u00e9minaire en bo\u00eete de nuit, puis sur la plage. C\u2019est \u00e0 cette occasion que 2 salari\u00e9s ont chahut\u00e9 (amicalement) et que l\u2019un d\u2019eux a \u00e9t\u00e9 bless\u00e9.L\u2019employeur licencie le manager pour manquement \u00e0 son management, ce que ce dernier conteste : ce qui s'est pass\u00e9 cette nuit-l\u00e0 rel\u00e8ve de la vie priv\u00e9e ; il ne peut donc pas \u00eatre sanctionn\u00e9...Qui a raison ?","og_url":"https:\/\/www.cabinet-magar.fr\/le-saviez-vous\/incident-au-cours-dun-seminaire-vie-privee-ou-vie-professionnelle\/","og_site_name":"Cabinet Magar","article_published_time":"2019-07-24T21:23:00+00:00","author":"adlucyan","twitter_card":"summary_large_image","twitter_misc":{"Verfasst von":"adlucyan","Gesch\u00e4tzte Lesezeit":"1\u00a0Minute"},"schema":{"@context":"https:\/\/schema.org","@graph":[{"@type":"Article","@id":"https:\/\/www.cabinet-magar.fr\/le-saviez-vous\/incident-au-cours-dun-seminaire-vie-privee-ou-vie-professionnelle\/#article","isPartOf":{"@id":"https:\/\/www.cabinet-magar.fr\/le-saviez-vous\/incident-au-cours-dun-seminaire-vie-privee-ou-vie-professionnelle\/"},"author":{"name":"adlucyan","@id":"https:\/\/www.cabinet-magar.fr\/#\/schema\/person\/00f6d5357e718a659e49151253984062"},"headline":"Incident au cours d\u2019un s\u00e9minaire : vie priv\u00e9e ou vie professionnelle ?","datePublished":"2019-07-24T21:23:00+00:00","mainEntityOfPage":{"@id":"https:\/\/www.cabinet-magar.fr\/le-saviez-vous\/incident-au-cours-dun-seminaire-vie-privee-ou-vie-professionnelle\/"},"wordCount":177,"commentCount":0,"articleSection":["Le saviez-vous ?"],"inLanguage":"de","potentialAction":[{"@type":"CommentAction","name":"Comment","target":["https:\/\/www.cabinet-magar.fr\/le-saviez-vous\/incident-au-cours-dun-seminaire-vie-privee-ou-vie-professionnelle\/#respond"]}]},{"@type":"WebPage","@id":"https:\/\/www.cabinet-magar.fr\/le-saviez-vous\/incident-au-cours-dun-seminaire-vie-privee-ou-vie-professionnelle\/","url":"https:\/\/www.cabinet-magar.fr\/le-saviez-vous\/incident-au-cours-dun-seminaire-vie-privee-ou-vie-professionnelle\/","name":"Incident au cours d\u2019un s\u00e9minaire : vie priv\u00e9e ou vie professionnelle ? - Cabinet Magar","isPartOf":{"@id":"https:\/\/www.cabinet-magar.fr\/#website"},"datePublished":"2019-07-24T21:23:00+00:00","author":{"@id":"https:\/\/www.cabinet-magar.fr\/#\/schema\/person\/00f6d5357e718a659e49151253984062"},"breadcrumb":{"@id":"https:\/\/www.cabinet-magar.fr\/le-saviez-vous\/incident-au-cours-dun-seminaire-vie-privee-ou-vie-professionnelle\/#breadcrumb"},"inLanguage":"de","potentialAction":[{"@type":"ReadAction","target":["https:\/\/www.cabinet-magar.fr\/le-saviez-vous\/incident-au-cours-dun-seminaire-vie-privee-ou-vie-professionnelle\/"]}]},{"@type":"BreadcrumbList","@id":"https:\/\/www.cabinet-magar.fr\/le-saviez-vous\/incident-au-cours-dun-seminaire-vie-privee-ou-vie-professionnelle\/#breadcrumb","itemListElement":[{"@type":"ListItem","position":1,"name":"Accueil","item":"https:\/\/www.cabinet-magar.fr\/de\/"},{"@type":"ListItem","position":2,"name":"Incident au cours d\u2019un s\u00e9minaire : vie priv\u00e9e ou vie professionnelle ?"}]},{"@type":"WebSite","@id":"https:\/\/www.cabinet-magar.fr\/#website","url":"https:\/\/www.cabinet-magar.fr\/","name":"Cabinet Magar","description":"","potentialAction":[{"@type":"SearchAction","target":{"@type":"EntryPoint","urlTemplate":"https:\/\/www.cabinet-magar.fr\/?s={search_term_string}"},"query-input":{"@type":"PropertyValueSpecification","valueRequired":true,"valueName":"search_term_string"}}],"inLanguage":"de"},{"@type":"Person","@id":"https:\/\/www.cabinet-magar.fr\/#\/schema\/person\/00f6d5357e718a659e49151253984062","name":"adlucyan","sameAs":["https:\/\/www.cabinet-magar.fr"],"url":"https:\/\/www.cabinet-magar.fr\/de\/author\/adlucyan\/"}]}},"_links":{"self":[{"href":"https:\/\/www.cabinet-magar.fr\/de\/wp-json\/wp\/v2\/posts\/193","targetHints":{"allow":["GET"]}}],"collection":[{"href":"https:\/\/www.cabinet-magar.fr\/de\/wp-json\/wp\/v2\/posts"}],"about":[{"href":"https:\/\/www.cabinet-magar.fr\/de\/wp-json\/wp\/v2\/types\/post"}],"author":[{"embeddable":true,"href":"https:\/\/www.cabinet-magar.fr\/de\/wp-json\/wp\/v2\/users\/1"}],"replies":[{"embeddable":true,"href":"https:\/\/www.cabinet-magar.fr\/de\/wp-json\/wp\/v2\/comments?post=193"}],"version-history":[{"count":0,"href":"https:\/\/www.cabinet-magar.fr\/de\/wp-json\/wp\/v2\/posts\/193\/revisions"}],"wp:attachment":[{"href":"https:\/\/www.cabinet-magar.fr\/de\/wp-json\/wp\/v2\/media?parent=193"}],"wp:term":[{"taxonomy":"category","embeddable":true,"href":"https:\/\/www.cabinet-magar.fr\/de\/wp-json\/wp\/v2\/categories?post=193"},{"taxonomy":"post_tag","embeddable":true,"href":"https:\/\/www.cabinet-magar.fr\/de\/wp-json\/wp\/v2\/tags?post=193"}],"curies":[{"name":"wp","href":"https:\/\/api.w.org\/{rel}","templated":true}]}}