{"id":191,"date":"2019-09-18T23:23:00","date_gmt":"2019-09-18T21:23:00","guid":{"rendered":"https:\/\/www.cabinet-magar.fr\/pas-de-taxe-fonciere-pour-une-construction-nouvelle\/"},"modified":"2019-09-18T23:23:00","modified_gmt":"2019-09-18T21:23:00","slug":"pas-de-taxe-fonciere-pour-une-construction-nouvelle","status":"publish","type":"post","link":"https:\/\/www.cabinet-magar.fr\/de\/le-saviez-vous\/pas-de-taxe-fonciere-pour-une-construction-nouvelle\/","title":{"rendered":"Pas de taxe fonci\u00e8re pour une construction nouvelle ?"},"content":{"rendered":"<div class=\"quizz\">\n<div class=\"question-quizz\">Une entreprise a fait construire un nouveau local pour les besoins de son activit\u00e9 professionnelle qui a \u00e9t\u00e9 achev\u00e9 en 2018.<\/p>\n<p>Le dirigeant se rappelle que, par principe, s&#8217;agissant d&#8217;une construction nouvelle, il n&#8217;aura aucune taxe fonci\u00e8re \u00e0 payer en 2019 et 2020.<\/p>\n<p>Mais est-ce vraiment le cas ?<\/p><\/div>\n<ul class=\"propal-quizz\">\n<li class=\"quizz-a\"><a href=\"#reponse\" onclick=\"document.getElementById('page-fiche').classList.add('quizz-open'); return false;\">Oui<\/a><\/li>\n<li class=\"quizz-b\"><a href=\"#reponse\" onclick=\"document.getElementById('page-fiche').classList.add('quizz-open'); return false;\">Non<\/a><\/li>\n<\/ul>\n<div id=\"rna\" class=\"reponse-non-affichee\">La r\u00e9ponse n&#8217;est pas toujours celle que l&#8217;on croit&#8230;<\/div>\n<div id=\"reponse\" class=\"reponse-quizz-in\">La bonne r\u00e9ponse est&#8230;<br \/> <span class=\"reponse-b\">Non<\/span><br \/>Les constructions nouvelles (ainsi que les reconstructions et les ajouts de construction) sont, par principe, exon\u00e9r\u00e9es pendant 2 ans de la taxe fonci\u00e8re sur les propri\u00e9t\u00e9s b\u00e2ties, qu&#8217;il s&#8217;agisse d&#8217;un immeuble affect\u00e9 \u00e0 l&#8217;habitation (principale ou secondaire) ou \u00e0 un usage industriel, commercial, artisanal ou professionnel.<\/p>\n<p>Mais, en ce qui concerne les immeubles autres que ceux \u00e0 usage d&#8217;habitation, l&#8217;exon\u00e9ration ne porte que sur la part d\u00e9partementale de la taxe, \u00e0 l&#8217;exclusion de la part communale.Par cons\u00e9quent, dans notre cas de figure, l&#8217;entreprise devra payer une taxe fonci\u00e8re au moins partielle.<\/p><\/div>\n<\/div>\n","protected":false},"excerpt":{"rendered":"<p>Une entreprise a fait construire un nouveau local pour les besoins de son activit\u00e9 professionnelle qui a \u00e9t\u00e9 achev\u00e9 en 2018.<\/p>\n<p>Le dirigeant se rappelle que, par principe, s&#8217;agissant d&#8217;une construction nouvelle, il n&#8217;aura aucune taxe fonci\u00e8re \u00e0 payer en 2019 et 2020.<\/p>\n<p>Mais est-ce vraiment le cas ?<\/p>\n","protected":false},"author":1,"featured_media":0,"comment_status":"open","ping_status":"closed","sticky":false,"template":"","format":"standard","meta":{"_acf_changed":false,"footnotes":""},"categories":[5],"tags":[],"class_list":["post-191","post","type-post","status-publish","format-standard","hentry","category-le-saviez-vous"],"acf":[],"yoast_head":"<!-- This site is optimized with the Yoast SEO plugin v27.2 - https:\/\/yoast.com\/product\/yoast-seo-wordpress\/ -->\n<title>Pas de taxe fonci\u00e8re pour une construction nouvelle ? - Cabinet Magar<\/title>\n<meta name=\"robots\" content=\"index, follow, max-snippet:-1, max-image-preview:large, max-video-preview:-1\" \/>\n<link rel=\"canonical\" href=\"https:\/\/www.cabinet-magar.fr\/le-saviez-vous\/pas-de-taxe-fonciere-pour-une-construction-nouvelle\/\" \/>\n<meta property=\"og:locale\" content=\"de_DE\" \/>\n<meta property=\"og:type\" content=\"article\" \/>\n<meta property=\"og:title\" content=\"Pas de taxe fonci\u00e8re pour une construction nouvelle ? - Cabinet Magar\" \/>\n<meta property=\"og:description\" content=\"Une entreprise a fait construire un nouveau local pour les besoins de son activit\u00e9 professionnelle qui a \u00e9t\u00e9 achev\u00e9 en 2018.Le dirigeant se rappelle que, par principe, s&#039;agissant d&#039;une construction nouvelle, il n&#039;aura aucune taxe fonci\u00e8re \u00e0 payer en 2019 et 2020.Mais est-ce vraiment le cas ?\" \/>\n<meta property=\"og:url\" content=\"https:\/\/www.cabinet-magar.fr\/le-saviez-vous\/pas-de-taxe-fonciere-pour-une-construction-nouvelle\/\" \/>\n<meta property=\"og:site_name\" content=\"Cabinet Magar\" \/>\n<meta property=\"article:published_time\" content=\"2019-09-18T21:23:00+00:00\" \/>\n<meta name=\"author\" content=\"adlucyan\" \/>\n<meta name=\"twitter:card\" content=\"summary_large_image\" \/>\n<meta name=\"twitter:label1\" content=\"Verfasst von\" \/>\n\t<meta name=\"twitter:data1\" content=\"adlucyan\" \/>\n\t<meta name=\"twitter:label2\" content=\"Gesch\u00e4tzte Lesezeit\" \/>\n\t<meta name=\"twitter:data2\" content=\"1\u00a0Minute\" \/>\n<script type=\"application\/ld+json\" class=\"yoast-schema-graph\">{\"@context\":\"https:\/\/schema.org\",\"@graph\":[{\"@type\":\"Article\",\"@id\":\"https:\/\/www.cabinet-magar.fr\/le-saviez-vous\/pas-de-taxe-fonciere-pour-une-construction-nouvelle\/#article\",\"isPartOf\":{\"@id\":\"https:\/\/www.cabinet-magar.fr\/le-saviez-vous\/pas-de-taxe-fonciere-pour-une-construction-nouvelle\/\"},\"author\":{\"name\":\"adlucyan\",\"@id\":\"https:\/\/www.cabinet-magar.fr\/#\/schema\/person\/00f6d5357e718a659e49151253984062\"},\"headline\":\"Pas de taxe fonci\u00e8re pour une construction nouvelle ?\",\"datePublished\":\"2019-09-18T21:23:00+00:00\",\"mainEntityOfPage\":{\"@id\":\"https:\/\/www.cabinet-magar.fr\/le-saviez-vous\/pas-de-taxe-fonciere-pour-une-construction-nouvelle\/\"},\"wordCount\":182,\"commentCount\":0,\"articleSection\":[\"Le saviez-vous ?\"],\"inLanguage\":\"de\",\"potentialAction\":[{\"@type\":\"CommentAction\",\"name\":\"Comment\",\"target\":[\"https:\/\/www.cabinet-magar.fr\/le-saviez-vous\/pas-de-taxe-fonciere-pour-une-construction-nouvelle\/#respond\"]}]},{\"@type\":\"WebPage\",\"@id\":\"https:\/\/www.cabinet-magar.fr\/le-saviez-vous\/pas-de-taxe-fonciere-pour-une-construction-nouvelle\/\",\"url\":\"https:\/\/www.cabinet-magar.fr\/le-saviez-vous\/pas-de-taxe-fonciere-pour-une-construction-nouvelle\/\",\"name\":\"Pas de taxe fonci\u00e8re pour une construction nouvelle ? - Cabinet Magar\",\"isPartOf\":{\"@id\":\"https:\/\/www.cabinet-magar.fr\/#website\"},\"datePublished\":\"2019-09-18T21:23:00+00:00\",\"author\":{\"@id\":\"https:\/\/www.cabinet-magar.fr\/#\/schema\/person\/00f6d5357e718a659e49151253984062\"},\"breadcrumb\":{\"@id\":\"https:\/\/www.cabinet-magar.fr\/le-saviez-vous\/pas-de-taxe-fonciere-pour-une-construction-nouvelle\/#breadcrumb\"},\"inLanguage\":\"de\",\"potentialAction\":[{\"@type\":\"ReadAction\",\"target\":[\"https:\/\/www.cabinet-magar.fr\/le-saviez-vous\/pas-de-taxe-fonciere-pour-une-construction-nouvelle\/\"]}]},{\"@type\":\"BreadcrumbList\",\"@id\":\"https:\/\/www.cabinet-magar.fr\/le-saviez-vous\/pas-de-taxe-fonciere-pour-une-construction-nouvelle\/#breadcrumb\",\"itemListElement\":[{\"@type\":\"ListItem\",\"position\":1,\"name\":\"Accueil\",\"item\":\"https:\/\/www.cabinet-magar.fr\/de\/\"},{\"@type\":\"ListItem\",\"position\":2,\"name\":\"Pas de taxe fonci\u00e8re pour une construction nouvelle ?\"}]},{\"@type\":\"WebSite\",\"@id\":\"https:\/\/www.cabinet-magar.fr\/#website\",\"url\":\"https:\/\/www.cabinet-magar.fr\/\",\"name\":\"Cabinet Magar\",\"description\":\"\",\"potentialAction\":[{\"@type\":\"SearchAction\",\"target\":{\"@type\":\"EntryPoint\",\"urlTemplate\":\"https:\/\/www.cabinet-magar.fr\/?s={search_term_string}\"},\"query-input\":{\"@type\":\"PropertyValueSpecification\",\"valueRequired\":true,\"valueName\":\"search_term_string\"}}],\"inLanguage\":\"de\"},{\"@type\":\"Person\",\"@id\":\"https:\/\/www.cabinet-magar.fr\/#\/schema\/person\/00f6d5357e718a659e49151253984062\",\"name\":\"adlucyan\",\"sameAs\":[\"https:\/\/www.cabinet-magar.fr\"],\"url\":\"https:\/\/www.cabinet-magar.fr\/de\/author\/adlucyan\/\"}]}<\/script>\n<!-- \/ Yoast SEO plugin. -->","yoast_head_json":{"title":"Pas de taxe fonci\u00e8re pour une construction nouvelle ? - Cabinet Magar","robots":{"index":"index","follow":"follow","max-snippet":"max-snippet:-1","max-image-preview":"max-image-preview:large","max-video-preview":"max-video-preview:-1"},"canonical":"https:\/\/www.cabinet-magar.fr\/le-saviez-vous\/pas-de-taxe-fonciere-pour-une-construction-nouvelle\/","og_locale":"de_DE","og_type":"article","og_title":"Pas de taxe fonci\u00e8re pour une construction nouvelle ? - Cabinet Magar","og_description":"Une entreprise a fait construire un nouveau local pour les besoins de son activit\u00e9 professionnelle qui a \u00e9t\u00e9 achev\u00e9 en 2018.Le dirigeant se rappelle que, par principe, s'agissant d'une construction nouvelle, il n'aura aucune taxe fonci\u00e8re \u00e0 payer en 2019 et 2020.Mais est-ce vraiment le cas ?","og_url":"https:\/\/www.cabinet-magar.fr\/le-saviez-vous\/pas-de-taxe-fonciere-pour-une-construction-nouvelle\/","og_site_name":"Cabinet Magar","article_published_time":"2019-09-18T21:23:00+00:00","author":"adlucyan","twitter_card":"summary_large_image","twitter_misc":{"Verfasst von":"adlucyan","Gesch\u00e4tzte Lesezeit":"1\u00a0Minute"},"schema":{"@context":"https:\/\/schema.org","@graph":[{"@type":"Article","@id":"https:\/\/www.cabinet-magar.fr\/le-saviez-vous\/pas-de-taxe-fonciere-pour-une-construction-nouvelle\/#article","isPartOf":{"@id":"https:\/\/www.cabinet-magar.fr\/le-saviez-vous\/pas-de-taxe-fonciere-pour-une-construction-nouvelle\/"},"author":{"name":"adlucyan","@id":"https:\/\/www.cabinet-magar.fr\/#\/schema\/person\/00f6d5357e718a659e49151253984062"},"headline":"Pas de taxe fonci\u00e8re pour une construction nouvelle ?","datePublished":"2019-09-18T21:23:00+00:00","mainEntityOfPage":{"@id":"https:\/\/www.cabinet-magar.fr\/le-saviez-vous\/pas-de-taxe-fonciere-pour-une-construction-nouvelle\/"},"wordCount":182,"commentCount":0,"articleSection":["Le saviez-vous ?"],"inLanguage":"de","potentialAction":[{"@type":"CommentAction","name":"Comment","target":["https:\/\/www.cabinet-magar.fr\/le-saviez-vous\/pas-de-taxe-fonciere-pour-une-construction-nouvelle\/#respond"]}]},{"@type":"WebPage","@id":"https:\/\/www.cabinet-magar.fr\/le-saviez-vous\/pas-de-taxe-fonciere-pour-une-construction-nouvelle\/","url":"https:\/\/www.cabinet-magar.fr\/le-saviez-vous\/pas-de-taxe-fonciere-pour-une-construction-nouvelle\/","name":"Pas de taxe fonci\u00e8re pour une construction nouvelle ? - Cabinet Magar","isPartOf":{"@id":"https:\/\/www.cabinet-magar.fr\/#website"},"datePublished":"2019-09-18T21:23:00+00:00","author":{"@id":"https:\/\/www.cabinet-magar.fr\/#\/schema\/person\/00f6d5357e718a659e49151253984062"},"breadcrumb":{"@id":"https:\/\/www.cabinet-magar.fr\/le-saviez-vous\/pas-de-taxe-fonciere-pour-une-construction-nouvelle\/#breadcrumb"},"inLanguage":"de","potentialAction":[{"@type":"ReadAction","target":["https:\/\/www.cabinet-magar.fr\/le-saviez-vous\/pas-de-taxe-fonciere-pour-une-construction-nouvelle\/"]}]},{"@type":"BreadcrumbList","@id":"https:\/\/www.cabinet-magar.fr\/le-saviez-vous\/pas-de-taxe-fonciere-pour-une-construction-nouvelle\/#breadcrumb","itemListElement":[{"@type":"ListItem","position":1,"name":"Accueil","item":"https:\/\/www.cabinet-magar.fr\/de\/"},{"@type":"ListItem","position":2,"name":"Pas de taxe fonci\u00e8re pour une construction nouvelle ?"}]},{"@type":"WebSite","@id":"https:\/\/www.cabinet-magar.fr\/#website","url":"https:\/\/www.cabinet-magar.fr\/","name":"Cabinet Magar","description":"","potentialAction":[{"@type":"SearchAction","target":{"@type":"EntryPoint","urlTemplate":"https:\/\/www.cabinet-magar.fr\/?s={search_term_string}"},"query-input":{"@type":"PropertyValueSpecification","valueRequired":true,"valueName":"search_term_string"}}],"inLanguage":"de"},{"@type":"Person","@id":"https:\/\/www.cabinet-magar.fr\/#\/schema\/person\/00f6d5357e718a659e49151253984062","name":"adlucyan","sameAs":["https:\/\/www.cabinet-magar.fr"],"url":"https:\/\/www.cabinet-magar.fr\/de\/author\/adlucyan\/"}]}},"_links":{"self":[{"href":"https:\/\/www.cabinet-magar.fr\/de\/wp-json\/wp\/v2\/posts\/191","targetHints":{"allow":["GET"]}}],"collection":[{"href":"https:\/\/www.cabinet-magar.fr\/de\/wp-json\/wp\/v2\/posts"}],"about":[{"href":"https:\/\/www.cabinet-magar.fr\/de\/wp-json\/wp\/v2\/types\/post"}],"author":[{"embeddable":true,"href":"https:\/\/www.cabinet-magar.fr\/de\/wp-json\/wp\/v2\/users\/1"}],"replies":[{"embeddable":true,"href":"https:\/\/www.cabinet-magar.fr\/de\/wp-json\/wp\/v2\/comments?post=191"}],"version-history":[{"count":0,"href":"https:\/\/www.cabinet-magar.fr\/de\/wp-json\/wp\/v2\/posts\/191\/revisions"}],"wp:attachment":[{"href":"https:\/\/www.cabinet-magar.fr\/de\/wp-json\/wp\/v2\/media?parent=191"}],"wp:term":[{"taxonomy":"category","embeddable":true,"href":"https:\/\/www.cabinet-magar.fr\/de\/wp-json\/wp\/v2\/categories?post=191"},{"taxonomy":"post_tag","embeddable":true,"href":"https:\/\/www.cabinet-magar.fr\/de\/wp-json\/wp\/v2\/tags?post=191"}],"curies":[{"name":"wp","href":"https:\/\/api.w.org\/{rel}","templated":true}]}}