{"id":190,"date":"2019-10-02T23:23:00","date_gmt":"2019-10-02T21:23:00","guid":{"rendered":"https:\/\/www.cabinet-magar.fr\/temps-partiel-au-moins-24-heures\/"},"modified":"2019-10-02T23:23:00","modified_gmt":"2019-10-02T21:23:00","slug":"temps-partiel-au-moins-24-heures","status":"publish","type":"post","link":"https:\/\/www.cabinet-magar.fr\/de\/le-saviez-vous\/temps-partiel-au-moins-24-heures\/","title":{"rendered":"Temps partiel : au moins 24 heures ?"},"content":{"rendered":"<div class=\"quizz\">\n<div class=\"question-quizz\">Une entreprise envisage d&#8217;embaucher, \u00e0 temps partiel, un \u00e9tudiant qui vient d&#8217;entrer \u00e0 l&#8217;universit\u00e9.<\/p>\n<p>Mais, alors qu&#8217;un contrat de travail \u00e0 temps partiel doit pr\u00e9voir une dur\u00e9e minimale de 24 heures par semaine, l&#8217;\u00e9tudiant demande, au vu de ses horaires de cours, \u00e0 ne travailler que les lundi, mardi et mercredi de 8h00 \u00e0 12h00, soit 12 heures par semaine.<\/p>\n<p>Est-ce possible ?<\/p><\/div>\n<ul class=\"propal-quizz\">\n<li class=\"quizz-a\"><a href=\"#reponse\" onclick=\"document.getElementById('page-fiche').classList.add('quizz-open'); return false;\">Oui<\/a><\/li>\n<li class=\"quizz-b\"><a href=\"#reponse\" onclick=\"document.getElementById('page-fiche').classList.add('quizz-open'); return false;\">Non<\/a><\/li>\n<\/ul>\n<div id=\"rna\" class=\"reponse-non-affichee\">La r\u00e9ponse n&#8217;est pas toujours celle que l&#8217;on croit&#8230;<\/div>\n<div id=\"reponse\" class=\"reponse-quizz-in\">La bonne r\u00e9ponse est&#8230;<br \/> <span class=\"reponse-a\">Oui<\/span><br \/>Il est possible ici de d\u00e9roger \u00e0 la dur\u00e9e minimale de 24 heures par semaine.<\/p>\n<p>Pour rappel, la Loi de s\u00e9curisation de l\u2019emploi a instaur\u00e9 une dur\u00e9e minimale de principe de 24 heures par semaine pour les contrats de travail \u00e0 temps partiel, applicable depuis le 1er janvier 2014.<\/p>\n<p>Mais, il est admis que les \u00e9tudiants de moins de 26 ans puissent disposer d\u2019une dur\u00e9e de travail inf\u00e9rieure \u00e0 24 heures par semaine, compatible avec leurs \u00e9tudes.<\/p><\/div>\n<\/div>\n","protected":false},"excerpt":{"rendered":"<p>Une entreprise envisage d&#8217;embaucher, \u00e0 temps partiel, un \u00e9tudiant qui vient d&#8217;entrer \u00e0 l&#8217;universit\u00e9.<\/p>\n<p>Mais, alors qu&#8217;un contrat de travail \u00e0 temps partiel doit pr\u00e9voir une dur\u00e9e minimale de 24 heures par semaine, l&#8217;\u00e9tudiant demande, au vu de ses horaires de cours, \u00e0 ne travailler que les lundi, mardi et mercredi de 8h00 \u00e0 12h00, soit 12 heures par semaine.<\/p>\n<p>Est-ce possible ?<\/p>\n","protected":false},"author":1,"featured_media":0,"comment_status":"open","ping_status":"closed","sticky":false,"template":"","format":"standard","meta":{"_acf_changed":false,"footnotes":""},"categories":[5],"tags":[],"class_list":["post-190","post","type-post","status-publish","format-standard","hentry","category-le-saviez-vous"],"acf":[],"yoast_head":"<!-- This site is optimized with the Yoast SEO plugin v27.2 - https:\/\/yoast.com\/product\/yoast-seo-wordpress\/ -->\n<title>Temps partiel : au moins 24 heures ? - Cabinet Magar<\/title>\n<meta name=\"robots\" content=\"index, follow, max-snippet:-1, max-image-preview:large, max-video-preview:-1\" \/>\n<link rel=\"canonical\" href=\"https:\/\/www.cabinet-magar.fr\/le-saviez-vous\/temps-partiel-au-moins-24-heures\/\" \/>\n<meta property=\"og:locale\" content=\"de_DE\" \/>\n<meta property=\"og:type\" content=\"article\" \/>\n<meta property=\"og:title\" content=\"Temps partiel : au moins 24 heures ? - Cabinet Magar\" \/>\n<meta property=\"og:description\" content=\"Une entreprise envisage d&#039;embaucher, \u00e0 temps partiel, un \u00e9tudiant qui vient d&#039;entrer \u00e0 l&#039;universit\u00e9.Mais, alors qu&#039;un contrat de travail \u00e0 temps partiel doit pr\u00e9voir une dur\u00e9e minimale de 24 heures par semaine, l&#039;\u00e9tudiant demande, au vu de ses horaires de cours, \u00e0 ne travailler que les lundi, mardi et mercredi de 8h00 \u00e0 12h00, soit 12 heures par semaine.Est-ce possible ?\" \/>\n<meta property=\"og:url\" content=\"https:\/\/www.cabinet-magar.fr\/le-saviez-vous\/temps-partiel-au-moins-24-heures\/\" \/>\n<meta property=\"og:site_name\" content=\"Cabinet Magar\" \/>\n<meta property=\"article:published_time\" content=\"2019-10-02T21:23:00+00:00\" \/>\n<meta name=\"author\" content=\"adlucyan\" \/>\n<meta name=\"twitter:card\" content=\"summary_large_image\" \/>\n<meta name=\"twitter:label1\" content=\"Verfasst von\" \/>\n\t<meta name=\"twitter:data1\" content=\"adlucyan\" \/>\n\t<meta name=\"twitter:label2\" content=\"Gesch\u00e4tzte Lesezeit\" \/>\n\t<meta name=\"twitter:data2\" content=\"1\u00a0Minute\" \/>\n<script type=\"application\/ld+json\" class=\"yoast-schema-graph\">{\"@context\":\"https:\/\/schema.org\",\"@graph\":[{\"@type\":\"Article\",\"@id\":\"https:\/\/www.cabinet-magar.fr\/le-saviez-vous\/temps-partiel-au-moins-24-heures\/#article\",\"isPartOf\":{\"@id\":\"https:\/\/www.cabinet-magar.fr\/le-saviez-vous\/temps-partiel-au-moins-24-heures\/\"},\"author\":{\"name\":\"adlucyan\",\"@id\":\"https:\/\/www.cabinet-magar.fr\/#\/schema\/person\/00f6d5357e718a659e49151253984062\"},\"headline\":\"Temps partiel : au moins 24 heures ?\",\"datePublished\":\"2019-10-02T21:23:00+00:00\",\"mainEntityOfPage\":{\"@id\":\"https:\/\/www.cabinet-magar.fr\/le-saviez-vous\/temps-partiel-au-moins-24-heures\/\"},\"wordCount\":164,\"commentCount\":0,\"articleSection\":[\"Le saviez-vous ?\"],\"inLanguage\":\"de\",\"potentialAction\":[{\"@type\":\"CommentAction\",\"name\":\"Comment\",\"target\":[\"https:\/\/www.cabinet-magar.fr\/le-saviez-vous\/temps-partiel-au-moins-24-heures\/#respond\"]}]},{\"@type\":\"WebPage\",\"@id\":\"https:\/\/www.cabinet-magar.fr\/le-saviez-vous\/temps-partiel-au-moins-24-heures\/\",\"url\":\"https:\/\/www.cabinet-magar.fr\/le-saviez-vous\/temps-partiel-au-moins-24-heures\/\",\"name\":\"Temps partiel : au moins 24 heures ? - Cabinet Magar\",\"isPartOf\":{\"@id\":\"https:\/\/www.cabinet-magar.fr\/#website\"},\"datePublished\":\"2019-10-02T21:23:00+00:00\",\"author\":{\"@id\":\"https:\/\/www.cabinet-magar.fr\/#\/schema\/person\/00f6d5357e718a659e49151253984062\"},\"breadcrumb\":{\"@id\":\"https:\/\/www.cabinet-magar.fr\/le-saviez-vous\/temps-partiel-au-moins-24-heures\/#breadcrumb\"},\"inLanguage\":\"de\",\"potentialAction\":[{\"@type\":\"ReadAction\",\"target\":[\"https:\/\/www.cabinet-magar.fr\/le-saviez-vous\/temps-partiel-au-moins-24-heures\/\"]}]},{\"@type\":\"BreadcrumbList\",\"@id\":\"https:\/\/www.cabinet-magar.fr\/le-saviez-vous\/temps-partiel-au-moins-24-heures\/#breadcrumb\",\"itemListElement\":[{\"@type\":\"ListItem\",\"position\":1,\"name\":\"Accueil\",\"item\":\"https:\/\/www.cabinet-magar.fr\/de\/\"},{\"@type\":\"ListItem\",\"position\":2,\"name\":\"Temps partiel : au moins 24 heures ?\"}]},{\"@type\":\"WebSite\",\"@id\":\"https:\/\/www.cabinet-magar.fr\/#website\",\"url\":\"https:\/\/www.cabinet-magar.fr\/\",\"name\":\"Cabinet Magar\",\"description\":\"\",\"potentialAction\":[{\"@type\":\"SearchAction\",\"target\":{\"@type\":\"EntryPoint\",\"urlTemplate\":\"https:\/\/www.cabinet-magar.fr\/?s={search_term_string}\"},\"query-input\":{\"@type\":\"PropertyValueSpecification\",\"valueRequired\":true,\"valueName\":\"search_term_string\"}}],\"inLanguage\":\"de\"},{\"@type\":\"Person\",\"@id\":\"https:\/\/www.cabinet-magar.fr\/#\/schema\/person\/00f6d5357e718a659e49151253984062\",\"name\":\"adlucyan\",\"sameAs\":[\"https:\/\/www.cabinet-magar.fr\"],\"url\":\"https:\/\/www.cabinet-magar.fr\/de\/author\/adlucyan\/\"}]}<\/script>\n<!-- \/ Yoast SEO plugin. -->","yoast_head_json":{"title":"Temps partiel : au moins 24 heures ? - Cabinet Magar","robots":{"index":"index","follow":"follow","max-snippet":"max-snippet:-1","max-image-preview":"max-image-preview:large","max-video-preview":"max-video-preview:-1"},"canonical":"https:\/\/www.cabinet-magar.fr\/le-saviez-vous\/temps-partiel-au-moins-24-heures\/","og_locale":"de_DE","og_type":"article","og_title":"Temps partiel : au moins 24 heures ? - Cabinet Magar","og_description":"Une entreprise envisage d'embaucher, \u00e0 temps partiel, un \u00e9tudiant qui vient d'entrer \u00e0 l'universit\u00e9.Mais, alors qu'un contrat de travail \u00e0 temps partiel doit pr\u00e9voir une dur\u00e9e minimale de 24 heures par semaine, l'\u00e9tudiant demande, au vu de ses horaires de cours, \u00e0 ne travailler que les lundi, mardi et mercredi de 8h00 \u00e0 12h00, soit 12 heures par semaine.Est-ce possible ?","og_url":"https:\/\/www.cabinet-magar.fr\/le-saviez-vous\/temps-partiel-au-moins-24-heures\/","og_site_name":"Cabinet Magar","article_published_time":"2019-10-02T21:23:00+00:00","author":"adlucyan","twitter_card":"summary_large_image","twitter_misc":{"Verfasst von":"adlucyan","Gesch\u00e4tzte Lesezeit":"1\u00a0Minute"},"schema":{"@context":"https:\/\/schema.org","@graph":[{"@type":"Article","@id":"https:\/\/www.cabinet-magar.fr\/le-saviez-vous\/temps-partiel-au-moins-24-heures\/#article","isPartOf":{"@id":"https:\/\/www.cabinet-magar.fr\/le-saviez-vous\/temps-partiel-au-moins-24-heures\/"},"author":{"name":"adlucyan","@id":"https:\/\/www.cabinet-magar.fr\/#\/schema\/person\/00f6d5357e718a659e49151253984062"},"headline":"Temps partiel : au moins 24 heures ?","datePublished":"2019-10-02T21:23:00+00:00","mainEntityOfPage":{"@id":"https:\/\/www.cabinet-magar.fr\/le-saviez-vous\/temps-partiel-au-moins-24-heures\/"},"wordCount":164,"commentCount":0,"articleSection":["Le saviez-vous ?"],"inLanguage":"de","potentialAction":[{"@type":"CommentAction","name":"Comment","target":["https:\/\/www.cabinet-magar.fr\/le-saviez-vous\/temps-partiel-au-moins-24-heures\/#respond"]}]},{"@type":"WebPage","@id":"https:\/\/www.cabinet-magar.fr\/le-saviez-vous\/temps-partiel-au-moins-24-heures\/","url":"https:\/\/www.cabinet-magar.fr\/le-saviez-vous\/temps-partiel-au-moins-24-heures\/","name":"Temps partiel : au moins 24 heures ? - Cabinet Magar","isPartOf":{"@id":"https:\/\/www.cabinet-magar.fr\/#website"},"datePublished":"2019-10-02T21:23:00+00:00","author":{"@id":"https:\/\/www.cabinet-magar.fr\/#\/schema\/person\/00f6d5357e718a659e49151253984062"},"breadcrumb":{"@id":"https:\/\/www.cabinet-magar.fr\/le-saviez-vous\/temps-partiel-au-moins-24-heures\/#breadcrumb"},"inLanguage":"de","potentialAction":[{"@type":"ReadAction","target":["https:\/\/www.cabinet-magar.fr\/le-saviez-vous\/temps-partiel-au-moins-24-heures\/"]}]},{"@type":"BreadcrumbList","@id":"https:\/\/www.cabinet-magar.fr\/le-saviez-vous\/temps-partiel-au-moins-24-heures\/#breadcrumb","itemListElement":[{"@type":"ListItem","position":1,"name":"Accueil","item":"https:\/\/www.cabinet-magar.fr\/de\/"},{"@type":"ListItem","position":2,"name":"Temps partiel : au moins 24 heures ?"}]},{"@type":"WebSite","@id":"https:\/\/www.cabinet-magar.fr\/#website","url":"https:\/\/www.cabinet-magar.fr\/","name":"Cabinet Magar","description":"","potentialAction":[{"@type":"SearchAction","target":{"@type":"EntryPoint","urlTemplate":"https:\/\/www.cabinet-magar.fr\/?s={search_term_string}"},"query-input":{"@type":"PropertyValueSpecification","valueRequired":true,"valueName":"search_term_string"}}],"inLanguage":"de"},{"@type":"Person","@id":"https:\/\/www.cabinet-magar.fr\/#\/schema\/person\/00f6d5357e718a659e49151253984062","name":"adlucyan","sameAs":["https:\/\/www.cabinet-magar.fr"],"url":"https:\/\/www.cabinet-magar.fr\/de\/author\/adlucyan\/"}]}},"_links":{"self":[{"href":"https:\/\/www.cabinet-magar.fr\/de\/wp-json\/wp\/v2\/posts\/190","targetHints":{"allow":["GET"]}}],"collection":[{"href":"https:\/\/www.cabinet-magar.fr\/de\/wp-json\/wp\/v2\/posts"}],"about":[{"href":"https:\/\/www.cabinet-magar.fr\/de\/wp-json\/wp\/v2\/types\/post"}],"author":[{"embeddable":true,"href":"https:\/\/www.cabinet-magar.fr\/de\/wp-json\/wp\/v2\/users\/1"}],"replies":[{"embeddable":true,"href":"https:\/\/www.cabinet-magar.fr\/de\/wp-json\/wp\/v2\/comments?post=190"}],"version-history":[{"count":0,"href":"https:\/\/www.cabinet-magar.fr\/de\/wp-json\/wp\/v2\/posts\/190\/revisions"}],"wp:attachment":[{"href":"https:\/\/www.cabinet-magar.fr\/de\/wp-json\/wp\/v2\/media?parent=190"}],"wp:term":[{"taxonomy":"category","embeddable":true,"href":"https:\/\/www.cabinet-magar.fr\/de\/wp-json\/wp\/v2\/categories?post=190"},{"taxonomy":"post_tag","embeddable":true,"href":"https:\/\/www.cabinet-magar.fr\/de\/wp-json\/wp\/v2\/tags?post=190"}],"curies":[{"name":"wp","href":"https:\/\/api.w.org\/{rel}","templated":true}]}}