{"id":189,"date":"2019-10-16T23:23:00","date_gmt":"2019-10-16T21:23:00","guid":{"rendered":"https:\/\/www.cabinet-magar.fr\/taxe-dhabitation-un-degrevement-pas-si-automatique\/"},"modified":"2019-10-16T23:23:00","modified_gmt":"2019-10-16T21:23:00","slug":"taxe-dhabitation-un-degrevement-pas-si-automatique","status":"publish","type":"post","link":"https:\/\/www.cabinet-magar.fr\/de\/le-saviez-vous\/taxe-dhabitation-un-degrevement-pas-si-automatique\/","title":{"rendered":"Taxe d&#8217;habitation : un d\u00e9gr\u00e8vement pas si automatique\u2026"},"content":{"rendered":"<div class=\"quizz\">\n<div class=\"question-quizz\">Un particulier vient de recevoir son avis de taxe d&#8217;habitation et s&#8217;\u00e9tonne : il a entendu parler dans les m\u00e9dias d&#8217;un d\u00e9gr\u00e8vement de 65 % du montant de cette taxe accord\u00e9 par l&#8217;Etat.<\/p>\n<p>Apr\u00e8s renseignements, il constate qu&#8217;il remplit toutes les conditions requises pour en b\u00e9n\u00e9ficier. Pourtant, il lui est presque r\u00e9clam\u00e9 le m\u00eame montant que l&#8217;ann\u00e9e derni\u00e8re (\u00e0 100 euros pr\u00e8s), sa commune ayant pris la d\u00e9cision d&#8217;augmenter le taux de taxation pour l&#8217;ann\u00e9e 2019.<\/p>\n<p>La commune pouvait-elle augmenter le taux de taxation, privant ainsi le particulier de tout ou partie du b\u00e9n\u00e9fice du d\u00e9gr\u00e8vement accord\u00e9 par l&#8217;Etat ?<\/p><\/div>\n<ul class=\"propal-quizz\">\n<li class=\"quizz-a\"><a href=\"#reponse\" onclick=\"document.getElementById('page-fiche').classList.add('quizz-open'); return false;\">Oui<\/a><\/li>\n<li class=\"quizz-b\"><a href=\"#reponse\" onclick=\"document.getElementById('page-fiche').classList.add('quizz-open'); return false;\">Non<\/a><\/li>\n<\/ul>\n<div id=\"rna\" class=\"reponse-non-affichee\">La r\u00e9ponse n&#8217;est pas toujours celle que l&#8217;on croit&#8230;<\/div>\n<div id=\"reponse\" class=\"reponse-quizz-in\">La bonne r\u00e9ponse est&#8230;<br \/> <span class=\"reponse-a\">Oui<\/span><br \/>L&#8217;all\u00e8gement de taxe d&#8217;habitation annonc\u00e9 par l&#8217;Etat, calcul\u00e9 sur la base du montant de la taxe pay\u00e9e en 2017, ne pr\u00e9sage pas de l\u2019\u00e9volution des taux et des avantages vot\u00e9s par les collectivit\u00e9s locales en 2018 et 2019 : en clair, une commune peut, par exemple, d\u00e9cider d&#8217;augmenter le taux de taxation pour limiter le manque \u00e0 gagner que lui cause le d\u00e9gr\u00e8vement de 65 % accord\u00e9 par l\u2019Etat.<\/div>\n<\/div>\n","protected":false},"excerpt":{"rendered":"<p>Un particulier vient de recevoir son avis de taxe d&#8217;habitation et s&#8217;\u00e9tonne : il a entendu parler dans les m\u00e9dias d&#8217;un d\u00e9gr\u00e8vement de 65 % du montant de cette taxe accord\u00e9 par l&#8217;Etat.<\/p>\n<p>Apr\u00e8s renseignements, il constate qu&#8217;il remplit toutes les conditions requises pour en b\u00e9n\u00e9ficier. Pourtant, il lui est presque r\u00e9clam\u00e9 le m\u00eame montant que l&#8217;ann\u00e9e derni\u00e8re (\u00e0 100 euros pr\u00e8s), sa commune ayant pris la d\u00e9cision d&#8217;augmenter le taux de taxation pour l&#8217;ann\u00e9e 2019.<\/p>\n<p>La commune pouvait-elle augmenter le taux de taxation, privant ainsi le particulier de tout ou partie du b\u00e9n\u00e9fice du d\u00e9gr\u00e8vement accord\u00e9 par l&#8217;Etat ?<\/p>\n","protected":false},"author":1,"featured_media":0,"comment_status":"open","ping_status":"closed","sticky":false,"template":"","format":"standard","meta":{"_acf_changed":false,"footnotes":""},"categories":[5],"tags":[],"class_list":["post-189","post","type-post","status-publish","format-standard","hentry","category-le-saviez-vous"],"acf":[],"yoast_head":"<!-- This site is optimized with the Yoast SEO plugin v27.2 - https:\/\/yoast.com\/product\/yoast-seo-wordpress\/ -->\n<title>Taxe d&#039;habitation : un d\u00e9gr\u00e8vement pas si automatique\u2026 - Cabinet Magar<\/title>\n<meta name=\"robots\" content=\"index, follow, max-snippet:-1, max-image-preview:large, max-video-preview:-1\" \/>\n<link rel=\"canonical\" href=\"https:\/\/www.cabinet-magar.fr\/le-saviez-vous\/taxe-dhabitation-un-degrevement-pas-si-automatique\/\" \/>\n<meta property=\"og:locale\" content=\"de_DE\" \/>\n<meta property=\"og:type\" content=\"article\" \/>\n<meta property=\"og:title\" content=\"Taxe d&#039;habitation : un d\u00e9gr\u00e8vement pas si automatique\u2026 - Cabinet Magar\" \/>\n<meta property=\"og:description\" content=\"Un particulier vient de recevoir son avis de taxe d&#039;habitation et s&#039;\u00e9tonne : il a entendu parler dans les m\u00e9dias d&#039;un d\u00e9gr\u00e8vement de 65 % du montant de cette taxe accord\u00e9 par l&#039;Etat.Apr\u00e8s renseignements, il constate qu&#039;il remplit toutes les conditions requises pour en b\u00e9n\u00e9ficier. Pourtant, il lui est presque r\u00e9clam\u00e9 le m\u00eame montant que l&#039;ann\u00e9e derni\u00e8re (\u00e0 100 euros pr\u00e8s), sa commune ayant pris la d\u00e9cision d&#039;augmenter le taux de taxation pour l&#039;ann\u00e9e 2019.La commune pouvait-elle augmenter le taux de taxation, privant ainsi le particulier de tout ou partie du b\u00e9n\u00e9fice du d\u00e9gr\u00e8vement accord\u00e9 par l&#039;Etat ?\" \/>\n<meta property=\"og:url\" content=\"https:\/\/www.cabinet-magar.fr\/le-saviez-vous\/taxe-dhabitation-un-degrevement-pas-si-automatique\/\" \/>\n<meta property=\"og:site_name\" content=\"Cabinet Magar\" \/>\n<meta property=\"article:published_time\" content=\"2019-10-16T21:23:00+00:00\" \/>\n<meta name=\"author\" content=\"adlucyan\" \/>\n<meta name=\"twitter:card\" content=\"summary_large_image\" \/>\n<meta name=\"twitter:label1\" content=\"Verfasst von\" \/>\n\t<meta name=\"twitter:data1\" content=\"adlucyan\" \/>\n\t<meta name=\"twitter:label2\" content=\"Gesch\u00e4tzte Lesezeit\" \/>\n\t<meta name=\"twitter:data2\" content=\"1\u00a0Minute\" \/>\n<script type=\"application\/ld+json\" class=\"yoast-schema-graph\">{\"@context\":\"https:\/\/schema.org\",\"@graph\":[{\"@type\":\"Article\",\"@id\":\"https:\/\/www.cabinet-magar.fr\/le-saviez-vous\/taxe-dhabitation-un-degrevement-pas-si-automatique\/#article\",\"isPartOf\":{\"@id\":\"https:\/\/www.cabinet-magar.fr\/le-saviez-vous\/taxe-dhabitation-un-degrevement-pas-si-automatique\/\"},\"author\":{\"name\":\"adlucyan\",\"@id\":\"https:\/\/www.cabinet-magar.fr\/#\/schema\/person\/00f6d5357e718a659e49151253984062\"},\"headline\":\"Taxe d&#8217;habitation : un d\u00e9gr\u00e8vement pas si automatique\u2026\",\"datePublished\":\"2019-10-16T21:23:00+00:00\",\"mainEntityOfPage\":{\"@id\":\"https:\/\/www.cabinet-magar.fr\/le-saviez-vous\/taxe-dhabitation-un-degrevement-pas-si-automatique\/\"},\"wordCount\":225,\"commentCount\":0,\"articleSection\":[\"Le saviez-vous ?\"],\"inLanguage\":\"de\",\"potentialAction\":[{\"@type\":\"CommentAction\",\"name\":\"Comment\",\"target\":[\"https:\/\/www.cabinet-magar.fr\/le-saviez-vous\/taxe-dhabitation-un-degrevement-pas-si-automatique\/#respond\"]}]},{\"@type\":\"WebPage\",\"@id\":\"https:\/\/www.cabinet-magar.fr\/le-saviez-vous\/taxe-dhabitation-un-degrevement-pas-si-automatique\/\",\"url\":\"https:\/\/www.cabinet-magar.fr\/le-saviez-vous\/taxe-dhabitation-un-degrevement-pas-si-automatique\/\",\"name\":\"Taxe d'habitation : un d\u00e9gr\u00e8vement pas si automatique\u2026 - Cabinet Magar\",\"isPartOf\":{\"@id\":\"https:\/\/www.cabinet-magar.fr\/#website\"},\"datePublished\":\"2019-10-16T21:23:00+00:00\",\"author\":{\"@id\":\"https:\/\/www.cabinet-magar.fr\/#\/schema\/person\/00f6d5357e718a659e49151253984062\"},\"breadcrumb\":{\"@id\":\"https:\/\/www.cabinet-magar.fr\/le-saviez-vous\/taxe-dhabitation-un-degrevement-pas-si-automatique\/#breadcrumb\"},\"inLanguage\":\"de\",\"potentialAction\":[{\"@type\":\"ReadAction\",\"target\":[\"https:\/\/www.cabinet-magar.fr\/le-saviez-vous\/taxe-dhabitation-un-degrevement-pas-si-automatique\/\"]}]},{\"@type\":\"BreadcrumbList\",\"@id\":\"https:\/\/www.cabinet-magar.fr\/le-saviez-vous\/taxe-dhabitation-un-degrevement-pas-si-automatique\/#breadcrumb\",\"itemListElement\":[{\"@type\":\"ListItem\",\"position\":1,\"name\":\"Accueil\",\"item\":\"https:\/\/www.cabinet-magar.fr\/de\/\"},{\"@type\":\"ListItem\",\"position\":2,\"name\":\"Taxe d&rsquo;habitation : un d\u00e9gr\u00e8vement pas si automatique\u2026\"}]},{\"@type\":\"WebSite\",\"@id\":\"https:\/\/www.cabinet-magar.fr\/#website\",\"url\":\"https:\/\/www.cabinet-magar.fr\/\",\"name\":\"Cabinet Magar\",\"description\":\"\",\"potentialAction\":[{\"@type\":\"SearchAction\",\"target\":{\"@type\":\"EntryPoint\",\"urlTemplate\":\"https:\/\/www.cabinet-magar.fr\/?s={search_term_string}\"},\"query-input\":{\"@type\":\"PropertyValueSpecification\",\"valueRequired\":true,\"valueName\":\"search_term_string\"}}],\"inLanguage\":\"de\"},{\"@type\":\"Person\",\"@id\":\"https:\/\/www.cabinet-magar.fr\/#\/schema\/person\/00f6d5357e718a659e49151253984062\",\"name\":\"adlucyan\",\"sameAs\":[\"https:\/\/www.cabinet-magar.fr\"],\"url\":\"https:\/\/www.cabinet-magar.fr\/de\/author\/adlucyan\/\"}]}<\/script>\n<!-- \/ Yoast SEO plugin. -->","yoast_head_json":{"title":"Taxe d'habitation : un d\u00e9gr\u00e8vement pas si automatique\u2026 - Cabinet Magar","robots":{"index":"index","follow":"follow","max-snippet":"max-snippet:-1","max-image-preview":"max-image-preview:large","max-video-preview":"max-video-preview:-1"},"canonical":"https:\/\/www.cabinet-magar.fr\/le-saviez-vous\/taxe-dhabitation-un-degrevement-pas-si-automatique\/","og_locale":"de_DE","og_type":"article","og_title":"Taxe d'habitation : un d\u00e9gr\u00e8vement pas si automatique\u2026 - Cabinet Magar","og_description":"Un particulier vient de recevoir son avis de taxe d'habitation et s'\u00e9tonne : il a entendu parler dans les m\u00e9dias d'un d\u00e9gr\u00e8vement de 65 % du montant de cette taxe accord\u00e9 par l'Etat.Apr\u00e8s renseignements, il constate qu'il remplit toutes les conditions requises pour en b\u00e9n\u00e9ficier. Pourtant, il lui est presque r\u00e9clam\u00e9 le m\u00eame montant que l'ann\u00e9e derni\u00e8re (\u00e0 100 euros pr\u00e8s), sa commune ayant pris la d\u00e9cision d'augmenter le taux de taxation pour l'ann\u00e9e 2019.La commune pouvait-elle augmenter le taux de taxation, privant ainsi le particulier de tout ou partie du b\u00e9n\u00e9fice du d\u00e9gr\u00e8vement accord\u00e9 par l'Etat ?","og_url":"https:\/\/www.cabinet-magar.fr\/le-saviez-vous\/taxe-dhabitation-un-degrevement-pas-si-automatique\/","og_site_name":"Cabinet Magar","article_published_time":"2019-10-16T21:23:00+00:00","author":"adlucyan","twitter_card":"summary_large_image","twitter_misc":{"Verfasst von":"adlucyan","Gesch\u00e4tzte Lesezeit":"1\u00a0Minute"},"schema":{"@context":"https:\/\/schema.org","@graph":[{"@type":"Article","@id":"https:\/\/www.cabinet-magar.fr\/le-saviez-vous\/taxe-dhabitation-un-degrevement-pas-si-automatique\/#article","isPartOf":{"@id":"https:\/\/www.cabinet-magar.fr\/le-saviez-vous\/taxe-dhabitation-un-degrevement-pas-si-automatique\/"},"author":{"name":"adlucyan","@id":"https:\/\/www.cabinet-magar.fr\/#\/schema\/person\/00f6d5357e718a659e49151253984062"},"headline":"Taxe d&#8217;habitation : un d\u00e9gr\u00e8vement pas si automatique\u2026","datePublished":"2019-10-16T21:23:00+00:00","mainEntityOfPage":{"@id":"https:\/\/www.cabinet-magar.fr\/le-saviez-vous\/taxe-dhabitation-un-degrevement-pas-si-automatique\/"},"wordCount":225,"commentCount":0,"articleSection":["Le saviez-vous ?"],"inLanguage":"de","potentialAction":[{"@type":"CommentAction","name":"Comment","target":["https:\/\/www.cabinet-magar.fr\/le-saviez-vous\/taxe-dhabitation-un-degrevement-pas-si-automatique\/#respond"]}]},{"@type":"WebPage","@id":"https:\/\/www.cabinet-magar.fr\/le-saviez-vous\/taxe-dhabitation-un-degrevement-pas-si-automatique\/","url":"https:\/\/www.cabinet-magar.fr\/le-saviez-vous\/taxe-dhabitation-un-degrevement-pas-si-automatique\/","name":"Taxe d'habitation : un d\u00e9gr\u00e8vement pas si automatique\u2026 - Cabinet Magar","isPartOf":{"@id":"https:\/\/www.cabinet-magar.fr\/#website"},"datePublished":"2019-10-16T21:23:00+00:00","author":{"@id":"https:\/\/www.cabinet-magar.fr\/#\/schema\/person\/00f6d5357e718a659e49151253984062"},"breadcrumb":{"@id":"https:\/\/www.cabinet-magar.fr\/le-saviez-vous\/taxe-dhabitation-un-degrevement-pas-si-automatique\/#breadcrumb"},"inLanguage":"de","potentialAction":[{"@type":"ReadAction","target":["https:\/\/www.cabinet-magar.fr\/le-saviez-vous\/taxe-dhabitation-un-degrevement-pas-si-automatique\/"]}]},{"@type":"BreadcrumbList","@id":"https:\/\/www.cabinet-magar.fr\/le-saviez-vous\/taxe-dhabitation-un-degrevement-pas-si-automatique\/#breadcrumb","itemListElement":[{"@type":"ListItem","position":1,"name":"Accueil","item":"https:\/\/www.cabinet-magar.fr\/de\/"},{"@type":"ListItem","position":2,"name":"Taxe d&rsquo;habitation : un d\u00e9gr\u00e8vement pas si automatique\u2026"}]},{"@type":"WebSite","@id":"https:\/\/www.cabinet-magar.fr\/#website","url":"https:\/\/www.cabinet-magar.fr\/","name":"Cabinet Magar","description":"","potentialAction":[{"@type":"SearchAction","target":{"@type":"EntryPoint","urlTemplate":"https:\/\/www.cabinet-magar.fr\/?s={search_term_string}"},"query-input":{"@type":"PropertyValueSpecification","valueRequired":true,"valueName":"search_term_string"}}],"inLanguage":"de"},{"@type":"Person","@id":"https:\/\/www.cabinet-magar.fr\/#\/schema\/person\/00f6d5357e718a659e49151253984062","name":"adlucyan","sameAs":["https:\/\/www.cabinet-magar.fr"],"url":"https:\/\/www.cabinet-magar.fr\/de\/author\/adlucyan\/"}]}},"_links":{"self":[{"href":"https:\/\/www.cabinet-magar.fr\/de\/wp-json\/wp\/v2\/posts\/189","targetHints":{"allow":["GET"]}}],"collection":[{"href":"https:\/\/www.cabinet-magar.fr\/de\/wp-json\/wp\/v2\/posts"}],"about":[{"href":"https:\/\/www.cabinet-magar.fr\/de\/wp-json\/wp\/v2\/types\/post"}],"author":[{"embeddable":true,"href":"https:\/\/www.cabinet-magar.fr\/de\/wp-json\/wp\/v2\/users\/1"}],"replies":[{"embeddable":true,"href":"https:\/\/www.cabinet-magar.fr\/de\/wp-json\/wp\/v2\/comments?post=189"}],"version-history":[{"count":0,"href":"https:\/\/www.cabinet-magar.fr\/de\/wp-json\/wp\/v2\/posts\/189\/revisions"}],"wp:attachment":[{"href":"https:\/\/www.cabinet-magar.fr\/de\/wp-json\/wp\/v2\/media?parent=189"}],"wp:term":[{"taxonomy":"category","embeddable":true,"href":"https:\/\/www.cabinet-magar.fr\/de\/wp-json\/wp\/v2\/categories?post=189"},{"taxonomy":"post_tag","embeddable":true,"href":"https:\/\/www.cabinet-magar.fr\/de\/wp-json\/wp\/v2\/tags?post=189"}],"curies":[{"name":"wp","href":"https:\/\/api.w.org\/{rel}","templated":true}]}}