{"id":185,"date":"2019-12-12T00:23:00","date_gmt":"2019-12-11T23:23:00","guid":{"rendered":"https:\/\/www.cabinet-magar.fr\/controle-fiscal-bonne-annee-ou-joyeux-noel\/"},"modified":"2019-12-12T00:23:00","modified_gmt":"2019-12-11T23:23:00","slug":"controle-fiscal-bonne-annee-ou-joyeux-noel","status":"publish","type":"post","link":"https:\/\/www.cabinet-magar.fr\/de\/le-saviez-vous\/controle-fiscal-bonne-annee-ou-joyeux-noel\/","title":{"rendered":"Contr\u00f4le fiscal : bonne ann\u00e9e ou joyeux No\u00ebl ?"},"content":{"rendered":"<div class=\"quizz\">\n<div class=\"question-quizz\">Le 6 janvier, \u00e0 son retour de vacances, un dirigeant r\u00e9cup\u00e8re un courrier recommand\u00e9 de l&#8217;administration fiscale dans lequel elle lui r\u00e9clame un suppl\u00e9ment d&#8217;imp\u00f4t, et qui a \u00e9t\u00e9 pr\u00e9sent\u00e9 pour la 1\u00e8re fois \u00e0 son domicile le 26 d\u00e9cembre.<\/p>\n<p>Une somme qu&#8217;il refuse de payer : l&#8217;administration avait jusqu&#8217;au 31 d\u00e9cembre pour lui r\u00e9clamer ce suppl\u00e9ment d&#8217;imp\u00f4t. Or, il n&#8217;a effectivement re\u00e7u le courrier recommand\u00e9 que le 6 janvier&#8230;<\/p>\n<p>Sauf que ce n&#8217;est pas la date de r\u00e9ception qui compte, rappelle l&#8217;administration, mais la date de premi\u00e8re pr\u00e9sentation du courrier. Ici, puisque le courrier a \u00e9t\u00e9 pr\u00e9sent\u00e9 le 26 d\u00e9cembre, donc avant le 31 d\u00e9cembre, l&#8217;administration est en droit de r\u00e9clamer le paiement du suppl\u00e9ment d&#8217;imp\u00f4t.<\/p>\n<p>Qui a raison ?<\/p><\/div>\n<ul class=\"propal-quizz\">\n<li class=\"quizz-a\"><a href=\"#reponse\" onclick=\"document.getElementById('page-fiche').classList.add('quizz-open'); return false;\">Le dirigeant<\/a><\/li>\n<li class=\"quizz-b\"><a href=\"#reponse\" onclick=\"document.getElementById('page-fiche').classList.add('quizz-open'); return false;\">L&#8217;administration <\/a><\/li>\n<\/ul>\n<div id=\"rna\" class=\"reponse-non-affichee\">La r\u00e9ponse n&#8217;est pas toujours celle que l&#8217;on croit&#8230;<\/div>\n<div id=\"reponse\" class=\"reponse-quizz-in\">La bonne r\u00e9ponse est&#8230;<br \/> <span class=\"reponse-b\">L&#8217;administration<\/span><br \/>Dans l\u2019hypoth\u00e8se o\u00f9 vous \u00eates absent et que vous n\u2019avez pas pris les dispositions n\u00e9cessaires pour faire suivre votre courrier, vous devez savoir que la date qui sera retenue comme valant date de r\u00e9ception de la proposition de rectifications sera celle de la pr\u00e9sentation du pli.<\/p>\n<p>Par contre, si vous avez pris vos dispositions, en pr\u00e9voyant un ordre de r\u00e9exp\u00e9dition postale, ce dernier sera opposable \u00e0 l\u2019administration. Il faudra dans ce cas retenir la date de r\u00e9ception \u00e0 la nouvelle adresse. Notez que les juges ont admis l\u2019opposabilit\u00e9 d\u2019un tel ordre de r\u00e9exp\u00e9dition, m\u00eame en cas de changement temporaire d\u2019adresse sur un lieu de vacances par exemple.<\/p>\n<p>Ici, le dirigeant n&#8217;ayant manifestement pas fait r\u00e9exp\u00e9dier son courrier sur son lieu de vacances, c&#8217;est bien la date de 1\u00e8re pr\u00e9sentation qui est retenue, soit le 26 d\u00e9cembre.<\/p><\/div>\n<\/div>\n","protected":false},"excerpt":{"rendered":"<p>Le 6 janvier, \u00e0 son retour de vacances, un dirigeant r\u00e9cup\u00e8re un courrier recommand\u00e9 de l&#8217;administration fiscale dans lequel elle lui r\u00e9clame un suppl\u00e9ment d&#8217;imp\u00f4t, et qui a \u00e9t\u00e9 pr\u00e9sent\u00e9 pour la 1\u00e8re fois \u00e0 son domicile le 26 d\u00e9cembre.<\/p>\n<p>Une somme qu&#8217;il refuse de payer : l&#8217;administration avait jusqu&#8217;au 31 d\u00e9cembre pour lui r\u00e9clamer ce suppl\u00e9ment d&#8217;imp\u00f4t. Or, il n&#8217;a effectivement re\u00e7u le courrier recommand\u00e9 que le 6 janvier&#8230;<\/p>\n<p>Sauf que ce n&#8217;est pas la date de r\u00e9ception qui compte, rappelle l&#8217;administration, mais la date de premi\u00e8re pr\u00e9sentation du courrier. Ici, puisque le courrier a \u00e9t\u00e9 pr\u00e9sent\u00e9 le 26 d\u00e9cembre, donc avant le 31 d\u00e9cembre, l&#8217;administration est en droit de r\u00e9clamer le paiement du suppl\u00e9ment d&#8217;imp\u00f4t.<\/p>\n<p>Qui a raison ?<\/p>\n","protected":false},"author":1,"featured_media":0,"comment_status":"open","ping_status":"closed","sticky":false,"template":"","format":"standard","meta":{"_acf_changed":false,"footnotes":""},"categories":[5],"tags":[],"class_list":["post-185","post","type-post","status-publish","format-standard","hentry","category-le-saviez-vous"],"acf":[],"yoast_head":"<!-- This site is optimized with the Yoast SEO plugin v27.2 - https:\/\/yoast.com\/product\/yoast-seo-wordpress\/ -->\n<title>Contr\u00f4le fiscal : bonne ann\u00e9e ou joyeux No\u00ebl ? - Cabinet Magar<\/title>\n<meta name=\"robots\" content=\"index, follow, max-snippet:-1, max-image-preview:large, max-video-preview:-1\" \/>\n<link rel=\"canonical\" href=\"https:\/\/www.cabinet-magar.fr\/de\/le-saviez-vous\/controle-fiscal-bonne-annee-ou-joyeux-noel\/\" \/>\n<meta property=\"og:locale\" content=\"de_DE\" \/>\n<meta property=\"og:type\" content=\"article\" \/>\n<meta property=\"og:title\" content=\"Contr\u00f4le fiscal : bonne ann\u00e9e ou joyeux No\u00ebl ? - Cabinet Magar\" \/>\n<meta property=\"og:description\" content=\"Le 6 janvier, \u00e0 son retour de vacances, un dirigeant r\u00e9cup\u00e8re un courrier recommand\u00e9 de l&#039;administration fiscale dans lequel elle lui r\u00e9clame un suppl\u00e9ment d&#039;imp\u00f4t, et qui a \u00e9t\u00e9 pr\u00e9sent\u00e9 pour la 1\u00e8re fois \u00e0 son domicile le 26 d\u00e9cembre.Une somme qu&#039;il refuse de payer : l&#039;administration avait jusqu&#039;au 31 d\u00e9cembre pour lui r\u00e9clamer ce suppl\u00e9ment d&#039;imp\u00f4t. Or, il n&#039;a effectivement re\u00e7u le courrier recommand\u00e9 que le 6 janvier...Sauf que ce n&#039;est pas la date de r\u00e9ception qui compte, rappelle l&#039;administration, mais la date de premi\u00e8re pr\u00e9sentation du courrier. Ici, puisque le courrier a \u00e9t\u00e9 pr\u00e9sent\u00e9 le 26 d\u00e9cembre, donc avant le 31 d\u00e9cembre, l&#039;administration est en droit de r\u00e9clamer le paiement du suppl\u00e9ment d&#039;imp\u00f4t.Qui a raison ?\" \/>\n<meta property=\"og:url\" content=\"https:\/\/www.cabinet-magar.fr\/de\/le-saviez-vous\/controle-fiscal-bonne-annee-ou-joyeux-noel\/\" \/>\n<meta property=\"og:site_name\" content=\"Cabinet Magar\" \/>\n<meta property=\"article:published_time\" content=\"2019-12-11T23:23:00+00:00\" \/>\n<meta name=\"author\" content=\"adlucyan\" \/>\n<meta name=\"twitter:card\" content=\"summary_large_image\" \/>\n<meta name=\"twitter:label1\" content=\"Verfasst von\" \/>\n\t<meta name=\"twitter:data1\" content=\"adlucyan\" \/>\n\t<meta name=\"twitter:label2\" content=\"Gesch\u00e4tzte Lesezeit\" \/>\n\t<meta name=\"twitter:data2\" content=\"2\u00a0Minuten\" \/>\n<script type=\"application\/ld+json\" class=\"yoast-schema-graph\">{\"@context\":\"https:\/\/schema.org\",\"@graph\":[{\"@type\":\"Article\",\"@id\":\"https:\/\/www.cabinet-magar.fr\/de\/le-saviez-vous\/controle-fiscal-bonne-annee-ou-joyeux-noel\/#article\",\"isPartOf\":{\"@id\":\"https:\/\/www.cabinet-magar.fr\/de\/le-saviez-vous\/controle-fiscal-bonne-annee-ou-joyeux-noel\/\"},\"author\":{\"name\":\"adlucyan\",\"@id\":\"https:\/\/www.cabinet-magar.fr\/#\/schema\/person\/00f6d5357e718a659e49151253984062\"},\"headline\":\"Contr\u00f4le fiscal : bonne ann\u00e9e ou joyeux No\u00ebl ?\",\"datePublished\":\"2019-12-11T23:23:00+00:00\",\"mainEntityOfPage\":{\"@id\":\"https:\/\/www.cabinet-magar.fr\/de\/le-saviez-vous\/controle-fiscal-bonne-annee-ou-joyeux-noel\/\"},\"wordCount\":332,\"commentCount\":0,\"articleSection\":[\"Le saviez-vous ?\"],\"inLanguage\":\"de\",\"potentialAction\":[{\"@type\":\"CommentAction\",\"name\":\"Comment\",\"target\":[\"https:\/\/www.cabinet-magar.fr\/de\/le-saviez-vous\/controle-fiscal-bonne-annee-ou-joyeux-noel\/#respond\"]}]},{\"@type\":\"WebPage\",\"@id\":\"https:\/\/www.cabinet-magar.fr\/de\/le-saviez-vous\/controle-fiscal-bonne-annee-ou-joyeux-noel\/\",\"url\":\"https:\/\/www.cabinet-magar.fr\/de\/le-saviez-vous\/controle-fiscal-bonne-annee-ou-joyeux-noel\/\",\"name\":\"Contr\u00f4le fiscal : bonne ann\u00e9e ou joyeux No\u00ebl ? - Cabinet Magar\",\"isPartOf\":{\"@id\":\"https:\/\/www.cabinet-magar.fr\/#website\"},\"datePublished\":\"2019-12-11T23:23:00+00:00\",\"author\":{\"@id\":\"https:\/\/www.cabinet-magar.fr\/#\/schema\/person\/00f6d5357e718a659e49151253984062\"},\"breadcrumb\":{\"@id\":\"https:\/\/www.cabinet-magar.fr\/de\/le-saviez-vous\/controle-fiscal-bonne-annee-ou-joyeux-noel\/#breadcrumb\"},\"inLanguage\":\"de\",\"potentialAction\":[{\"@type\":\"ReadAction\",\"target\":[\"https:\/\/www.cabinet-magar.fr\/de\/le-saviez-vous\/controle-fiscal-bonne-annee-ou-joyeux-noel\/\"]}]},{\"@type\":\"BreadcrumbList\",\"@id\":\"https:\/\/www.cabinet-magar.fr\/de\/le-saviez-vous\/controle-fiscal-bonne-annee-ou-joyeux-noel\/#breadcrumb\",\"itemListElement\":[{\"@type\":\"ListItem\",\"position\":1,\"name\":\"Accueil\",\"item\":\"https:\/\/www.cabinet-magar.fr\/de\/\"},{\"@type\":\"ListItem\",\"position\":2,\"name\":\"Contr\u00f4le fiscal : bonne ann\u00e9e ou joyeux No\u00ebl ?\"}]},{\"@type\":\"WebSite\",\"@id\":\"https:\/\/www.cabinet-magar.fr\/#website\",\"url\":\"https:\/\/www.cabinet-magar.fr\/\",\"name\":\"Cabinet Magar\",\"description\":\"\",\"potentialAction\":[{\"@type\":\"SearchAction\",\"target\":{\"@type\":\"EntryPoint\",\"urlTemplate\":\"https:\/\/www.cabinet-magar.fr\/?s={search_term_string}\"},\"query-input\":{\"@type\":\"PropertyValueSpecification\",\"valueRequired\":true,\"valueName\":\"search_term_string\"}}],\"inLanguage\":\"de\"},{\"@type\":\"Person\",\"@id\":\"https:\/\/www.cabinet-magar.fr\/#\/schema\/person\/00f6d5357e718a659e49151253984062\",\"name\":\"adlucyan\",\"sameAs\":[\"https:\/\/www.cabinet-magar.fr\"],\"url\":\"https:\/\/www.cabinet-magar.fr\/de\/author\/adlucyan\/\"}]}<\/script>\n<!-- \/ Yoast SEO plugin. -->","yoast_head_json":{"title":"Contr\u00f4le fiscal : bonne ann\u00e9e ou joyeux No\u00ebl ? - Cabinet Magar","robots":{"index":"index","follow":"follow","max-snippet":"max-snippet:-1","max-image-preview":"max-image-preview:large","max-video-preview":"max-video-preview:-1"},"canonical":"https:\/\/www.cabinet-magar.fr\/de\/le-saviez-vous\/controle-fiscal-bonne-annee-ou-joyeux-noel\/","og_locale":"de_DE","og_type":"article","og_title":"Contr\u00f4le fiscal : bonne ann\u00e9e ou joyeux No\u00ebl ? - Cabinet Magar","og_description":"Le 6 janvier, \u00e0 son retour de vacances, un dirigeant r\u00e9cup\u00e8re un courrier recommand\u00e9 de l'administration fiscale dans lequel elle lui r\u00e9clame un suppl\u00e9ment d'imp\u00f4t, et qui a \u00e9t\u00e9 pr\u00e9sent\u00e9 pour la 1\u00e8re fois \u00e0 son domicile le 26 d\u00e9cembre.Une somme qu'il refuse de payer : l'administration avait jusqu'au 31 d\u00e9cembre pour lui r\u00e9clamer ce suppl\u00e9ment d'imp\u00f4t. Or, il n'a effectivement re\u00e7u le courrier recommand\u00e9 que le 6 janvier...Sauf que ce n'est pas la date de r\u00e9ception qui compte, rappelle l'administration, mais la date de premi\u00e8re pr\u00e9sentation du courrier. Ici, puisque le courrier a \u00e9t\u00e9 pr\u00e9sent\u00e9 le 26 d\u00e9cembre, donc avant le 31 d\u00e9cembre, l'administration est en droit de r\u00e9clamer le paiement du suppl\u00e9ment d'imp\u00f4t.Qui a raison ?","og_url":"https:\/\/www.cabinet-magar.fr\/de\/le-saviez-vous\/controle-fiscal-bonne-annee-ou-joyeux-noel\/","og_site_name":"Cabinet Magar","article_published_time":"2019-12-11T23:23:00+00:00","author":"adlucyan","twitter_card":"summary_large_image","twitter_misc":{"Verfasst von":"adlucyan","Gesch\u00e4tzte Lesezeit":"2\u00a0Minuten"},"schema":{"@context":"https:\/\/schema.org","@graph":[{"@type":"Article","@id":"https:\/\/www.cabinet-magar.fr\/de\/le-saviez-vous\/controle-fiscal-bonne-annee-ou-joyeux-noel\/#article","isPartOf":{"@id":"https:\/\/www.cabinet-magar.fr\/de\/le-saviez-vous\/controle-fiscal-bonne-annee-ou-joyeux-noel\/"},"author":{"name":"adlucyan","@id":"https:\/\/www.cabinet-magar.fr\/#\/schema\/person\/00f6d5357e718a659e49151253984062"},"headline":"Contr\u00f4le fiscal : bonne ann\u00e9e ou joyeux No\u00ebl ?","datePublished":"2019-12-11T23:23:00+00:00","mainEntityOfPage":{"@id":"https:\/\/www.cabinet-magar.fr\/de\/le-saviez-vous\/controle-fiscal-bonne-annee-ou-joyeux-noel\/"},"wordCount":332,"commentCount":0,"articleSection":["Le saviez-vous ?"],"inLanguage":"de","potentialAction":[{"@type":"CommentAction","name":"Comment","target":["https:\/\/www.cabinet-magar.fr\/de\/le-saviez-vous\/controle-fiscal-bonne-annee-ou-joyeux-noel\/#respond"]}]},{"@type":"WebPage","@id":"https:\/\/www.cabinet-magar.fr\/de\/le-saviez-vous\/controle-fiscal-bonne-annee-ou-joyeux-noel\/","url":"https:\/\/www.cabinet-magar.fr\/de\/le-saviez-vous\/controle-fiscal-bonne-annee-ou-joyeux-noel\/","name":"Contr\u00f4le fiscal : bonne ann\u00e9e ou joyeux No\u00ebl ? - Cabinet Magar","isPartOf":{"@id":"https:\/\/www.cabinet-magar.fr\/#website"},"datePublished":"2019-12-11T23:23:00+00:00","author":{"@id":"https:\/\/www.cabinet-magar.fr\/#\/schema\/person\/00f6d5357e718a659e49151253984062"},"breadcrumb":{"@id":"https:\/\/www.cabinet-magar.fr\/de\/le-saviez-vous\/controle-fiscal-bonne-annee-ou-joyeux-noel\/#breadcrumb"},"inLanguage":"de","potentialAction":[{"@type":"ReadAction","target":["https:\/\/www.cabinet-magar.fr\/de\/le-saviez-vous\/controle-fiscal-bonne-annee-ou-joyeux-noel\/"]}]},{"@type":"BreadcrumbList","@id":"https:\/\/www.cabinet-magar.fr\/de\/le-saviez-vous\/controle-fiscal-bonne-annee-ou-joyeux-noel\/#breadcrumb","itemListElement":[{"@type":"ListItem","position":1,"name":"Accueil","item":"https:\/\/www.cabinet-magar.fr\/de\/"},{"@type":"ListItem","position":2,"name":"Contr\u00f4le fiscal : bonne ann\u00e9e ou joyeux No\u00ebl ?"}]},{"@type":"WebSite","@id":"https:\/\/www.cabinet-magar.fr\/#website","url":"https:\/\/www.cabinet-magar.fr\/","name":"Cabinet Magar","description":"","potentialAction":[{"@type":"SearchAction","target":{"@type":"EntryPoint","urlTemplate":"https:\/\/www.cabinet-magar.fr\/?s={search_term_string}"},"query-input":{"@type":"PropertyValueSpecification","valueRequired":true,"valueName":"search_term_string"}}],"inLanguage":"de"},{"@type":"Person","@id":"https:\/\/www.cabinet-magar.fr\/#\/schema\/person\/00f6d5357e718a659e49151253984062","name":"adlucyan","sameAs":["https:\/\/www.cabinet-magar.fr"],"url":"https:\/\/www.cabinet-magar.fr\/de\/author\/adlucyan\/"}]}},"_links":{"self":[{"href":"https:\/\/www.cabinet-magar.fr\/de\/wp-json\/wp\/v2\/posts\/185","targetHints":{"allow":["GET"]}}],"collection":[{"href":"https:\/\/www.cabinet-magar.fr\/de\/wp-json\/wp\/v2\/posts"}],"about":[{"href":"https:\/\/www.cabinet-magar.fr\/de\/wp-json\/wp\/v2\/types\/post"}],"author":[{"embeddable":true,"href":"https:\/\/www.cabinet-magar.fr\/de\/wp-json\/wp\/v2\/users\/1"}],"replies":[{"embeddable":true,"href":"https:\/\/www.cabinet-magar.fr\/de\/wp-json\/wp\/v2\/comments?post=185"}],"version-history":[{"count":0,"href":"https:\/\/www.cabinet-magar.fr\/de\/wp-json\/wp\/v2\/posts\/185\/revisions"}],"wp:attachment":[{"href":"https:\/\/www.cabinet-magar.fr\/de\/wp-json\/wp\/v2\/media?parent=185"}],"wp:term":[{"taxonomy":"category","embeddable":true,"href":"https:\/\/www.cabinet-magar.fr\/de\/wp-json\/wp\/v2\/categories?post=185"},{"taxonomy":"post_tag","embeddable":true,"href":"https:\/\/www.cabinet-magar.fr\/de\/wp-json\/wp\/v2\/tags?post=185"}],"curies":[{"name":"wp","href":"https:\/\/api.w.org\/{rel}","templated":true}]}}