{"id":184,"date":"2020-01-09T00:23:00","date_gmt":"2020-01-08T23:23:00","guid":{"rendered":"https:\/\/www.cabinet-magar.fr\/soldes-un-prix-de-reference-a-afficher\/"},"modified":"2020-01-09T00:23:00","modified_gmt":"2020-01-08T23:23:00","slug":"soldes-un-prix-de-reference-a-afficher","status":"publish","type":"post","link":"https:\/\/www.cabinet-magar.fr\/de\/le-saviez-vous\/soldes-un-prix-de-reference-a-afficher\/","title":{"rendered":"Soldes : un prix de r\u00e9f\u00e9rence&#8230; \u00e0 afficher ?"},"content":{"rendered":"<div class=\"quizz\">\n<div class=\"question-quizz\">Un client reproche \u00e0 un commer\u00e7ant de ne pas afficher le prix de r\u00e9f\u00e9rence des produits sold\u00e9s \u00e0 partir duquel les r\u00e9ductions de prix sont annonc\u00e9es.<\/p>\n<p>Un affichage auquel il n&#8217;est pas tenu, conteste le commer\u00e7ant.<\/p>\n<p>Qui a raison ?<\/p><\/div>\n<ul class=\"propal-quizz\">\n<li class=\"quizz-a\"><a href=\"#reponse\" onclick=\"document.getElementById('page-fiche').classList.add('quizz-open'); return false;\">Le commer\u00e7ant<\/a><\/li>\n<li class=\"quizz-b\"><a href=\"#reponse\" onclick=\"document.getElementById('page-fiche').classList.add('quizz-open'); return false;\">Le client<\/a><\/li>\n<\/ul>\n<div id=\"rna\" class=\"reponse-non-affichee\">La r\u00e9ponse n&#8217;est pas toujours celle que l&#8217;on croit&#8230;<\/div>\n<div id=\"reponse\" class=\"reponse-quizz-in\">La bonne r\u00e9ponse est&#8230;<br \/> <span class=\"reponse-a\">Le commer\u00e7ant<\/span><br \/>Depuis 2015, les commer\u00e7ants n&#8217;ont plus l&#8217;obligation d&#8217;afficher le prix de r\u00e9f\u00e9rence des produits sold\u00e9s. Cette obligation, auparavant applicable, a \u00e9t\u00e9 d\u00e9clar\u00e9e contraire \u00e0 la r\u00e9glementation europ\u00e9enne.<\/p>\n<p>Toutefois, les commer\u00e7ants doivent toujours \u00eatre en mesure de justifier que le prix r\u00e9duit est bien r\u00e9el et correspond effectivement \u00e0 une baisse de prix par rapport \u00e0 un prix de r\u00e9f\u00e9rence qui a \u00e9t\u00e9 pratiqu\u00e9 suffisamment longtemps.<\/p>\n<p>Ici, le commer\u00e7ant n&#8217;est donc pas tenu d\u2019indiquer le prix de r\u00e9f\u00e9rence sur l\u2019\u00e9tiquetage, m\u00eame si rien ne lui interdit de continuer \u00e0 le faire.<\/p><\/div>\n<\/div>\n","protected":false},"excerpt":{"rendered":"<p>Un client reproche \u00e0 un commer\u00e7ant de ne pas afficher le prix de r\u00e9f\u00e9rence des produits sold\u00e9s \u00e0 partir duquel les r\u00e9ductions de prix sont annonc\u00e9es.<\/p>\n<p>Un affichage auquel il n&#8217;est pas tenu, conteste le commer\u00e7ant.<\/p>\n<p>Qui a raison ?<\/p>\n","protected":false},"author":1,"featured_media":0,"comment_status":"open","ping_status":"closed","sticky":false,"template":"","format":"standard","meta":{"_acf_changed":false,"footnotes":""},"categories":[5],"tags":[],"class_list":["post-184","post","type-post","status-publish","format-standard","hentry","category-le-saviez-vous"],"acf":[],"yoast_head":"<!-- This site is optimized with the Yoast SEO plugin v27.2 - https:\/\/yoast.com\/product\/yoast-seo-wordpress\/ -->\n<title>Soldes : un prix de r\u00e9f\u00e9rence... \u00e0 afficher ? - Cabinet Magar<\/title>\n<meta name=\"robots\" content=\"index, follow, max-snippet:-1, max-image-preview:large, max-video-preview:-1\" \/>\n<link rel=\"canonical\" href=\"https:\/\/www.cabinet-magar.fr\/de\/le-saviez-vous\/soldes-un-prix-de-reference-a-afficher\/\" \/>\n<meta property=\"og:locale\" content=\"de_DE\" \/>\n<meta property=\"og:type\" content=\"article\" \/>\n<meta property=\"og:title\" content=\"Soldes : un prix de r\u00e9f\u00e9rence... \u00e0 afficher ? - Cabinet Magar\" \/>\n<meta property=\"og:description\" content=\"Un client reproche \u00e0 un commer\u00e7ant de ne pas afficher le prix de r\u00e9f\u00e9rence des produits sold\u00e9s \u00e0 partir duquel les r\u00e9ductions de prix sont annonc\u00e9es.Un affichage auquel il n&#039;est pas tenu, conteste le commer\u00e7ant.Qui a raison ?\" \/>\n<meta property=\"og:url\" content=\"https:\/\/www.cabinet-magar.fr\/de\/le-saviez-vous\/soldes-un-prix-de-reference-a-afficher\/\" \/>\n<meta property=\"og:site_name\" content=\"Cabinet Magar\" \/>\n<meta property=\"article:published_time\" content=\"2020-01-08T23:23:00+00:00\" \/>\n<meta name=\"author\" content=\"adlucyan\" \/>\n<meta name=\"twitter:card\" content=\"summary_large_image\" \/>\n<meta name=\"twitter:label1\" content=\"Verfasst von\" \/>\n\t<meta name=\"twitter:data1\" content=\"adlucyan\" \/>\n\t<meta name=\"twitter:label2\" content=\"Gesch\u00e4tzte Lesezeit\" \/>\n\t<meta name=\"twitter:data2\" content=\"1\u00a0Minute\" \/>\n<script type=\"application\/ld+json\" class=\"yoast-schema-graph\">{\"@context\":\"https:\/\/schema.org\",\"@graph\":[{\"@type\":\"Article\",\"@id\":\"https:\/\/www.cabinet-magar.fr\/de\/le-saviez-vous\/soldes-un-prix-de-reference-a-afficher\/#article\",\"isPartOf\":{\"@id\":\"https:\/\/www.cabinet-magar.fr\/de\/le-saviez-vous\/soldes-un-prix-de-reference-a-afficher\/\"},\"author\":{\"name\":\"adlucyan\",\"@id\":\"https:\/\/www.cabinet-magar.fr\/#\/schema\/person\/00f6d5357e718a659e49151253984062\"},\"headline\":\"Soldes : un prix de r\u00e9f\u00e9rence&#8230; \u00e0 afficher ?\",\"datePublished\":\"2020-01-08T23:23:00+00:00\",\"mainEntityOfPage\":{\"@id\":\"https:\/\/www.cabinet-magar.fr\/de\/le-saviez-vous\/soldes-un-prix-de-reference-a-afficher\/\"},\"wordCount\":186,\"commentCount\":0,\"articleSection\":[\"Le saviez-vous ?\"],\"inLanguage\":\"de\",\"potentialAction\":[{\"@type\":\"CommentAction\",\"name\":\"Comment\",\"target\":[\"https:\/\/www.cabinet-magar.fr\/de\/le-saviez-vous\/soldes-un-prix-de-reference-a-afficher\/#respond\"]}]},{\"@type\":\"WebPage\",\"@id\":\"https:\/\/www.cabinet-magar.fr\/de\/le-saviez-vous\/soldes-un-prix-de-reference-a-afficher\/\",\"url\":\"https:\/\/www.cabinet-magar.fr\/de\/le-saviez-vous\/soldes-un-prix-de-reference-a-afficher\/\",\"name\":\"Soldes : un prix de r\u00e9f\u00e9rence... \u00e0 afficher ? - Cabinet Magar\",\"isPartOf\":{\"@id\":\"https:\/\/www.cabinet-magar.fr\/#website\"},\"datePublished\":\"2020-01-08T23:23:00+00:00\",\"author\":{\"@id\":\"https:\/\/www.cabinet-magar.fr\/#\/schema\/person\/00f6d5357e718a659e49151253984062\"},\"breadcrumb\":{\"@id\":\"https:\/\/www.cabinet-magar.fr\/de\/le-saviez-vous\/soldes-un-prix-de-reference-a-afficher\/#breadcrumb\"},\"inLanguage\":\"de\",\"potentialAction\":[{\"@type\":\"ReadAction\",\"target\":[\"https:\/\/www.cabinet-magar.fr\/de\/le-saviez-vous\/soldes-un-prix-de-reference-a-afficher\/\"]}]},{\"@type\":\"BreadcrumbList\",\"@id\":\"https:\/\/www.cabinet-magar.fr\/de\/le-saviez-vous\/soldes-un-prix-de-reference-a-afficher\/#breadcrumb\",\"itemListElement\":[{\"@type\":\"ListItem\",\"position\":1,\"name\":\"Accueil\",\"item\":\"https:\/\/www.cabinet-magar.fr\/de\/\"},{\"@type\":\"ListItem\",\"position\":2,\"name\":\"Soldes : un prix de r\u00e9f\u00e9rence&#8230; \u00e0 afficher ?\"}]},{\"@type\":\"WebSite\",\"@id\":\"https:\/\/www.cabinet-magar.fr\/#website\",\"url\":\"https:\/\/www.cabinet-magar.fr\/\",\"name\":\"Cabinet Magar\",\"description\":\"\",\"potentialAction\":[{\"@type\":\"SearchAction\",\"target\":{\"@type\":\"EntryPoint\",\"urlTemplate\":\"https:\/\/www.cabinet-magar.fr\/?s={search_term_string}\"},\"query-input\":{\"@type\":\"PropertyValueSpecification\",\"valueRequired\":true,\"valueName\":\"search_term_string\"}}],\"inLanguage\":\"de\"},{\"@type\":\"Person\",\"@id\":\"https:\/\/www.cabinet-magar.fr\/#\/schema\/person\/00f6d5357e718a659e49151253984062\",\"name\":\"adlucyan\",\"sameAs\":[\"https:\/\/www.cabinet-magar.fr\"],\"url\":\"https:\/\/www.cabinet-magar.fr\/de\/author\/adlucyan\/\"}]}<\/script>\n<!-- \/ Yoast SEO plugin. -->","yoast_head_json":{"title":"Soldes : un prix de r\u00e9f\u00e9rence... \u00e0 afficher ? - Cabinet Magar","robots":{"index":"index","follow":"follow","max-snippet":"max-snippet:-1","max-image-preview":"max-image-preview:large","max-video-preview":"max-video-preview:-1"},"canonical":"https:\/\/www.cabinet-magar.fr\/de\/le-saviez-vous\/soldes-un-prix-de-reference-a-afficher\/","og_locale":"de_DE","og_type":"article","og_title":"Soldes : un prix de r\u00e9f\u00e9rence... \u00e0 afficher ? - Cabinet Magar","og_description":"Un client reproche \u00e0 un commer\u00e7ant de ne pas afficher le prix de r\u00e9f\u00e9rence des produits sold\u00e9s \u00e0 partir duquel les r\u00e9ductions de prix sont annonc\u00e9es.Un affichage auquel il n'est pas tenu, conteste le commer\u00e7ant.Qui a raison ?","og_url":"https:\/\/www.cabinet-magar.fr\/de\/le-saviez-vous\/soldes-un-prix-de-reference-a-afficher\/","og_site_name":"Cabinet Magar","article_published_time":"2020-01-08T23:23:00+00:00","author":"adlucyan","twitter_card":"summary_large_image","twitter_misc":{"Verfasst von":"adlucyan","Gesch\u00e4tzte Lesezeit":"1\u00a0Minute"},"schema":{"@context":"https:\/\/schema.org","@graph":[{"@type":"Article","@id":"https:\/\/www.cabinet-magar.fr\/de\/le-saviez-vous\/soldes-un-prix-de-reference-a-afficher\/#article","isPartOf":{"@id":"https:\/\/www.cabinet-magar.fr\/de\/le-saviez-vous\/soldes-un-prix-de-reference-a-afficher\/"},"author":{"name":"adlucyan","@id":"https:\/\/www.cabinet-magar.fr\/#\/schema\/person\/00f6d5357e718a659e49151253984062"},"headline":"Soldes : un prix de r\u00e9f\u00e9rence&#8230; \u00e0 afficher ?","datePublished":"2020-01-08T23:23:00+00:00","mainEntityOfPage":{"@id":"https:\/\/www.cabinet-magar.fr\/de\/le-saviez-vous\/soldes-un-prix-de-reference-a-afficher\/"},"wordCount":186,"commentCount":0,"articleSection":["Le saviez-vous ?"],"inLanguage":"de","potentialAction":[{"@type":"CommentAction","name":"Comment","target":["https:\/\/www.cabinet-magar.fr\/de\/le-saviez-vous\/soldes-un-prix-de-reference-a-afficher\/#respond"]}]},{"@type":"WebPage","@id":"https:\/\/www.cabinet-magar.fr\/de\/le-saviez-vous\/soldes-un-prix-de-reference-a-afficher\/","url":"https:\/\/www.cabinet-magar.fr\/de\/le-saviez-vous\/soldes-un-prix-de-reference-a-afficher\/","name":"Soldes : un prix de r\u00e9f\u00e9rence... \u00e0 afficher ? - Cabinet Magar","isPartOf":{"@id":"https:\/\/www.cabinet-magar.fr\/#website"},"datePublished":"2020-01-08T23:23:00+00:00","author":{"@id":"https:\/\/www.cabinet-magar.fr\/#\/schema\/person\/00f6d5357e718a659e49151253984062"},"breadcrumb":{"@id":"https:\/\/www.cabinet-magar.fr\/de\/le-saviez-vous\/soldes-un-prix-de-reference-a-afficher\/#breadcrumb"},"inLanguage":"de","potentialAction":[{"@type":"ReadAction","target":["https:\/\/www.cabinet-magar.fr\/de\/le-saviez-vous\/soldes-un-prix-de-reference-a-afficher\/"]}]},{"@type":"BreadcrumbList","@id":"https:\/\/www.cabinet-magar.fr\/de\/le-saviez-vous\/soldes-un-prix-de-reference-a-afficher\/#breadcrumb","itemListElement":[{"@type":"ListItem","position":1,"name":"Accueil","item":"https:\/\/www.cabinet-magar.fr\/de\/"},{"@type":"ListItem","position":2,"name":"Soldes : un prix de r\u00e9f\u00e9rence&#8230; \u00e0 afficher ?"}]},{"@type":"WebSite","@id":"https:\/\/www.cabinet-magar.fr\/#website","url":"https:\/\/www.cabinet-magar.fr\/","name":"Cabinet Magar","description":"","potentialAction":[{"@type":"SearchAction","target":{"@type":"EntryPoint","urlTemplate":"https:\/\/www.cabinet-magar.fr\/?s={search_term_string}"},"query-input":{"@type":"PropertyValueSpecification","valueRequired":true,"valueName":"search_term_string"}}],"inLanguage":"de"},{"@type":"Person","@id":"https:\/\/www.cabinet-magar.fr\/#\/schema\/person\/00f6d5357e718a659e49151253984062","name":"adlucyan","sameAs":["https:\/\/www.cabinet-magar.fr"],"url":"https:\/\/www.cabinet-magar.fr\/de\/author\/adlucyan\/"}]}},"_links":{"self":[{"href":"https:\/\/www.cabinet-magar.fr\/de\/wp-json\/wp\/v2\/posts\/184","targetHints":{"allow":["GET"]}}],"collection":[{"href":"https:\/\/www.cabinet-magar.fr\/de\/wp-json\/wp\/v2\/posts"}],"about":[{"href":"https:\/\/www.cabinet-magar.fr\/de\/wp-json\/wp\/v2\/types\/post"}],"author":[{"embeddable":true,"href":"https:\/\/www.cabinet-magar.fr\/de\/wp-json\/wp\/v2\/users\/1"}],"replies":[{"embeddable":true,"href":"https:\/\/www.cabinet-magar.fr\/de\/wp-json\/wp\/v2\/comments?post=184"}],"version-history":[{"count":0,"href":"https:\/\/www.cabinet-magar.fr\/de\/wp-json\/wp\/v2\/posts\/184\/revisions"}],"wp:attachment":[{"href":"https:\/\/www.cabinet-magar.fr\/de\/wp-json\/wp\/v2\/media?parent=184"}],"wp:term":[{"taxonomy":"category","embeddable":true,"href":"https:\/\/www.cabinet-magar.fr\/de\/wp-json\/wp\/v2\/categories?post=184"},{"taxonomy":"post_tag","embeddable":true,"href":"https:\/\/www.cabinet-magar.fr\/de\/wp-json\/wp\/v2\/tags?post=184"}],"curies":[{"name":"wp","href":"https:\/\/api.w.org\/{rel}","templated":true}]}}