{"id":178,"date":"2020-03-19T00:23:00","date_gmt":"2020-03-18T23:23:00","guid":{"rendered":"https:\/\/www.cabinet-magar.fr\/poursuite-dactivite-deplacements-autorises\/"},"modified":"2020-03-19T00:23:00","modified_gmt":"2020-03-18T23:23:00","slug":"poursuite-dactivite-deplacements-autorises","status":"publish","type":"post","link":"https:\/\/www.cabinet-magar.fr\/de\/le-saviez-vous\/poursuite-dactivite-deplacements-autorises\/","title":{"rendered":"Poursuite d&#8217;activit\u00e9 = d\u00e9placements autoris\u00e9s ?"},"content":{"rendered":"<div class=\"quizz\">\n<div class=\"question-quizz\">\n<p>Petite question du jour :<\/p>\n<p>Une entreprise, dans laquelle le t\u00e9l\u00e9travail n&#8217;est pas possible pour tous les postes, poursuit son activit\u00e9 malgr\u00e9 l&#8217;\u00e9pid\u00e9mie de Covid-19.<\/p>\n<p>Elle rappelle alors \u00e0 ses salari\u00e9s, oblig\u00e9s de se d\u00e9placer sur site, qu&#8217;il leur faut d\u00e9sormais remplir une attestation quotidienne autorisant leur d\u00e9placement domicile\/travail.<\/p>\n<p>Est-ce suffisant pour autoriser leur d\u00e9placement ?<\/p><\/div>\n<ul class=\"propal-quizz\">\n<li class=\"quizz-a\"><a href=\"#reponse\" onclick=\"document.getElementById('page-fiche').classList.add('quizz-open'); return false;\">Oui<\/a><\/li>\n<li class=\"quizz-b\"><a href=\"#reponse\" onclick=\"document.getElementById('page-fiche').classList.add('quizz-open'); return false;\">Non<\/a><\/li>\n<\/ul>\n<div id=\"rna\" class=\"reponse-non-affichee\">La r\u00e9ponse n&#8217;est pas toujours celle que l&#8217;on croit&#8230;<\/div>\n<div id=\"reponse\" class=\"reponse-quizz-in\">La bonne r\u00e9ponse est&#8230;<br \/> <span class=\"reponse-b\">Non<\/span><br \/>Si le salari\u00e9 doit, effectivement, remplir une attestation quotidienne de d\u00e9placement, l&#8217;employeur doit \u00e9galement lui fournir un justificatif permanent. A cette fin, il doit remplir l&#8217;attestation de d\u00e9placement professionnel t\u00e9l\u00e9chargeable sur le site du Minist\u00e8re de l&#8217;int\u00e9rieur : interieur.gouv.fr<\/p>\n<p>Notez que depuis le 18 mars 2020, tout manquement \u00e0 l&#8217;interdiction de se d\u00e9placer, qui ne serait pas d\u00fbment justifi\u00e9 par l&#8217;attestation, est sanctionn\u00e9 par une amende forfaitaire de 135 \u20ac.<\/p><\/div>\n<\/div>\n","protected":false},"excerpt":{"rendered":"<p>Petite question du jour :<\/p>\n<p>Une entreprise, dans laquelle le t\u00e9l\u00e9travail n&#8217;est pas possible pour tous les postes, poursuit son activit\u00e9 malgr\u00e9 l&#8217;\u00e9pid\u00e9mie de Covid-19.<\/p>\n<p>Elle rappelle alors \u00e0 ses salari\u00e9s, oblig\u00e9s de se d\u00e9placer sur site, qu&#8217;il leur faut d\u00e9sormais remplir une attestation quotidienne autorisant leur d\u00e9placement domicile\/travail.<\/p>\n<p>Est-ce suffisant pour autoriser leur d\u00e9placement ?<\/p>\n","protected":false},"author":1,"featured_media":0,"comment_status":"open","ping_status":"closed","sticky":false,"template":"","format":"standard","meta":{"_acf_changed":false,"footnotes":""},"categories":[5],"tags":[],"class_list":["post-178","post","type-post","status-publish","format-standard","hentry","category-le-saviez-vous"],"acf":[],"yoast_head":"<!-- This site is optimized with the Yoast SEO plugin v27.2 - https:\/\/yoast.com\/product\/yoast-seo-wordpress\/ -->\n<title>Poursuite d&#039;activit\u00e9 = d\u00e9placements autoris\u00e9s ? - Cabinet Magar<\/title>\n<meta name=\"robots\" content=\"index, follow, max-snippet:-1, max-image-preview:large, max-video-preview:-1\" \/>\n<link rel=\"canonical\" href=\"https:\/\/www.cabinet-magar.fr\/de\/le-saviez-vous\/poursuite-dactivite-deplacements-autorises\/\" \/>\n<meta property=\"og:locale\" content=\"de_DE\" \/>\n<meta property=\"og:type\" content=\"article\" \/>\n<meta property=\"og:title\" content=\"Poursuite d&#039;activit\u00e9 = d\u00e9placements autoris\u00e9s ? - Cabinet Magar\" \/>\n<meta property=\"og:description\" content=\"Petite question du jour :Une entreprise, dans laquelle le t\u00e9l\u00e9travail n&#039;est pas possible pour tous les postes, poursuit son activit\u00e9 malgr\u00e9 l&#039;\u00e9pid\u00e9mie de Covid-19.Elle rappelle alors \u00e0 ses salari\u00e9s, oblig\u00e9s de se d\u00e9placer sur site, qu&#039;il leur faut d\u00e9sormais remplir une attestation quotidienne autorisant leur d\u00e9placement domicile\/travail.Est-ce suffisant pour autoriser leur d\u00e9placement ?\" \/>\n<meta property=\"og:url\" content=\"https:\/\/www.cabinet-magar.fr\/de\/le-saviez-vous\/poursuite-dactivite-deplacements-autorises\/\" \/>\n<meta property=\"og:site_name\" content=\"Cabinet Magar\" \/>\n<meta property=\"article:published_time\" content=\"2020-03-18T23:23:00+00:00\" \/>\n<meta name=\"author\" content=\"adlucyan\" \/>\n<meta name=\"twitter:card\" content=\"summary_large_image\" \/>\n<meta name=\"twitter:label1\" content=\"Verfasst von\" \/>\n\t<meta name=\"twitter:data1\" content=\"adlucyan\" \/>\n\t<meta name=\"twitter:label2\" content=\"Gesch\u00e4tzte Lesezeit\" \/>\n\t<meta name=\"twitter:data2\" content=\"1\u00a0Minute\" \/>\n<script type=\"application\/ld+json\" class=\"yoast-schema-graph\">{\"@context\":\"https:\/\/schema.org\",\"@graph\":[{\"@type\":\"Article\",\"@id\":\"https:\/\/www.cabinet-magar.fr\/de\/le-saviez-vous\/poursuite-dactivite-deplacements-autorises\/#article\",\"isPartOf\":{\"@id\":\"https:\/\/www.cabinet-magar.fr\/de\/le-saviez-vous\/poursuite-dactivite-deplacements-autorises\/\"},\"author\":{\"name\":\"adlucyan\",\"@id\":\"https:\/\/www.cabinet-magar.fr\/#\/schema\/person\/00f6d5357e718a659e49151253984062\"},\"headline\":\"Poursuite d&#8217;activit\u00e9 = d\u00e9placements autoris\u00e9s ?\",\"datePublished\":\"2020-03-18T23:23:00+00:00\",\"mainEntityOfPage\":{\"@id\":\"https:\/\/www.cabinet-magar.fr\/de\/le-saviez-vous\/poursuite-dactivite-deplacements-autorises\/\"},\"wordCount\":172,\"commentCount\":0,\"articleSection\":[\"Le saviez-vous ?\"],\"inLanguage\":\"de\",\"potentialAction\":[{\"@type\":\"CommentAction\",\"name\":\"Comment\",\"target\":[\"https:\/\/www.cabinet-magar.fr\/de\/le-saviez-vous\/poursuite-dactivite-deplacements-autorises\/#respond\"]}]},{\"@type\":\"WebPage\",\"@id\":\"https:\/\/www.cabinet-magar.fr\/de\/le-saviez-vous\/poursuite-dactivite-deplacements-autorises\/\",\"url\":\"https:\/\/www.cabinet-magar.fr\/de\/le-saviez-vous\/poursuite-dactivite-deplacements-autorises\/\",\"name\":\"Poursuite d'activit\u00e9 = d\u00e9placements autoris\u00e9s ? - Cabinet Magar\",\"isPartOf\":{\"@id\":\"https:\/\/www.cabinet-magar.fr\/#website\"},\"datePublished\":\"2020-03-18T23:23:00+00:00\",\"author\":{\"@id\":\"https:\/\/www.cabinet-magar.fr\/#\/schema\/person\/00f6d5357e718a659e49151253984062\"},\"breadcrumb\":{\"@id\":\"https:\/\/www.cabinet-magar.fr\/de\/le-saviez-vous\/poursuite-dactivite-deplacements-autorises\/#breadcrumb\"},\"inLanguage\":\"de\",\"potentialAction\":[{\"@type\":\"ReadAction\",\"target\":[\"https:\/\/www.cabinet-magar.fr\/de\/le-saviez-vous\/poursuite-dactivite-deplacements-autorises\/\"]}]},{\"@type\":\"BreadcrumbList\",\"@id\":\"https:\/\/www.cabinet-magar.fr\/de\/le-saviez-vous\/poursuite-dactivite-deplacements-autorises\/#breadcrumb\",\"itemListElement\":[{\"@type\":\"ListItem\",\"position\":1,\"name\":\"Accueil\",\"item\":\"https:\/\/www.cabinet-magar.fr\/de\/\"},{\"@type\":\"ListItem\",\"position\":2,\"name\":\"Poursuite d&#8217;activit\u00e9 = d\u00e9placements autoris\u00e9s ?\"}]},{\"@type\":\"WebSite\",\"@id\":\"https:\/\/www.cabinet-magar.fr\/#website\",\"url\":\"https:\/\/www.cabinet-magar.fr\/\",\"name\":\"Cabinet Magar\",\"description\":\"\",\"potentialAction\":[{\"@type\":\"SearchAction\",\"target\":{\"@type\":\"EntryPoint\",\"urlTemplate\":\"https:\/\/www.cabinet-magar.fr\/?s={search_term_string}\"},\"query-input\":{\"@type\":\"PropertyValueSpecification\",\"valueRequired\":true,\"valueName\":\"search_term_string\"}}],\"inLanguage\":\"de\"},{\"@type\":\"Person\",\"@id\":\"https:\/\/www.cabinet-magar.fr\/#\/schema\/person\/00f6d5357e718a659e49151253984062\",\"name\":\"adlucyan\",\"sameAs\":[\"https:\/\/www.cabinet-magar.fr\"],\"url\":\"https:\/\/www.cabinet-magar.fr\/de\/author\/adlucyan\/\"}]}<\/script>\n<!-- \/ Yoast SEO plugin. -->","yoast_head_json":{"title":"Poursuite d'activit\u00e9 = d\u00e9placements autoris\u00e9s ? - Cabinet Magar","robots":{"index":"index","follow":"follow","max-snippet":"max-snippet:-1","max-image-preview":"max-image-preview:large","max-video-preview":"max-video-preview:-1"},"canonical":"https:\/\/www.cabinet-magar.fr\/de\/le-saviez-vous\/poursuite-dactivite-deplacements-autorises\/","og_locale":"de_DE","og_type":"article","og_title":"Poursuite d'activit\u00e9 = d\u00e9placements autoris\u00e9s ? - Cabinet Magar","og_description":"Petite question du jour :Une entreprise, dans laquelle le t\u00e9l\u00e9travail n'est pas possible pour tous les postes, poursuit son activit\u00e9 malgr\u00e9 l'\u00e9pid\u00e9mie de Covid-19.Elle rappelle alors \u00e0 ses salari\u00e9s, oblig\u00e9s de se d\u00e9placer sur site, qu'il leur faut d\u00e9sormais remplir une attestation quotidienne autorisant leur d\u00e9placement domicile\/travail.Est-ce suffisant pour autoriser leur d\u00e9placement ?","og_url":"https:\/\/www.cabinet-magar.fr\/de\/le-saviez-vous\/poursuite-dactivite-deplacements-autorises\/","og_site_name":"Cabinet Magar","article_published_time":"2020-03-18T23:23:00+00:00","author":"adlucyan","twitter_card":"summary_large_image","twitter_misc":{"Verfasst von":"adlucyan","Gesch\u00e4tzte Lesezeit":"1\u00a0Minute"},"schema":{"@context":"https:\/\/schema.org","@graph":[{"@type":"Article","@id":"https:\/\/www.cabinet-magar.fr\/de\/le-saviez-vous\/poursuite-dactivite-deplacements-autorises\/#article","isPartOf":{"@id":"https:\/\/www.cabinet-magar.fr\/de\/le-saviez-vous\/poursuite-dactivite-deplacements-autorises\/"},"author":{"name":"adlucyan","@id":"https:\/\/www.cabinet-magar.fr\/#\/schema\/person\/00f6d5357e718a659e49151253984062"},"headline":"Poursuite d&#8217;activit\u00e9 = d\u00e9placements autoris\u00e9s ?","datePublished":"2020-03-18T23:23:00+00:00","mainEntityOfPage":{"@id":"https:\/\/www.cabinet-magar.fr\/de\/le-saviez-vous\/poursuite-dactivite-deplacements-autorises\/"},"wordCount":172,"commentCount":0,"articleSection":["Le saviez-vous ?"],"inLanguage":"de","potentialAction":[{"@type":"CommentAction","name":"Comment","target":["https:\/\/www.cabinet-magar.fr\/de\/le-saviez-vous\/poursuite-dactivite-deplacements-autorises\/#respond"]}]},{"@type":"WebPage","@id":"https:\/\/www.cabinet-magar.fr\/de\/le-saviez-vous\/poursuite-dactivite-deplacements-autorises\/","url":"https:\/\/www.cabinet-magar.fr\/de\/le-saviez-vous\/poursuite-dactivite-deplacements-autorises\/","name":"Poursuite d'activit\u00e9 = d\u00e9placements autoris\u00e9s ? - Cabinet Magar","isPartOf":{"@id":"https:\/\/www.cabinet-magar.fr\/#website"},"datePublished":"2020-03-18T23:23:00+00:00","author":{"@id":"https:\/\/www.cabinet-magar.fr\/#\/schema\/person\/00f6d5357e718a659e49151253984062"},"breadcrumb":{"@id":"https:\/\/www.cabinet-magar.fr\/de\/le-saviez-vous\/poursuite-dactivite-deplacements-autorises\/#breadcrumb"},"inLanguage":"de","potentialAction":[{"@type":"ReadAction","target":["https:\/\/www.cabinet-magar.fr\/de\/le-saviez-vous\/poursuite-dactivite-deplacements-autorises\/"]}]},{"@type":"BreadcrumbList","@id":"https:\/\/www.cabinet-magar.fr\/de\/le-saviez-vous\/poursuite-dactivite-deplacements-autorises\/#breadcrumb","itemListElement":[{"@type":"ListItem","position":1,"name":"Accueil","item":"https:\/\/www.cabinet-magar.fr\/de\/"},{"@type":"ListItem","position":2,"name":"Poursuite d&#8217;activit\u00e9 = d\u00e9placements autoris\u00e9s ?"}]},{"@type":"WebSite","@id":"https:\/\/www.cabinet-magar.fr\/#website","url":"https:\/\/www.cabinet-magar.fr\/","name":"Cabinet Magar","description":"","potentialAction":[{"@type":"SearchAction","target":{"@type":"EntryPoint","urlTemplate":"https:\/\/www.cabinet-magar.fr\/?s={search_term_string}"},"query-input":{"@type":"PropertyValueSpecification","valueRequired":true,"valueName":"search_term_string"}}],"inLanguage":"de"},{"@type":"Person","@id":"https:\/\/www.cabinet-magar.fr\/#\/schema\/person\/00f6d5357e718a659e49151253984062","name":"adlucyan","sameAs":["https:\/\/www.cabinet-magar.fr"],"url":"https:\/\/www.cabinet-magar.fr\/de\/author\/adlucyan\/"}]}},"_links":{"self":[{"href":"https:\/\/www.cabinet-magar.fr\/de\/wp-json\/wp\/v2\/posts\/178","targetHints":{"allow":["GET"]}}],"collection":[{"href":"https:\/\/www.cabinet-magar.fr\/de\/wp-json\/wp\/v2\/posts"}],"about":[{"href":"https:\/\/www.cabinet-magar.fr\/de\/wp-json\/wp\/v2\/types\/post"}],"author":[{"embeddable":true,"href":"https:\/\/www.cabinet-magar.fr\/de\/wp-json\/wp\/v2\/users\/1"}],"replies":[{"embeddable":true,"href":"https:\/\/www.cabinet-magar.fr\/de\/wp-json\/wp\/v2\/comments?post=178"}],"version-history":[{"count":0,"href":"https:\/\/www.cabinet-magar.fr\/de\/wp-json\/wp\/v2\/posts\/178\/revisions"}],"wp:attachment":[{"href":"https:\/\/www.cabinet-magar.fr\/de\/wp-json\/wp\/v2\/media?parent=178"}],"wp:term":[{"taxonomy":"category","embeddable":true,"href":"https:\/\/www.cabinet-magar.fr\/de\/wp-json\/wp\/v2\/categories?post=178"},{"taxonomy":"post_tag","embeddable":true,"href":"https:\/\/www.cabinet-magar.fr\/de\/wp-json\/wp\/v2\/tags?post=178"}],"curies":[{"name":"wp","href":"https:\/\/api.w.org\/{rel}","templated":true}]}}