{"id":13916,"date":"2026-04-30T00:00:00","date_gmt":"2026-04-29T22:00:00","guid":{"rendered":"https:\/\/www.cabinet-magar.fr\/actualites\/travailleurs-etrangers-precisions-des-regles\/"},"modified":"2026-04-30T00:00:00","modified_gmt":"2026-04-29T22:00:00","slug":"travailleurs-etrangers-precisions-des-regles","status":"publish","type":"post","link":"https:\/\/www.cabinet-magar.fr\/de\/actualites\/travailleurs-etrangers-precisions-des-regles\/","title":{"rendered":"Travailleurs \u00e9trangers : pr\u00e9cisions des r\u00e8gles"},"content":{"rendered":"<p>Les conditions de travail et d\u2019inscription \u00e0 France Travail de certains ressortissants \u00e9trangers sont clarifi\u00e9es, notamment pour les titulaires d\u2019une carte bleue europ\u00e9enne. Pour quels changements en pratique ?&nbsp;<\/p>\n<h2>Carte bleue europ\u00e9enne et demandeurs d\u2019emploi \u00e9trangers : ce qu\u2019il faut retenir&nbsp;<\/h2>\n<p>Rappelons que la carte bleue europ\u00e9enne permet \u00e0 un travailleur \u00e9tranger hautement qualifi\u00e9 d\u2019exercer une activit\u00e9 salari\u00e9e en France.&nbsp;<\/p>\n<p>Cette carte vaut autorisation de travail : l\u2019employeur n\u2019a donc pas \u00e0 demander d\u2019autorisation suppl\u00e9mentaire lorsque l\u2019emploi correspond \u00e0 celui ayant justifi\u00e9 la d\u00e9livrance de cette carte.&nbsp;<\/p>\n<p>Une pr\u00e9cision vient tout juste d\u2019\u00eatre apport\u00e9e pour les travailleurs \u00e9trangers qui disposent d\u00e9j\u00e0 d\u2019une carte bleue europ\u00e9enne d\u00e9livr\u00e9e par un autre pays de l\u2019Union europ\u00e9enne.&nbsp;<\/p>\n<p>Ainsi, il est pr\u00e9cis\u00e9 que ces travailleurs peuvent exercer une activit\u00e9 salari\u00e9e en France sans autorisation de travail sp\u00e9cifique, mais uniquement dans une limite de 90 jours sur une p\u00e9riode de 180 jours.&nbsp;<\/p>\n<p>Cette r\u00e8gle vaut aussi pour certains anciens titulaires d\u2019une carte bleue europ\u00e9enne b\u00e9n\u00e9ficiant d\u2019un statut de r\u00e9sident longue dur\u00e9e dans l\u2019Union europ\u00e9enne.&nbsp;<\/p>\n<p>En principe, ce titre s\u2019adresse aux personnes disposant d\u2019un haut niveau de qualification, justifi\u00e9 par un dipl\u00f4me ou une exp\u00e9rience professionnelle importante.&nbsp;<\/p>\n<p>Pour certains m\u00e9tiers, une exp\u00e9rience pertinente d\u2019au moins 3 ans acquise au cours des 7 derni\u00e8res ann\u00e9es pourra suffire. Pour l\u2019heure, la liste des professions concern\u00e9es n\u2019est pas encore connue et sera fix\u00e9e ult\u00e9rieurement.&nbsp;<\/p>\n<p>Par ailleurs, les r\u00e8gles d\u2019inscription des ressortissants \u00e9trangers \u00e0 France Travail, sont simplifi\u00e9es : pour pouvoir s\u2019inscrire comme demandeur d\u2019emploi, un \u00e9tranger majeur doit disposer d\u2019un document en cours de validit\u00e9 l\u2019autorisant \u00e0 travailler en France.&nbsp;<\/p>\n<p>Il peut s\u2019agir d\u2019un titre de s\u00e9jour, d\u2019un document provisoire li\u00e9 \u00e0 une 1re demande ou \u00e0 un renouvellement, ou encore d\u2019une autorisation provisoire de s\u00e9jour.&nbsp;<\/p>\n<p>Certains documents restent toutefois exclus et ne permettent pas de s\u2019inscrire \u00e0 France Travail, notamment lorsqu\u2019ils supposent que la personne conserve sa r\u00e9sidence habituelle hors de France ou lorsqu\u2019il s\u2019agit d\u2019un visa de long s\u00e9jour.&nbsp;<\/p>\n<p>Enfin, notez que le travailleur \u00e9tranger inscrit comme demandeur d\u2019emploi doit signaler l\u2019arriv\u00e9e \u00e0 \u00e9ch\u00e9ance de son titre ou document l\u2019autorisant \u00e0 s\u00e9journer et travailler en France. &nbsp;<\/p>\n<div>Sources :  <\/p>\n<ul>\n<li><a href=\"https:\/\/www.legifrance.gouv.fr\/jorf\/id\/JORFTEXT000053957149\" target=\"_blank\">D\u00e9cret n\u00b0 2026-308 du 24 avril 2026 relatif \u00e0 l&#8217;inscription des ressortissants \u00e9trangers sur la liste des demandeurs d&#8217;emploi et \u00e0 la carte bleue europ\u00e9enne<\/a><\/li>\n<\/ul>\n<\/div>\n<p><a href=\"https:\/\/www.weblex.fr\/weblex-actualite\/travailleurs-etrangers-precisions-des-regles\" target=\"_blank\">Travailleurs \u00e9trangers : pr\u00e9cisions des r\u00e8gles<\/a> &#8211; \u00a9 Copyright WebLex<\/p>\n<p><img decoding=\"async\" src=\"https:\/\/www.weblex.fr\/sites\/default\/files\/actualites\/images\/Shutterstock_carte%20bleue%20europeenne.jpg\"><\/p>\n","protected":false},"excerpt":{"rendered":"<p>Les conditions de travail et d\u2019inscription \u00e0 France Travail de certains ressortissants \u00e9trangers sont clarifi\u00e9es, notamment pour les titulaires d\u2019une carte bleue europ\u00e9enne. Pour quels changements en pratique ?&nbsp;<\/p>\n","protected":false},"author":0,"featured_media":13917,"comment_status":"open","ping_status":"open","sticky":false,"template":"","format":"standard","meta":{"_acf_changed":false,"footnotes":""},"categories":[8,7],"tags":[],"class_list":["post-13916","post","type-post","status-publish","format-standard","has-post-thumbnail","hentry","category-actu-sociale","category-actualites"],"acf":[],"yoast_head":"<!-- This site is optimized with the Yoast SEO plugin v27.2 - https:\/\/yoast.com\/product\/yoast-seo-wordpress\/ -->\n<title>Travailleurs \u00e9trangers : pr\u00e9cisions des r\u00e8gles - Cabinet Magar<\/title>\n<meta name=\"robots\" content=\"index, follow, max-snippet:-1, max-image-preview:large, max-video-preview:-1\" \/>\n<link rel=\"canonical\" href=\"https:\/\/www.cabinet-magar.fr\/actualites\/travailleurs-etrangers-precisions-des-regles\/\" \/>\n<meta property=\"og:locale\" content=\"de_DE\" \/>\n<meta property=\"og:type\" content=\"article\" \/>\n<meta property=\"og:title\" content=\"Travailleurs \u00e9trangers : pr\u00e9cisions des r\u00e8gles - Cabinet Magar\" \/>\n<meta property=\"og:description\" content=\"Les conditions de travail et d\u2019inscription \u00e0 France Travail de certains ressortissants \u00e9trangers sont clarifi\u00e9es, notamment pour les titulaires d\u2019une carte bleue europ\u00e9enne. Pour quels changements en pratique ?&nbsp;\" \/>\n<meta property=\"og:url\" content=\"https:\/\/www.cabinet-magar.fr\/actualites\/travailleurs-etrangers-precisions-des-regles\/\" \/>\n<meta property=\"og:site_name\" content=\"Cabinet Magar\" \/>\n<meta property=\"article:published_time\" content=\"2026-04-29T22:00:00+00:00\" \/>\n<meta property=\"og:image\" content=\"https:\/\/www.cabinet-magar.fr\/wp-content\/uploads\/2026\/05\/Shutterstock_carte-bleue-europeenne.jpg\" \/>\n\t<meta property=\"og:image:width\" content=\"600\" \/>\n\t<meta property=\"og:image:height\" content=\"400\" \/>\n\t<meta property=\"og:image:type\" content=\"image\/jpeg\" \/>\n<meta name=\"twitter:card\" content=\"summary_large_image\" \/>\n<meta name=\"twitter:label1\" content=\"Gesch\u00e4tzte Lesezeit\" \/>\n\t<meta name=\"twitter:data1\" content=\"2\u00a0Minuten\" \/>\n<script type=\"application\/ld+json\" class=\"yoast-schema-graph\">{\"@context\":\"https:\/\/schema.org\",\"@graph\":[{\"@type\":\"Article\",\"@id\":\"https:\/\/www.cabinet-magar.fr\/actualites\/travailleurs-etrangers-precisions-des-regles\/#article\",\"isPartOf\":{\"@id\":\"https:\/\/www.cabinet-magar.fr\/actualites\/travailleurs-etrangers-precisions-des-regles\/\"},\"author\":{\"name\":\"\",\"@id\":\"\"},\"headline\":\"Travailleurs \u00e9trangers : pr\u00e9cisions des r\u00e8gles\",\"datePublished\":\"2026-04-29T22:00:00+00:00\",\"mainEntityOfPage\":{\"@id\":\"https:\/\/www.cabinet-magar.fr\/actualites\/travailleurs-etrangers-precisions-des-regles\/\"},\"wordCount\":465,\"commentCount\":0,\"image\":{\"@id\":\"https:\/\/www.cabinet-magar.fr\/actualites\/travailleurs-etrangers-precisions-des-regles\/#primaryimage\"},\"thumbnailUrl\":\"https:\/\/www.cabinet-magar.fr\/wp-content\/uploads\/2026\/05\/Shutterstock_carte-bleue-europeenne.jpg\",\"articleSection\":[\"Actu Sociale\",\"Actualit\u00e9s\"],\"inLanguage\":\"de\",\"potentialAction\":[{\"@type\":\"CommentAction\",\"name\":\"Comment\",\"target\":[\"https:\/\/www.cabinet-magar.fr\/actualites\/travailleurs-etrangers-precisions-des-regles\/#respond\"]}]},{\"@type\":\"WebPage\",\"@id\":\"https:\/\/www.cabinet-magar.fr\/actualites\/travailleurs-etrangers-precisions-des-regles\/\",\"url\":\"https:\/\/www.cabinet-magar.fr\/actualites\/travailleurs-etrangers-precisions-des-regles\/\",\"name\":\"Travailleurs \u00e9trangers : pr\u00e9cisions des r\u00e8gles - Cabinet Magar\",\"isPartOf\":{\"@id\":\"https:\/\/www.cabinet-magar.fr\/#website\"},\"primaryImageOfPage\":{\"@id\":\"https:\/\/www.cabinet-magar.fr\/actualites\/travailleurs-etrangers-precisions-des-regles\/#primaryimage\"},\"image\":{\"@id\":\"https:\/\/www.cabinet-magar.fr\/actualites\/travailleurs-etrangers-precisions-des-regles\/#primaryimage\"},\"thumbnailUrl\":\"https:\/\/www.cabinet-magar.fr\/wp-content\/uploads\/2026\/05\/Shutterstock_carte-bleue-europeenne.jpg\",\"datePublished\":\"2026-04-29T22:00:00+00:00\",\"author\":{\"@id\":\"\"},\"breadcrumb\":{\"@id\":\"https:\/\/www.cabinet-magar.fr\/actualites\/travailleurs-etrangers-precisions-des-regles\/#breadcrumb\"},\"inLanguage\":\"de\",\"potentialAction\":[{\"@type\":\"ReadAction\",\"target\":[\"https:\/\/www.cabinet-magar.fr\/actualites\/travailleurs-etrangers-precisions-des-regles\/\"]}]},{\"@type\":\"ImageObject\",\"inLanguage\":\"de\",\"@id\":\"https:\/\/www.cabinet-magar.fr\/actualites\/travailleurs-etrangers-precisions-des-regles\/#primaryimage\",\"url\":\"https:\/\/www.cabinet-magar.fr\/wp-content\/uploads\/2026\/05\/Shutterstock_carte-bleue-europeenne.jpg\",\"contentUrl\":\"https:\/\/www.cabinet-magar.fr\/wp-content\/uploads\/2026\/05\/Shutterstock_carte-bleue-europeenne.jpg\",\"width\":600,\"height\":400},{\"@type\":\"BreadcrumbList\",\"@id\":\"https:\/\/www.cabinet-magar.fr\/actualites\/travailleurs-etrangers-precisions-des-regles\/#breadcrumb\",\"itemListElement\":[{\"@type\":\"ListItem\",\"position\":1,\"name\":\"Accueil\",\"item\":\"https:\/\/www.cabinet-magar.fr\/de\/\"},{\"@type\":\"ListItem\",\"position\":2,\"name\":\"Travailleurs \u00e9trangers : pr\u00e9cisions des r\u00e8gles\"}]},{\"@type\":\"WebSite\",\"@id\":\"https:\/\/www.cabinet-magar.fr\/#website\",\"url\":\"https:\/\/www.cabinet-magar.fr\/\",\"name\":\"Cabinet Magar\",\"description\":\"\",\"potentialAction\":[{\"@type\":\"SearchAction\",\"target\":{\"@type\":\"EntryPoint\",\"urlTemplate\":\"https:\/\/www.cabinet-magar.fr\/?s={search_term_string}\"},\"query-input\":{\"@type\":\"PropertyValueSpecification\",\"valueRequired\":true,\"valueName\":\"search_term_string\"}}],\"inLanguage\":\"de\"}]}<\/script>\n<!-- \/ Yoast SEO plugin. -->","yoast_head_json":{"title":"Travailleurs \u00e9trangers : pr\u00e9cisions des r\u00e8gles - Cabinet Magar","robots":{"index":"index","follow":"follow","max-snippet":"max-snippet:-1","max-image-preview":"max-image-preview:large","max-video-preview":"max-video-preview:-1"},"canonical":"https:\/\/www.cabinet-magar.fr\/actualites\/travailleurs-etrangers-precisions-des-regles\/","og_locale":"de_DE","og_type":"article","og_title":"Travailleurs \u00e9trangers : pr\u00e9cisions des r\u00e8gles - Cabinet Magar","og_description":"Les conditions de travail et d\u2019inscription \u00e0 France Travail de certains ressortissants \u00e9trangers sont clarifi\u00e9es, notamment pour les titulaires d\u2019une carte bleue europ\u00e9enne. Pour quels changements en pratique ?&nbsp;","og_url":"https:\/\/www.cabinet-magar.fr\/actualites\/travailleurs-etrangers-precisions-des-regles\/","og_site_name":"Cabinet Magar","article_published_time":"2026-04-29T22:00:00+00:00","og_image":[{"width":600,"height":400,"url":"https:\/\/www.cabinet-magar.fr\/wp-content\/uploads\/2026\/05\/Shutterstock_carte-bleue-europeenne.jpg","type":"image\/jpeg"}],"twitter_card":"summary_large_image","twitter_misc":{"Gesch\u00e4tzte Lesezeit":"2\u00a0Minuten"},"schema":{"@context":"https:\/\/schema.org","@graph":[{"@type":"Article","@id":"https:\/\/www.cabinet-magar.fr\/actualites\/travailleurs-etrangers-precisions-des-regles\/#article","isPartOf":{"@id":"https:\/\/www.cabinet-magar.fr\/actualites\/travailleurs-etrangers-precisions-des-regles\/"},"author":{"name":"","@id":""},"headline":"Travailleurs \u00e9trangers : pr\u00e9cisions des r\u00e8gles","datePublished":"2026-04-29T22:00:00+00:00","mainEntityOfPage":{"@id":"https:\/\/www.cabinet-magar.fr\/actualites\/travailleurs-etrangers-precisions-des-regles\/"},"wordCount":465,"commentCount":0,"image":{"@id":"https:\/\/www.cabinet-magar.fr\/actualites\/travailleurs-etrangers-precisions-des-regles\/#primaryimage"},"thumbnailUrl":"https:\/\/www.cabinet-magar.fr\/wp-content\/uploads\/2026\/05\/Shutterstock_carte-bleue-europeenne.jpg","articleSection":["Actu Sociale","Actualit\u00e9s"],"inLanguage":"de","potentialAction":[{"@type":"CommentAction","name":"Comment","target":["https:\/\/www.cabinet-magar.fr\/actualites\/travailleurs-etrangers-precisions-des-regles\/#respond"]}]},{"@type":"WebPage","@id":"https:\/\/www.cabinet-magar.fr\/actualites\/travailleurs-etrangers-precisions-des-regles\/","url":"https:\/\/www.cabinet-magar.fr\/actualites\/travailleurs-etrangers-precisions-des-regles\/","name":"Travailleurs \u00e9trangers : pr\u00e9cisions des r\u00e8gles - Cabinet Magar","isPartOf":{"@id":"https:\/\/www.cabinet-magar.fr\/#website"},"primaryImageOfPage":{"@id":"https:\/\/www.cabinet-magar.fr\/actualites\/travailleurs-etrangers-precisions-des-regles\/#primaryimage"},"image":{"@id":"https:\/\/www.cabinet-magar.fr\/actualites\/travailleurs-etrangers-precisions-des-regles\/#primaryimage"},"thumbnailUrl":"https:\/\/www.cabinet-magar.fr\/wp-content\/uploads\/2026\/05\/Shutterstock_carte-bleue-europeenne.jpg","datePublished":"2026-04-29T22:00:00+00:00","author":{"@id":""},"breadcrumb":{"@id":"https:\/\/www.cabinet-magar.fr\/actualites\/travailleurs-etrangers-precisions-des-regles\/#breadcrumb"},"inLanguage":"de","potentialAction":[{"@type":"ReadAction","target":["https:\/\/www.cabinet-magar.fr\/actualites\/travailleurs-etrangers-precisions-des-regles\/"]}]},{"@type":"ImageObject","inLanguage":"de","@id":"https:\/\/www.cabinet-magar.fr\/actualites\/travailleurs-etrangers-precisions-des-regles\/#primaryimage","url":"https:\/\/www.cabinet-magar.fr\/wp-content\/uploads\/2026\/05\/Shutterstock_carte-bleue-europeenne.jpg","contentUrl":"https:\/\/www.cabinet-magar.fr\/wp-content\/uploads\/2026\/05\/Shutterstock_carte-bleue-europeenne.jpg","width":600,"height":400},{"@type":"BreadcrumbList","@id":"https:\/\/www.cabinet-magar.fr\/actualites\/travailleurs-etrangers-precisions-des-regles\/#breadcrumb","itemListElement":[{"@type":"ListItem","position":1,"name":"Accueil","item":"https:\/\/www.cabinet-magar.fr\/de\/"},{"@type":"ListItem","position":2,"name":"Travailleurs \u00e9trangers : pr\u00e9cisions des r\u00e8gles"}]},{"@type":"WebSite","@id":"https:\/\/www.cabinet-magar.fr\/#website","url":"https:\/\/www.cabinet-magar.fr\/","name":"Cabinet Magar","description":"","potentialAction":[{"@type":"SearchAction","target":{"@type":"EntryPoint","urlTemplate":"https:\/\/www.cabinet-magar.fr\/?s={search_term_string}"},"query-input":{"@type":"PropertyValueSpecification","valueRequired":true,"valueName":"search_term_string"}}],"inLanguage":"de"}]}},"_links":{"self":[{"href":"https:\/\/www.cabinet-magar.fr\/de\/wp-json\/wp\/v2\/posts\/13916","targetHints":{"allow":["GET"]}}],"collection":[{"href":"https:\/\/www.cabinet-magar.fr\/de\/wp-json\/wp\/v2\/posts"}],"about":[{"href":"https:\/\/www.cabinet-magar.fr\/de\/wp-json\/wp\/v2\/types\/post"}],"replies":[{"embeddable":true,"href":"https:\/\/www.cabinet-magar.fr\/de\/wp-json\/wp\/v2\/comments?post=13916"}],"version-history":[{"count":0,"href":"https:\/\/www.cabinet-magar.fr\/de\/wp-json\/wp\/v2\/posts\/13916\/revisions"}],"wp:featuredmedia":[{"embeddable":true,"href":"https:\/\/www.cabinet-magar.fr\/de\/wp-json\/wp\/v2\/media\/13917"}],"wp:attachment":[{"href":"https:\/\/www.cabinet-magar.fr\/de\/wp-json\/wp\/v2\/media?parent=13916"}],"wp:term":[{"taxonomy":"category","embeddable":true,"href":"https:\/\/www.cabinet-magar.fr\/de\/wp-json\/wp\/v2\/categories?post=13916"},{"taxonomy":"post_tag","embeddable":true,"href":"https:\/\/www.cabinet-magar.fr\/de\/wp-json\/wp\/v2\/tags?post=13916"}],"curies":[{"name":"wp","href":"https:\/\/api.w.org\/{rel}","templated":true}]}}