{"id":13914,"date":"2026-04-30T00:00:00","date_gmt":"2026-04-29T22:00:00","guid":{"rendered":"https:\/\/www.cabinet-magar.fr\/actualites\/ordinateur-quantique-une-exportation-plus-libre\/"},"modified":"2026-04-30T00:00:00","modified_gmt":"2026-04-29T22:00:00","slug":"ordinateur-quantique-une-exportation-plus-libre","status":"publish","type":"post","link":"https:\/\/www.cabinet-magar.fr\/de\/actualites\/ordinateur-quantique-une-exportation-plus-libre\/","title":{"rendered":"Ordinateur quantique : une exportation plus libre ?"},"content":{"rendered":"<p>Lorsque certains biens, d\u2019apparence inoffensive, peuvent \u00eatre d\u00e9tourn\u00e9s pour des usages prohib\u00e9s, ils peuvent tomber sous le r\u00e9gime des \u00ab biens \u00e0 double usage \u00bb. Une qualification qui entraine des contr\u00f4les de leur commercialisation et de leur exportation\u2026&nbsp;<\/p>\n<h2>Biens et technologies \u00e0 double usage : l\u2019informatique plus concern\u00e9e ?<\/h2>\n<p>Afin d\u2019\u00e9viter que certains biens ou technologies ne puissent faire l\u2019objet d\u2019un usage d\u00e9tourn\u00e9 \u00e0 des fins militaires prohib\u00e9es ou de prolif\u00e9ration nucl\u00e9aire, biologique ou chimique, la cat\u00e9gorie des \u00ab biens \u00e0 double usage \u00bb a \u00e9t\u00e9 cr\u00e9\u00e9e en 2009.<\/p>\n<p>Cette classification permet aux \u00c9tats de l\u2019Union europ\u00e9enne (UE) de garder un contr\u00f4le sur les exportations faites de ces produits en dehors de l\u2019Union.<\/p>\n<p>En mars 2024, l\u2019\u00c9tat fran\u00e7ais avait d\u00e9cid\u00e9 d\u2019inclure dans ces biens \u00e0 double usage un certain nombre de <a href=\"https:\/\/www.legifrance.gouv.fr\/jorf\/id\/JORFTEXT000051393234\" target=\"_blank\">composants informatiques<\/a> pouvant \u00eatre utilis\u00e9s dans la fabrication d\u2019ordinateurs quantiques.<\/p>\n<p>De ce fait, les composants concern\u00e9s ne pouvaient plus \u00eatre export\u00e9s depuis le territoire douanier de l\u2019UE vers un \u00c9tat tiers sans autorisation pr\u00e9alable du Service des biens \u00e0 double usage (SBDU).<\/p>\n<p>Le 27 avril 2026, il a \u00e9t\u00e9 d\u00e9cid\u00e9 de suspendre l\u2019affiliation de ces composants au r\u00e9gime des biens \u00e0 double usage. Ce faisant, la r\u00e9gulation de leur exportation est donc lev\u00e9e.<\/p>\n<div>Sources :  <\/p>\n<ul>\n<li><a href=\"https:\/\/www.legifrance.gouv.fr\/jorf\/id\/JORFTEXT000053958746\" target=\"_blank\">Arr\u00eat\u00e9 du 10 mars 2026 portant abrogation de l&#8217;arr\u00eat\u00e9 du 2 f\u00e9vrier 2024 relatif aux exportations vers les pays tiers de biens et technologies associ\u00e9s \u00e0 l&#8217;ordinateur quantique et \u00e0 ses technologies habilitantes et d&#8217;\u00e9quipements de conception, d\u00e9veloppement, production, test et inspection de composants \u00e9lectroniques avanc\u00e9s<\/a><\/li>\n<\/ul>\n<\/div>\n<p><a href=\"https:\/\/www.weblex.fr\/weblex-actualite\/ordinateur-quantique-une-exportation-plus-libre\" target=\"_blank\">Ordinateur quantique : une exportation plus libre ?<\/a> &#8211; \u00a9 Copyright WebLex<\/p>\n<p><img decoding=\"async\" src=\"https:\/\/www.weblex.fr\/sites\/default\/files\/actualites\/images\/Shutterstock_exportation%20ordinateur%20quantique.jpg\"><\/p>\n","protected":false},"excerpt":{"rendered":"<p>Lorsque certains biens, d\u2019apparence inoffensive, peuvent \u00eatre d\u00e9tourn\u00e9s pour des usages prohib\u00e9s, ils peuvent tomber sous le r\u00e9gime des \u00ab biens \u00e0 double usage \u00bb. Une qualification qui entraine des contr\u00f4les de leur commercialisation et de leur exportation\u2026&nbsp;<\/p>\n","protected":false},"author":0,"featured_media":13915,"comment_status":"open","ping_status":"open","sticky":false,"template":"","format":"standard","meta":{"_acf_changed":false,"footnotes":""},"categories":[9,7],"tags":[],"class_list":["post-13914","post","type-post","status-publish","format-standard","has-post-thumbnail","hentry","category-actu-juridique","category-actualites"],"acf":[],"yoast_head":"<!-- This site is optimized with the Yoast SEO plugin v27.2 - https:\/\/yoast.com\/product\/yoast-seo-wordpress\/ -->\n<title>Ordinateur quantique : une exportation plus libre ? - Cabinet Magar<\/title>\n<meta name=\"robots\" content=\"index, follow, max-snippet:-1, max-image-preview:large, max-video-preview:-1\" \/>\n<link rel=\"canonical\" href=\"https:\/\/www.cabinet-magar.fr\/actualites\/ordinateur-quantique-une-exportation-plus-libre\/\" \/>\n<meta property=\"og:locale\" content=\"de_DE\" \/>\n<meta property=\"og:type\" content=\"article\" \/>\n<meta property=\"og:title\" content=\"Ordinateur quantique : une exportation plus libre ? - Cabinet Magar\" \/>\n<meta property=\"og:description\" content=\"Lorsque certains biens, d\u2019apparence inoffensive, peuvent \u00eatre d\u00e9tourn\u00e9s pour des usages prohib\u00e9s, ils peuvent tomber sous le r\u00e9gime des \u00ab biens \u00e0 double usage \u00bb. Une qualification qui entraine des contr\u00f4les de leur commercialisation et de leur exportation\u2026&nbsp;\" \/>\n<meta property=\"og:url\" content=\"https:\/\/www.cabinet-magar.fr\/actualites\/ordinateur-quantique-une-exportation-plus-libre\/\" \/>\n<meta property=\"og:site_name\" content=\"Cabinet Magar\" \/>\n<meta property=\"article:published_time\" content=\"2026-04-29T22:00:00+00:00\" \/>\n<meta property=\"og:image\" content=\"https:\/\/www.cabinet-magar.fr\/wp-content\/uploads\/2026\/05\/Shutterstock_exportation-ordinateur-quantique.jpg\" \/>\n\t<meta property=\"og:image:width\" content=\"600\" \/>\n\t<meta property=\"og:image:height\" content=\"400\" \/>\n\t<meta property=\"og:image:type\" content=\"image\/jpeg\" \/>\n<meta name=\"twitter:card\" content=\"summary_large_image\" \/>\n<meta name=\"twitter:label1\" content=\"Gesch\u00e4tzte Lesezeit\" \/>\n\t<meta name=\"twitter:data1\" content=\"1\u00a0Minute\" \/>\n<script type=\"application\/ld+json\" class=\"yoast-schema-graph\">{\"@context\":\"https:\/\/schema.org\",\"@graph\":[{\"@type\":\"Article\",\"@id\":\"https:\/\/www.cabinet-magar.fr\/actualites\/ordinateur-quantique-une-exportation-plus-libre\/#article\",\"isPartOf\":{\"@id\":\"https:\/\/www.cabinet-magar.fr\/actualites\/ordinateur-quantique-une-exportation-plus-libre\/\"},\"author\":{\"name\":\"\",\"@id\":\"\"},\"headline\":\"Ordinateur quantique : une exportation plus libre ?\",\"datePublished\":\"2026-04-29T22:00:00+00:00\",\"mainEntityOfPage\":{\"@id\":\"https:\/\/www.cabinet-magar.fr\/actualites\/ordinateur-quantique-une-exportation-plus-libre\/\"},\"wordCount\":289,\"commentCount\":0,\"image\":{\"@id\":\"https:\/\/www.cabinet-magar.fr\/actualites\/ordinateur-quantique-une-exportation-plus-libre\/#primaryimage\"},\"thumbnailUrl\":\"https:\/\/www.cabinet-magar.fr\/wp-content\/uploads\/2026\/05\/Shutterstock_exportation-ordinateur-quantique.jpg\",\"articleSection\":[\"Actu Juridique\",\"Actualit\u00e9s\"],\"inLanguage\":\"de\",\"potentialAction\":[{\"@type\":\"CommentAction\",\"name\":\"Comment\",\"target\":[\"https:\/\/www.cabinet-magar.fr\/actualites\/ordinateur-quantique-une-exportation-plus-libre\/#respond\"]}]},{\"@type\":\"WebPage\",\"@id\":\"https:\/\/www.cabinet-magar.fr\/actualites\/ordinateur-quantique-une-exportation-plus-libre\/\",\"url\":\"https:\/\/www.cabinet-magar.fr\/actualites\/ordinateur-quantique-une-exportation-plus-libre\/\",\"name\":\"Ordinateur quantique : une exportation plus libre ? - Cabinet Magar\",\"isPartOf\":{\"@id\":\"https:\/\/www.cabinet-magar.fr\/#website\"},\"primaryImageOfPage\":{\"@id\":\"https:\/\/www.cabinet-magar.fr\/actualites\/ordinateur-quantique-une-exportation-plus-libre\/#primaryimage\"},\"image\":{\"@id\":\"https:\/\/www.cabinet-magar.fr\/actualites\/ordinateur-quantique-une-exportation-plus-libre\/#primaryimage\"},\"thumbnailUrl\":\"https:\/\/www.cabinet-magar.fr\/wp-content\/uploads\/2026\/05\/Shutterstock_exportation-ordinateur-quantique.jpg\",\"datePublished\":\"2026-04-29T22:00:00+00:00\",\"author\":{\"@id\":\"\"},\"breadcrumb\":{\"@id\":\"https:\/\/www.cabinet-magar.fr\/actualites\/ordinateur-quantique-une-exportation-plus-libre\/#breadcrumb\"},\"inLanguage\":\"de\",\"potentialAction\":[{\"@type\":\"ReadAction\",\"target\":[\"https:\/\/www.cabinet-magar.fr\/actualites\/ordinateur-quantique-une-exportation-plus-libre\/\"]}]},{\"@type\":\"ImageObject\",\"inLanguage\":\"de\",\"@id\":\"https:\/\/www.cabinet-magar.fr\/actualites\/ordinateur-quantique-une-exportation-plus-libre\/#primaryimage\",\"url\":\"https:\/\/www.cabinet-magar.fr\/wp-content\/uploads\/2026\/05\/Shutterstock_exportation-ordinateur-quantique.jpg\",\"contentUrl\":\"https:\/\/www.cabinet-magar.fr\/wp-content\/uploads\/2026\/05\/Shutterstock_exportation-ordinateur-quantique.jpg\",\"width\":600,\"height\":400},{\"@type\":\"BreadcrumbList\",\"@id\":\"https:\/\/www.cabinet-magar.fr\/actualites\/ordinateur-quantique-une-exportation-plus-libre\/#breadcrumb\",\"itemListElement\":[{\"@type\":\"ListItem\",\"position\":1,\"name\":\"Accueil\",\"item\":\"https:\/\/www.cabinet-magar.fr\/de\/\"},{\"@type\":\"ListItem\",\"position\":2,\"name\":\"Ordinateur quantique : une exportation plus libre ?\"}]},{\"@type\":\"WebSite\",\"@id\":\"https:\/\/www.cabinet-magar.fr\/#website\",\"url\":\"https:\/\/www.cabinet-magar.fr\/\",\"name\":\"Cabinet Magar\",\"description\":\"\",\"potentialAction\":[{\"@type\":\"SearchAction\",\"target\":{\"@type\":\"EntryPoint\",\"urlTemplate\":\"https:\/\/www.cabinet-magar.fr\/?s={search_term_string}\"},\"query-input\":{\"@type\":\"PropertyValueSpecification\",\"valueRequired\":true,\"valueName\":\"search_term_string\"}}],\"inLanguage\":\"de\"}]}<\/script>\n<!-- \/ Yoast SEO plugin. -->","yoast_head_json":{"title":"Ordinateur quantique : une exportation plus libre ? - Cabinet Magar","robots":{"index":"index","follow":"follow","max-snippet":"max-snippet:-1","max-image-preview":"max-image-preview:large","max-video-preview":"max-video-preview:-1"},"canonical":"https:\/\/www.cabinet-magar.fr\/actualites\/ordinateur-quantique-une-exportation-plus-libre\/","og_locale":"de_DE","og_type":"article","og_title":"Ordinateur quantique : une exportation plus libre ? - Cabinet Magar","og_description":"Lorsque certains biens, d\u2019apparence inoffensive, peuvent \u00eatre d\u00e9tourn\u00e9s pour des usages prohib\u00e9s, ils peuvent tomber sous le r\u00e9gime des \u00ab biens \u00e0 double usage \u00bb. Une qualification qui entraine des contr\u00f4les de leur commercialisation et de leur exportation\u2026&nbsp;","og_url":"https:\/\/www.cabinet-magar.fr\/actualites\/ordinateur-quantique-une-exportation-plus-libre\/","og_site_name":"Cabinet Magar","article_published_time":"2026-04-29T22:00:00+00:00","og_image":[{"width":600,"height":400,"url":"https:\/\/www.cabinet-magar.fr\/wp-content\/uploads\/2026\/05\/Shutterstock_exportation-ordinateur-quantique.jpg","type":"image\/jpeg"}],"twitter_card":"summary_large_image","twitter_misc":{"Gesch\u00e4tzte Lesezeit":"1\u00a0Minute"},"schema":{"@context":"https:\/\/schema.org","@graph":[{"@type":"Article","@id":"https:\/\/www.cabinet-magar.fr\/actualites\/ordinateur-quantique-une-exportation-plus-libre\/#article","isPartOf":{"@id":"https:\/\/www.cabinet-magar.fr\/actualites\/ordinateur-quantique-une-exportation-plus-libre\/"},"author":{"name":"","@id":""},"headline":"Ordinateur quantique : une exportation plus libre ?","datePublished":"2026-04-29T22:00:00+00:00","mainEntityOfPage":{"@id":"https:\/\/www.cabinet-magar.fr\/actualites\/ordinateur-quantique-une-exportation-plus-libre\/"},"wordCount":289,"commentCount":0,"image":{"@id":"https:\/\/www.cabinet-magar.fr\/actualites\/ordinateur-quantique-une-exportation-plus-libre\/#primaryimage"},"thumbnailUrl":"https:\/\/www.cabinet-magar.fr\/wp-content\/uploads\/2026\/05\/Shutterstock_exportation-ordinateur-quantique.jpg","articleSection":["Actu Juridique","Actualit\u00e9s"],"inLanguage":"de","potentialAction":[{"@type":"CommentAction","name":"Comment","target":["https:\/\/www.cabinet-magar.fr\/actualites\/ordinateur-quantique-une-exportation-plus-libre\/#respond"]}]},{"@type":"WebPage","@id":"https:\/\/www.cabinet-magar.fr\/actualites\/ordinateur-quantique-une-exportation-plus-libre\/","url":"https:\/\/www.cabinet-magar.fr\/actualites\/ordinateur-quantique-une-exportation-plus-libre\/","name":"Ordinateur quantique : une exportation plus libre ? - Cabinet Magar","isPartOf":{"@id":"https:\/\/www.cabinet-magar.fr\/#website"},"primaryImageOfPage":{"@id":"https:\/\/www.cabinet-magar.fr\/actualites\/ordinateur-quantique-une-exportation-plus-libre\/#primaryimage"},"image":{"@id":"https:\/\/www.cabinet-magar.fr\/actualites\/ordinateur-quantique-une-exportation-plus-libre\/#primaryimage"},"thumbnailUrl":"https:\/\/www.cabinet-magar.fr\/wp-content\/uploads\/2026\/05\/Shutterstock_exportation-ordinateur-quantique.jpg","datePublished":"2026-04-29T22:00:00+00:00","author":{"@id":""},"breadcrumb":{"@id":"https:\/\/www.cabinet-magar.fr\/actualites\/ordinateur-quantique-une-exportation-plus-libre\/#breadcrumb"},"inLanguage":"de","potentialAction":[{"@type":"ReadAction","target":["https:\/\/www.cabinet-magar.fr\/actualites\/ordinateur-quantique-une-exportation-plus-libre\/"]}]},{"@type":"ImageObject","inLanguage":"de","@id":"https:\/\/www.cabinet-magar.fr\/actualites\/ordinateur-quantique-une-exportation-plus-libre\/#primaryimage","url":"https:\/\/www.cabinet-magar.fr\/wp-content\/uploads\/2026\/05\/Shutterstock_exportation-ordinateur-quantique.jpg","contentUrl":"https:\/\/www.cabinet-magar.fr\/wp-content\/uploads\/2026\/05\/Shutterstock_exportation-ordinateur-quantique.jpg","width":600,"height":400},{"@type":"BreadcrumbList","@id":"https:\/\/www.cabinet-magar.fr\/actualites\/ordinateur-quantique-une-exportation-plus-libre\/#breadcrumb","itemListElement":[{"@type":"ListItem","position":1,"name":"Accueil","item":"https:\/\/www.cabinet-magar.fr\/de\/"},{"@type":"ListItem","position":2,"name":"Ordinateur quantique : une exportation plus libre ?"}]},{"@type":"WebSite","@id":"https:\/\/www.cabinet-magar.fr\/#website","url":"https:\/\/www.cabinet-magar.fr\/","name":"Cabinet Magar","description":"","potentialAction":[{"@type":"SearchAction","target":{"@type":"EntryPoint","urlTemplate":"https:\/\/www.cabinet-magar.fr\/?s={search_term_string}"},"query-input":{"@type":"PropertyValueSpecification","valueRequired":true,"valueName":"search_term_string"}}],"inLanguage":"de"}]}},"_links":{"self":[{"href":"https:\/\/www.cabinet-magar.fr\/de\/wp-json\/wp\/v2\/posts\/13914","targetHints":{"allow":["GET"]}}],"collection":[{"href":"https:\/\/www.cabinet-magar.fr\/de\/wp-json\/wp\/v2\/posts"}],"about":[{"href":"https:\/\/www.cabinet-magar.fr\/de\/wp-json\/wp\/v2\/types\/post"}],"replies":[{"embeddable":true,"href":"https:\/\/www.cabinet-magar.fr\/de\/wp-json\/wp\/v2\/comments?post=13914"}],"version-history":[{"count":0,"href":"https:\/\/www.cabinet-magar.fr\/de\/wp-json\/wp\/v2\/posts\/13914\/revisions"}],"wp:featuredmedia":[{"embeddable":true,"href":"https:\/\/www.cabinet-magar.fr\/de\/wp-json\/wp\/v2\/media\/13915"}],"wp:attachment":[{"href":"https:\/\/www.cabinet-magar.fr\/de\/wp-json\/wp\/v2\/media?parent=13914"}],"wp:term":[{"taxonomy":"category","embeddable":true,"href":"https:\/\/www.cabinet-magar.fr\/de\/wp-json\/wp\/v2\/categories?post=13914"},{"taxonomy":"post_tag","embeddable":true,"href":"https:\/\/www.cabinet-magar.fr\/de\/wp-json\/wp\/v2\/tags?post=13914"}],"curies":[{"name":"wp","href":"https:\/\/api.w.org\/{rel}","templated":true}]}}