{"id":13912,"date":"2026-04-30T00:00:00","date_gmt":"2026-04-29T22:00:00","guid":{"rendered":"https:\/\/www.cabinet-magar.fr\/actualites\/declaration-de-revenus-des-micro-entrepreneurs-mode-demploi-2026\/"},"modified":"2026-04-30T00:00:00","modified_gmt":"2026-04-29T22:00:00","slug":"declaration-de-revenus-des-micro-entrepreneurs-mode-demploi-2026","status":"publish","type":"post","link":"https:\/\/www.cabinet-magar.fr\/de\/actualites\/declaration-de-revenus-des-micro-entrepreneurs-mode-demploi-2026\/","title":{"rendered":"D\u00e9claration de revenus des micro-entrepreneurs : mode d\u2019emploi 2026"},"content":{"rendered":"<p>Le r\u00e9gime de la micro-entreprise s\u00e9duit par sa simplicit\u00e9 : formalit\u00e9s all\u00e9g\u00e9es, calcul simplifi\u00e9 des cotisations et de l\u2019imp\u00f4t, etc. Mais au moment de la d\u00e9claration de revenus, certaines r\u00e8gles restent \u00e0 conna\u00eetre pour \u00e9viter les erreurs\u2026<\/p>\n<h2>Ce qui change en 2026<\/h2>\n<p>Les plafonds de chiffre d\u2019affaires \u00e0 ne pas d\u00e9passer pour rester en micro-entreprise \u00e9voluent en 2026.<\/p>\n<p>Pour les revenus des ann\u00e9es 2026 \u00e0 2028, ils sont fix\u00e9s \u00e0 :<\/p>\n<ul>\n<li>203 100 \u20ac pour les activit\u00e9s de vente (marchandises, objets, denr\u00e9es \u00e0 emporter ou \u00e0 consommer sur place) ;<\/li>\n<li>83 600 \u20ac pour les prestations de services ou d\u2019h\u00e9bergement.&nbsp;<\/li>\n<\/ul>\n<p>En cas d\u2019activit\u00e9 mixte, le chiffre d\u2019affaires global ne doit pas d\u00e9passer 203 100 \u20ac, dont 83 600 \u20ac maximum pour la partie services.<\/p>\n<p>Il faut noter que, pour les revenus 2025 (d\u00e9clar\u00e9s en 2026), les anciens seuils continuent de s\u2019appliquer, soit 188 700 \u20ac pour les activit\u00e9s de vente et 77 700 \u20ac pour les prestations de services et les activit\u00e9s lib\u00e9rales.<\/p>\n<p>Lorsque l\u2019activit\u00e9 d\u00e9bute en cours d\u2019ann\u00e9e, ces plafonds doivent \u00eatre ajust\u00e9s au prorata du temps d\u2019activit\u00e9.<\/p>\n<p>Des r\u00e8gles sp\u00e9cifiques existent pour les locations meubl\u00e9es de tourisme : les seuils varient selon que le logement est class\u00e9 ou non, avec notamment un plafond de 15 000 \u20ac pour les meubl\u00e9s non class\u00e9s.<\/p>\n<h2>Deux modes d\u2019imposition possibles<\/h2>\n<p>D\u2019un point de vue fiscal, le micro-entrepreneur a le choix entre deux r\u00e9gimes : le r\u00e9gime \u00ab classique \u00bb (dit de droit commun) et le pr\u00e9l\u00e8vement lib\u00e9ratoire.<\/p>\n<p>Le r\u00e9gime fiscal de droit commun s\u2019applique automatiquement si vous n\u2019avez pas choisi d\u2019option particuli\u00e8re. Dans ce cadre, vous \u00eates impos\u00e9 \u00e0 l\u2019imp\u00f4t sur le revenu en tant qu\u2019entrepreneur individuel.<\/p>\n<p>Selon la nature de votre activit\u00e9, vos revenus rel\u00e8vent soit des b\u00e9n\u00e9fices industriels et commerciaux (BIC), pour les activit\u00e9s commerciales, artisanales ou industrielles, soit des b\u00e9n\u00e9fices non commerciaux (BNC), pour les activit\u00e9s lib\u00e9rales.<\/p>\n<p>L\u2019un des avantages de ce r\u00e9gime est sa simplicit\u00e9 d\u00e9clarative. Vous n\u2019avez pas \u00e0 \u00e9tablir de d\u00e9claration professionnelle sp\u00e9cifique : il vous suffit d\u2019indiquer votre chiffre d\u2019affaires (ou vos recettes) dans la d\u00e9claration compl\u00e9mentaire de revenus n\u00b02042-C Pro, dans la rubrique correspondant \u00e0 votre activit\u00e9.<\/p>\n<p>L\u2019administration fiscale applique ensuite automatiquement un abattement forfaitaire pour tenir compte de vos frais professionnels. Cet abattement est de 71 % pour les activit\u00e9s d\u2019achat-revente ou de fourniture de logement, de 50 % pour les prestations de services relevant des BIC, et de 34 % pour les activit\u00e9s relevant des BNC. Dans tous les cas, cet abattement ne peut pas \u00eatre inf\u00e9rieur \u00e0 305 \u20ac.<\/p>\n<p>Le revenu ainsi calcul\u00e9 est ensuite ajout\u00e9 aux autres revenus de votre foyer fiscal et soumis au bar\u00e8me progressif de l\u2019imp\u00f4t sur le revenu.<\/p>\n<p>Pour les locations meubl\u00e9es de tourisme, des taux sp\u00e9cifiques s\u2019appliquent : l\u2019abattement est de 50 % pour les meubl\u00e9s class\u00e9s et de 30 % pour les meubl\u00e9s non class\u00e9s.<\/p>\n<p>En alternative, vous pouvez opter pour le pr\u00e9l\u00e8vement lib\u00e9ratoire de l\u2019imp\u00f4t sur le revenu, sous certaines conditions.<\/p>\n<p>Ce dispositif permet de r\u00e9gler en une seule fois, aupr\u00e8s de l\u2019Urssaf, \u00e0 la fois vos cotisations sociales et votre imp\u00f4t sur le revenu. L\u2019imp\u00f4t est alors calcul\u00e9 directement en appliquant un pourcentage \u00e0 votre chiffre d\u2019affaires.<\/p>\n<p>Ce taux varie selon l\u2019activit\u00e9 exerc\u00e9e : il est de 1 % pour les activit\u00e9s de vente, de 1,7 % pour certaines activit\u00e9s relevant des BIC et pour les locations meubl\u00e9es ou chambres d\u2019h\u00f4tes, et de 2,2 % pour les activit\u00e9s relevant des BNC. \u00c0 ces taux s\u2019ajoutent les cotisations sociales.<\/p>\n<p>Pour pouvoir opter pour ce dispositif, plusieurs conditions doivent \u00eatre r\u00e9unies. Votre revenu fiscal de r\u00e9f\u00e9rence ne doit pas d\u00e9passer un certain seuil, votre chiffre d\u2019affaires doit rester dans les limites du r\u00e9gime micro et vous devez relever du r\u00e9gime micro-social.<\/p>\n<p>L\u2019option pour le pr\u00e9l\u00e8vement lib\u00e9ratoire s\u2019effectue aupr\u00e8s de l\u2019Urssaf. Elle peut \u00eatre choisie d\u00e8s la cr\u00e9ation de l\u2019activit\u00e9 (ou dans les trois mois qui suivent) pour une application imm\u00e9diate. En cours d\u2019activit\u00e9, vous pouvez \u00e9galement opter pour ce r\u00e9gime, au plus tard le 30 septembre, pour une application l\u2019ann\u00e9e suivante.<\/p>\n<p>M\u00eame si vous avez opt\u00e9 pour le pr\u00e9l\u00e8vement lib\u00e9ratoire, vous devez continuer \u00e0 d\u00e9clarer votre chiffre d\u2019affaires chaque ann\u00e9e dans la d\u00e9claration compl\u00e9mentaire n\u00b02042-C Pro, dans la rubrique d\u00e9di\u00e9e.<\/p>\n<p>Ces revenus ne seront pas impos\u00e9s une seconde fois, puisqu\u2019ils ont d\u00e9j\u00e0 \u00e9t\u00e9 soumis au pr\u00e9l\u00e8vement lib\u00e9ratoire. En revanche, ils restent pris en compte pour d\u00e9terminer votre revenu fiscal de r\u00e9f\u00e9rence et le taux d\u2019imposition applicable aux autres revenus de votre foyer.<\/p>\n<div>Sources :  <\/p>\n<ul>\n<li><a href=\"https:\/\/www.economie.gouv.fr\/entreprises\/gerer-sa-micro-entreprise\/micro-entrepreneurs-comment-declarer-vos-revenus\" target=\"_blank\">Actualit\u00e9 du minist\u00e8re de l\u2019\u00c9conomie, des Finances et de la Souverainet\u00e9 industrielle, \u00e9nerg\u00e9tique et num\u00e9rique du 23 mars 2026 : \u00ab Micro-entrepreneurs : comment d\u00e9clarer vos revenus ? \u00bb<\/a><\/li>\n<\/ul>\n<\/div>\n<p><a href=\"https:\/\/www.weblex.fr\/weblex-actualite\/declaration-de-revenus-des-micro-entrepreneurs-mode-d-emploi-2026\" target=\"_blank\">D\u00e9claration de revenus des micro-entrepreneurs : mode d\u2019emploi 2026<\/a> &#8211; \u00a9 Copyright WebLex<\/p>\n<p><img decoding=\"async\" src=\"https:\/\/www.weblex.fr\/sites\/default\/files\/actualites\/images\/Shutterstock_declaration%20revenu%20micro%20entrepreneurs.jpg\"><\/p>\n","protected":false},"excerpt":{"rendered":"<p>Le r\u00e9gime de la micro-entreprise s\u00e9duit par sa simplicit\u00e9 : formalit\u00e9s all\u00e9g\u00e9es, calcul simplifi\u00e9 des cotisations et de l\u2019imp\u00f4t, etc. Mais au moment de la d\u00e9claration de revenus, certaines r\u00e8gles restent \u00e0 conna\u00eetre pour \u00e9viter les erreurs\u2026<\/p>\n","protected":false},"author":0,"featured_media":13913,"comment_status":"open","ping_status":"open","sticky":false,"template":"","format":"standard","meta":{"_acf_changed":false,"footnotes":""},"categories":[7,10],"tags":[],"class_list":["post-13912","post","type-post","status-publish","format-standard","has-post-thumbnail","hentry","category-actualites","category-le-coin-du-dirigeant"],"acf":[],"yoast_head":"<!-- This site is optimized with the Yoast SEO plugin v27.2 - https:\/\/yoast.com\/product\/yoast-seo-wordpress\/ -->\n<title>D\u00e9claration de revenus des micro-entrepreneurs : mode d\u2019emploi 2026 - Cabinet Magar<\/title>\n<meta name=\"robots\" content=\"index, follow, max-snippet:-1, max-image-preview:large, max-video-preview:-1\" \/>\n<link rel=\"canonical\" href=\"https:\/\/www.cabinet-magar.fr\/actualites\/declaration-de-revenus-des-micro-entrepreneurs-mode-demploi-2026\/\" \/>\n<meta property=\"og:locale\" content=\"de_DE\" \/>\n<meta property=\"og:type\" content=\"article\" \/>\n<meta property=\"og:title\" content=\"D\u00e9claration de revenus des micro-entrepreneurs : mode d\u2019emploi 2026 - Cabinet Magar\" \/>\n<meta property=\"og:description\" content=\"Le r\u00e9gime de la micro-entreprise s\u00e9duit par sa simplicit\u00e9 : formalit\u00e9s all\u00e9g\u00e9es, calcul simplifi\u00e9 des cotisations et de l\u2019imp\u00f4t, etc. Mais au moment de la d\u00e9claration de revenus, certaines r\u00e8gles restent \u00e0 conna\u00eetre pour \u00e9viter les erreurs\u2026\" \/>\n<meta property=\"og:url\" content=\"https:\/\/www.cabinet-magar.fr\/actualites\/declaration-de-revenus-des-micro-entrepreneurs-mode-demploi-2026\/\" \/>\n<meta property=\"og:site_name\" content=\"Cabinet Magar\" \/>\n<meta property=\"article:published_time\" content=\"2026-04-29T22:00:00+00:00\" \/>\n<meta property=\"og:image\" content=\"https:\/\/www.cabinet-magar.fr\/wp-content\/uploads\/2026\/05\/Shutterstock_declaration-revenu-micro-entrepreneurs.jpg\" \/>\n\t<meta property=\"og:image:width\" content=\"600\" \/>\n\t<meta property=\"og:image:height\" content=\"400\" \/>\n\t<meta property=\"og:image:type\" content=\"image\/jpeg\" \/>\n<meta name=\"twitter:card\" content=\"summary_large_image\" \/>\n<meta name=\"twitter:label1\" content=\"Gesch\u00e4tzte Lesezeit\" \/>\n\t<meta name=\"twitter:data1\" content=\"4\u00a0Minuten\" \/>\n<script type=\"application\/ld+json\" class=\"yoast-schema-graph\">{\"@context\":\"https:\/\/schema.org\",\"@graph\":[{\"@type\":\"Article\",\"@id\":\"https:\/\/www.cabinet-magar.fr\/actualites\/declaration-de-revenus-des-micro-entrepreneurs-mode-demploi-2026\/#article\",\"isPartOf\":{\"@id\":\"https:\/\/www.cabinet-magar.fr\/actualites\/declaration-de-revenus-des-micro-entrepreneurs-mode-demploi-2026\/\"},\"author\":{\"name\":\"\",\"@id\":\"\"},\"headline\":\"D\u00e9claration de revenus des micro-entrepreneurs : mode d\u2019emploi 2026\",\"datePublished\":\"2026-04-29T22:00:00+00:00\",\"mainEntityOfPage\":{\"@id\":\"https:\/\/www.cabinet-magar.fr\/actualites\/declaration-de-revenus-des-micro-entrepreneurs-mode-demploi-2026\/\"},\"wordCount\":871,\"commentCount\":0,\"image\":{\"@id\":\"https:\/\/www.cabinet-magar.fr\/actualites\/declaration-de-revenus-des-micro-entrepreneurs-mode-demploi-2026\/#primaryimage\"},\"thumbnailUrl\":\"https:\/\/www.cabinet-magar.fr\/wp-content\/uploads\/2026\/05\/Shutterstock_declaration-revenu-micro-entrepreneurs.jpg\",\"articleSection\":[\"Actualit\u00e9s\",\"Le coin du dirigeant\"],\"inLanguage\":\"de\",\"potentialAction\":[{\"@type\":\"CommentAction\",\"name\":\"Comment\",\"target\":[\"https:\/\/www.cabinet-magar.fr\/actualites\/declaration-de-revenus-des-micro-entrepreneurs-mode-demploi-2026\/#respond\"]}]},{\"@type\":\"WebPage\",\"@id\":\"https:\/\/www.cabinet-magar.fr\/actualites\/declaration-de-revenus-des-micro-entrepreneurs-mode-demploi-2026\/\",\"url\":\"https:\/\/www.cabinet-magar.fr\/actualites\/declaration-de-revenus-des-micro-entrepreneurs-mode-demploi-2026\/\",\"name\":\"D\u00e9claration de revenus des micro-entrepreneurs : mode d\u2019emploi 2026 - Cabinet Magar\",\"isPartOf\":{\"@id\":\"https:\/\/www.cabinet-magar.fr\/#website\"},\"primaryImageOfPage\":{\"@id\":\"https:\/\/www.cabinet-magar.fr\/actualites\/declaration-de-revenus-des-micro-entrepreneurs-mode-demploi-2026\/#primaryimage\"},\"image\":{\"@id\":\"https:\/\/www.cabinet-magar.fr\/actualites\/declaration-de-revenus-des-micro-entrepreneurs-mode-demploi-2026\/#primaryimage\"},\"thumbnailUrl\":\"https:\/\/www.cabinet-magar.fr\/wp-content\/uploads\/2026\/05\/Shutterstock_declaration-revenu-micro-entrepreneurs.jpg\",\"datePublished\":\"2026-04-29T22:00:00+00:00\",\"author\":{\"@id\":\"\"},\"breadcrumb\":{\"@id\":\"https:\/\/www.cabinet-magar.fr\/actualites\/declaration-de-revenus-des-micro-entrepreneurs-mode-demploi-2026\/#breadcrumb\"},\"inLanguage\":\"de\",\"potentialAction\":[{\"@type\":\"ReadAction\",\"target\":[\"https:\/\/www.cabinet-magar.fr\/actualites\/declaration-de-revenus-des-micro-entrepreneurs-mode-demploi-2026\/\"]}]},{\"@type\":\"ImageObject\",\"inLanguage\":\"de\",\"@id\":\"https:\/\/www.cabinet-magar.fr\/actualites\/declaration-de-revenus-des-micro-entrepreneurs-mode-demploi-2026\/#primaryimage\",\"url\":\"https:\/\/www.cabinet-magar.fr\/wp-content\/uploads\/2026\/05\/Shutterstock_declaration-revenu-micro-entrepreneurs.jpg\",\"contentUrl\":\"https:\/\/www.cabinet-magar.fr\/wp-content\/uploads\/2026\/05\/Shutterstock_declaration-revenu-micro-entrepreneurs.jpg\",\"width\":600,\"height\":400},{\"@type\":\"BreadcrumbList\",\"@id\":\"https:\/\/www.cabinet-magar.fr\/actualites\/declaration-de-revenus-des-micro-entrepreneurs-mode-demploi-2026\/#breadcrumb\",\"itemListElement\":[{\"@type\":\"ListItem\",\"position\":1,\"name\":\"Accueil\",\"item\":\"https:\/\/www.cabinet-magar.fr\/de\/\"},{\"@type\":\"ListItem\",\"position\":2,\"name\":\"D\u00e9claration de revenus des micro-entrepreneurs : mode d\u2019emploi 2026\"}]},{\"@type\":\"WebSite\",\"@id\":\"https:\/\/www.cabinet-magar.fr\/#website\",\"url\":\"https:\/\/www.cabinet-magar.fr\/\",\"name\":\"Cabinet Magar\",\"description\":\"\",\"potentialAction\":[{\"@type\":\"SearchAction\",\"target\":{\"@type\":\"EntryPoint\",\"urlTemplate\":\"https:\/\/www.cabinet-magar.fr\/?s={search_term_string}\"},\"query-input\":{\"@type\":\"PropertyValueSpecification\",\"valueRequired\":true,\"valueName\":\"search_term_string\"}}],\"inLanguage\":\"de\"}]}<\/script>\n<!-- \/ Yoast SEO plugin. -->","yoast_head_json":{"title":"D\u00e9claration de revenus des micro-entrepreneurs : mode d\u2019emploi 2026 - Cabinet Magar","robots":{"index":"index","follow":"follow","max-snippet":"max-snippet:-1","max-image-preview":"max-image-preview:large","max-video-preview":"max-video-preview:-1"},"canonical":"https:\/\/www.cabinet-magar.fr\/actualites\/declaration-de-revenus-des-micro-entrepreneurs-mode-demploi-2026\/","og_locale":"de_DE","og_type":"article","og_title":"D\u00e9claration de revenus des micro-entrepreneurs : mode d\u2019emploi 2026 - Cabinet Magar","og_description":"Le r\u00e9gime de la micro-entreprise s\u00e9duit par sa simplicit\u00e9 : formalit\u00e9s all\u00e9g\u00e9es, calcul simplifi\u00e9 des cotisations et de l\u2019imp\u00f4t, etc. Mais au moment de la d\u00e9claration de revenus, certaines r\u00e8gles restent \u00e0 conna\u00eetre pour \u00e9viter les erreurs\u2026","og_url":"https:\/\/www.cabinet-magar.fr\/actualites\/declaration-de-revenus-des-micro-entrepreneurs-mode-demploi-2026\/","og_site_name":"Cabinet Magar","article_published_time":"2026-04-29T22:00:00+00:00","og_image":[{"width":600,"height":400,"url":"https:\/\/www.cabinet-magar.fr\/wp-content\/uploads\/2026\/05\/Shutterstock_declaration-revenu-micro-entrepreneurs.jpg","type":"image\/jpeg"}],"twitter_card":"summary_large_image","twitter_misc":{"Gesch\u00e4tzte Lesezeit":"4\u00a0Minuten"},"schema":{"@context":"https:\/\/schema.org","@graph":[{"@type":"Article","@id":"https:\/\/www.cabinet-magar.fr\/actualites\/declaration-de-revenus-des-micro-entrepreneurs-mode-demploi-2026\/#article","isPartOf":{"@id":"https:\/\/www.cabinet-magar.fr\/actualites\/declaration-de-revenus-des-micro-entrepreneurs-mode-demploi-2026\/"},"author":{"name":"","@id":""},"headline":"D\u00e9claration de revenus des micro-entrepreneurs : mode d\u2019emploi 2026","datePublished":"2026-04-29T22:00:00+00:00","mainEntityOfPage":{"@id":"https:\/\/www.cabinet-magar.fr\/actualites\/declaration-de-revenus-des-micro-entrepreneurs-mode-demploi-2026\/"},"wordCount":871,"commentCount":0,"image":{"@id":"https:\/\/www.cabinet-magar.fr\/actualites\/declaration-de-revenus-des-micro-entrepreneurs-mode-demploi-2026\/#primaryimage"},"thumbnailUrl":"https:\/\/www.cabinet-magar.fr\/wp-content\/uploads\/2026\/05\/Shutterstock_declaration-revenu-micro-entrepreneurs.jpg","articleSection":["Actualit\u00e9s","Le coin du dirigeant"],"inLanguage":"de","potentialAction":[{"@type":"CommentAction","name":"Comment","target":["https:\/\/www.cabinet-magar.fr\/actualites\/declaration-de-revenus-des-micro-entrepreneurs-mode-demploi-2026\/#respond"]}]},{"@type":"WebPage","@id":"https:\/\/www.cabinet-magar.fr\/actualites\/declaration-de-revenus-des-micro-entrepreneurs-mode-demploi-2026\/","url":"https:\/\/www.cabinet-magar.fr\/actualites\/declaration-de-revenus-des-micro-entrepreneurs-mode-demploi-2026\/","name":"D\u00e9claration de revenus des micro-entrepreneurs : mode d\u2019emploi 2026 - Cabinet Magar","isPartOf":{"@id":"https:\/\/www.cabinet-magar.fr\/#website"},"primaryImageOfPage":{"@id":"https:\/\/www.cabinet-magar.fr\/actualites\/declaration-de-revenus-des-micro-entrepreneurs-mode-demploi-2026\/#primaryimage"},"image":{"@id":"https:\/\/www.cabinet-magar.fr\/actualites\/declaration-de-revenus-des-micro-entrepreneurs-mode-demploi-2026\/#primaryimage"},"thumbnailUrl":"https:\/\/www.cabinet-magar.fr\/wp-content\/uploads\/2026\/05\/Shutterstock_declaration-revenu-micro-entrepreneurs.jpg","datePublished":"2026-04-29T22:00:00+00:00","author":{"@id":""},"breadcrumb":{"@id":"https:\/\/www.cabinet-magar.fr\/actualites\/declaration-de-revenus-des-micro-entrepreneurs-mode-demploi-2026\/#breadcrumb"},"inLanguage":"de","potentialAction":[{"@type":"ReadAction","target":["https:\/\/www.cabinet-magar.fr\/actualites\/declaration-de-revenus-des-micro-entrepreneurs-mode-demploi-2026\/"]}]},{"@type":"ImageObject","inLanguage":"de","@id":"https:\/\/www.cabinet-magar.fr\/actualites\/declaration-de-revenus-des-micro-entrepreneurs-mode-demploi-2026\/#primaryimage","url":"https:\/\/www.cabinet-magar.fr\/wp-content\/uploads\/2026\/05\/Shutterstock_declaration-revenu-micro-entrepreneurs.jpg","contentUrl":"https:\/\/www.cabinet-magar.fr\/wp-content\/uploads\/2026\/05\/Shutterstock_declaration-revenu-micro-entrepreneurs.jpg","width":600,"height":400},{"@type":"BreadcrumbList","@id":"https:\/\/www.cabinet-magar.fr\/actualites\/declaration-de-revenus-des-micro-entrepreneurs-mode-demploi-2026\/#breadcrumb","itemListElement":[{"@type":"ListItem","position":1,"name":"Accueil","item":"https:\/\/www.cabinet-magar.fr\/de\/"},{"@type":"ListItem","position":2,"name":"D\u00e9claration de revenus des micro-entrepreneurs : mode d\u2019emploi 2026"}]},{"@type":"WebSite","@id":"https:\/\/www.cabinet-magar.fr\/#website","url":"https:\/\/www.cabinet-magar.fr\/","name":"Cabinet Magar","description":"","potentialAction":[{"@type":"SearchAction","target":{"@type":"EntryPoint","urlTemplate":"https:\/\/www.cabinet-magar.fr\/?s={search_term_string}"},"query-input":{"@type":"PropertyValueSpecification","valueRequired":true,"valueName":"search_term_string"}}],"inLanguage":"de"}]}},"_links":{"self":[{"href":"https:\/\/www.cabinet-magar.fr\/de\/wp-json\/wp\/v2\/posts\/13912","targetHints":{"allow":["GET"]}}],"collection":[{"href":"https:\/\/www.cabinet-magar.fr\/de\/wp-json\/wp\/v2\/posts"}],"about":[{"href":"https:\/\/www.cabinet-magar.fr\/de\/wp-json\/wp\/v2\/types\/post"}],"replies":[{"embeddable":true,"href":"https:\/\/www.cabinet-magar.fr\/de\/wp-json\/wp\/v2\/comments?post=13912"}],"version-history":[{"count":0,"href":"https:\/\/www.cabinet-magar.fr\/de\/wp-json\/wp\/v2\/posts\/13912\/revisions"}],"wp:featuredmedia":[{"embeddable":true,"href":"https:\/\/www.cabinet-magar.fr\/de\/wp-json\/wp\/v2\/media\/13913"}],"wp:attachment":[{"href":"https:\/\/www.cabinet-magar.fr\/de\/wp-json\/wp\/v2\/media?parent=13912"}],"wp:term":[{"taxonomy":"category","embeddable":true,"href":"https:\/\/www.cabinet-magar.fr\/de\/wp-json\/wp\/v2\/categories?post=13912"},{"taxonomy":"post_tag","embeddable":true,"href":"https:\/\/www.cabinet-magar.fr\/de\/wp-json\/wp\/v2\/tags?post=13912"}],"curies":[{"name":"wp","href":"https:\/\/api.w.org\/{rel}","templated":true}]}}