{"id":13906,"date":"2026-04-29T00:00:00","date_gmt":"2026-04-28T22:00:00","guid":{"rendered":"https:\/\/www.cabinet-magar.fr\/actualites\/hebergement-temporaire-non-medicalise-perennisation-du-dispositif\/"},"modified":"2026-04-29T00:00:00","modified_gmt":"2026-04-28T22:00:00","slug":"hebergement-temporaire-non-medicalise-perennisation-du-dispositif","status":"publish","type":"post","link":"https:\/\/www.cabinet-magar.fr\/de\/actualites\/hebergement-temporaire-non-medicalise-perennisation-du-dispositif\/","title":{"rendered":"H\u00e9bergement temporaire non m\u00e9dicalis\u00e9 : p\u00e9rennisation du dispositif"},"content":{"rendered":"<p>Les \u00e9tablissements de sant\u00e9 peuvent proposer des prestations d\u2019h\u00e9bergement non m\u00e9dicalis\u00e9 au b\u00e9n\u00e9fice de certains patients. Des pr\u00e9cisions sont faites concernant le financement de ces prestations\u2026<\/p>\n<h2>H\u00e9bergement temporaire non m\u00e9dicalis\u00e9 : le financement est confirm\u00e9<\/h2>\n<p>Les prestations d\u2019h\u00e9bergement temporaire non m\u00e9dicalis\u00e9 peuvent \u00eatre propos\u00e9es par les \u00e9tablissements de sant\u00e9 \u00e0 certains de leurs patients, qui leur permet d\u2019\u00eatre h\u00e9berg\u00e9s avant ou apr\u00e8s leurs soins.<\/p>\n<p>C\u2019est le cas lorsque l\u2019\u00e9tat du patient ne n\u00e9cessite pas :<\/p>\n<ul>\n<li>de surveillance m\u00e9dicale continue ;<\/li>\n<li>d\u2019hospitalisation \u00e0 domicile ;<\/li>\n<li>d\u2019installation m\u00e9dicale technique lourde.<\/li>\n<li>Pour autant, un suivi m\u00e9dical reste n\u00e9cessaire alors que le domicile du patient se trouve \u00e0 plus d\u20191 h de trajet motoris\u00e9 ou n\u2019est pas adapt\u00e9 \u00e0 sa situation actuelle, ou le patient se trouve dans une situation d\u2019isolement social ou g\u00e9ographique.<\/li>\n<\/ul>\n<p>De plus, ces prestations sont \u00e9galement possibles pour les femmes enceintes qui le sollicitent et qui r\u00e9sident \u00e0 plus de 45 minutes de trajet de l\u2019\u00e9tablissement le plus proche.<\/p>\n<p>Depuis 2021, il \u00e9tait pr\u00e9vu un financement de ces prestations par le biais d\u2019un forfait pris en charge par l\u2019assurance maladie.<\/p>\n<p>Pour que cette prise en charge soit possible, les \u00e9tablissements de sant\u00e9 proposant ce service doivent se conformer au cahier des charges qui peut \u00eatre consult\u00e9 <a href=\"https:\/\/www.legifrance.gouv.fr\/loda\/id\/JORFTEXT000043970855\/\" target=\"_blank\">ici<\/a>.<\/p>\n<p>Ce dispositif de financement \u00e9tait pr\u00e9vu pour prendre fin au 31 d\u00e9cembre 2025. Mais depuis le 17 avril 2026, ce dispositif a \u00e9t\u00e9 p\u00e9rennis\u00e9.<\/p>\n<div>Sources :  <\/p>\n<ul>\n<li><a href=\"https:\/\/www.legifrance.gouv.fr\/jorf\/id\/JORFTEXT000053901250\" target=\"_blank\">D\u00e9cret no 2026-280 du 14 avril 2026 relatif \u00e0 la mise en \u0153uvre de la prestation d&#8217;h\u00e9bergement temporaire non m\u00e9dicalis\u00e9<\/a><\/li>\n<\/ul>\n<\/div>\n<p><a href=\"https:\/\/www.weblex.fr\/weblex-actualite\/hebergement-temporaire-non-medicalise-perennisation-du-dispositif\" target=\"_blank\">H\u00e9bergement temporaire non m\u00e9dicalis\u00e9 : p\u00e9rennisation du dispositif<\/a> &#8211; \u00a9 Copyright WebLex<\/p>\n<p><img decoding=\"async\" src=\"https:\/\/www.weblex.fr\/sites\/default\/files\/actualites\/images\/Shutterstock_hergementtemporaire.jpg\"><\/p>\n","protected":false},"excerpt":{"rendered":"<p>Les \u00e9tablissements de sant\u00e9 peuvent proposer des prestations d\u2019h\u00e9bergement non m\u00e9dicalis\u00e9 au b\u00e9n\u00e9fice de certains patients. Des pr\u00e9cisions sont faites concernant le financement de ces prestations\u2026<\/p>\n","protected":false},"author":0,"featured_media":13907,"comment_status":"open","ping_status":"open","sticky":false,"template":"","format":"standard","meta":{"_acf_changed":false,"footnotes":""},"categories":[9,7],"tags":[],"class_list":["post-13906","post","type-post","status-publish","format-standard","has-post-thumbnail","hentry","category-actu-juridique","category-actualites"],"acf":[],"yoast_head":"<!-- This site is optimized with the Yoast SEO plugin v27.2 - https:\/\/yoast.com\/product\/yoast-seo-wordpress\/ -->\n<title>H\u00e9bergement temporaire non m\u00e9dicalis\u00e9 : p\u00e9rennisation du dispositif - Cabinet Magar<\/title>\n<meta name=\"robots\" content=\"index, follow, max-snippet:-1, max-image-preview:large, max-video-preview:-1\" \/>\n<link rel=\"canonical\" href=\"https:\/\/www.cabinet-magar.fr\/actualites\/hebergement-temporaire-non-medicalise-perennisation-du-dispositif\/\" \/>\n<meta property=\"og:locale\" content=\"de_DE\" \/>\n<meta property=\"og:type\" content=\"article\" \/>\n<meta property=\"og:title\" content=\"H\u00e9bergement temporaire non m\u00e9dicalis\u00e9 : p\u00e9rennisation du dispositif - Cabinet Magar\" \/>\n<meta property=\"og:description\" content=\"Les \u00e9tablissements de sant\u00e9 peuvent proposer des prestations d\u2019h\u00e9bergement non m\u00e9dicalis\u00e9 au b\u00e9n\u00e9fice de certains patients. Des pr\u00e9cisions sont faites concernant le financement de ces prestations\u2026\" \/>\n<meta property=\"og:url\" content=\"https:\/\/www.cabinet-magar.fr\/actualites\/hebergement-temporaire-non-medicalise-perennisation-du-dispositif\/\" \/>\n<meta property=\"og:site_name\" content=\"Cabinet Magar\" \/>\n<meta property=\"article:published_time\" content=\"2026-04-28T22:00:00+00:00\" \/>\n<meta property=\"og:image\" content=\"https:\/\/www.cabinet-magar.fr\/wp-content\/uploads\/2026\/04\/Shutterstock_hergementtemporaire.jpg\" \/>\n\t<meta property=\"og:image:width\" content=\"600\" \/>\n\t<meta property=\"og:image:height\" content=\"400\" \/>\n\t<meta property=\"og:image:type\" content=\"image\/jpeg\" \/>\n<meta name=\"twitter:card\" content=\"summary_large_image\" \/>\n<meta name=\"twitter:label1\" content=\"Gesch\u00e4tzte Lesezeit\" \/>\n\t<meta name=\"twitter:data1\" content=\"1\u00a0Minute\" \/>\n<script type=\"application\/ld+json\" class=\"yoast-schema-graph\">{\"@context\":\"https:\/\/schema.org\",\"@graph\":[{\"@type\":\"Article\",\"@id\":\"https:\/\/www.cabinet-magar.fr\/actualites\/hebergement-temporaire-non-medicalise-perennisation-du-dispositif\/#article\",\"isPartOf\":{\"@id\":\"https:\/\/www.cabinet-magar.fr\/actualites\/hebergement-temporaire-non-medicalise-perennisation-du-dispositif\/\"},\"author\":{\"name\":\"\",\"@id\":\"\"},\"headline\":\"H\u00e9bergement temporaire non m\u00e9dicalis\u00e9 : p\u00e9rennisation du dispositif\",\"datePublished\":\"2026-04-28T22:00:00+00:00\",\"mainEntityOfPage\":{\"@id\":\"https:\/\/www.cabinet-magar.fr\/actualites\/hebergement-temporaire-non-medicalise-perennisation-du-dispositif\/\"},\"wordCount\":297,\"commentCount\":0,\"image\":{\"@id\":\"https:\/\/www.cabinet-magar.fr\/actualites\/hebergement-temporaire-non-medicalise-perennisation-du-dispositif\/#primaryimage\"},\"thumbnailUrl\":\"https:\/\/www.cabinet-magar.fr\/wp-content\/uploads\/2026\/04\/Shutterstock_hergementtemporaire.jpg\",\"articleSection\":[\"Actu Juridique\",\"Actualit\u00e9s\"],\"inLanguage\":\"de\",\"potentialAction\":[{\"@type\":\"CommentAction\",\"name\":\"Comment\",\"target\":[\"https:\/\/www.cabinet-magar.fr\/actualites\/hebergement-temporaire-non-medicalise-perennisation-du-dispositif\/#respond\"]}]},{\"@type\":\"WebPage\",\"@id\":\"https:\/\/www.cabinet-magar.fr\/actualites\/hebergement-temporaire-non-medicalise-perennisation-du-dispositif\/\",\"url\":\"https:\/\/www.cabinet-magar.fr\/actualites\/hebergement-temporaire-non-medicalise-perennisation-du-dispositif\/\",\"name\":\"H\u00e9bergement temporaire non m\u00e9dicalis\u00e9 : p\u00e9rennisation du dispositif - Cabinet Magar\",\"isPartOf\":{\"@id\":\"https:\/\/www.cabinet-magar.fr\/#website\"},\"primaryImageOfPage\":{\"@id\":\"https:\/\/www.cabinet-magar.fr\/actualites\/hebergement-temporaire-non-medicalise-perennisation-du-dispositif\/#primaryimage\"},\"image\":{\"@id\":\"https:\/\/www.cabinet-magar.fr\/actualites\/hebergement-temporaire-non-medicalise-perennisation-du-dispositif\/#primaryimage\"},\"thumbnailUrl\":\"https:\/\/www.cabinet-magar.fr\/wp-content\/uploads\/2026\/04\/Shutterstock_hergementtemporaire.jpg\",\"datePublished\":\"2026-04-28T22:00:00+00:00\",\"author\":{\"@id\":\"\"},\"breadcrumb\":{\"@id\":\"https:\/\/www.cabinet-magar.fr\/actualites\/hebergement-temporaire-non-medicalise-perennisation-du-dispositif\/#breadcrumb\"},\"inLanguage\":\"de\",\"potentialAction\":[{\"@type\":\"ReadAction\",\"target\":[\"https:\/\/www.cabinet-magar.fr\/actualites\/hebergement-temporaire-non-medicalise-perennisation-du-dispositif\/\"]}]},{\"@type\":\"ImageObject\",\"inLanguage\":\"de\",\"@id\":\"https:\/\/www.cabinet-magar.fr\/actualites\/hebergement-temporaire-non-medicalise-perennisation-du-dispositif\/#primaryimage\",\"url\":\"https:\/\/www.cabinet-magar.fr\/wp-content\/uploads\/2026\/04\/Shutterstock_hergementtemporaire.jpg\",\"contentUrl\":\"https:\/\/www.cabinet-magar.fr\/wp-content\/uploads\/2026\/04\/Shutterstock_hergementtemporaire.jpg\",\"width\":600,\"height\":400},{\"@type\":\"BreadcrumbList\",\"@id\":\"https:\/\/www.cabinet-magar.fr\/actualites\/hebergement-temporaire-non-medicalise-perennisation-du-dispositif\/#breadcrumb\",\"itemListElement\":[{\"@type\":\"ListItem\",\"position\":1,\"name\":\"Accueil\",\"item\":\"https:\/\/www.cabinet-magar.fr\/de\/\"},{\"@type\":\"ListItem\",\"position\":2,\"name\":\"H\u00e9bergement temporaire non m\u00e9dicalis\u00e9 : p\u00e9rennisation du dispositif\"}]},{\"@type\":\"WebSite\",\"@id\":\"https:\/\/www.cabinet-magar.fr\/#website\",\"url\":\"https:\/\/www.cabinet-magar.fr\/\",\"name\":\"Cabinet Magar\",\"description\":\"\",\"potentialAction\":[{\"@type\":\"SearchAction\",\"target\":{\"@type\":\"EntryPoint\",\"urlTemplate\":\"https:\/\/www.cabinet-magar.fr\/?s={search_term_string}\"},\"query-input\":{\"@type\":\"PropertyValueSpecification\",\"valueRequired\":true,\"valueName\":\"search_term_string\"}}],\"inLanguage\":\"de\"}]}<\/script>\n<!-- \/ Yoast SEO plugin. -->","yoast_head_json":{"title":"H\u00e9bergement temporaire non m\u00e9dicalis\u00e9 : p\u00e9rennisation du dispositif - Cabinet Magar","robots":{"index":"index","follow":"follow","max-snippet":"max-snippet:-1","max-image-preview":"max-image-preview:large","max-video-preview":"max-video-preview:-1"},"canonical":"https:\/\/www.cabinet-magar.fr\/actualites\/hebergement-temporaire-non-medicalise-perennisation-du-dispositif\/","og_locale":"de_DE","og_type":"article","og_title":"H\u00e9bergement temporaire non m\u00e9dicalis\u00e9 : p\u00e9rennisation du dispositif - Cabinet Magar","og_description":"Les \u00e9tablissements de sant\u00e9 peuvent proposer des prestations d\u2019h\u00e9bergement non m\u00e9dicalis\u00e9 au b\u00e9n\u00e9fice de certains patients. Des pr\u00e9cisions sont faites concernant le financement de ces prestations\u2026","og_url":"https:\/\/www.cabinet-magar.fr\/actualites\/hebergement-temporaire-non-medicalise-perennisation-du-dispositif\/","og_site_name":"Cabinet Magar","article_published_time":"2026-04-28T22:00:00+00:00","og_image":[{"width":600,"height":400,"url":"https:\/\/www.cabinet-magar.fr\/wp-content\/uploads\/2026\/04\/Shutterstock_hergementtemporaire.jpg","type":"image\/jpeg"}],"twitter_card":"summary_large_image","twitter_misc":{"Gesch\u00e4tzte Lesezeit":"1\u00a0Minute"},"schema":{"@context":"https:\/\/schema.org","@graph":[{"@type":"Article","@id":"https:\/\/www.cabinet-magar.fr\/actualites\/hebergement-temporaire-non-medicalise-perennisation-du-dispositif\/#article","isPartOf":{"@id":"https:\/\/www.cabinet-magar.fr\/actualites\/hebergement-temporaire-non-medicalise-perennisation-du-dispositif\/"},"author":{"name":"","@id":""},"headline":"H\u00e9bergement temporaire non m\u00e9dicalis\u00e9 : p\u00e9rennisation du dispositif","datePublished":"2026-04-28T22:00:00+00:00","mainEntityOfPage":{"@id":"https:\/\/www.cabinet-magar.fr\/actualites\/hebergement-temporaire-non-medicalise-perennisation-du-dispositif\/"},"wordCount":297,"commentCount":0,"image":{"@id":"https:\/\/www.cabinet-magar.fr\/actualites\/hebergement-temporaire-non-medicalise-perennisation-du-dispositif\/#primaryimage"},"thumbnailUrl":"https:\/\/www.cabinet-magar.fr\/wp-content\/uploads\/2026\/04\/Shutterstock_hergementtemporaire.jpg","articleSection":["Actu Juridique","Actualit\u00e9s"],"inLanguage":"de","potentialAction":[{"@type":"CommentAction","name":"Comment","target":["https:\/\/www.cabinet-magar.fr\/actualites\/hebergement-temporaire-non-medicalise-perennisation-du-dispositif\/#respond"]}]},{"@type":"WebPage","@id":"https:\/\/www.cabinet-magar.fr\/actualites\/hebergement-temporaire-non-medicalise-perennisation-du-dispositif\/","url":"https:\/\/www.cabinet-magar.fr\/actualites\/hebergement-temporaire-non-medicalise-perennisation-du-dispositif\/","name":"H\u00e9bergement temporaire non m\u00e9dicalis\u00e9 : p\u00e9rennisation du dispositif - Cabinet Magar","isPartOf":{"@id":"https:\/\/www.cabinet-magar.fr\/#website"},"primaryImageOfPage":{"@id":"https:\/\/www.cabinet-magar.fr\/actualites\/hebergement-temporaire-non-medicalise-perennisation-du-dispositif\/#primaryimage"},"image":{"@id":"https:\/\/www.cabinet-magar.fr\/actualites\/hebergement-temporaire-non-medicalise-perennisation-du-dispositif\/#primaryimage"},"thumbnailUrl":"https:\/\/www.cabinet-magar.fr\/wp-content\/uploads\/2026\/04\/Shutterstock_hergementtemporaire.jpg","datePublished":"2026-04-28T22:00:00+00:00","author":{"@id":""},"breadcrumb":{"@id":"https:\/\/www.cabinet-magar.fr\/actualites\/hebergement-temporaire-non-medicalise-perennisation-du-dispositif\/#breadcrumb"},"inLanguage":"de","potentialAction":[{"@type":"ReadAction","target":["https:\/\/www.cabinet-magar.fr\/actualites\/hebergement-temporaire-non-medicalise-perennisation-du-dispositif\/"]}]},{"@type":"ImageObject","inLanguage":"de","@id":"https:\/\/www.cabinet-magar.fr\/actualites\/hebergement-temporaire-non-medicalise-perennisation-du-dispositif\/#primaryimage","url":"https:\/\/www.cabinet-magar.fr\/wp-content\/uploads\/2026\/04\/Shutterstock_hergementtemporaire.jpg","contentUrl":"https:\/\/www.cabinet-magar.fr\/wp-content\/uploads\/2026\/04\/Shutterstock_hergementtemporaire.jpg","width":600,"height":400},{"@type":"BreadcrumbList","@id":"https:\/\/www.cabinet-magar.fr\/actualites\/hebergement-temporaire-non-medicalise-perennisation-du-dispositif\/#breadcrumb","itemListElement":[{"@type":"ListItem","position":1,"name":"Accueil","item":"https:\/\/www.cabinet-magar.fr\/de\/"},{"@type":"ListItem","position":2,"name":"H\u00e9bergement temporaire non m\u00e9dicalis\u00e9 : p\u00e9rennisation du dispositif"}]},{"@type":"WebSite","@id":"https:\/\/www.cabinet-magar.fr\/#website","url":"https:\/\/www.cabinet-magar.fr\/","name":"Cabinet Magar","description":"","potentialAction":[{"@type":"SearchAction","target":{"@type":"EntryPoint","urlTemplate":"https:\/\/www.cabinet-magar.fr\/?s={search_term_string}"},"query-input":{"@type":"PropertyValueSpecification","valueRequired":true,"valueName":"search_term_string"}}],"inLanguage":"de"}]}},"_links":{"self":[{"href":"https:\/\/www.cabinet-magar.fr\/de\/wp-json\/wp\/v2\/posts\/13906","targetHints":{"allow":["GET"]}}],"collection":[{"href":"https:\/\/www.cabinet-magar.fr\/de\/wp-json\/wp\/v2\/posts"}],"about":[{"href":"https:\/\/www.cabinet-magar.fr\/de\/wp-json\/wp\/v2\/types\/post"}],"replies":[{"embeddable":true,"href":"https:\/\/www.cabinet-magar.fr\/de\/wp-json\/wp\/v2\/comments?post=13906"}],"version-history":[{"count":0,"href":"https:\/\/www.cabinet-magar.fr\/de\/wp-json\/wp\/v2\/posts\/13906\/revisions"}],"wp:featuredmedia":[{"embeddable":true,"href":"https:\/\/www.cabinet-magar.fr\/de\/wp-json\/wp\/v2\/media\/13907"}],"wp:attachment":[{"href":"https:\/\/www.cabinet-magar.fr\/de\/wp-json\/wp\/v2\/media?parent=13906"}],"wp:term":[{"taxonomy":"category","embeddable":true,"href":"https:\/\/www.cabinet-magar.fr\/de\/wp-json\/wp\/v2\/categories?post=13906"},{"taxonomy":"post_tag","embeddable":true,"href":"https:\/\/www.cabinet-magar.fr\/de\/wp-json\/wp\/v2\/tags?post=13906"}],"curies":[{"name":"wp","href":"https:\/\/api.w.org\/{rel}","templated":true}]}}