{"id":1158,"date":"2020-11-18T05:50:00","date_gmt":"2020-11-18T04:50:00","guid":{"rendered":"https:\/\/www.cabinet-magar.fr\/licenciement-economique-et-accident-du-travail-compatibles\/"},"modified":"2021-05-06T03:01:22","modified_gmt":"2021-05-06T01:01:22","slug":"licenciement-economique-et-accident-du-travail-compatibles","status":"publish","type":"post","link":"https:\/\/www.cabinet-magar.fr\/de\/actualites\/licenciement-economique-et-accident-du-travail-compatibles\/","title":{"rendered":"Licenciement \u00e9conomique et accident du travail : compatibles ?"},"content":{"rendered":"<p>Un employeur peut rompre le contrat de travail d\u2019un salari\u00e9 en arr\u00eat pour accident du travail ou maladie professionnelle (AT\/MP) uniquement dans des cas tr\u00e8s limit\u00e9s\u202f: faute grave du salari\u00e9 ou impossibilit\u00e9 de maintenir le contrat pour un motif \u00e9tranger \u00e0 l\u2019accident ou la maladie du salari\u00e9.<\/p>\n<p>Ici, un employeur prend la d\u00e9cision de licencier pour motif \u00e9conomique un salari\u00e9 arr\u00eat\u00e9 \u00e0 la suite d\u2019un accident du travail.<\/p>\n<p>Ce que ce dernier conteste, le motif \u00e9conomique n\u2019\u00e9tant pas valable, selon lui, pour licencier un salari\u00e9 dont le contrat est suspendu en raison d\u2019un accident de travail\u202f!<\/p>\n<p>Mais l\u2019employeur insiste\u202f: pour lui, le motif \u00e9conomique du licenciement est bien un motif \u00e9tranger \u00e0 l\u2019accident du travail du salari\u00e9, comme en t\u00e9moigne la lettre de licenciement d\u00e9taillant les circonstances du licenciement prononc\u00e9.<\/p>\n<p>\u00ab\u202fMotif non valable\u202f!\u202f\u00bb tranche le juge\u202f: ici, la lettre de licenciement ne d\u00e9montre pas suffisamment l\u2019impossibilit\u00e9 de maintenir le contrat de travail du salari\u00e9 et, \u00e0 ce titre, rend impossible le licenciement du salari\u00e9.<\/p>\n<p>L\u2019affaire devra donc \u00eatre rejug\u00e9e, pour laisser une chance \u00e0 l\u2019employeur de caract\u00e9riser suffisamment le motif de licenciement du salari\u00e9.<\/p>\n<p><span style=\"text-decoration: underline;\">Source :<\/span> Arr\u00eat de la Cour de Cassation, chambre sociale, du 21 octobre 2020, n\u00b019-15051 (NP)<\/p>\n<p><a title=\"WebLex - Licenciement \u00e9conomique et accident du travail\u202f: compatibles\u202f? \" href=\"https:\/\/www.weblex.fr\/weblex-actualite\/licenciement-economique-et-accident-du-travail-compatibles\" target=\"_blank\" rel=\"noopener\">Licenciement \u00e9conomique et accident du travail\u202f: compatibles\u202f?<\/a> \u00a9 Copyright WebLex &#8211; 2020<\/p>\n<p><img src='https:\/\/www.weblex.fr\/images\/flux_actus\/licenciementaccident.jpg'><\/p>\n","protected":false},"excerpt":{"rendered":"<p>Un employeur licencie pour motif \u00e9conomique un salari\u00e9 arr\u00eat\u00e9 pour accident de travail. Ce que ce dernier conteste\u202f: estimant que le motif \u00e9conomique retenu par l\u2019employeur n\u2019est pas valable, il r\u00e9clame l\u2019annulation de son licenciement. Va-t-il l\u2019obtenir\u202f?<\/p>\n","protected":false},"author":0,"featured_media":4709,"comment_status":"open","ping_status":"closed","sticky":false,"template":"","format":"standard","meta":{"_acf_changed":false,"footnotes":""},"categories":[8,7],"tags":[],"class_list":["post-1158","post","type-post","status-publish","format-standard","has-post-thumbnail","hentry","category-actu-sociale","category-actualites"],"acf":[],"yoast_head":"<!-- This site is optimized with the Yoast SEO plugin v27.2 - https:\/\/yoast.com\/product\/yoast-seo-wordpress\/ -->\n<title>Licenciement \u00e9conomique et accident du travail : compatibles ? - Cabinet Magar<\/title>\n<meta name=\"robots\" content=\"index, follow, max-snippet:-1, max-image-preview:large, max-video-preview:-1\" \/>\n<link rel=\"canonical\" href=\"https:\/\/www.cabinet-magar.fr\/actualites\/licenciement-economique-et-accident-du-travail-compatibles\/\" \/>\n<meta property=\"og:locale\" content=\"de_DE\" \/>\n<meta property=\"og:type\" content=\"article\" \/>\n<meta property=\"og:title\" content=\"Licenciement \u00e9conomique et accident du travail : compatibles ? - Cabinet Magar\" \/>\n<meta property=\"og:description\" content=\"Un employeur licencie pour motif \u00e9conomique un salari\u00e9 arr\u00eat\u00e9 pour accident de travail. Ce que ce dernier conteste\u202f: estimant que le motif \u00e9conomique retenu par l\u2019employeur n\u2019est pas valable, il r\u00e9clame l\u2019annulation de son licenciement. Va-t-il l\u2019obtenir\u202f?\" \/>\n<meta property=\"og:url\" content=\"https:\/\/www.cabinet-magar.fr\/actualites\/licenciement-economique-et-accident-du-travail-compatibles\/\" \/>\n<meta property=\"og:site_name\" content=\"Cabinet Magar\" \/>\n<meta property=\"article:published_time\" content=\"2020-11-18T04:50:00+00:00\" \/>\n<meta property=\"article:modified_time\" content=\"2021-05-06T01:01:22+00:00\" \/>\n<meta property=\"og:image\" content=\"https:\/\/www.cabinet-magar.fr\/wp-content\/uploads\/2021\/05\/licenciementaccident.jpg\" \/>\n\t<meta property=\"og:image:width\" content=\"600\" \/>\n\t<meta property=\"og:image:height\" content=\"400\" \/>\n\t<meta property=\"og:image:type\" content=\"image\/jpeg\" \/>\n<meta name=\"twitter:card\" content=\"summary_large_image\" \/>\n<meta name=\"twitter:label1\" content=\"Gesch\u00e4tzte Lesezeit\" \/>\n\t<meta name=\"twitter:data1\" content=\"1\u00a0Minute\" \/>\n<script type=\"application\/ld+json\" class=\"yoast-schema-graph\">{\"@context\":\"https:\/\/schema.org\",\"@graph\":[{\"@type\":\"Article\",\"@id\":\"https:\/\/www.cabinet-magar.fr\/actualites\/licenciement-economique-et-accident-du-travail-compatibles\/#article\",\"isPartOf\":{\"@id\":\"https:\/\/www.cabinet-magar.fr\/actualites\/licenciement-economique-et-accident-du-travail-compatibles\/\"},\"author\":{\"name\":\"\",\"@id\":\"\"},\"headline\":\"Licenciement \u00e9conomique et accident du travail : compatibles ?\",\"datePublished\":\"2020-11-18T04:50:00+00:00\",\"dateModified\":\"2021-05-06T01:01:22+00:00\",\"mainEntityOfPage\":{\"@id\":\"https:\/\/www.cabinet-magar.fr\/actualites\/licenciement-economique-et-accident-du-travail-compatibles\/\"},\"wordCount\":232,\"commentCount\":0,\"image\":{\"@id\":\"https:\/\/www.cabinet-magar.fr\/actualites\/licenciement-economique-et-accident-du-travail-compatibles\/#primaryimage\"},\"thumbnailUrl\":\"https:\/\/www.cabinet-magar.fr\/wp-content\/uploads\/2021\/05\/licenciementaccident.jpg\",\"articleSection\":[\"Actu Sociale\",\"Actualit\u00e9s\"],\"inLanguage\":\"de\",\"potentialAction\":[{\"@type\":\"CommentAction\",\"name\":\"Comment\",\"target\":[\"https:\/\/www.cabinet-magar.fr\/actualites\/licenciement-economique-et-accident-du-travail-compatibles\/#respond\"]}]},{\"@type\":\"WebPage\",\"@id\":\"https:\/\/www.cabinet-magar.fr\/actualites\/licenciement-economique-et-accident-du-travail-compatibles\/\",\"url\":\"https:\/\/www.cabinet-magar.fr\/actualites\/licenciement-economique-et-accident-du-travail-compatibles\/\",\"name\":\"Licenciement \u00e9conomique et accident du travail : compatibles ? - Cabinet Magar\",\"isPartOf\":{\"@id\":\"https:\/\/www.cabinet-magar.fr\/#website\"},\"primaryImageOfPage\":{\"@id\":\"https:\/\/www.cabinet-magar.fr\/actualites\/licenciement-economique-et-accident-du-travail-compatibles\/#primaryimage\"},\"image\":{\"@id\":\"https:\/\/www.cabinet-magar.fr\/actualites\/licenciement-economique-et-accident-du-travail-compatibles\/#primaryimage\"},\"thumbnailUrl\":\"https:\/\/www.cabinet-magar.fr\/wp-content\/uploads\/2021\/05\/licenciementaccident.jpg\",\"datePublished\":\"2020-11-18T04:50:00+00:00\",\"dateModified\":\"2021-05-06T01:01:22+00:00\",\"author\":{\"@id\":\"\"},\"breadcrumb\":{\"@id\":\"https:\/\/www.cabinet-magar.fr\/actualites\/licenciement-economique-et-accident-du-travail-compatibles\/#breadcrumb\"},\"inLanguage\":\"de\",\"potentialAction\":[{\"@type\":\"ReadAction\",\"target\":[\"https:\/\/www.cabinet-magar.fr\/actualites\/licenciement-economique-et-accident-du-travail-compatibles\/\"]}]},{\"@type\":\"ImageObject\",\"inLanguage\":\"de\",\"@id\":\"https:\/\/www.cabinet-magar.fr\/actualites\/licenciement-economique-et-accident-du-travail-compatibles\/#primaryimage\",\"url\":\"https:\/\/www.cabinet-magar.fr\/wp-content\/uploads\/2021\/05\/licenciementaccident.jpg\",\"contentUrl\":\"https:\/\/www.cabinet-magar.fr\/wp-content\/uploads\/2021\/05\/licenciementaccident.jpg\",\"width\":600,\"height\":400},{\"@type\":\"BreadcrumbList\",\"@id\":\"https:\/\/www.cabinet-magar.fr\/actualites\/licenciement-economique-et-accident-du-travail-compatibles\/#breadcrumb\",\"itemListElement\":[{\"@type\":\"ListItem\",\"position\":1,\"name\":\"Accueil\",\"item\":\"https:\/\/www.cabinet-magar.fr\/de\/\"},{\"@type\":\"ListItem\",\"position\":2,\"name\":\"Licenciement \u00e9conomique et accident du travail : compatibles ?\"}]},{\"@type\":\"WebSite\",\"@id\":\"https:\/\/www.cabinet-magar.fr\/#website\",\"url\":\"https:\/\/www.cabinet-magar.fr\/\",\"name\":\"Cabinet Magar\",\"description\":\"\",\"potentialAction\":[{\"@type\":\"SearchAction\",\"target\":{\"@type\":\"EntryPoint\",\"urlTemplate\":\"https:\/\/www.cabinet-magar.fr\/?s={search_term_string}\"},\"query-input\":{\"@type\":\"PropertyValueSpecification\",\"valueRequired\":true,\"valueName\":\"search_term_string\"}}],\"inLanguage\":\"de\"}]}<\/script>\n<!-- \/ Yoast SEO plugin. -->","yoast_head_json":{"title":"Licenciement \u00e9conomique et accident du travail : compatibles ? - Cabinet Magar","robots":{"index":"index","follow":"follow","max-snippet":"max-snippet:-1","max-image-preview":"max-image-preview:large","max-video-preview":"max-video-preview:-1"},"canonical":"https:\/\/www.cabinet-magar.fr\/actualites\/licenciement-economique-et-accident-du-travail-compatibles\/","og_locale":"de_DE","og_type":"article","og_title":"Licenciement \u00e9conomique et accident du travail : compatibles ? - Cabinet Magar","og_description":"Un employeur licencie pour motif \u00e9conomique un salari\u00e9 arr\u00eat\u00e9 pour accident de travail. Ce que ce dernier conteste\u202f: estimant que le motif \u00e9conomique retenu par l\u2019employeur n\u2019est pas valable, il r\u00e9clame l\u2019annulation de son licenciement. Va-t-il l\u2019obtenir\u202f?","og_url":"https:\/\/www.cabinet-magar.fr\/actualites\/licenciement-economique-et-accident-du-travail-compatibles\/","og_site_name":"Cabinet Magar","article_published_time":"2020-11-18T04:50:00+00:00","article_modified_time":"2021-05-06T01:01:22+00:00","og_image":[{"width":600,"height":400,"url":"https:\/\/www.cabinet-magar.fr\/wp-content\/uploads\/2021\/05\/licenciementaccident.jpg","type":"image\/jpeg"}],"twitter_card":"summary_large_image","twitter_misc":{"Gesch\u00e4tzte Lesezeit":"1\u00a0Minute"},"schema":{"@context":"https:\/\/schema.org","@graph":[{"@type":"Article","@id":"https:\/\/www.cabinet-magar.fr\/actualites\/licenciement-economique-et-accident-du-travail-compatibles\/#article","isPartOf":{"@id":"https:\/\/www.cabinet-magar.fr\/actualites\/licenciement-economique-et-accident-du-travail-compatibles\/"},"author":{"name":"","@id":""},"headline":"Licenciement \u00e9conomique et accident du travail : compatibles ?","datePublished":"2020-11-18T04:50:00+00:00","dateModified":"2021-05-06T01:01:22+00:00","mainEntityOfPage":{"@id":"https:\/\/www.cabinet-magar.fr\/actualites\/licenciement-economique-et-accident-du-travail-compatibles\/"},"wordCount":232,"commentCount":0,"image":{"@id":"https:\/\/www.cabinet-magar.fr\/actualites\/licenciement-economique-et-accident-du-travail-compatibles\/#primaryimage"},"thumbnailUrl":"https:\/\/www.cabinet-magar.fr\/wp-content\/uploads\/2021\/05\/licenciementaccident.jpg","articleSection":["Actu Sociale","Actualit\u00e9s"],"inLanguage":"de","potentialAction":[{"@type":"CommentAction","name":"Comment","target":["https:\/\/www.cabinet-magar.fr\/actualites\/licenciement-economique-et-accident-du-travail-compatibles\/#respond"]}]},{"@type":"WebPage","@id":"https:\/\/www.cabinet-magar.fr\/actualites\/licenciement-economique-et-accident-du-travail-compatibles\/","url":"https:\/\/www.cabinet-magar.fr\/actualites\/licenciement-economique-et-accident-du-travail-compatibles\/","name":"Licenciement \u00e9conomique et accident du travail : compatibles ? - Cabinet Magar","isPartOf":{"@id":"https:\/\/www.cabinet-magar.fr\/#website"},"primaryImageOfPage":{"@id":"https:\/\/www.cabinet-magar.fr\/actualites\/licenciement-economique-et-accident-du-travail-compatibles\/#primaryimage"},"image":{"@id":"https:\/\/www.cabinet-magar.fr\/actualites\/licenciement-economique-et-accident-du-travail-compatibles\/#primaryimage"},"thumbnailUrl":"https:\/\/www.cabinet-magar.fr\/wp-content\/uploads\/2021\/05\/licenciementaccident.jpg","datePublished":"2020-11-18T04:50:00+00:00","dateModified":"2021-05-06T01:01:22+00:00","author":{"@id":""},"breadcrumb":{"@id":"https:\/\/www.cabinet-magar.fr\/actualites\/licenciement-economique-et-accident-du-travail-compatibles\/#breadcrumb"},"inLanguage":"de","potentialAction":[{"@type":"ReadAction","target":["https:\/\/www.cabinet-magar.fr\/actualites\/licenciement-economique-et-accident-du-travail-compatibles\/"]}]},{"@type":"ImageObject","inLanguage":"de","@id":"https:\/\/www.cabinet-magar.fr\/actualites\/licenciement-economique-et-accident-du-travail-compatibles\/#primaryimage","url":"https:\/\/www.cabinet-magar.fr\/wp-content\/uploads\/2021\/05\/licenciementaccident.jpg","contentUrl":"https:\/\/www.cabinet-magar.fr\/wp-content\/uploads\/2021\/05\/licenciementaccident.jpg","width":600,"height":400},{"@type":"BreadcrumbList","@id":"https:\/\/www.cabinet-magar.fr\/actualites\/licenciement-economique-et-accident-du-travail-compatibles\/#breadcrumb","itemListElement":[{"@type":"ListItem","position":1,"name":"Accueil","item":"https:\/\/www.cabinet-magar.fr\/de\/"},{"@type":"ListItem","position":2,"name":"Licenciement \u00e9conomique et accident du travail : compatibles ?"}]},{"@type":"WebSite","@id":"https:\/\/www.cabinet-magar.fr\/#website","url":"https:\/\/www.cabinet-magar.fr\/","name":"Cabinet Magar","description":"","potentialAction":[{"@type":"SearchAction","target":{"@type":"EntryPoint","urlTemplate":"https:\/\/www.cabinet-magar.fr\/?s={search_term_string}"},"query-input":{"@type":"PropertyValueSpecification","valueRequired":true,"valueName":"search_term_string"}}],"inLanguage":"de"}]}},"_links":{"self":[{"href":"https:\/\/www.cabinet-magar.fr\/de\/wp-json\/wp\/v2\/posts\/1158","targetHints":{"allow":["GET"]}}],"collection":[{"href":"https:\/\/www.cabinet-magar.fr\/de\/wp-json\/wp\/v2\/posts"}],"about":[{"href":"https:\/\/www.cabinet-magar.fr\/de\/wp-json\/wp\/v2\/types\/post"}],"replies":[{"embeddable":true,"href":"https:\/\/www.cabinet-magar.fr\/de\/wp-json\/wp\/v2\/comments?post=1158"}],"version-history":[{"count":1,"href":"https:\/\/www.cabinet-magar.fr\/de\/wp-json\/wp\/v2\/posts\/1158\/revisions"}],"predecessor-version":[{"id":4708,"href":"https:\/\/www.cabinet-magar.fr\/de\/wp-json\/wp\/v2\/posts\/1158\/revisions\/4708"}],"wp:featuredmedia":[{"embeddable":true,"href":"https:\/\/www.cabinet-magar.fr\/de\/wp-json\/wp\/v2\/media\/4709"}],"wp:attachment":[{"href":"https:\/\/www.cabinet-magar.fr\/de\/wp-json\/wp\/v2\/media?parent=1158"}],"wp:term":[{"taxonomy":"category","embeddable":true,"href":"https:\/\/www.cabinet-magar.fr\/de\/wp-json\/wp\/v2\/categories?post=1158"},{"taxonomy":"post_tag","embeddable":true,"href":"https:\/\/www.cabinet-magar.fr\/de\/wp-json\/wp\/v2\/tags?post=1158"}],"curies":[{"name":"wp","href":"https:\/\/api.w.org\/{rel}","templated":true}]}}