{"id":1157,"date":"2020-11-18T05:51:00","date_gmt":"2020-11-18T04:51:00","guid":{"rendered":"https:\/\/www.cabinet-magar.fr\/coronavirus-covid-19-et-reconfinement-faciliter-lapprovisionnement-alimentaire\/"},"modified":"2021-05-06T03:01:17","modified_gmt":"2021-05-06T01:01:17","slug":"coronavirus-covid-19-et-reconfinement-faciliter-lapprovisionnement-alimentaire","status":"publish","type":"post","link":"https:\/\/www.cabinet-magar.fr\/de\/actualites\/coronavirus-covid-19-et-reconfinement-faciliter-lapprovisionnement-alimentaire\/","title":{"rendered":"Coronavirus (COVID-19) et reconfinement : faciliter l\u2019approvisionnement alimentaire"},"content":{"rendered":"<p >Face \u00e0 la crise sanitaire li\u00e9e \u00e0 la 2\u00e8me vague de covid-19, le Gouvernement a pris des mesures exceptionnelles pour assurer l\u2019approvisionnement de la population fran\u00e7aise en produits alimentaires. Lesquelles ?<\/p>\n<div>\n<h2>Coronavirus (COVID-19) : 3 mesures pour faciliter l\u2019approvisionnement alimentaire<\/h2>\n<p>Durant le premier confinement, le Gouvernement a pris des mesures pour assurer l\u2019approvisionnement de la population fran\u00e7aise en nourriture. Celles-ci sont de nouveau applicables, jusqu\u2019\u00e0 un mois apr\u00e8s la fin de l\u2019\u00e9tat d\u2019urgence sanitaire, fix\u00e9e au 16 f\u00e9vrier 2021.<\/p>\n<p>Par principe, les commerces de d\u00e9tail amen\u00e9s \u00e0 fournir des partenaires ne peuvent le faire qu\u2019en respectant un montant plafond de quantit\u00e9s maximales (par exemple, 250 kg\/semaine pour les viandes fra\u00eeches de boucherie \u00e0 l&#8217;exclusion des viandes hach\u00e9es).<\/p>\n<p>D\u00e9sormais, les quantit\u00e9s plafonds ne s\u2019appliquent plus. Mais, \u00e0 l&#8217;issue de la crise sanitaire, le commer\u00e7ant devra adresser au Pr\u00e9fet un bilan des quantit\u00e9s c\u00e9d\u00e9es.<\/p>\n<p>Par ailleurs, les carcasses issues d&#8217;animaux abattus dans un \u00e9tablissement d&#8217;abattage non agr\u00e9\u00e9 peuvent \u00eatre d\u00e9sormais directement c\u00e9d\u00e9es sous forme r\u00e9frig\u00e9r\u00e9e \u00e0 une temp\u00e9rature maximale de + 4 C au domicile des clients qui auront pass\u00e9 commande directement aupr\u00e8s du producteur.<\/p>\n<p>Pour rappel, par \u00ab \u00e9tablissement d\u2019abattage non agr\u00e9\u00e9 \u00bb, il faut comprendre les \u00e9tablissements abattant les volailles et les lagomorphes (lapins, li\u00e8vres, etc.).<\/p>\n<p>Enfin, les producteurs de lait cru de bovid\u00e9s, de petits ruminants et de solip\u00e8des domestiques (cheval, \u00e2ne, etc.) ne poss\u00e9dant pas les autorisations de vente directe aux consommateurs requises peuvent d\u00e9sormais le faire apr\u00e8s avoir effectu\u00e9 une d\u00e9claration en Pr\u00e9fecture.<\/p>\n<p>Cette d\u00e9claration doit \u00eatre conforme \u00e0 un mod\u00e8le-type que vous pouvez consulter \u00e0 l\u2019adresse suivante : <a href=\"https:\/\/www.legifrance.gouv.fr\/download\/pdf?id=6vcpWWtOMquD6CZNqjNdWsEi_5eDp8oir6DjUOSCuWk=\" target=\"_blank\" rel=\"noopener\">https:\/\/www.legifrance.gouv.fr\/download\/pdf?id=6vcpWWtOMquD6CZNqjNdWsEi_5eDp8oir6DjUOSCuWk=<\/a>.<\/p>\n<p><span style=\"text-decoration: underline;\">Source :<\/span> Arr\u00eat\u00e9 du 6 novembre 2020 prescrivant des mesures temporaires favorisant l&#8217;adaptation des entreprises du secteur alimentaire mettant sur le march\u00e9 des denr\u00e9es animales ou d&#8217;origine animale au contexte des restrictions impos\u00e9es dans le cadre de la lutte contre l&#8217;\u00e9pid\u00e9mie de covid-19<\/p>\n<p><a title=\"Coronavirus (COVID-19) et reconfinement : faciliter l\u2019approvisionnement alimentaire\" href=\"https:\/\/www.weblex.fr\/weblex-actualite\/coronavirus-covid-19-et-reconfinement-faciliter-lapprovisionnement-alimentaire\" target=\"_blank\" rel=\"noopener\">Coronavirus (COVID-19) et reconfinement : faciliter l\u2019approvisionnement alimentaire<\/a> \u00a9 Copyright WebLex &#8211; 2020<\/p>\n<\/div>\n<p><img src='https:\/\/www.weblex.fr\/images\/flux_actus\/alimentation.jpg'><\/p>\n","protected":false},"excerpt":{"rendered":"<p>Face \u00e0 la crise sanitaire li\u00e9e \u00e0 la 2\u00e8me vague de covid-19, le Gouvernement a pris des mesures exceptionnelles pour assurer l\u2019approvisionnement de la population fran\u00e7aise en produits alimentaires. Lesquelles ?<\/p>\n","protected":false},"author":0,"featured_media":4707,"comment_status":"open","ping_status":"closed","sticky":false,"template":"","format":"standard","meta":{"_acf_changed":false,"footnotes":""},"categories":[9,7],"tags":[],"class_list":["post-1157","post","type-post","status-publish","format-standard","has-post-thumbnail","hentry","category-actu-juridique","category-actualites"],"acf":[],"yoast_head":"<!-- This site is optimized with the Yoast SEO plugin v27.2 - https:\/\/yoast.com\/product\/yoast-seo-wordpress\/ -->\n<title>Coronavirus (COVID-19) et reconfinement : faciliter l\u2019approvisionnement alimentaire - Cabinet Magar<\/title>\n<meta name=\"robots\" content=\"index, follow, max-snippet:-1, max-image-preview:large, max-video-preview:-1\" \/>\n<link rel=\"canonical\" href=\"https:\/\/www.cabinet-magar.fr\/actualites\/coronavirus-covid-19-et-reconfinement-faciliter-lapprovisionnement-alimentaire\/\" \/>\n<meta property=\"og:locale\" content=\"de_DE\" \/>\n<meta property=\"og:type\" content=\"article\" \/>\n<meta property=\"og:title\" content=\"Coronavirus (COVID-19) et reconfinement : faciliter l\u2019approvisionnement alimentaire - Cabinet Magar\" \/>\n<meta property=\"og:description\" content=\"Face \u00e0 la crise sanitaire li\u00e9e \u00e0 la 2\u00e8me vague de covid-19, le Gouvernement a pris des mesures exceptionnelles pour assurer l\u2019approvisionnement de la population fran\u00e7aise en produits alimentaires. Lesquelles ?\" \/>\n<meta property=\"og:url\" content=\"https:\/\/www.cabinet-magar.fr\/actualites\/coronavirus-covid-19-et-reconfinement-faciliter-lapprovisionnement-alimentaire\/\" \/>\n<meta property=\"og:site_name\" content=\"Cabinet Magar\" \/>\n<meta property=\"article:published_time\" content=\"2020-11-18T04:51:00+00:00\" \/>\n<meta property=\"article:modified_time\" content=\"2021-05-06T01:01:17+00:00\" \/>\n<meta property=\"og:image\" content=\"https:\/\/www.cabinet-magar.fr\/wp-content\/uploads\/2021\/05\/alimentation.jpg\" \/>\n\t<meta property=\"og:image:width\" content=\"600\" \/>\n\t<meta property=\"og:image:height\" content=\"400\" \/>\n\t<meta property=\"og:image:type\" content=\"image\/jpeg\" \/>\n<meta name=\"twitter:card\" content=\"summary_large_image\" \/>\n<meta name=\"twitter:label1\" content=\"Gesch\u00e4tzte Lesezeit\" \/>\n\t<meta name=\"twitter:data1\" content=\"2\u00a0Minuten\" \/>\n<script type=\"application\/ld+json\" class=\"yoast-schema-graph\">{\"@context\":\"https:\/\/schema.org\",\"@graph\":[{\"@type\":\"Article\",\"@id\":\"https:\/\/www.cabinet-magar.fr\/actualites\/coronavirus-covid-19-et-reconfinement-faciliter-lapprovisionnement-alimentaire\/#article\",\"isPartOf\":{\"@id\":\"https:\/\/www.cabinet-magar.fr\/actualites\/coronavirus-covid-19-et-reconfinement-faciliter-lapprovisionnement-alimentaire\/\"},\"author\":{\"name\":\"\",\"@id\":\"\"},\"headline\":\"Coronavirus (COVID-19) et reconfinement : faciliter l\u2019approvisionnement alimentaire\",\"datePublished\":\"2020-11-18T04:51:00+00:00\",\"dateModified\":\"2021-05-06T01:01:17+00:00\",\"mainEntityOfPage\":{\"@id\":\"https:\/\/www.cabinet-magar.fr\/actualites\/coronavirus-covid-19-et-reconfinement-faciliter-lapprovisionnement-alimentaire\/\"},\"wordCount\":372,\"commentCount\":0,\"image\":{\"@id\":\"https:\/\/www.cabinet-magar.fr\/actualites\/coronavirus-covid-19-et-reconfinement-faciliter-lapprovisionnement-alimentaire\/#primaryimage\"},\"thumbnailUrl\":\"https:\/\/www.cabinet-magar.fr\/wp-content\/uploads\/2021\/05\/alimentation.jpg\",\"articleSection\":[\"Actu Juridique\",\"Actualit\u00e9s\"],\"inLanguage\":\"de\",\"potentialAction\":[{\"@type\":\"CommentAction\",\"name\":\"Comment\",\"target\":[\"https:\/\/www.cabinet-magar.fr\/actualites\/coronavirus-covid-19-et-reconfinement-faciliter-lapprovisionnement-alimentaire\/#respond\"]}]},{\"@type\":\"WebPage\",\"@id\":\"https:\/\/www.cabinet-magar.fr\/actualites\/coronavirus-covid-19-et-reconfinement-faciliter-lapprovisionnement-alimentaire\/\",\"url\":\"https:\/\/www.cabinet-magar.fr\/actualites\/coronavirus-covid-19-et-reconfinement-faciliter-lapprovisionnement-alimentaire\/\",\"name\":\"Coronavirus (COVID-19) et reconfinement : faciliter l\u2019approvisionnement alimentaire - Cabinet Magar\",\"isPartOf\":{\"@id\":\"https:\/\/www.cabinet-magar.fr\/#website\"},\"primaryImageOfPage\":{\"@id\":\"https:\/\/www.cabinet-magar.fr\/actualites\/coronavirus-covid-19-et-reconfinement-faciliter-lapprovisionnement-alimentaire\/#primaryimage\"},\"image\":{\"@id\":\"https:\/\/www.cabinet-magar.fr\/actualites\/coronavirus-covid-19-et-reconfinement-faciliter-lapprovisionnement-alimentaire\/#primaryimage\"},\"thumbnailUrl\":\"https:\/\/www.cabinet-magar.fr\/wp-content\/uploads\/2021\/05\/alimentation.jpg\",\"datePublished\":\"2020-11-18T04:51:00+00:00\",\"dateModified\":\"2021-05-06T01:01:17+00:00\",\"author\":{\"@id\":\"\"},\"breadcrumb\":{\"@id\":\"https:\/\/www.cabinet-magar.fr\/actualites\/coronavirus-covid-19-et-reconfinement-faciliter-lapprovisionnement-alimentaire\/#breadcrumb\"},\"inLanguage\":\"de\",\"potentialAction\":[{\"@type\":\"ReadAction\",\"target\":[\"https:\/\/www.cabinet-magar.fr\/actualites\/coronavirus-covid-19-et-reconfinement-faciliter-lapprovisionnement-alimentaire\/\"]}]},{\"@type\":\"ImageObject\",\"inLanguage\":\"de\",\"@id\":\"https:\/\/www.cabinet-magar.fr\/actualites\/coronavirus-covid-19-et-reconfinement-faciliter-lapprovisionnement-alimentaire\/#primaryimage\",\"url\":\"https:\/\/www.cabinet-magar.fr\/wp-content\/uploads\/2021\/05\/alimentation.jpg\",\"contentUrl\":\"https:\/\/www.cabinet-magar.fr\/wp-content\/uploads\/2021\/05\/alimentation.jpg\",\"width\":600,\"height\":400},{\"@type\":\"BreadcrumbList\",\"@id\":\"https:\/\/www.cabinet-magar.fr\/actualites\/coronavirus-covid-19-et-reconfinement-faciliter-lapprovisionnement-alimentaire\/#breadcrumb\",\"itemListElement\":[{\"@type\":\"ListItem\",\"position\":1,\"name\":\"Accueil\",\"item\":\"https:\/\/www.cabinet-magar.fr\/de\/\"},{\"@type\":\"ListItem\",\"position\":2,\"name\":\"Coronavirus (COVID-19) et reconfinement : faciliter l\u2019approvisionnement alimentaire\"}]},{\"@type\":\"WebSite\",\"@id\":\"https:\/\/www.cabinet-magar.fr\/#website\",\"url\":\"https:\/\/www.cabinet-magar.fr\/\",\"name\":\"Cabinet Magar\",\"description\":\"\",\"potentialAction\":[{\"@type\":\"SearchAction\",\"target\":{\"@type\":\"EntryPoint\",\"urlTemplate\":\"https:\/\/www.cabinet-magar.fr\/?s={search_term_string}\"},\"query-input\":{\"@type\":\"PropertyValueSpecification\",\"valueRequired\":true,\"valueName\":\"search_term_string\"}}],\"inLanguage\":\"de\"}]}<\/script>\n<!-- \/ Yoast SEO plugin. -->","yoast_head_json":{"title":"Coronavirus (COVID-19) et reconfinement : faciliter l\u2019approvisionnement alimentaire - Cabinet Magar","robots":{"index":"index","follow":"follow","max-snippet":"max-snippet:-1","max-image-preview":"max-image-preview:large","max-video-preview":"max-video-preview:-1"},"canonical":"https:\/\/www.cabinet-magar.fr\/actualites\/coronavirus-covid-19-et-reconfinement-faciliter-lapprovisionnement-alimentaire\/","og_locale":"de_DE","og_type":"article","og_title":"Coronavirus (COVID-19) et reconfinement : faciliter l\u2019approvisionnement alimentaire - Cabinet Magar","og_description":"Face \u00e0 la crise sanitaire li\u00e9e \u00e0 la 2\u00e8me vague de covid-19, le Gouvernement a pris des mesures exceptionnelles pour assurer l\u2019approvisionnement de la population fran\u00e7aise en produits alimentaires. Lesquelles ?","og_url":"https:\/\/www.cabinet-magar.fr\/actualites\/coronavirus-covid-19-et-reconfinement-faciliter-lapprovisionnement-alimentaire\/","og_site_name":"Cabinet Magar","article_published_time":"2020-11-18T04:51:00+00:00","article_modified_time":"2021-05-06T01:01:17+00:00","og_image":[{"width":600,"height":400,"url":"https:\/\/www.cabinet-magar.fr\/wp-content\/uploads\/2021\/05\/alimentation.jpg","type":"image\/jpeg"}],"twitter_card":"summary_large_image","twitter_misc":{"Gesch\u00e4tzte Lesezeit":"2\u00a0Minuten"},"schema":{"@context":"https:\/\/schema.org","@graph":[{"@type":"Article","@id":"https:\/\/www.cabinet-magar.fr\/actualites\/coronavirus-covid-19-et-reconfinement-faciliter-lapprovisionnement-alimentaire\/#article","isPartOf":{"@id":"https:\/\/www.cabinet-magar.fr\/actualites\/coronavirus-covid-19-et-reconfinement-faciliter-lapprovisionnement-alimentaire\/"},"author":{"name":"","@id":""},"headline":"Coronavirus (COVID-19) et reconfinement : faciliter l\u2019approvisionnement alimentaire","datePublished":"2020-11-18T04:51:00+00:00","dateModified":"2021-05-06T01:01:17+00:00","mainEntityOfPage":{"@id":"https:\/\/www.cabinet-magar.fr\/actualites\/coronavirus-covid-19-et-reconfinement-faciliter-lapprovisionnement-alimentaire\/"},"wordCount":372,"commentCount":0,"image":{"@id":"https:\/\/www.cabinet-magar.fr\/actualites\/coronavirus-covid-19-et-reconfinement-faciliter-lapprovisionnement-alimentaire\/#primaryimage"},"thumbnailUrl":"https:\/\/www.cabinet-magar.fr\/wp-content\/uploads\/2021\/05\/alimentation.jpg","articleSection":["Actu Juridique","Actualit\u00e9s"],"inLanguage":"de","potentialAction":[{"@type":"CommentAction","name":"Comment","target":["https:\/\/www.cabinet-magar.fr\/actualites\/coronavirus-covid-19-et-reconfinement-faciliter-lapprovisionnement-alimentaire\/#respond"]}]},{"@type":"WebPage","@id":"https:\/\/www.cabinet-magar.fr\/actualites\/coronavirus-covid-19-et-reconfinement-faciliter-lapprovisionnement-alimentaire\/","url":"https:\/\/www.cabinet-magar.fr\/actualites\/coronavirus-covid-19-et-reconfinement-faciliter-lapprovisionnement-alimentaire\/","name":"Coronavirus (COVID-19) et reconfinement : faciliter l\u2019approvisionnement alimentaire - Cabinet Magar","isPartOf":{"@id":"https:\/\/www.cabinet-magar.fr\/#website"},"primaryImageOfPage":{"@id":"https:\/\/www.cabinet-magar.fr\/actualites\/coronavirus-covid-19-et-reconfinement-faciliter-lapprovisionnement-alimentaire\/#primaryimage"},"image":{"@id":"https:\/\/www.cabinet-magar.fr\/actualites\/coronavirus-covid-19-et-reconfinement-faciliter-lapprovisionnement-alimentaire\/#primaryimage"},"thumbnailUrl":"https:\/\/www.cabinet-magar.fr\/wp-content\/uploads\/2021\/05\/alimentation.jpg","datePublished":"2020-11-18T04:51:00+00:00","dateModified":"2021-05-06T01:01:17+00:00","author":{"@id":""},"breadcrumb":{"@id":"https:\/\/www.cabinet-magar.fr\/actualites\/coronavirus-covid-19-et-reconfinement-faciliter-lapprovisionnement-alimentaire\/#breadcrumb"},"inLanguage":"de","potentialAction":[{"@type":"ReadAction","target":["https:\/\/www.cabinet-magar.fr\/actualites\/coronavirus-covid-19-et-reconfinement-faciliter-lapprovisionnement-alimentaire\/"]}]},{"@type":"ImageObject","inLanguage":"de","@id":"https:\/\/www.cabinet-magar.fr\/actualites\/coronavirus-covid-19-et-reconfinement-faciliter-lapprovisionnement-alimentaire\/#primaryimage","url":"https:\/\/www.cabinet-magar.fr\/wp-content\/uploads\/2021\/05\/alimentation.jpg","contentUrl":"https:\/\/www.cabinet-magar.fr\/wp-content\/uploads\/2021\/05\/alimentation.jpg","width":600,"height":400},{"@type":"BreadcrumbList","@id":"https:\/\/www.cabinet-magar.fr\/actualites\/coronavirus-covid-19-et-reconfinement-faciliter-lapprovisionnement-alimentaire\/#breadcrumb","itemListElement":[{"@type":"ListItem","position":1,"name":"Accueil","item":"https:\/\/www.cabinet-magar.fr\/de\/"},{"@type":"ListItem","position":2,"name":"Coronavirus (COVID-19) et reconfinement : faciliter l\u2019approvisionnement alimentaire"}]},{"@type":"WebSite","@id":"https:\/\/www.cabinet-magar.fr\/#website","url":"https:\/\/www.cabinet-magar.fr\/","name":"Cabinet Magar","description":"","potentialAction":[{"@type":"SearchAction","target":{"@type":"EntryPoint","urlTemplate":"https:\/\/www.cabinet-magar.fr\/?s={search_term_string}"},"query-input":{"@type":"PropertyValueSpecification","valueRequired":true,"valueName":"search_term_string"}}],"inLanguage":"de"}]}},"_links":{"self":[{"href":"https:\/\/www.cabinet-magar.fr\/de\/wp-json\/wp\/v2\/posts\/1157","targetHints":{"allow":["GET"]}}],"collection":[{"href":"https:\/\/www.cabinet-magar.fr\/de\/wp-json\/wp\/v2\/posts"}],"about":[{"href":"https:\/\/www.cabinet-magar.fr\/de\/wp-json\/wp\/v2\/types\/post"}],"replies":[{"embeddable":true,"href":"https:\/\/www.cabinet-magar.fr\/de\/wp-json\/wp\/v2\/comments?post=1157"}],"version-history":[{"count":1,"href":"https:\/\/www.cabinet-magar.fr\/de\/wp-json\/wp\/v2\/posts\/1157\/revisions"}],"predecessor-version":[{"id":4706,"href":"https:\/\/www.cabinet-magar.fr\/de\/wp-json\/wp\/v2\/posts\/1157\/revisions\/4706"}],"wp:featuredmedia":[{"embeddable":true,"href":"https:\/\/www.cabinet-magar.fr\/de\/wp-json\/wp\/v2\/media\/4707"}],"wp:attachment":[{"href":"https:\/\/www.cabinet-magar.fr\/de\/wp-json\/wp\/v2\/media?parent=1157"}],"wp:term":[{"taxonomy":"category","embeddable":true,"href":"https:\/\/www.cabinet-magar.fr\/de\/wp-json\/wp\/v2\/categories?post=1157"},{"taxonomy":"post_tag","embeddable":true,"href":"https:\/\/www.cabinet-magar.fr\/de\/wp-json\/wp\/v2\/tags?post=1157"}],"curies":[{"name":"wp","href":"https:\/\/api.w.org\/{rel}","templated":true}]}}