{"id":1156,"date":"2020-11-18T05:52:00","date_gmt":"2020-11-18T04:52:00","guid":{"rendered":"https:\/\/www.cabinet-magar.fr\/coronavirus-covid-19-les-recommandations-pour-les-professionnels-de-sante\/"},"modified":"2021-05-06T03:01:13","modified_gmt":"2021-05-06T01:01:13","slug":"coronavirus-covid-19-les-recommandations-pour-les-professionnels-de-sante","status":"publish","type":"post","link":"https:\/\/www.cabinet-magar.fr\/de\/actualites\/coronavirus-covid-19-les-recommandations-pour-les-professionnels-de-sante\/","title":{"rendered":"Coronavirus (COVID-19) : les recommandations pour les professionnels de sant\u00e9"},"content":{"rendered":"<p >Pour lutter au mieux contre la 2\u00e8me vague de covid-19, il est n\u00e9cessaire de coordonner et fluidifier efficacement les t\u00e2ches de chacun des professionnels de sant\u00e9, que ce soit en ville comme \u00e0 l\u2019h\u00f4pital. Pour cela, le Gouvernement a publi\u00e9 des recommandations pratiques. Que pr\u00e9voient-elles ?<\/p>\n<div>\n<h2>Coronavirus (COVID-19) et professionnels de sant\u00e9 : que pr\u00e9voient les nouvelles recommandations sanitaires ?<\/h2>\n<p>Afin de permettre \u00e0 tous les professionnels de sant\u00e9, en ville et \u00e0 l\u2019h\u00f4pital, de s\u2019organiser efficacement lors de cette 2\u00e8me vague de covid-19, le Gouvernement vient de publier une s\u00e9rie de recommandations pratiques, qui s\u2019articulent autour de 2 axes :<\/p>\n<ul>\n<li>renforcer au maximum l\u2019amont du secteur hospitalier ainsi que ses alternatives pour \u00e9viter toute hospitalisation non n\u00e9cessaire, dans un contexte de forte tension des \u00e9tablissements de sant\u00e9<\/li>\n<li>fluidifier le suivi des patients hospitalis\u00e9s entre s\u00e9jours conventionnels ou programm\u00e9s, soins critiques au sens large (et non plus uniquement en r\u00e9animation) et soins de suite et de r\u00e9adaptation (SSR).<\/li>\n<\/ul>\n<p>L\u2019ensemble de ces recommandations sont consultables \u00e0 l\u2019adresse suivante : <a href=\"https:\/\/solidarites-sante.gouv.fr\/soins-et-maladies\/maladies\/maladies-infectieuses\/coronavirus\/etat-des-lieux-et-actualites\/article\/preserver-les-capacites-hospitalieres-et-assurer-la-continuite-des-soins\" target=\"_blank\" rel=\"noopener\">https:\/\/solidarites-sante.gouv.fr\/soins-et-maladies\/maladies\/maladies-infectieuses\/coronavirus\/etat-des-lieux-et-actualites\/article\/preserver-les-capacites-hospitalieres-et-assurer-la-continuite-des-soins<\/a>.<\/p>\n<p>Les recommandations couvrent la m\u00e9decine de ville, la m\u00e9decine d\u2019urgence, l\u2019hospitalisation conventionnelle et en soins critiques et les SSR. En plus de favoriser une meilleure articulation ville\/h\u00f4pital, elles \u00e9clairent sur des mesures fortes comme :<\/p>\n<ul>\n<li>le recours \u00e9largi \u00e0 l\u2019oxyg\u00e9noth\u00e9rapie en dehors de l\u2019h\u00f4pital, avec des crit\u00e8res stricts offrant toutes les garanties de s\u00e9curit\u00e9<\/li>\n<li>l\u2019organisation des soins critiques avec le positionnement d\u2019unit\u00e9s de soins intensifs Covid dans la gradation des soins ;<\/li>\n<li>la mise \u00e0 disposition d\u2018outils p\u00e9dagogiques sur les soins critiques pour les infirmiers et les aides-soignants ;<\/li>\n<li>le soutien \u00e0 la t\u00e9l\u00e9expertise pour permettre \u00e0 des m\u00e9decins de recueillir l\u2019avis de confr\u00e8res experts \u00e0 distance ;<\/li>\n<li>la prise en compte de la dimension \u00e9thique dans la r\u00e9organisation des soins et les d\u00e9cisions individuelles concernant les patients.<\/li>\n<\/ul>\n<p><span style=\"text-decoration: underline;\">Source :<\/span> <a title=\"WebLex - Coronavirus (COVID-19) : les recommandations pour les professionnels de sant\u00e9\" href=\"https:\/\/www.weblex.fr\/weblex-actualite\/coronavirus-covid-19-les-recommandations-pour-les-professionnels-de-sante\" target=\"_blank\" rel=\"noopener\">Communiqu\u00e9 de presse du Minist\u00e8re de la Sant\u00e9 du 17 novembre 2020<\/a><\/p>\n<p><a title=\"WebLex - Coronavirus (COVID-19) : les recommandations pour les professionnels de sant\u00e9\" href=\"https:\/\/www.weblex.fr\/weblex-actualite\/coronavirus-covid-19-les-recommandations-pour-les-professionnels-de-sante\" target=\"_blank\" rel=\"noopener\">Coronavirus (COVID-19) : les recommandations pour les professionnels de sant\u00e9<\/a> \u00a9 Copyright WebLex &#8211; 2020<\/p>\n<\/div>\n<p><img src='https:\/\/www.weblex.fr\/images\/flux_actus\/medecinhopital.jpg'><\/p>\n","protected":false},"excerpt":{"rendered":"<p>Pour lutter au mieux contre la 2\u00e8me vague de covid-19, il est n\u00e9cessaire de coordonner et fluidifier efficacement les t\u00e2ches de chacun des professionnels de sant\u00e9, que ce soit en ville comme \u00e0 l\u2019h\u00f4pital. Pour cela, le Gouvernement a publi\u00e9 des recommandations pratiques. Que pr\u00e9voient-elles ?<\/p>\n","protected":false},"author":0,"featured_media":4705,"comment_status":"open","ping_status":"closed","sticky":false,"template":"","format":"standard","meta":{"_acf_changed":false,"footnotes":""},"categories":[9,7],"tags":[],"class_list":["post-1156","post","type-post","status-publish","format-standard","has-post-thumbnail","hentry","category-actu-juridique","category-actualites"],"acf":[],"yoast_head":"<!-- This site is optimized with the Yoast SEO plugin v27.2 - https:\/\/yoast.com\/product\/yoast-seo-wordpress\/ -->\n<title>Coronavirus (COVID-19) : les recommandations pour les professionnels de sant\u00e9 - Cabinet Magar<\/title>\n<meta name=\"robots\" content=\"index, follow, max-snippet:-1, max-image-preview:large, max-video-preview:-1\" \/>\n<link rel=\"canonical\" href=\"https:\/\/www.cabinet-magar.fr\/actualites\/coronavirus-covid-19-les-recommandations-pour-les-professionnels-de-sante\/\" \/>\n<meta property=\"og:locale\" content=\"de_DE\" \/>\n<meta property=\"og:type\" content=\"article\" \/>\n<meta property=\"og:title\" content=\"Coronavirus (COVID-19) : les recommandations pour les professionnels de sant\u00e9 - Cabinet Magar\" \/>\n<meta property=\"og:description\" content=\"Pour lutter au mieux contre la 2\u00e8me vague de covid-19, il est n\u00e9cessaire de coordonner et fluidifier efficacement les t\u00e2ches de chacun des professionnels de sant\u00e9, que ce soit en ville comme \u00e0 l\u2019h\u00f4pital. Pour cela, le Gouvernement a publi\u00e9 des recommandations pratiques. Que pr\u00e9voient-elles ?\" \/>\n<meta property=\"og:url\" content=\"https:\/\/www.cabinet-magar.fr\/actualites\/coronavirus-covid-19-les-recommandations-pour-les-professionnels-de-sante\/\" \/>\n<meta property=\"og:site_name\" content=\"Cabinet Magar\" \/>\n<meta property=\"article:published_time\" content=\"2020-11-18T04:52:00+00:00\" \/>\n<meta property=\"article:modified_time\" content=\"2021-05-06T01:01:13+00:00\" \/>\n<meta property=\"og:image\" content=\"https:\/\/www.cabinet-magar.fr\/wp-content\/uploads\/2021\/05\/medecinhopital.jpg\" \/>\n\t<meta property=\"og:image:width\" content=\"600\" \/>\n\t<meta property=\"og:image:height\" content=\"400\" \/>\n\t<meta property=\"og:image:type\" content=\"image\/jpeg\" \/>\n<meta name=\"twitter:card\" content=\"summary_large_image\" \/>\n<meta name=\"twitter:label1\" content=\"Gesch\u00e4tzte Lesezeit\" \/>\n\t<meta name=\"twitter:data1\" content=\"2\u00a0Minuten\" \/>\n<script type=\"application\/ld+json\" class=\"yoast-schema-graph\">{\"@context\":\"https:\/\/schema.org\",\"@graph\":[{\"@type\":\"Article\",\"@id\":\"https:\/\/www.cabinet-magar.fr\/actualites\/coronavirus-covid-19-les-recommandations-pour-les-professionnels-de-sante\/#article\",\"isPartOf\":{\"@id\":\"https:\/\/www.cabinet-magar.fr\/actualites\/coronavirus-covid-19-les-recommandations-pour-les-professionnels-de-sante\/\"},\"author\":{\"name\":\"\",\"@id\":\"\"},\"headline\":\"Coronavirus (COVID-19) : les recommandations pour les professionnels de sant\u00e9\",\"datePublished\":\"2020-11-18T04:52:00+00:00\",\"dateModified\":\"2021-05-06T01:01:13+00:00\",\"mainEntityOfPage\":{\"@id\":\"https:\/\/www.cabinet-magar.fr\/actualites\/coronavirus-covid-19-les-recommandations-pour-les-professionnels-de-sante\/\"},\"wordCount\":366,\"commentCount\":0,\"image\":{\"@id\":\"https:\/\/www.cabinet-magar.fr\/actualites\/coronavirus-covid-19-les-recommandations-pour-les-professionnels-de-sante\/#primaryimage\"},\"thumbnailUrl\":\"https:\/\/www.cabinet-magar.fr\/wp-content\/uploads\/2021\/05\/medecinhopital.jpg\",\"articleSection\":[\"Actu Juridique\",\"Actualit\u00e9s\"],\"inLanguage\":\"de\",\"potentialAction\":[{\"@type\":\"CommentAction\",\"name\":\"Comment\",\"target\":[\"https:\/\/www.cabinet-magar.fr\/actualites\/coronavirus-covid-19-les-recommandations-pour-les-professionnels-de-sante\/#respond\"]}]},{\"@type\":\"WebPage\",\"@id\":\"https:\/\/www.cabinet-magar.fr\/actualites\/coronavirus-covid-19-les-recommandations-pour-les-professionnels-de-sante\/\",\"url\":\"https:\/\/www.cabinet-magar.fr\/actualites\/coronavirus-covid-19-les-recommandations-pour-les-professionnels-de-sante\/\",\"name\":\"Coronavirus (COVID-19) : les recommandations pour les professionnels de sant\u00e9 - Cabinet Magar\",\"isPartOf\":{\"@id\":\"https:\/\/www.cabinet-magar.fr\/#website\"},\"primaryImageOfPage\":{\"@id\":\"https:\/\/www.cabinet-magar.fr\/actualites\/coronavirus-covid-19-les-recommandations-pour-les-professionnels-de-sante\/#primaryimage\"},\"image\":{\"@id\":\"https:\/\/www.cabinet-magar.fr\/actualites\/coronavirus-covid-19-les-recommandations-pour-les-professionnels-de-sante\/#primaryimage\"},\"thumbnailUrl\":\"https:\/\/www.cabinet-magar.fr\/wp-content\/uploads\/2021\/05\/medecinhopital.jpg\",\"datePublished\":\"2020-11-18T04:52:00+00:00\",\"dateModified\":\"2021-05-06T01:01:13+00:00\",\"author\":{\"@id\":\"\"},\"breadcrumb\":{\"@id\":\"https:\/\/www.cabinet-magar.fr\/actualites\/coronavirus-covid-19-les-recommandations-pour-les-professionnels-de-sante\/#breadcrumb\"},\"inLanguage\":\"de\",\"potentialAction\":[{\"@type\":\"ReadAction\",\"target\":[\"https:\/\/www.cabinet-magar.fr\/actualites\/coronavirus-covid-19-les-recommandations-pour-les-professionnels-de-sante\/\"]}]},{\"@type\":\"ImageObject\",\"inLanguage\":\"de\",\"@id\":\"https:\/\/www.cabinet-magar.fr\/actualites\/coronavirus-covid-19-les-recommandations-pour-les-professionnels-de-sante\/#primaryimage\",\"url\":\"https:\/\/www.cabinet-magar.fr\/wp-content\/uploads\/2021\/05\/medecinhopital.jpg\",\"contentUrl\":\"https:\/\/www.cabinet-magar.fr\/wp-content\/uploads\/2021\/05\/medecinhopital.jpg\",\"width\":600,\"height\":400},{\"@type\":\"BreadcrumbList\",\"@id\":\"https:\/\/www.cabinet-magar.fr\/actualites\/coronavirus-covid-19-les-recommandations-pour-les-professionnels-de-sante\/#breadcrumb\",\"itemListElement\":[{\"@type\":\"ListItem\",\"position\":1,\"name\":\"Accueil\",\"item\":\"https:\/\/www.cabinet-magar.fr\/de\/\"},{\"@type\":\"ListItem\",\"position\":2,\"name\":\"Coronavirus (COVID-19) : les recommandations pour les professionnels de sant\u00e9\"}]},{\"@type\":\"WebSite\",\"@id\":\"https:\/\/www.cabinet-magar.fr\/#website\",\"url\":\"https:\/\/www.cabinet-magar.fr\/\",\"name\":\"Cabinet Magar\",\"description\":\"\",\"potentialAction\":[{\"@type\":\"SearchAction\",\"target\":{\"@type\":\"EntryPoint\",\"urlTemplate\":\"https:\/\/www.cabinet-magar.fr\/?s={search_term_string}\"},\"query-input\":{\"@type\":\"PropertyValueSpecification\",\"valueRequired\":true,\"valueName\":\"search_term_string\"}}],\"inLanguage\":\"de\"}]}<\/script>\n<!-- \/ Yoast SEO plugin. -->","yoast_head_json":{"title":"Coronavirus (COVID-19) : les recommandations pour les professionnels de sant\u00e9 - Cabinet Magar","robots":{"index":"index","follow":"follow","max-snippet":"max-snippet:-1","max-image-preview":"max-image-preview:large","max-video-preview":"max-video-preview:-1"},"canonical":"https:\/\/www.cabinet-magar.fr\/actualites\/coronavirus-covid-19-les-recommandations-pour-les-professionnels-de-sante\/","og_locale":"de_DE","og_type":"article","og_title":"Coronavirus (COVID-19) : les recommandations pour les professionnels de sant\u00e9 - Cabinet Magar","og_description":"Pour lutter au mieux contre la 2\u00e8me vague de covid-19, il est n\u00e9cessaire de coordonner et fluidifier efficacement les t\u00e2ches de chacun des professionnels de sant\u00e9, que ce soit en ville comme \u00e0 l\u2019h\u00f4pital. Pour cela, le Gouvernement a publi\u00e9 des recommandations pratiques. Que pr\u00e9voient-elles ?","og_url":"https:\/\/www.cabinet-magar.fr\/actualites\/coronavirus-covid-19-les-recommandations-pour-les-professionnels-de-sante\/","og_site_name":"Cabinet Magar","article_published_time":"2020-11-18T04:52:00+00:00","article_modified_time":"2021-05-06T01:01:13+00:00","og_image":[{"width":600,"height":400,"url":"https:\/\/www.cabinet-magar.fr\/wp-content\/uploads\/2021\/05\/medecinhopital.jpg","type":"image\/jpeg"}],"twitter_card":"summary_large_image","twitter_misc":{"Gesch\u00e4tzte Lesezeit":"2\u00a0Minuten"},"schema":{"@context":"https:\/\/schema.org","@graph":[{"@type":"Article","@id":"https:\/\/www.cabinet-magar.fr\/actualites\/coronavirus-covid-19-les-recommandations-pour-les-professionnels-de-sante\/#article","isPartOf":{"@id":"https:\/\/www.cabinet-magar.fr\/actualites\/coronavirus-covid-19-les-recommandations-pour-les-professionnels-de-sante\/"},"author":{"name":"","@id":""},"headline":"Coronavirus (COVID-19) : les recommandations pour les professionnels de sant\u00e9","datePublished":"2020-11-18T04:52:00+00:00","dateModified":"2021-05-06T01:01:13+00:00","mainEntityOfPage":{"@id":"https:\/\/www.cabinet-magar.fr\/actualites\/coronavirus-covid-19-les-recommandations-pour-les-professionnels-de-sante\/"},"wordCount":366,"commentCount":0,"image":{"@id":"https:\/\/www.cabinet-magar.fr\/actualites\/coronavirus-covid-19-les-recommandations-pour-les-professionnels-de-sante\/#primaryimage"},"thumbnailUrl":"https:\/\/www.cabinet-magar.fr\/wp-content\/uploads\/2021\/05\/medecinhopital.jpg","articleSection":["Actu Juridique","Actualit\u00e9s"],"inLanguage":"de","potentialAction":[{"@type":"CommentAction","name":"Comment","target":["https:\/\/www.cabinet-magar.fr\/actualites\/coronavirus-covid-19-les-recommandations-pour-les-professionnels-de-sante\/#respond"]}]},{"@type":"WebPage","@id":"https:\/\/www.cabinet-magar.fr\/actualites\/coronavirus-covid-19-les-recommandations-pour-les-professionnels-de-sante\/","url":"https:\/\/www.cabinet-magar.fr\/actualites\/coronavirus-covid-19-les-recommandations-pour-les-professionnels-de-sante\/","name":"Coronavirus (COVID-19) : les recommandations pour les professionnels de sant\u00e9 - Cabinet Magar","isPartOf":{"@id":"https:\/\/www.cabinet-magar.fr\/#website"},"primaryImageOfPage":{"@id":"https:\/\/www.cabinet-magar.fr\/actualites\/coronavirus-covid-19-les-recommandations-pour-les-professionnels-de-sante\/#primaryimage"},"image":{"@id":"https:\/\/www.cabinet-magar.fr\/actualites\/coronavirus-covid-19-les-recommandations-pour-les-professionnels-de-sante\/#primaryimage"},"thumbnailUrl":"https:\/\/www.cabinet-magar.fr\/wp-content\/uploads\/2021\/05\/medecinhopital.jpg","datePublished":"2020-11-18T04:52:00+00:00","dateModified":"2021-05-06T01:01:13+00:00","author":{"@id":""},"breadcrumb":{"@id":"https:\/\/www.cabinet-magar.fr\/actualites\/coronavirus-covid-19-les-recommandations-pour-les-professionnels-de-sante\/#breadcrumb"},"inLanguage":"de","potentialAction":[{"@type":"ReadAction","target":["https:\/\/www.cabinet-magar.fr\/actualites\/coronavirus-covid-19-les-recommandations-pour-les-professionnels-de-sante\/"]}]},{"@type":"ImageObject","inLanguage":"de","@id":"https:\/\/www.cabinet-magar.fr\/actualites\/coronavirus-covid-19-les-recommandations-pour-les-professionnels-de-sante\/#primaryimage","url":"https:\/\/www.cabinet-magar.fr\/wp-content\/uploads\/2021\/05\/medecinhopital.jpg","contentUrl":"https:\/\/www.cabinet-magar.fr\/wp-content\/uploads\/2021\/05\/medecinhopital.jpg","width":600,"height":400},{"@type":"BreadcrumbList","@id":"https:\/\/www.cabinet-magar.fr\/actualites\/coronavirus-covid-19-les-recommandations-pour-les-professionnels-de-sante\/#breadcrumb","itemListElement":[{"@type":"ListItem","position":1,"name":"Accueil","item":"https:\/\/www.cabinet-magar.fr\/de\/"},{"@type":"ListItem","position":2,"name":"Coronavirus (COVID-19) : les recommandations pour les professionnels de sant\u00e9"}]},{"@type":"WebSite","@id":"https:\/\/www.cabinet-magar.fr\/#website","url":"https:\/\/www.cabinet-magar.fr\/","name":"Cabinet Magar","description":"","potentialAction":[{"@type":"SearchAction","target":{"@type":"EntryPoint","urlTemplate":"https:\/\/www.cabinet-magar.fr\/?s={search_term_string}"},"query-input":{"@type":"PropertyValueSpecification","valueRequired":true,"valueName":"search_term_string"}}],"inLanguage":"de"}]}},"_links":{"self":[{"href":"https:\/\/www.cabinet-magar.fr\/de\/wp-json\/wp\/v2\/posts\/1156","targetHints":{"allow":["GET"]}}],"collection":[{"href":"https:\/\/www.cabinet-magar.fr\/de\/wp-json\/wp\/v2\/posts"}],"about":[{"href":"https:\/\/www.cabinet-magar.fr\/de\/wp-json\/wp\/v2\/types\/post"}],"replies":[{"embeddable":true,"href":"https:\/\/www.cabinet-magar.fr\/de\/wp-json\/wp\/v2\/comments?post=1156"}],"version-history":[{"count":1,"href":"https:\/\/www.cabinet-magar.fr\/de\/wp-json\/wp\/v2\/posts\/1156\/revisions"}],"predecessor-version":[{"id":4704,"href":"https:\/\/www.cabinet-magar.fr\/de\/wp-json\/wp\/v2\/posts\/1156\/revisions\/4704"}],"wp:featuredmedia":[{"embeddable":true,"href":"https:\/\/www.cabinet-magar.fr\/de\/wp-json\/wp\/v2\/media\/4705"}],"wp:attachment":[{"href":"https:\/\/www.cabinet-magar.fr\/de\/wp-json\/wp\/v2\/media?parent=1156"}],"wp:term":[{"taxonomy":"category","embeddable":true,"href":"https:\/\/www.cabinet-magar.fr\/de\/wp-json\/wp\/v2\/categories?post=1156"},{"taxonomy":"post_tag","embeddable":true,"href":"https:\/\/www.cabinet-magar.fr\/de\/wp-json\/wp\/v2\/tags?post=1156"}],"curies":[{"name":"wp","href":"https:\/\/api.w.org\/{rel}","templated":true}]}}