{"id":1155,"date":"2020-11-18T05:53:00","date_gmt":"2020-11-18T04:53:00","guid":{"rendered":"https:\/\/www.cabinet-magar.fr\/coronavirus-covid-19-du-soutien-pour-le-secteur-du-sport\/"},"modified":"2021-05-06T03:01:05","modified_gmt":"2021-05-06T01:01:05","slug":"coronavirus-covid-19-du-soutien-pour-le-secteur-du-sport","status":"publish","type":"post","link":"https:\/\/www.cabinet-magar.fr\/de\/actualites\/coronavirus-covid-19-du-soutien-pour-le-secteur-du-sport\/","title":{"rendered":"Coronavirus (COVID-19) : du soutien pour le secteur du sport"},"content":{"rendered":"<p >Le Gouvernement vient d\u2019annoncer la mise en place de diverses mesures destin\u00e9es \u00e0 soutenir le monde du sport dans le cadre de la crise sanitaire. Que faut-il en retenir ?<\/p>\n<div>\n<h2> Coronavirus (COVID-19) : focus sur les mesures de soutien<\/h2>\n<p>A la suite d\u2019une r\u00e9union avec l\u2019ensemble des acteurs du secteur sportif, le Gouvernement a annonc\u00e9 la prochaine mise en place de divers dispositifs de soutien.<\/p>\n<ul>\n<li><strong> Concernant le sport amateur <\/strong><\/li>\n<\/ul>\n<p>Il est tout d\u2019abord pr\u00e9vu la mise en place d\u2019une aide massive \u00e0 destination des associations sportives ferm\u00e9es pendant la crise et pour lesquelles les adh\u00e9sions dans les clubs ont fortement chut\u00e9.<\/p>\n<p>Cette aide prendra la forme d\u2019un soutien financier \u00e0 la prise de licence, d\u00e9nomm\u00e9 \u00ab Pass\u2019Sport \u00bb, d\u00e8s 2021.<\/p>\n<p>Destin\u00e9e \u00e0 favoriser les adh\u00e9sions dans les clubs sportifs, cette mesure devrait s\u2019adresser en priorit\u00e9 aux plus fragiles.<\/p>\n<p>Par ailleurs, l\u2019Etat a annonc\u00e9 investir 15 M\u20ac suppl\u00e9mentaires en 2021 sur le fonds d\u2019urgence constitu\u00e9 pour venir en aide aux toutes petites associations non-employeuses qui ne b\u00e9n\u00e9ficient pas des aides de droit commun.<\/p>\n<p>Un fonds de compensation devrait en outre \u00eatre sp\u00e9cialement cr\u00e9\u00e9 pour amortir les pertes des f\u00e9d\u00e9rations sportives en termes de licences.<\/p>\n<p>5 000 postes de services civiques devraient \u00eatre orient\u00e9s vers le secteur du sport, et des emplois devraient \u00e9galement \u00eatre cr\u00e9\u00e9s dans les Comit\u00e9s r\u00e9gionaux olympiques et sportifs (CROS) pour accompagner les petits clubs dans les demandes d\u2019aides auxquelles ils peuvent pr\u00e9tendre.<\/p>\n<p>Enfin, le Gouvernement a annonc\u00e9 le retour des mineurs dans les associations sportives \u00e0 compter du mois de d\u00e9cembre 2020 : ce retour s\u2019effectuera dans le respect de protocoles sanitaires actuellement \u00e0 l\u2019\u00e9tude, et s\u2019accompagnera d\u2019une campagne de promotion de la pratique sportive au niveau national.<\/p>\n<ul>\n<li><strong> Concernant le sport professionnel <\/strong><\/li>\n<\/ul>\n<p>Un m\u00e9canisme de compensation de la billetterie sera mis en place pour les clubs f\u00e9minins et masculins, mais aussi pour les organisateurs de manifestations sportives (dont les f\u00e9d\u00e9rations).<\/p>\n<p>Calcul\u00e9e en fonction des pertes et de la d\u00e9pendance \u00e0 la billetterie des structures, cette aide exceptionnelle devrait \u00eatre vers\u00e9e \u00e0 compter de d\u00e9but d\u00e9cembre 2020, selon des modalit\u00e9s pr\u00e9cis\u00e9es dans les jours \u00e0 venir.<\/p>\n<p>2 dispositifs sociaux sont en outre annonc\u00e9s :<\/p>\n<ul>\n<li>une exon\u00e9ration de cotisations sociales patronales hors retraite compl\u00e9mentaire ;<\/li>\n<li>une aide au paiement des cotisations \u00e9gale \u00e0 20 % de la masse salariale concernant les cotisations sociales \u00e0 payer en octobre, novembre et d\u00e9cembre 2020.<\/li>\n<\/ul>\n<p>Ces 2 mesures devraient b\u00e9n\u00e9ficier aux clubs de moins de 250 salari\u00e9s qui n\u2019ont quasiment plus de recettes.<\/p>\n<p>D\u2019autres mesures sont par ailleurs pr\u00e9vues :<\/p>\n<ul>\n<li>l\u2019\u00e9ligibilit\u00e9 des clubs professionnels aux pr\u00eats participatifs de l\u2019Etat \u00e0 des taux attractifs ;<\/li>\n<li>l\u2019\u00e9tude, au sein du Gouvernement, de la question de l\u2019accueil des spectateurs dans les enceintes sportives, afin de mettre en place un syst\u00e8me de jauge d\u00e8s l\u2019am\u00e9lioration de la situation sanitaire d\u00e9but 2021 ;<\/li>\n<li>le lancement d\u2019un groupe de travail sur le dossier du droit \u00e0 l\u2019image des joueurs.<\/li>\n<\/ul>\n<p>Notez enfin que la probl\u00e9matique des loyers pay\u00e9s par les clubs sportifs devra \u00eatre discut\u00e9e avec les collectivit\u00e9s territoriales concern\u00e9es.<\/p>\n<ul>\n<li><strong> Concernant les loisirs sportifs marchands et le secteur \u00e9v\u00e8nementiel <\/strong><\/li>\n<\/ul>\n<p>Le Gouvernement a par ailleurs annonc\u00e9, pour les entreprises relevant des secteurs des loisirs sportifs marchands et de l\u2019\u00e9v\u00e8nementiel, dont la dur\u00e9e de fermeture est particuli\u00e8rement longue sur l\u2019ann\u00e9e 2020, l\u2019am\u00e9nagement du Fonds de solidarit\u00e9 afin de mieux prendre en charge les charges fixes des structures ferm\u00e9es au-del\u00e0 du 1er d\u00e9cembre 2020.<\/p>\n<p>Des solutions seront par ailleurs examin\u00e9es pour couvrir les salles de sport de plus de 20 salari\u00e9s qui sont actuellement exclues du b\u00e9n\u00e9fice du Fonds de solidarit\u00e9.<\/p>\n<p>Enfin, le Gouvernement a pr\u00e9cis\u00e9 que les agences de communication et des entreprises de conseil sp\u00e9cialis\u00e9es dans le sport allaient int\u00e9grer les secteurs faisant l\u2019objet du \u00ab plan tourisme \u00bb.<\/p>\n<p><span style=\"text-decoration: underline;\">Source :<\/span> Communiqu\u00e9 de presse du Gouvernement du 17 novembre 2020<\/p>\n<p><a title=\"WebLex - Coronavirus (COVID-19) : du soutien pour le secteur du sport\" href=\"https:\/\/www.weblex.fr\/weblex-actualite\/coronavirus-covid-19-du-soutien-pour-le-secteur-du-sport\" target=\"_blank\" rel=\"noopener\">Coronavirus (COVID-19) : du soutien pour le secteur du sport<\/a> \u00a9 Copyright WebLex &#8211; 2020<\/p>\n<\/div>\n<p><img src='https:\/\/www.weblex.fr\/images\/flux_actus\/sportif.jpg'><\/p>\n","protected":false},"excerpt":{"rendered":"<p>Le Gouvernement vient d\u2019annoncer la mise en place de diverses mesures destin\u00e9es \u00e0 soutenir le monde du sport dans le cadre de la crise sanitaire. Que faut-il en retenir ?<\/p>\n","protected":false},"author":0,"featured_media":4027,"comment_status":"open","ping_status":"closed","sticky":false,"template":"","format":"standard","meta":{"_acf_changed":false,"footnotes":""},"categories":[9,7],"tags":[],"class_list":["post-1155","post","type-post","status-publish","format-standard","has-post-thumbnail","hentry","category-actu-juridique","category-actualites"],"acf":[],"yoast_head":"<!-- This site is optimized with the Yoast SEO plugin v27.2 - https:\/\/yoast.com\/product\/yoast-seo-wordpress\/ -->\n<title>Coronavirus (COVID-19) : du soutien pour le secteur du sport - Cabinet Magar<\/title>\n<meta name=\"robots\" content=\"index, follow, max-snippet:-1, max-image-preview:large, max-video-preview:-1\" \/>\n<link rel=\"canonical\" href=\"https:\/\/www.cabinet-magar.fr\/actualites\/coronavirus-covid-19-du-soutien-pour-le-secteur-du-sport\/\" \/>\n<meta property=\"og:locale\" content=\"de_DE\" \/>\n<meta property=\"og:type\" content=\"article\" \/>\n<meta property=\"og:title\" content=\"Coronavirus (COVID-19) : du soutien pour le secteur du sport - Cabinet Magar\" \/>\n<meta property=\"og:description\" content=\"Le Gouvernement vient d\u2019annoncer la mise en place de diverses mesures destin\u00e9es \u00e0 soutenir le monde du sport dans le cadre de la crise sanitaire. Que faut-il en retenir ?\" \/>\n<meta property=\"og:url\" content=\"https:\/\/www.cabinet-magar.fr\/actualites\/coronavirus-covid-19-du-soutien-pour-le-secteur-du-sport\/\" \/>\n<meta property=\"og:site_name\" content=\"Cabinet Magar\" \/>\n<meta property=\"article:published_time\" content=\"2020-11-18T04:53:00+00:00\" \/>\n<meta property=\"article:modified_time\" content=\"2021-05-06T01:01:05+00:00\" \/>\n<meta property=\"og:image\" content=\"https:\/\/www.cabinet-magar.fr\/wp-content\/uploads\/2021\/04\/sportif.jpg\" \/>\n\t<meta property=\"og:image:width\" content=\"600\" \/>\n\t<meta property=\"og:image:height\" content=\"400\" \/>\n\t<meta property=\"og:image:type\" content=\"image\/jpeg\" \/>\n<meta name=\"twitter:card\" content=\"summary_large_image\" \/>\n<meta name=\"twitter:label1\" content=\"Gesch\u00e4tzte Lesezeit\" \/>\n\t<meta name=\"twitter:data1\" content=\"3\u00a0Minuten\" \/>\n<script type=\"application\/ld+json\" class=\"yoast-schema-graph\">{\"@context\":\"https:\/\/schema.org\",\"@graph\":[{\"@type\":\"Article\",\"@id\":\"https:\/\/www.cabinet-magar.fr\/actualites\/coronavirus-covid-19-du-soutien-pour-le-secteur-du-sport\/#article\",\"isPartOf\":{\"@id\":\"https:\/\/www.cabinet-magar.fr\/actualites\/coronavirus-covid-19-du-soutien-pour-le-secteur-du-sport\/\"},\"author\":{\"name\":\"\",\"@id\":\"\"},\"headline\":\"Coronavirus (COVID-19) : du soutien pour le secteur du sport\",\"datePublished\":\"2020-11-18T04:53:00+00:00\",\"dateModified\":\"2021-05-06T01:01:05+00:00\",\"mainEntityOfPage\":{\"@id\":\"https:\/\/www.cabinet-magar.fr\/actualites\/coronavirus-covid-19-du-soutien-pour-le-secteur-du-sport\/\"},\"wordCount\":700,\"commentCount\":0,\"image\":{\"@id\":\"https:\/\/www.cabinet-magar.fr\/actualites\/coronavirus-covid-19-du-soutien-pour-le-secteur-du-sport\/#primaryimage\"},\"thumbnailUrl\":\"https:\/\/www.cabinet-magar.fr\/wp-content\/uploads\/2021\/04\/sportif.jpg\",\"articleSection\":[\"Actu Juridique\",\"Actualit\u00e9s\"],\"inLanguage\":\"de\",\"potentialAction\":[{\"@type\":\"CommentAction\",\"name\":\"Comment\",\"target\":[\"https:\/\/www.cabinet-magar.fr\/actualites\/coronavirus-covid-19-du-soutien-pour-le-secteur-du-sport\/#respond\"]}]},{\"@type\":\"WebPage\",\"@id\":\"https:\/\/www.cabinet-magar.fr\/actualites\/coronavirus-covid-19-du-soutien-pour-le-secteur-du-sport\/\",\"url\":\"https:\/\/www.cabinet-magar.fr\/actualites\/coronavirus-covid-19-du-soutien-pour-le-secteur-du-sport\/\",\"name\":\"Coronavirus (COVID-19) : du soutien pour le secteur du sport - Cabinet Magar\",\"isPartOf\":{\"@id\":\"https:\/\/www.cabinet-magar.fr\/#website\"},\"primaryImageOfPage\":{\"@id\":\"https:\/\/www.cabinet-magar.fr\/actualites\/coronavirus-covid-19-du-soutien-pour-le-secteur-du-sport\/#primaryimage\"},\"image\":{\"@id\":\"https:\/\/www.cabinet-magar.fr\/actualites\/coronavirus-covid-19-du-soutien-pour-le-secteur-du-sport\/#primaryimage\"},\"thumbnailUrl\":\"https:\/\/www.cabinet-magar.fr\/wp-content\/uploads\/2021\/04\/sportif.jpg\",\"datePublished\":\"2020-11-18T04:53:00+00:00\",\"dateModified\":\"2021-05-06T01:01:05+00:00\",\"author\":{\"@id\":\"\"},\"breadcrumb\":{\"@id\":\"https:\/\/www.cabinet-magar.fr\/actualites\/coronavirus-covid-19-du-soutien-pour-le-secteur-du-sport\/#breadcrumb\"},\"inLanguage\":\"de\",\"potentialAction\":[{\"@type\":\"ReadAction\",\"target\":[\"https:\/\/www.cabinet-magar.fr\/actualites\/coronavirus-covid-19-du-soutien-pour-le-secteur-du-sport\/\"]}]},{\"@type\":\"ImageObject\",\"inLanguage\":\"de\",\"@id\":\"https:\/\/www.cabinet-magar.fr\/actualites\/coronavirus-covid-19-du-soutien-pour-le-secteur-du-sport\/#primaryimage\",\"url\":\"https:\/\/www.cabinet-magar.fr\/wp-content\/uploads\/2021\/04\/sportif.jpg\",\"contentUrl\":\"https:\/\/www.cabinet-magar.fr\/wp-content\/uploads\/2021\/04\/sportif.jpg\",\"width\":600,\"height\":400},{\"@type\":\"BreadcrumbList\",\"@id\":\"https:\/\/www.cabinet-magar.fr\/actualites\/coronavirus-covid-19-du-soutien-pour-le-secteur-du-sport\/#breadcrumb\",\"itemListElement\":[{\"@type\":\"ListItem\",\"position\":1,\"name\":\"Accueil\",\"item\":\"https:\/\/www.cabinet-magar.fr\/de\/\"},{\"@type\":\"ListItem\",\"position\":2,\"name\":\"Coronavirus (COVID-19) : du soutien pour le secteur du sport\"}]},{\"@type\":\"WebSite\",\"@id\":\"https:\/\/www.cabinet-magar.fr\/#website\",\"url\":\"https:\/\/www.cabinet-magar.fr\/\",\"name\":\"Cabinet Magar\",\"description\":\"\",\"potentialAction\":[{\"@type\":\"SearchAction\",\"target\":{\"@type\":\"EntryPoint\",\"urlTemplate\":\"https:\/\/www.cabinet-magar.fr\/?s={search_term_string}\"},\"query-input\":{\"@type\":\"PropertyValueSpecification\",\"valueRequired\":true,\"valueName\":\"search_term_string\"}}],\"inLanguage\":\"de\"}]}<\/script>\n<!-- \/ Yoast SEO plugin. -->","yoast_head_json":{"title":"Coronavirus (COVID-19) : du soutien pour le secteur du sport - Cabinet Magar","robots":{"index":"index","follow":"follow","max-snippet":"max-snippet:-1","max-image-preview":"max-image-preview:large","max-video-preview":"max-video-preview:-1"},"canonical":"https:\/\/www.cabinet-magar.fr\/actualites\/coronavirus-covid-19-du-soutien-pour-le-secteur-du-sport\/","og_locale":"de_DE","og_type":"article","og_title":"Coronavirus (COVID-19) : du soutien pour le secteur du sport - Cabinet Magar","og_description":"Le Gouvernement vient d\u2019annoncer la mise en place de diverses mesures destin\u00e9es \u00e0 soutenir le monde du sport dans le cadre de la crise sanitaire. Que faut-il en retenir ?","og_url":"https:\/\/www.cabinet-magar.fr\/actualites\/coronavirus-covid-19-du-soutien-pour-le-secteur-du-sport\/","og_site_name":"Cabinet Magar","article_published_time":"2020-11-18T04:53:00+00:00","article_modified_time":"2021-05-06T01:01:05+00:00","og_image":[{"width":600,"height":400,"url":"https:\/\/www.cabinet-magar.fr\/wp-content\/uploads\/2021\/04\/sportif.jpg","type":"image\/jpeg"}],"twitter_card":"summary_large_image","twitter_misc":{"Gesch\u00e4tzte Lesezeit":"3\u00a0Minuten"},"schema":{"@context":"https:\/\/schema.org","@graph":[{"@type":"Article","@id":"https:\/\/www.cabinet-magar.fr\/actualites\/coronavirus-covid-19-du-soutien-pour-le-secteur-du-sport\/#article","isPartOf":{"@id":"https:\/\/www.cabinet-magar.fr\/actualites\/coronavirus-covid-19-du-soutien-pour-le-secteur-du-sport\/"},"author":{"name":"","@id":""},"headline":"Coronavirus (COVID-19) : du soutien pour le secteur du sport","datePublished":"2020-11-18T04:53:00+00:00","dateModified":"2021-05-06T01:01:05+00:00","mainEntityOfPage":{"@id":"https:\/\/www.cabinet-magar.fr\/actualites\/coronavirus-covid-19-du-soutien-pour-le-secteur-du-sport\/"},"wordCount":700,"commentCount":0,"image":{"@id":"https:\/\/www.cabinet-magar.fr\/actualites\/coronavirus-covid-19-du-soutien-pour-le-secteur-du-sport\/#primaryimage"},"thumbnailUrl":"https:\/\/www.cabinet-magar.fr\/wp-content\/uploads\/2021\/04\/sportif.jpg","articleSection":["Actu Juridique","Actualit\u00e9s"],"inLanguage":"de","potentialAction":[{"@type":"CommentAction","name":"Comment","target":["https:\/\/www.cabinet-magar.fr\/actualites\/coronavirus-covid-19-du-soutien-pour-le-secteur-du-sport\/#respond"]}]},{"@type":"WebPage","@id":"https:\/\/www.cabinet-magar.fr\/actualites\/coronavirus-covid-19-du-soutien-pour-le-secteur-du-sport\/","url":"https:\/\/www.cabinet-magar.fr\/actualites\/coronavirus-covid-19-du-soutien-pour-le-secteur-du-sport\/","name":"Coronavirus (COVID-19) : du soutien pour le secteur du sport - Cabinet Magar","isPartOf":{"@id":"https:\/\/www.cabinet-magar.fr\/#website"},"primaryImageOfPage":{"@id":"https:\/\/www.cabinet-magar.fr\/actualites\/coronavirus-covid-19-du-soutien-pour-le-secteur-du-sport\/#primaryimage"},"image":{"@id":"https:\/\/www.cabinet-magar.fr\/actualites\/coronavirus-covid-19-du-soutien-pour-le-secteur-du-sport\/#primaryimage"},"thumbnailUrl":"https:\/\/www.cabinet-magar.fr\/wp-content\/uploads\/2021\/04\/sportif.jpg","datePublished":"2020-11-18T04:53:00+00:00","dateModified":"2021-05-06T01:01:05+00:00","author":{"@id":""},"breadcrumb":{"@id":"https:\/\/www.cabinet-magar.fr\/actualites\/coronavirus-covid-19-du-soutien-pour-le-secteur-du-sport\/#breadcrumb"},"inLanguage":"de","potentialAction":[{"@type":"ReadAction","target":["https:\/\/www.cabinet-magar.fr\/actualites\/coronavirus-covid-19-du-soutien-pour-le-secteur-du-sport\/"]}]},{"@type":"ImageObject","inLanguage":"de","@id":"https:\/\/www.cabinet-magar.fr\/actualites\/coronavirus-covid-19-du-soutien-pour-le-secteur-du-sport\/#primaryimage","url":"https:\/\/www.cabinet-magar.fr\/wp-content\/uploads\/2021\/04\/sportif.jpg","contentUrl":"https:\/\/www.cabinet-magar.fr\/wp-content\/uploads\/2021\/04\/sportif.jpg","width":600,"height":400},{"@type":"BreadcrumbList","@id":"https:\/\/www.cabinet-magar.fr\/actualites\/coronavirus-covid-19-du-soutien-pour-le-secteur-du-sport\/#breadcrumb","itemListElement":[{"@type":"ListItem","position":1,"name":"Accueil","item":"https:\/\/www.cabinet-magar.fr\/de\/"},{"@type":"ListItem","position":2,"name":"Coronavirus (COVID-19) : du soutien pour le secteur du sport"}]},{"@type":"WebSite","@id":"https:\/\/www.cabinet-magar.fr\/#website","url":"https:\/\/www.cabinet-magar.fr\/","name":"Cabinet Magar","description":"","potentialAction":[{"@type":"SearchAction","target":{"@type":"EntryPoint","urlTemplate":"https:\/\/www.cabinet-magar.fr\/?s={search_term_string}"},"query-input":{"@type":"PropertyValueSpecification","valueRequired":true,"valueName":"search_term_string"}}],"inLanguage":"de"}]}},"_links":{"self":[{"href":"https:\/\/www.cabinet-magar.fr\/de\/wp-json\/wp\/v2\/posts\/1155","targetHints":{"allow":["GET"]}}],"collection":[{"href":"https:\/\/www.cabinet-magar.fr\/de\/wp-json\/wp\/v2\/posts"}],"about":[{"href":"https:\/\/www.cabinet-magar.fr\/de\/wp-json\/wp\/v2\/types\/post"}],"replies":[{"embeddable":true,"href":"https:\/\/www.cabinet-magar.fr\/de\/wp-json\/wp\/v2\/comments?post=1155"}],"version-history":[{"count":1,"href":"https:\/\/www.cabinet-magar.fr\/de\/wp-json\/wp\/v2\/posts\/1155\/revisions"}],"predecessor-version":[{"id":4703,"href":"https:\/\/www.cabinet-magar.fr\/de\/wp-json\/wp\/v2\/posts\/1155\/revisions\/4703"}],"wp:featuredmedia":[{"embeddable":true,"href":"https:\/\/www.cabinet-magar.fr\/de\/wp-json\/wp\/v2\/media\/4027"}],"wp:attachment":[{"href":"https:\/\/www.cabinet-magar.fr\/de\/wp-json\/wp\/v2\/media?parent=1155"}],"wp:term":[{"taxonomy":"category","embeddable":true,"href":"https:\/\/www.cabinet-magar.fr\/de\/wp-json\/wp\/v2\/categories?post=1155"},{"taxonomy":"post_tag","embeddable":true,"href":"https:\/\/www.cabinet-magar.fr\/de\/wp-json\/wp\/v2\/tags?post=1155"}],"curies":[{"name":"wp","href":"https:\/\/api.w.org\/{rel}","templated":true}]}}