{"id":1151,"date":"2020-11-18T06:45:00","date_gmt":"2020-11-18T05:45:00","guid":{"rendered":"https:\/\/www.cabinet-magar.fr\/tva-et-facturation-electronique-a-quoi-faut-il-sattendre\/"},"modified":"2021-05-06T03:00:50","modified_gmt":"2021-05-06T01:00:50","slug":"tva-et-facturation-electronique-a-quoi-faut-il-sattendre","status":"publish","type":"post","link":"https:\/\/www.cabinet-magar.fr\/de\/actualites\/tva-et-facturation-electronique-a-quoi-faut-il-sattendre\/","title":{"rendered":"TVA et facturation \u00e9lectronique : \u00e0 quoi faut-il s\u2019attendre ?"},"content":{"rendered":"<p >La Direction g\u00e9n\u00e9rale des finances publiques (DGFIP) vient de publier un rapport sur le dispositif de facturation \u00e9lectronique qui devrait s\u2019appliquer au plus t\u00f4t \u00e0 partir du 1er janvier 2023 et au plus tard \u00e0 compter du 1er janvier 2025. Que faut-il en retenir ?<\/p>\n<div>\n<h2> TVA et facturation \u00e9lectronique : rappel du dispositif envisag\u00e9<\/h2>\n<p>Au plus t\u00f4t \u00e0 compter du 1er janvier 2023 et au plus tard \u00e0 compter du 1er janvier 2025, les factures des transactions entre personnes soumises \u00e0 la TVA (on parle \u00ab d\u2019assujettis \u00bb) devront \u00eatre \u00e9mises sous forme \u00e9lectronique.<\/p>\n<p>Les donn\u00e9es y figurant devront \u00eatre transmises \u00e0 l&#8217;administration pour leur exploitation \u00e0 des fins, notamment, de modernisation de la collecte et des modalit\u00e9s de contr\u00f4le de la TVA.<\/p>\n<p>Ce dispositif permettra \u00e0 terme le pr\u00e9-remplissage des d\u00e9clarations de TVA, la diminution de la charge administrative pour les entreprises et la s\u00e9curisation des relations commerciales.<\/p>\n<p>L\u2019entr\u00e9e en vigueur de ce dispositif de facturation, de m\u00eame que ses modalit\u00e9s d\u2019application, seront soumises \u00e0 la publication d\u2019un D\u00e9cret (non encore paru \u00e0 ce jour).<\/p>\n<h2> TVA et facturation \u00e9lectronique : un rapport de l\u2019administration fiscale<\/h2>\n<p>A la suite d\u2019une \u00e9tude de faisabilit\u00e9, d\u2019une exp\u00e9rimentation men\u00e9e sur le 1er semestre 2020 et d\u2019une large consultation d\u2019usagers professionnels (entreprises et leurs repr\u00e9sentants), de professionnels du droit, d\u2019experts-comptables, d\u2019\u00e9diteurs de logiciels et d\u2019offreurs de solutions de facturation \u00e9lectronique, r\u00e9alis\u00e9e entre janvier 2020 et septembre 2020, la direction g\u00e9n\u00e9rale des finances publiques (DGFIP) vient de publier un rapport sur ce dispositif de facturation \u00e9lectronique.<\/p>\n<p>Dans ce rapport, elle estime que le dispositif de facturation \u00e9lectronique :<\/p>\n<ul>\n<li>devrait s\u2019appliquer \u00e0 toutes les entreprises sans exception, ni condition de seuil ;<\/li>\n<li>ne pourra pas s\u2019\u00e9tendre, au niveau fran\u00e7ais :<\/li>\n<\/ul>\n<ul>\n<li>\u25cb au-del\u00e0 des transactions domestiques : les \u00e9changes intracommunautaires et les exportations ne seraient donc pas concern\u00e9s ;<\/li>\n<li>\u25cb aux transactions vers les particuliers (B2C) ;<\/li>\n<\/ul>\n<ul>\n<li>devrait s\u2019appliquer uniquement entre assujettis \u00e0 la TVA.<\/li>\n<\/ul>\n<p>Certaines entreprises dispens\u00e9es de facturation parce qu\u2019elles r\u00e9alisent des op\u00e9rations exon\u00e9r\u00e9es de TVA ne devraient pas \u00eatre concern\u00e9es par le dispositif de facturation \u00e9lectronique (secteur m\u00e9dical, enseignement, etc.).<\/p>\n<p>Les mentions \u00e0 faire figurer obligatoirement dans ces factures seront les suivantes :<\/p>\n<ul>\n<li>identifiant ;<\/li>\n<li>identification du fournisseur du bien ou de la prestation de service (num\u00e9ro d\u2019identification, d\u00e9nomination, adresse) ;<\/li>\n<li>identification du client (num\u00e9ro d\u2019identification, d\u00e9nomination, adresse) ;<\/li>\n<li>date d\u2019\u00e9mission et num\u00e9ro s\u00e9quentiel de la facture ;<\/li>\n<li>bien ou prestation r\u00e9alis\u00e9e (nature, quantit\u00e9, prix unitaire, date de livraison ou de r\u00e9alisation) ;<\/li>\n<li>adresse de livraison du bien ou de r\u00e9alisation de la prestation de services ;<\/li>\n<li>num\u00e9ro de la facture rectifi\u00e9e si rectificative ;<\/li>\n<li>date du paiement ;<\/li>\n<li>informations relatives \u00e0 la taxe.<\/li>\n<\/ul>\n<p>Ces donn\u00e9es devront obligatoirement \u00eatre transmises de fa\u00e7on structur\u00e9e \u00e0 l\u2019administration fiscale.<\/p>\n<p>Sch\u00e9matiquement, l\u2019administration envisage de faire transiter les factures \u00e9lectroniques via des plateformes priv\u00e9es certifi\u00e9es, qui viendront extraire les donn\u00e9es qui lui sont destin\u00e9es, et qui les lui transmettront via une plateforme publique, elle-m\u00eame connect\u00e9e au syst\u00e8me d\u2019information de la DGFIP.<\/p>\n<p>La plateforme publique devrait \u00e9galement proposer des prestations de service d\u2019envoi\/r\u00e9ception de facture profitant directement aux entreprises.<\/p>\n<p>La plateforme \u00e9tatique Chorus Pro, qui sert actuellement pour le traitement des factures \u00e9lectroniques relatives aux march\u00e9s publics, pourrait faire l\u2019objet d\u2019adaptations afin de pouvoir \u00eatre utilis\u00e9e dans le cadre de ce nouveau dispositif de facturation \u00e9lectronique.<\/p>\n<p>Notez que le d\u00e9ploiement de cette r\u00e9forme devrait se faire de mani\u00e8re progressive : d\u2019abord une obligation, pour toutes les entreprises, d\u00e8s 2023, de recevoir des factures \u00e9lectroniques, puis une obligation d\u2019\u00e9mettre ce type de factures :<\/p>\n<ul>\n<li>en 2023 pour les grandes entreprises ;<\/li>\n<li>en 2024 pour les entreprises de taille interm\u00e9diaire (ETI) ;<\/li>\n<li>en 2025 pour les PME et les TPE.<\/li>\n<\/ul>\n<ul>\n<li><strong> Un syst\u00e8me compl\u00e9mentaire de transmission \u00e9lectronique des donn\u00e9es \u00e0 l\u2019administration<\/strong><\/li>\n<\/ul>\n<p>Pour renforcer son efficience, le syst\u00e8me de facturation \u00e9lectronique devrait \u00eatre coupl\u00e9 \u00e0 un syst\u00e8me de transmission \u00e9lectronique de donn\u00e9es \u00e0 l\u2019administration.<\/p>\n<p>Ce syst\u00e8me de transmission devrait s\u2019appliquer :<\/p>\n<ul>\n<li>aux donn\u00e9es de paiement : elles pourraient \u00eatre transmises par un flux retour \u00e9mis par l\u2019acheteur suite \u00e0 la r\u00e9ception de la facture \u00e9lectronique ;<\/li>\n<li>aux donn\u00e9es de transactions B2C, c\u2019est-\u00e0-dire de transactions avec les particuliers : les donn\u00e9es collect\u00e9es concerneront, par transaction, la date, le montant HT, le taux de TVA et le montant de la TVA due. Elles ne comporteront pas l\u2019indication nominative du consommateur (seulement un num\u00e9ro de client, lorsqu\u2019il est attribu\u00e9 par l\u2019entreprise \u2013 notamment de commerce en ligne \u2013 pour l\u2019identification d\u2019achats r\u00e9p\u00e9t\u00e9s) ;<\/li>\n<li>aux donn\u00e9es sur les ventes non domestiques (intracommunautaires et exportations) : les donn\u00e9es transmises d\u00e9pendront des outils informatiques en possession de l\u2019entreprise :<\/li>\n<\/ul>\n<ul>\n<li>\u25cb si la soci\u00e9t\u00e9 poss\u00e8de un logiciel de facturation et \u00e9met des factures m\u00eame pour ses transactions en B2C ou non domestiques : la facture sera d\u00e9pos\u00e9e sur la plateforme de l\u2019administration sans toutefois faire l\u2019objet d\u2019une transmission \u00e9lectronique au client qui ne peut la recevoir ; l\u2019information est transmise au fil de l\u2019eau du d\u00e9p\u00f4t des factures ;<\/li>\n<li>\u25cb si la soci\u00e9t\u00e9 poss\u00e8de un logiciel de caisse : le r\u00e9capitulatif journalier des ventes (ticket Z) serait d\u00e9pos\u00e9 sur la plateforme de l\u2019administration ; une remont\u00e9e journali\u00e8re peut \u00eatre envisag\u00e9e dans un d\u00e9lai de 12 jours \u00e0 compter de la journ\u00e9e de transaction ;<\/li>\n<li>\u25cb si la soci\u00e9t\u00e9 poss\u00e8de un logiciel comptable : il est envisageable de transmettre \u00e0 l\u2019administration l\u2019\u00e9tat r\u00e9capitulatif qui retrace les transactions de la p\u00e9riode et permet d\u2019\u00e9tablir p\u00e9riodiquement la d\u00e9claration de TVA ;<\/li>\n<li>\u25cb si la soci\u00e9t\u00e9 ne poss\u00e8de ni logiciel de facturation, ni logiciel de caisse, ni logiciel comptable : il se peut pour autant qu\u2019elle ait un cabinet comptable qui pourra se charger de transmettre les donn\u00e9es des transactions via son logiciel \u00e0 l\u2019administration ;<\/li>\n<li>\u25cb l\u2019absence de comptable ne constitue pas un obstacle \u00e0 la transmission des donn\u00e9es : dans ce cas, la soci\u00e9t\u00e9 pourrait saisir directement sur une plateforme d\u00e9di\u00e9e, les donn\u00e9es des transactions r\u00e9alis\u00e9es ; une saisie hebdomadaire ou mensuelle pourrait \u00eatre envisag\u00e9e.<\/li>\n<\/ul>\n<p><span style=\"text-decoration: underline;\">Source :<\/span><\/p>\n<ul>\n<li><a href=\"https:\/\/minefi.hosting.augure.com\/Augure_Minefi\/r\/ContenuEnLigne\/Download?id=FE5BCAE8-943B-4DD9-8A64-314DB883FF6D&amp;filename=370%20-%20Rapport%20de%20la%20Direction%20g%C3%A9n%C3%A9rale%20des%20Finances%20publiques%20-%20La%20TVA%20%C3%A0%20l%27%C3%A8re%20du%20digital%20en%20France.pdf\" target=\"_blank\" rel=\"noopener\">Dossier de presse du Minist\u00e8re de l\u2019\u00e9conomie, des finances et de la relance du 9 novembre 2020, n\u00b0370<\/a><\/li>\n<li><a href=\"https:\/\/www.legifrance.gouv.fr\/jorf\/id\/JORFTEXT000039683923\/\" target=\"_blank\" rel=\"noopener\">Loi de Finances pour 2020 du 28 d\u00e9cembre 2019, n\u00b02019-1479 <\/a>(article 153)<\/li>\n<\/ul>\n<p><a title=\"TVA et facturation \u00e9lectronique : \u00e0 quoi faut-il s\u2019attendre ? \" href=\"https:\/\/www.weblex.fr\/weblex-actualite\/tva-et-facturation-electronique-a-quoi-faut-il-sattendre\" rel=\"nofollow noopener\" target=\"_blank\">TVA et facturation \u00e9lectronique : \u00e0 quoi faut-il s\u2019attendre ? <\/a>\u00a9 Copyright WebLex &#8211; 2020<\/p>\n<\/div>\n<p><img src='https:\/\/www.weblex.fr\/images\/flux_actus\/efacture.jpg'><\/p>\n","protected":false},"excerpt":{"rendered":"<p>La Direction g\u00e9n\u00e9rale des finances publiques (DGFIP) vient de publier un rapport sur le dispositif de facturation \u00e9lectronique qui devrait s\u2019appliquer au plus t\u00f4t \u00e0 partir du 1er janvier 2023 et au plus tard \u00e0 compter du 1er janvier 2025. Que faut-il en retenir ?<\/p>\n","protected":false},"author":0,"featured_media":3227,"comment_status":"open","ping_status":"closed","sticky":false,"template":"","format":"standard","meta":{"_acf_changed":false,"footnotes":""},"categories":[11,7],"tags":[],"class_list":["post-1151","post","type-post","status-publish","format-standard","has-post-thumbnail","hentry","category-actu-fiscale","category-actualites"],"acf":[],"yoast_head":"<!-- This site is optimized with the Yoast SEO plugin v27.2 - https:\/\/yoast.com\/product\/yoast-seo-wordpress\/ -->\n<title>TVA et facturation \u00e9lectronique : \u00e0 quoi faut-il s\u2019attendre ? - Cabinet Magar<\/title>\n<meta name=\"robots\" content=\"index, follow, max-snippet:-1, max-image-preview:large, max-video-preview:-1\" \/>\n<link rel=\"canonical\" href=\"https:\/\/www.cabinet-magar.fr\/de\/actualites\/tva-et-facturation-electronique-a-quoi-faut-il-sattendre\/\" \/>\n<meta property=\"og:locale\" content=\"de_DE\" \/>\n<meta property=\"og:type\" content=\"article\" \/>\n<meta property=\"og:title\" content=\"TVA et facturation \u00e9lectronique : \u00e0 quoi faut-il s\u2019attendre ? - Cabinet Magar\" \/>\n<meta property=\"og:description\" content=\"La Direction g\u00e9n\u00e9rale des finances publiques (DGFIP) vient de publier un rapport sur le dispositif de facturation \u00e9lectronique qui devrait s\u2019appliquer au plus t\u00f4t \u00e0 partir du 1er janvier 2023 et au plus tard \u00e0 compter du 1er janvier 2025. Que faut-il en retenir ?\" \/>\n<meta property=\"og:url\" content=\"https:\/\/www.cabinet-magar.fr\/de\/actualites\/tva-et-facturation-electronique-a-quoi-faut-il-sattendre\/\" \/>\n<meta property=\"og:site_name\" content=\"Cabinet Magar\" \/>\n<meta property=\"article:published_time\" content=\"2020-11-18T05:45:00+00:00\" \/>\n<meta property=\"article:modified_time\" content=\"2021-05-06T01:00:50+00:00\" \/>\n<meta property=\"og:image\" content=\"https:\/\/www.cabinet-magar.fr\/wp-content\/uploads\/2021\/03\/efacture.jpg\" \/>\n\t<meta property=\"og:image:width\" content=\"600\" \/>\n\t<meta property=\"og:image:height\" content=\"400\" \/>\n\t<meta property=\"og:image:type\" content=\"image\/jpeg\" \/>\n<meta name=\"twitter:card\" content=\"summary_large_image\" \/>\n<meta name=\"twitter:label1\" content=\"Gesch\u00e4tzte Lesezeit\" \/>\n\t<meta name=\"twitter:data1\" content=\"6\u00a0Minuten\" \/>\n<script type=\"application\/ld+json\" class=\"yoast-schema-graph\">{\"@context\":\"https:\/\/schema.org\",\"@graph\":[{\"@type\":\"Article\",\"@id\":\"https:\/\/www.cabinet-magar.fr\/de\/actualites\/tva-et-facturation-electronique-a-quoi-faut-il-sattendre\/#article\",\"isPartOf\":{\"@id\":\"https:\/\/www.cabinet-magar.fr\/de\/actualites\/tva-et-facturation-electronique-a-quoi-faut-il-sattendre\/\"},\"author\":{\"name\":\"\",\"@id\":\"\"},\"headline\":\"TVA et facturation \u00e9lectronique : \u00e0 quoi faut-il s\u2019attendre ?\",\"datePublished\":\"2020-11-18T05:45:00+00:00\",\"dateModified\":\"2021-05-06T01:00:50+00:00\",\"mainEntityOfPage\":{\"@id\":\"https:\/\/www.cabinet-magar.fr\/de\/actualites\/tva-et-facturation-electronique-a-quoi-faut-il-sattendre\/\"},\"wordCount\":1113,\"commentCount\":0,\"image\":{\"@id\":\"https:\/\/www.cabinet-magar.fr\/de\/actualites\/tva-et-facturation-electronique-a-quoi-faut-il-sattendre\/#primaryimage\"},\"thumbnailUrl\":\"https:\/\/www.cabinet-magar.fr\/wp-content\/uploads\/2021\/03\/efacture.jpg\",\"articleSection\":[\"Actu Fiscale\",\"Actualit\u00e9s\"],\"inLanguage\":\"de\",\"potentialAction\":[{\"@type\":\"CommentAction\",\"name\":\"Comment\",\"target\":[\"https:\/\/www.cabinet-magar.fr\/de\/actualites\/tva-et-facturation-electronique-a-quoi-faut-il-sattendre\/#respond\"]}]},{\"@type\":\"WebPage\",\"@id\":\"https:\/\/www.cabinet-magar.fr\/de\/actualites\/tva-et-facturation-electronique-a-quoi-faut-il-sattendre\/\",\"url\":\"https:\/\/www.cabinet-magar.fr\/de\/actualites\/tva-et-facturation-electronique-a-quoi-faut-il-sattendre\/\",\"name\":\"TVA et facturation \u00e9lectronique : \u00e0 quoi faut-il s\u2019attendre ? - Cabinet Magar\",\"isPartOf\":{\"@id\":\"https:\/\/www.cabinet-magar.fr\/#website\"},\"primaryImageOfPage\":{\"@id\":\"https:\/\/www.cabinet-magar.fr\/de\/actualites\/tva-et-facturation-electronique-a-quoi-faut-il-sattendre\/#primaryimage\"},\"image\":{\"@id\":\"https:\/\/www.cabinet-magar.fr\/de\/actualites\/tva-et-facturation-electronique-a-quoi-faut-il-sattendre\/#primaryimage\"},\"thumbnailUrl\":\"https:\/\/www.cabinet-magar.fr\/wp-content\/uploads\/2021\/03\/efacture.jpg\",\"datePublished\":\"2020-11-18T05:45:00+00:00\",\"dateModified\":\"2021-05-06T01:00:50+00:00\",\"author\":{\"@id\":\"\"},\"breadcrumb\":{\"@id\":\"https:\/\/www.cabinet-magar.fr\/de\/actualites\/tva-et-facturation-electronique-a-quoi-faut-il-sattendre\/#breadcrumb\"},\"inLanguage\":\"de\",\"potentialAction\":[{\"@type\":\"ReadAction\",\"target\":[\"https:\/\/www.cabinet-magar.fr\/de\/actualites\/tva-et-facturation-electronique-a-quoi-faut-il-sattendre\/\"]}]},{\"@type\":\"ImageObject\",\"inLanguage\":\"de\",\"@id\":\"https:\/\/www.cabinet-magar.fr\/de\/actualites\/tva-et-facturation-electronique-a-quoi-faut-il-sattendre\/#primaryimage\",\"url\":\"https:\/\/www.cabinet-magar.fr\/wp-content\/uploads\/2021\/03\/efacture.jpg\",\"contentUrl\":\"https:\/\/www.cabinet-magar.fr\/wp-content\/uploads\/2021\/03\/efacture.jpg\",\"width\":600,\"height\":400},{\"@type\":\"BreadcrumbList\",\"@id\":\"https:\/\/www.cabinet-magar.fr\/de\/actualites\/tva-et-facturation-electronique-a-quoi-faut-il-sattendre\/#breadcrumb\",\"itemListElement\":[{\"@type\":\"ListItem\",\"position\":1,\"name\":\"Accueil\",\"item\":\"https:\/\/www.cabinet-magar.fr\/de\/\"},{\"@type\":\"ListItem\",\"position\":2,\"name\":\"TVA et facturation \u00e9lectronique : \u00e0 quoi faut-il s\u2019attendre ?\"}]},{\"@type\":\"WebSite\",\"@id\":\"https:\/\/www.cabinet-magar.fr\/#website\",\"url\":\"https:\/\/www.cabinet-magar.fr\/\",\"name\":\"Cabinet Magar\",\"description\":\"\",\"potentialAction\":[{\"@type\":\"SearchAction\",\"target\":{\"@type\":\"EntryPoint\",\"urlTemplate\":\"https:\/\/www.cabinet-magar.fr\/?s={search_term_string}\"},\"query-input\":{\"@type\":\"PropertyValueSpecification\",\"valueRequired\":true,\"valueName\":\"search_term_string\"}}],\"inLanguage\":\"de\"}]}<\/script>\n<!-- \/ Yoast SEO plugin. -->","yoast_head_json":{"title":"TVA et facturation \u00e9lectronique : \u00e0 quoi faut-il s\u2019attendre ? - Cabinet Magar","robots":{"index":"index","follow":"follow","max-snippet":"max-snippet:-1","max-image-preview":"max-image-preview:large","max-video-preview":"max-video-preview:-1"},"canonical":"https:\/\/www.cabinet-magar.fr\/de\/actualites\/tva-et-facturation-electronique-a-quoi-faut-il-sattendre\/","og_locale":"de_DE","og_type":"article","og_title":"TVA et facturation \u00e9lectronique : \u00e0 quoi faut-il s\u2019attendre ? - Cabinet Magar","og_description":"La Direction g\u00e9n\u00e9rale des finances publiques (DGFIP) vient de publier un rapport sur le dispositif de facturation \u00e9lectronique qui devrait s\u2019appliquer au plus t\u00f4t \u00e0 partir du 1er janvier 2023 et au plus tard \u00e0 compter du 1er janvier 2025. Que faut-il en retenir ?","og_url":"https:\/\/www.cabinet-magar.fr\/de\/actualites\/tva-et-facturation-electronique-a-quoi-faut-il-sattendre\/","og_site_name":"Cabinet Magar","article_published_time":"2020-11-18T05:45:00+00:00","article_modified_time":"2021-05-06T01:00:50+00:00","og_image":[{"width":600,"height":400,"url":"https:\/\/www.cabinet-magar.fr\/wp-content\/uploads\/2021\/03\/efacture.jpg","type":"image\/jpeg"}],"twitter_card":"summary_large_image","twitter_misc":{"Gesch\u00e4tzte Lesezeit":"6\u00a0Minuten"},"schema":{"@context":"https:\/\/schema.org","@graph":[{"@type":"Article","@id":"https:\/\/www.cabinet-magar.fr\/de\/actualites\/tva-et-facturation-electronique-a-quoi-faut-il-sattendre\/#article","isPartOf":{"@id":"https:\/\/www.cabinet-magar.fr\/de\/actualites\/tva-et-facturation-electronique-a-quoi-faut-il-sattendre\/"},"author":{"name":"","@id":""},"headline":"TVA et facturation \u00e9lectronique : \u00e0 quoi faut-il s\u2019attendre ?","datePublished":"2020-11-18T05:45:00+00:00","dateModified":"2021-05-06T01:00:50+00:00","mainEntityOfPage":{"@id":"https:\/\/www.cabinet-magar.fr\/de\/actualites\/tva-et-facturation-electronique-a-quoi-faut-il-sattendre\/"},"wordCount":1113,"commentCount":0,"image":{"@id":"https:\/\/www.cabinet-magar.fr\/de\/actualites\/tva-et-facturation-electronique-a-quoi-faut-il-sattendre\/#primaryimage"},"thumbnailUrl":"https:\/\/www.cabinet-magar.fr\/wp-content\/uploads\/2021\/03\/efacture.jpg","articleSection":["Actu Fiscale","Actualit\u00e9s"],"inLanguage":"de","potentialAction":[{"@type":"CommentAction","name":"Comment","target":["https:\/\/www.cabinet-magar.fr\/de\/actualites\/tva-et-facturation-electronique-a-quoi-faut-il-sattendre\/#respond"]}]},{"@type":"WebPage","@id":"https:\/\/www.cabinet-magar.fr\/de\/actualites\/tva-et-facturation-electronique-a-quoi-faut-il-sattendre\/","url":"https:\/\/www.cabinet-magar.fr\/de\/actualites\/tva-et-facturation-electronique-a-quoi-faut-il-sattendre\/","name":"TVA et facturation \u00e9lectronique : \u00e0 quoi faut-il s\u2019attendre ? - Cabinet Magar","isPartOf":{"@id":"https:\/\/www.cabinet-magar.fr\/#website"},"primaryImageOfPage":{"@id":"https:\/\/www.cabinet-magar.fr\/de\/actualites\/tva-et-facturation-electronique-a-quoi-faut-il-sattendre\/#primaryimage"},"image":{"@id":"https:\/\/www.cabinet-magar.fr\/de\/actualites\/tva-et-facturation-electronique-a-quoi-faut-il-sattendre\/#primaryimage"},"thumbnailUrl":"https:\/\/www.cabinet-magar.fr\/wp-content\/uploads\/2021\/03\/efacture.jpg","datePublished":"2020-11-18T05:45:00+00:00","dateModified":"2021-05-06T01:00:50+00:00","author":{"@id":""},"breadcrumb":{"@id":"https:\/\/www.cabinet-magar.fr\/de\/actualites\/tva-et-facturation-electronique-a-quoi-faut-il-sattendre\/#breadcrumb"},"inLanguage":"de","potentialAction":[{"@type":"ReadAction","target":["https:\/\/www.cabinet-magar.fr\/de\/actualites\/tva-et-facturation-electronique-a-quoi-faut-il-sattendre\/"]}]},{"@type":"ImageObject","inLanguage":"de","@id":"https:\/\/www.cabinet-magar.fr\/de\/actualites\/tva-et-facturation-electronique-a-quoi-faut-il-sattendre\/#primaryimage","url":"https:\/\/www.cabinet-magar.fr\/wp-content\/uploads\/2021\/03\/efacture.jpg","contentUrl":"https:\/\/www.cabinet-magar.fr\/wp-content\/uploads\/2021\/03\/efacture.jpg","width":600,"height":400},{"@type":"BreadcrumbList","@id":"https:\/\/www.cabinet-magar.fr\/de\/actualites\/tva-et-facturation-electronique-a-quoi-faut-il-sattendre\/#breadcrumb","itemListElement":[{"@type":"ListItem","position":1,"name":"Accueil","item":"https:\/\/www.cabinet-magar.fr\/de\/"},{"@type":"ListItem","position":2,"name":"TVA et facturation \u00e9lectronique : \u00e0 quoi faut-il s\u2019attendre ?"}]},{"@type":"WebSite","@id":"https:\/\/www.cabinet-magar.fr\/#website","url":"https:\/\/www.cabinet-magar.fr\/","name":"Cabinet Magar","description":"","potentialAction":[{"@type":"SearchAction","target":{"@type":"EntryPoint","urlTemplate":"https:\/\/www.cabinet-magar.fr\/?s={search_term_string}"},"query-input":{"@type":"PropertyValueSpecification","valueRequired":true,"valueName":"search_term_string"}}],"inLanguage":"de"}]}},"_links":{"self":[{"href":"https:\/\/www.cabinet-magar.fr\/de\/wp-json\/wp\/v2\/posts\/1151","targetHints":{"allow":["GET"]}}],"collection":[{"href":"https:\/\/www.cabinet-magar.fr\/de\/wp-json\/wp\/v2\/posts"}],"about":[{"href":"https:\/\/www.cabinet-magar.fr\/de\/wp-json\/wp\/v2\/types\/post"}],"replies":[{"embeddable":true,"href":"https:\/\/www.cabinet-magar.fr\/de\/wp-json\/wp\/v2\/comments?post=1151"}],"version-history":[{"count":1,"href":"https:\/\/www.cabinet-magar.fr\/de\/wp-json\/wp\/v2\/posts\/1151\/revisions"}],"predecessor-version":[{"id":4696,"href":"https:\/\/www.cabinet-magar.fr\/de\/wp-json\/wp\/v2\/posts\/1151\/revisions\/4696"}],"wp:featuredmedia":[{"embeddable":true,"href":"https:\/\/www.cabinet-magar.fr\/de\/wp-json\/wp\/v2\/media\/3227"}],"wp:attachment":[{"href":"https:\/\/www.cabinet-magar.fr\/de\/wp-json\/wp\/v2\/media?parent=1151"}],"wp:term":[{"taxonomy":"category","embeddable":true,"href":"https:\/\/www.cabinet-magar.fr\/de\/wp-json\/wp\/v2\/categories?post=1151"},{"taxonomy":"post_tag","embeddable":true,"href":"https:\/\/www.cabinet-magar.fr\/de\/wp-json\/wp\/v2\/tags?post=1151"}],"curies":[{"name":"wp","href":"https:\/\/api.w.org\/{rel}","templated":true}]}}