{"id":1150,"date":"2020-11-19T05:45:00","date_gmt":"2020-11-19T04:45:00","guid":{"rendered":"https:\/\/www.cabinet-magar.fr\/coronavirus-covid-19-et-reconfinement-un-point-sur-la-justice-administrative\/"},"modified":"2021-05-06T03:00:45","modified_gmt":"2021-05-06T01:00:45","slug":"coronavirus-covid-19-et-reconfinement-un-point-sur-la-justice-administrative","status":"publish","type":"post","link":"https:\/\/www.cabinet-magar.fr\/de\/actualites\/coronavirus-covid-19-et-reconfinement-un-point-sur-la-justice-administrative\/","title":{"rendered":"Coronavirus (COVID-19) et reconfinement : un point sur la justice administrative"},"content":{"rendered":"<p >Pour permettre la continuit\u00e9 de l\u2019activit\u00e9 des juridictions administratives en cette p\u00e9riode de reconfinement, les r\u00e8gles de proc\u00e9dure administratives sont adapt\u00e9es. Revue de d\u00e9tails\u2026<\/p>\n<div>\n<h2>Coronavirus (COVID-19) : am\u00e9nagement des r\u00e8gles de fonctionnement<\/h2>\n<ul>\n<li><strong> Concernant les moyens de t\u00e9l\u00e9communication <\/strong><\/li>\n<\/ul>\n<p>Les audiences des juridictions administratives peuvent se tenir \u00ab \u00e0 distance \u00bb, en utilisant un moyen de t\u00e9l\u00e9communication audiovisuelle permettant de s\u2019assurer de l\u2019identit\u00e9 des parties, garantissant la qualit\u00e9 de la transmission et assurant la confidentialit\u00e9 des \u00e9changes entre les parties et leurs avocats. Cette d\u00e9cision n\u2019est pas susceptible de recours.<\/p>\n<p>En cas de difficult\u00e9s techniques, le juge peut d\u00e9cider d\u2019entendre les parties et leurs avocats par tout moyen de communication \u00e9lectronique (m\u00eame t\u00e9l\u00e9phonique) permettant de s\u2019assurer de leur identit\u00e9 et de garantir la qualit\u00e9 de la transmission et la confidentialit\u00e9 des \u00e9changes.<\/p>\n<p>Lorsqu&#8217;une partie est assist\u00e9e d&#8217;un conseil ou d&#8217;un interpr\u00e8te, ce dernier peut ne pas \u00eatre physiquement pr\u00e9sent aupr\u00e8s d&#8217;elle.<\/p>\n<p>Dans ces 2 situations, les membres de la juridiction peuvent participer \u00e0 l&#8217;audience depuis un lieu distinct de la salle d&#8217;audience en utilisant un moyen de t\u00e9l\u00e9communication audiovisuelle permettant de s&#8217;assurer de leur identit\u00e9 et garantissant la qualit\u00e9 de la transmission.<\/p>\n<p>Le juge peut tenir lui-m\u00eame ou autoriser un magistrat statuant seul \u00e0 tenir l&#8217;audience par un moyen de t\u00e9l\u00e9communication audiovisuelle, depuis un lieu distinct de la salle d&#8217;audience.<\/p>\n<ul>\n<li><strong> Concernant le r\u00f4le du juge<\/strong><\/li>\n<\/ul>\n<p>Dans tous les cas, le juge pr\u00e9sent dans la salle d&#8217;audience, organise et conduit la proc\u00e9dure.<\/p>\n<p>Il veille au bon d\u00e9roulement des \u00e9changes entre les parties et veille au respect des droits de la d\u00e9fense et au caract\u00e8re contradictoire des d\u00e9bats. Il s&#8217;assure \u00e9galement, s\u2019il y a lieu, de la qualit\u00e9 de la retransmission dans la salle d&#8217;audience des conclusions du rapporteur public ainsi que des prises de parole des parties ou de leurs avocats<\/p>\n<p>Enfin, les moyens de t\u00e9l\u00e9communication utilis\u00e9s par les membres de la formation de jugement doivent obligatoirement garantir le secret du d\u00e9lib\u00e9r\u00e9.<\/p>\n<p>Le r\u00f4le des audiences peut en outre \u00eatre publi\u00e9 sur le site Internet de la juridiction.<\/p>\n<ul>\n<li><strong>Concernant la possibilit\u00e9 de statuer sans audience <\/strong><\/li>\n<\/ul>\n<p>S\u2019agissant des proc\u00e9dures en r\u00e9f\u00e9r\u00e9 (c\u2019est-\u00e0-dire en urgence), le juge peut statuer sans tenir d\u2019audience, par simple d\u00e9cision \u00e9crite et motiv\u00e9e (une ordonnance). Il doit alors informer les parties de l\u2019absence d\u2019audience et fixer la date \u00e0 partir de laquelle l\u2019instruction sera close.<\/p>\n<p>Retenez que malgr\u00e9 l\u2019absence d\u2019audience \u00ab physique \u00bb, la d\u00e9cision du juge sera susceptible d\u2019appel.<\/p>\n<ul>\n<li><strong> Concernant les recours \u00ab DALO \u00bb<\/strong><\/li>\n<\/ul>\n<p>Pour m\u00e9moire, le recours \u00ab DALO injonction \u00bb est une proc\u00e9dure qui permet \u00e0 une personne, reconnue prioritaire dans le cadre du droit au logement opposable, et qui ne s\u2019est pas vu proposer de logement, de saisir un juge afin que ce dernier ordonne au Pr\u00e9fet de proc\u00e9der \u00e0 son logement ou relogement.<\/p>\n<p>Les r\u00e8gles applicables \u00e0 ce type de recours sont d\u00e9sormais am\u00e9nag\u00e9es. Ainsi, en l\u2019absence de difficult\u00e9 s\u00e9rieuse, le juge pourra statuer au terme d\u2019une simple ordonnance, sans qu\u2019il soit besoin d\u2019organiser une audience.<\/p>\n<ul>\n<li><strong> Concernant la communication des pi\u00e8ces<\/strong><\/li>\n<\/ul>\n<p>La communication des pi\u00e8ces, actes et avis aux parties peut \u00eatre effectu\u00e9e par tout moyen.<\/p>\n<ul>\n<li><strong>Concernant les juges autoris\u00e9s \u00e0 statuer par ordonnance<\/strong><\/li>\n<\/ul>\n<p>Les magistrats ayant le grade de conseiller et une anciennet\u00e9 minimale de 2 ans peuvent \u00eatre d\u00e9sign\u00e9s par le pr\u00e9sident de leur juridiction pour statuer par ordonnance.<\/p>\n<ul>\n<li><strong>Concernant les demandes de sursis \u00e0 ex\u00e9cution<\/strong><\/li>\n<\/ul>\n<p>Pour les proc\u00e9dures tendant \u00e0 obtenir un sursis \u00e0 ex\u00e9cution dans le cadre d\u2019une proc\u00e9dure d\u2019appel, le juge peut rendre sa d\u00e9cision sans audience publique.<\/p>\n<ul>\n<li><strong>Concernant la signature de la \u00ab minute \u00bb de la d\u00e9cision<\/strong><\/li>\n<\/ul>\n<p>Par exception, il est \u00e9galement pr\u00e9vu que la \u00ab minute \u00bb (c\u2019est-\u00e0-dire l\u2019acte original) de la d\u00e9cision de justice peut \u00eatre sign\u00e9e uniquement par le pr\u00e9sident de la formation de jugement.<\/p>\n<ul>\n<li><strong>Concernant la notification du jugement<\/strong><\/li>\n<\/ul>\n<p>Si les parties sont repr\u00e9sent\u00e9es par un avocat, le jugement est consid\u00e9r\u00e9 comme valablement notifi\u00e9 aux parties suite \u00e0 l\u2019exp\u00e9dition de la d\u00e9cision \u00e0 leur mandataire.<\/p>\n<p>Si une partie n\u2019est pas repr\u00e9sent\u00e9e par un avocat, et si elle n\u2019utilise pas l\u2019application informatique d\u00e9di\u00e9e de la juridiction, ni le t\u00e9l\u00e9service, la notification de la d\u00e9cision pourra \u00eatre r\u00e9alis\u00e9e par tout moyen de nature \u00e0 en attester la date de r\u00e9ception.<\/p>\n<ul>\n<li><strong>Concernant les \u00e9trangers plac\u00e9s en centre de r\u00e9tention administrative<\/strong><\/li>\n<\/ul>\n<p>Habituellement, lorsque l\u2019\u00e9tranger concern\u00e9 par une mesure d\u2019\u00e9loignement du territoire est retenu le jour de l\u2019audience (parce que plac\u00e9 en centre de r\u00e9tention, par exemple), le juge rend sa d\u00e9cision au cours de cette audience.<\/p>\n<p>Pour la p\u00e9riode comprise entre le 20 novembre et l\u2019expiration de l\u2019\u00e9tat d\u2019urgence sanitaire (fix\u00e9 au 16 f\u00e9vrier 2021 inclus pour le moment), les jugements relatifs aux mesures d\u2019\u00e9loignement prises \u00e0 l\u2019encontre des \u00e9trangers plac\u00e9s en centre de r\u00e9tention ne seront pas prononc\u00e9s au cours de l\u2019audience.<\/p>\n<p>Le jugement doit alors \u00eatre notifi\u00e9 dans les meilleurs d\u00e9lais.<\/p>\n<p>L\u2019ensemble de ces dispositions s\u2019appliquent \u00e0 compter du 20 novembre 2020 et jusqu\u2019\u00e0 la cessation de l\u2019\u00e9tat d\u2019urgence sanitaire, et sont applicables aux \u00eeles Wallis et Futuna.<\/p>\n<p><span style=\"text-decoration: underline;\">Source :<\/span><\/p>\n<ul>\n<li>Rapport au Pr\u00e9sident de la R\u00e9publique relatif \u00e0 l&#8217;ordonnance n\u00b0 2020-1402 du 18 novembre 2020 portant adaptation des r\u00e8gles applicables aux juridictions de l&#8217;ordre administratif<\/li>\n<li>Ordonnance n\u00b0 2020-1402 du 18 novembre 2020 portant adaptation des r\u00e8gles applicables aux juridictions de l&#8217;ordre administratif<\/li>\n<li>D\u00e9cret n\u00b0 2020-1406 du 18 novembre 2020 portant adaptation des r\u00e8gles applicables devant les juridictions de l&#8217;ordre administratif<\/li>\n<\/ul>\n<p><a href=\"https:\/\/www.weblex.fr\/weblex-actualite\/coronavirus-covid-19-et-reconfinement-un-point-sur-la-justice-administrative\" rel=\"nofollow noopener\" target=\"_blank\">Coronavirus (COVID-19) et reconfinement : un point sur la justice administrative <\/a>\u00a9 Copyright WebLex &#8211; 2020<\/p>\n<\/div>\n<\/div>\n<p><img src='https:\/\/www.weblex.fr\/images\/flux_actus\/justice2.jpg'><\/p>\n","protected":false},"excerpt":{"rendered":"<p>Pour permettre la continuit\u00e9 de l\u2019activit\u00e9 des juridictions administratives en cette p\u00e9riode de reconfinement, les r\u00e8gles de proc\u00e9dure administratives sont adapt\u00e9es. Revue de d\u00e9tails\u2026<\/p>\n","protected":false},"author":0,"featured_media":4695,"comment_status":"open","ping_status":"closed","sticky":false,"template":"","format":"standard","meta":{"_acf_changed":false,"footnotes":""},"categories":[9,7],"tags":[],"class_list":["post-1150","post","type-post","status-publish","format-standard","has-post-thumbnail","hentry","category-actu-juridique","category-actualites"],"acf":[],"yoast_head":"<!-- This site is optimized with the Yoast SEO plugin v27.2 - https:\/\/yoast.com\/product\/yoast-seo-wordpress\/ -->\n<title>Coronavirus (COVID-19) et reconfinement : un point sur la justice administrative - Cabinet Magar<\/title>\n<meta name=\"robots\" content=\"index, follow, max-snippet:-1, max-image-preview:large, max-video-preview:-1\" \/>\n<link rel=\"canonical\" href=\"https:\/\/www.cabinet-magar.fr\/actualites\/coronavirus-covid-19-et-reconfinement-un-point-sur-la-justice-administrative\/\" \/>\n<meta property=\"og:locale\" content=\"de_DE\" \/>\n<meta property=\"og:type\" content=\"article\" \/>\n<meta property=\"og:title\" content=\"Coronavirus (COVID-19) et reconfinement : un point sur la justice administrative - Cabinet Magar\" \/>\n<meta property=\"og:description\" content=\"Pour permettre la continuit\u00e9 de l\u2019activit\u00e9 des juridictions administratives en cette p\u00e9riode de reconfinement, les r\u00e8gles de proc\u00e9dure administratives sont adapt\u00e9es. Revue de d\u00e9tails\u2026\" \/>\n<meta property=\"og:url\" content=\"https:\/\/www.cabinet-magar.fr\/actualites\/coronavirus-covid-19-et-reconfinement-un-point-sur-la-justice-administrative\/\" \/>\n<meta property=\"og:site_name\" content=\"Cabinet Magar\" \/>\n<meta property=\"article:published_time\" content=\"2020-11-19T04:45:00+00:00\" \/>\n<meta property=\"article:modified_time\" content=\"2021-05-06T01:00:45+00:00\" \/>\n<meta property=\"og:image\" content=\"https:\/\/www.cabinet-magar.fr\/wp-content\/uploads\/2021\/05\/justice2.jpg\" \/>\n\t<meta property=\"og:image:width\" content=\"600\" \/>\n\t<meta property=\"og:image:height\" content=\"400\" \/>\n\t<meta property=\"og:image:type\" content=\"image\/jpeg\" \/>\n<meta name=\"twitter:card\" content=\"summary_large_image\" \/>\n<meta name=\"twitter:label1\" content=\"Gesch\u00e4tzte Lesezeit\" \/>\n\t<meta name=\"twitter:data1\" content=\"5\u00a0Minuten\" \/>\n<script type=\"application\/ld+json\" class=\"yoast-schema-graph\">{\"@context\":\"https:\/\/schema.org\",\"@graph\":[{\"@type\":\"Article\",\"@id\":\"https:\/\/www.cabinet-magar.fr\/actualites\/coronavirus-covid-19-et-reconfinement-un-point-sur-la-justice-administrative\/#article\",\"isPartOf\":{\"@id\":\"https:\/\/www.cabinet-magar.fr\/actualites\/coronavirus-covid-19-et-reconfinement-un-point-sur-la-justice-administrative\/\"},\"author\":{\"name\":\"\",\"@id\":\"\"},\"headline\":\"Coronavirus (COVID-19) et reconfinement : un point sur la justice administrative\",\"datePublished\":\"2020-11-19T04:45:00+00:00\",\"dateModified\":\"2021-05-06T01:00:45+00:00\",\"mainEntityOfPage\":{\"@id\":\"https:\/\/www.cabinet-magar.fr\/actualites\/coronavirus-covid-19-et-reconfinement-un-point-sur-la-justice-administrative\/\"},\"wordCount\":1026,\"commentCount\":0,\"image\":{\"@id\":\"https:\/\/www.cabinet-magar.fr\/actualites\/coronavirus-covid-19-et-reconfinement-un-point-sur-la-justice-administrative\/#primaryimage\"},\"thumbnailUrl\":\"https:\/\/www.cabinet-magar.fr\/wp-content\/uploads\/2021\/05\/justice2.jpg\",\"articleSection\":[\"Actu Juridique\",\"Actualit\u00e9s\"],\"inLanguage\":\"de\",\"potentialAction\":[{\"@type\":\"CommentAction\",\"name\":\"Comment\",\"target\":[\"https:\/\/www.cabinet-magar.fr\/actualites\/coronavirus-covid-19-et-reconfinement-un-point-sur-la-justice-administrative\/#respond\"]}]},{\"@type\":\"WebPage\",\"@id\":\"https:\/\/www.cabinet-magar.fr\/actualites\/coronavirus-covid-19-et-reconfinement-un-point-sur-la-justice-administrative\/\",\"url\":\"https:\/\/www.cabinet-magar.fr\/actualites\/coronavirus-covid-19-et-reconfinement-un-point-sur-la-justice-administrative\/\",\"name\":\"Coronavirus (COVID-19) et reconfinement : un point sur la justice administrative - Cabinet Magar\",\"isPartOf\":{\"@id\":\"https:\/\/www.cabinet-magar.fr\/#website\"},\"primaryImageOfPage\":{\"@id\":\"https:\/\/www.cabinet-magar.fr\/actualites\/coronavirus-covid-19-et-reconfinement-un-point-sur-la-justice-administrative\/#primaryimage\"},\"image\":{\"@id\":\"https:\/\/www.cabinet-magar.fr\/actualites\/coronavirus-covid-19-et-reconfinement-un-point-sur-la-justice-administrative\/#primaryimage\"},\"thumbnailUrl\":\"https:\/\/www.cabinet-magar.fr\/wp-content\/uploads\/2021\/05\/justice2.jpg\",\"datePublished\":\"2020-11-19T04:45:00+00:00\",\"dateModified\":\"2021-05-06T01:00:45+00:00\",\"author\":{\"@id\":\"\"},\"breadcrumb\":{\"@id\":\"https:\/\/www.cabinet-magar.fr\/actualites\/coronavirus-covid-19-et-reconfinement-un-point-sur-la-justice-administrative\/#breadcrumb\"},\"inLanguage\":\"de\",\"potentialAction\":[{\"@type\":\"ReadAction\",\"target\":[\"https:\/\/www.cabinet-magar.fr\/actualites\/coronavirus-covid-19-et-reconfinement-un-point-sur-la-justice-administrative\/\"]}]},{\"@type\":\"ImageObject\",\"inLanguage\":\"de\",\"@id\":\"https:\/\/www.cabinet-magar.fr\/actualites\/coronavirus-covid-19-et-reconfinement-un-point-sur-la-justice-administrative\/#primaryimage\",\"url\":\"https:\/\/www.cabinet-magar.fr\/wp-content\/uploads\/2021\/05\/justice2.jpg\",\"contentUrl\":\"https:\/\/www.cabinet-magar.fr\/wp-content\/uploads\/2021\/05\/justice2.jpg\",\"width\":600,\"height\":400},{\"@type\":\"BreadcrumbList\",\"@id\":\"https:\/\/www.cabinet-magar.fr\/actualites\/coronavirus-covid-19-et-reconfinement-un-point-sur-la-justice-administrative\/#breadcrumb\",\"itemListElement\":[{\"@type\":\"ListItem\",\"position\":1,\"name\":\"Accueil\",\"item\":\"https:\/\/www.cabinet-magar.fr\/de\/\"},{\"@type\":\"ListItem\",\"position\":2,\"name\":\"Coronavirus (COVID-19) et reconfinement : un point sur la justice administrative\"}]},{\"@type\":\"WebSite\",\"@id\":\"https:\/\/www.cabinet-magar.fr\/#website\",\"url\":\"https:\/\/www.cabinet-magar.fr\/\",\"name\":\"Cabinet Magar\",\"description\":\"\",\"potentialAction\":[{\"@type\":\"SearchAction\",\"target\":{\"@type\":\"EntryPoint\",\"urlTemplate\":\"https:\/\/www.cabinet-magar.fr\/?s={search_term_string}\"},\"query-input\":{\"@type\":\"PropertyValueSpecification\",\"valueRequired\":true,\"valueName\":\"search_term_string\"}}],\"inLanguage\":\"de\"}]}<\/script>\n<!-- \/ Yoast SEO plugin. -->","yoast_head_json":{"title":"Coronavirus (COVID-19) et reconfinement : un point sur la justice administrative - Cabinet Magar","robots":{"index":"index","follow":"follow","max-snippet":"max-snippet:-1","max-image-preview":"max-image-preview:large","max-video-preview":"max-video-preview:-1"},"canonical":"https:\/\/www.cabinet-magar.fr\/actualites\/coronavirus-covid-19-et-reconfinement-un-point-sur-la-justice-administrative\/","og_locale":"de_DE","og_type":"article","og_title":"Coronavirus (COVID-19) et reconfinement : un point sur la justice administrative - Cabinet Magar","og_description":"Pour permettre la continuit\u00e9 de l\u2019activit\u00e9 des juridictions administratives en cette p\u00e9riode de reconfinement, les r\u00e8gles de proc\u00e9dure administratives sont adapt\u00e9es. Revue de d\u00e9tails\u2026","og_url":"https:\/\/www.cabinet-magar.fr\/actualites\/coronavirus-covid-19-et-reconfinement-un-point-sur-la-justice-administrative\/","og_site_name":"Cabinet Magar","article_published_time":"2020-11-19T04:45:00+00:00","article_modified_time":"2021-05-06T01:00:45+00:00","og_image":[{"width":600,"height":400,"url":"https:\/\/www.cabinet-magar.fr\/wp-content\/uploads\/2021\/05\/justice2.jpg","type":"image\/jpeg"}],"twitter_card":"summary_large_image","twitter_misc":{"Gesch\u00e4tzte Lesezeit":"5\u00a0Minuten"},"schema":{"@context":"https:\/\/schema.org","@graph":[{"@type":"Article","@id":"https:\/\/www.cabinet-magar.fr\/actualites\/coronavirus-covid-19-et-reconfinement-un-point-sur-la-justice-administrative\/#article","isPartOf":{"@id":"https:\/\/www.cabinet-magar.fr\/actualites\/coronavirus-covid-19-et-reconfinement-un-point-sur-la-justice-administrative\/"},"author":{"name":"","@id":""},"headline":"Coronavirus (COVID-19) et reconfinement : un point sur la justice administrative","datePublished":"2020-11-19T04:45:00+00:00","dateModified":"2021-05-06T01:00:45+00:00","mainEntityOfPage":{"@id":"https:\/\/www.cabinet-magar.fr\/actualites\/coronavirus-covid-19-et-reconfinement-un-point-sur-la-justice-administrative\/"},"wordCount":1026,"commentCount":0,"image":{"@id":"https:\/\/www.cabinet-magar.fr\/actualites\/coronavirus-covid-19-et-reconfinement-un-point-sur-la-justice-administrative\/#primaryimage"},"thumbnailUrl":"https:\/\/www.cabinet-magar.fr\/wp-content\/uploads\/2021\/05\/justice2.jpg","articleSection":["Actu Juridique","Actualit\u00e9s"],"inLanguage":"de","potentialAction":[{"@type":"CommentAction","name":"Comment","target":["https:\/\/www.cabinet-magar.fr\/actualites\/coronavirus-covid-19-et-reconfinement-un-point-sur-la-justice-administrative\/#respond"]}]},{"@type":"WebPage","@id":"https:\/\/www.cabinet-magar.fr\/actualites\/coronavirus-covid-19-et-reconfinement-un-point-sur-la-justice-administrative\/","url":"https:\/\/www.cabinet-magar.fr\/actualites\/coronavirus-covid-19-et-reconfinement-un-point-sur-la-justice-administrative\/","name":"Coronavirus (COVID-19) et reconfinement : un point sur la justice administrative - Cabinet Magar","isPartOf":{"@id":"https:\/\/www.cabinet-magar.fr\/#website"},"primaryImageOfPage":{"@id":"https:\/\/www.cabinet-magar.fr\/actualites\/coronavirus-covid-19-et-reconfinement-un-point-sur-la-justice-administrative\/#primaryimage"},"image":{"@id":"https:\/\/www.cabinet-magar.fr\/actualites\/coronavirus-covid-19-et-reconfinement-un-point-sur-la-justice-administrative\/#primaryimage"},"thumbnailUrl":"https:\/\/www.cabinet-magar.fr\/wp-content\/uploads\/2021\/05\/justice2.jpg","datePublished":"2020-11-19T04:45:00+00:00","dateModified":"2021-05-06T01:00:45+00:00","author":{"@id":""},"breadcrumb":{"@id":"https:\/\/www.cabinet-magar.fr\/actualites\/coronavirus-covid-19-et-reconfinement-un-point-sur-la-justice-administrative\/#breadcrumb"},"inLanguage":"de","potentialAction":[{"@type":"ReadAction","target":["https:\/\/www.cabinet-magar.fr\/actualites\/coronavirus-covid-19-et-reconfinement-un-point-sur-la-justice-administrative\/"]}]},{"@type":"ImageObject","inLanguage":"de","@id":"https:\/\/www.cabinet-magar.fr\/actualites\/coronavirus-covid-19-et-reconfinement-un-point-sur-la-justice-administrative\/#primaryimage","url":"https:\/\/www.cabinet-magar.fr\/wp-content\/uploads\/2021\/05\/justice2.jpg","contentUrl":"https:\/\/www.cabinet-magar.fr\/wp-content\/uploads\/2021\/05\/justice2.jpg","width":600,"height":400},{"@type":"BreadcrumbList","@id":"https:\/\/www.cabinet-magar.fr\/actualites\/coronavirus-covid-19-et-reconfinement-un-point-sur-la-justice-administrative\/#breadcrumb","itemListElement":[{"@type":"ListItem","position":1,"name":"Accueil","item":"https:\/\/www.cabinet-magar.fr\/de\/"},{"@type":"ListItem","position":2,"name":"Coronavirus (COVID-19) et reconfinement : un point sur la justice administrative"}]},{"@type":"WebSite","@id":"https:\/\/www.cabinet-magar.fr\/#website","url":"https:\/\/www.cabinet-magar.fr\/","name":"Cabinet Magar","description":"","potentialAction":[{"@type":"SearchAction","target":{"@type":"EntryPoint","urlTemplate":"https:\/\/www.cabinet-magar.fr\/?s={search_term_string}"},"query-input":{"@type":"PropertyValueSpecification","valueRequired":true,"valueName":"search_term_string"}}],"inLanguage":"de"}]}},"_links":{"self":[{"href":"https:\/\/www.cabinet-magar.fr\/de\/wp-json\/wp\/v2\/posts\/1150","targetHints":{"allow":["GET"]}}],"collection":[{"href":"https:\/\/www.cabinet-magar.fr\/de\/wp-json\/wp\/v2\/posts"}],"about":[{"href":"https:\/\/www.cabinet-magar.fr\/de\/wp-json\/wp\/v2\/types\/post"}],"replies":[{"embeddable":true,"href":"https:\/\/www.cabinet-magar.fr\/de\/wp-json\/wp\/v2\/comments?post=1150"}],"version-history":[{"count":1,"href":"https:\/\/www.cabinet-magar.fr\/de\/wp-json\/wp\/v2\/posts\/1150\/revisions"}],"predecessor-version":[{"id":4694,"href":"https:\/\/www.cabinet-magar.fr\/de\/wp-json\/wp\/v2\/posts\/1150\/revisions\/4694"}],"wp:featuredmedia":[{"embeddable":true,"href":"https:\/\/www.cabinet-magar.fr\/de\/wp-json\/wp\/v2\/media\/4695"}],"wp:attachment":[{"href":"https:\/\/www.cabinet-magar.fr\/de\/wp-json\/wp\/v2\/media?parent=1150"}],"wp:term":[{"taxonomy":"category","embeddable":true,"href":"https:\/\/www.cabinet-magar.fr\/de\/wp-json\/wp\/v2\/categories?post=1150"},{"taxonomy":"post_tag","embeddable":true,"href":"https:\/\/www.cabinet-magar.fr\/de\/wp-json\/wp\/v2\/tags?post=1150"}],"curies":[{"name":"wp","href":"https:\/\/api.w.org\/{rel}","templated":true}]}}