{"id":1148,"date":"2020-11-19T05:45:00","date_gmt":"2020-11-19T04:45:00","guid":{"rendered":"https:\/\/www.cabinet-magar.fr\/coronavirus-covid-19-et-reconfinement-un-point-sur-la-justice-civile\/"},"modified":"2021-05-06T03:00:42","modified_gmt":"2021-05-06T01:00:42","slug":"coronavirus-covid-19-et-reconfinement-un-point-sur-la-justice-civile","status":"publish","type":"post","link":"https:\/\/www.cabinet-magar.fr\/de\/actualites\/coronavirus-covid-19-et-reconfinement-un-point-sur-la-justice-civile\/","title":{"rendered":"Coronavirus (COVID-19) et reconfinement : un point sur la justice civile"},"content":{"rendered":"<p >Pour permettre la continuit\u00e9 de l\u2019activit\u00e9 des juridictions civiles en cette p\u00e9riode de reconfinement, les r\u00e8gles de proc\u00e9dure civile sont adapt\u00e9es. Revue de d\u00e9tails\u2026<\/p>\n<div>\n<h2> Coronavirus (COVID-19) : focus sur les r\u00e8gles de fonctionnement<\/h2>\n<p>Les dispositions qui vont suivre sont applicables aux tribunaux judiciaires statuant en mati\u00e8re civile entre le 20 novembre 2020 et l\u2019expiration d\u2019un d\u00e9lai d\u2019un mois apr\u00e8s la cessation de l\u2019\u00e9tat d\u2019urgence sanitaire (fix\u00e9 au 16 f\u00e9vrier 2021 pour le moment).<\/p>\n<p>Elles s\u2019appliquent aux instances en cours le 20 novembre 2020.<\/p>\n<ul>\n<li><strong> Concernant l\u2019incapacit\u00e9 de fonctionner <\/strong><\/li>\n<\/ul>\n<p>Lorsqu\u2019un tribunal de 1er degr\u00e9 est dans l&#8217;incapacit\u00e9 totale ou partielle de fonctionner, le 1er pr\u00e9sident de la cour d&#8217;appel d\u00e9signe par ordonnance, et apr\u00e8s avoir recueilli l\u2019avis du procureur g\u00e9n\u00e9ral pr\u00e8s cette cour, des chefs de juridiction et des directeurs de greffe des juridictions concern\u00e9es, une autre juridiction de m\u00eame nature et du ressort de la m\u00eame cour pour conna\u00eetre de tout ou partie de l&#8217;activit\u00e9 relevant de la comp\u00e9tence de la juridiction emp\u00each\u00e9e.<\/p>\n<p>L&#8217;ordonnance prise doit d\u00e9terminer :<\/p>\n<ul>\n<li>les activit\u00e9s faisant l&#8217;objet du transfert de comp\u00e9tences ;<\/li>\n<li>la date \u00e0 laquelle ce transfert intervient.<\/li>\n<\/ul>\n<p>Elle est prise pour une dur\u00e9e qui ne peut exc\u00e9der l\u2019expiration d\u2019un d\u00e9lai d\u2019un mois apr\u00e8s la cessation de l\u2019\u00e9tat d\u2019urgence sanitaire.<\/p>\n<p>Cette d\u00e9cision doit faire l\u2019objet d\u2019une publication dans 2 journaux diffus\u00e9s dans le ressort de la cour, mais aussi de toute autre mesure de publicit\u00e9 jug\u00e9e utile.<\/p>\n<p>Elle est \u00e9galement adress\u00e9e aux b\u00e2tonniers des ordres des avocats des ressorts concern\u00e9s ainsi qu\u2019au Conseil national des barreaux pour diffusion.<\/p>\n<p>La juridiction d\u00e9sign\u00e9e par l\u2019ordonnance devient comp\u00e9tente pour les affaires en cours \u00e0 la date d&#8217;entr\u00e9e en vigueur de celle-ci.<\/p>\n<ul>\n<li><strong> Concernant l\u2019acc\u00e8s aux salles d\u2019audience<\/strong><\/li>\n<\/ul>\n<p>Il est d\u00e9sormais pr\u00e9vu que les juges peuvent d\u00e9finir les conditions d\u2019acc\u00e8s aux tribunaux, aux salles d\u2019audience et aux services qui accueillent du public pour s\u2019assurer du respect des r\u00e8gles sanitaires.<\/p>\n<p>Ces conditions d\u2019acc\u00e8s devront \u00eatre rendues publiques, notamment par voie d\u2019affichage.<\/p>\n<p>Avant l\u2019ouverture de l\u2019audience, le juge ou le pr\u00e9sident de la formation de jugement peut d\u00e9cider que les d\u00e9bats se d\u00e9rouleront en publicit\u00e9 restreinte ou, en cas d&#8217;impossibilit\u00e9 de garantir les conditions n\u00e9cessaires \u00e0 la protection de la sant\u00e9 des personnes pr\u00e9sentes \u00e0 l&#8217;audience, \u00ab en chambre du conseil \u00bb (c\u2019est-\u00e0-dire hors de la pr\u00e9sence du public).<\/p>\n<ul>\n<li><strong> Concernant les journalistes <\/strong><\/li>\n<\/ul>\n<p>Les juges doivent \u00e9galement d\u00e9terminer les conditions dans lesquelles des journalistes peuvent assister \u00e0 l&#8217;audience, y compris lorsque les d\u00e9bats se tiennent en chambre du conseil.<\/p>\n<ul>\n<li><strong> Concernant la possibilit\u00e9 de statuer \u00e0 juge unique <\/strong><\/li>\n<\/ul>\n<p>Les juridictions civiles peuvent d\u00e9cider de statuer \u00e0 juge unique, en 1\u00e8re instance et en appel, dans toutes les affaires qui leur sont soumises.<\/p>\n<p>Le juge d\u00e9sign\u00e9 dans ce cadre doit \u00eatre un magistrat du si\u00e8ge, qui n&#8217;est ni magistrat honoraire ni magistrat \u00e0 titre temporaire.<\/p>\n<p>Ces dispositions s\u2019appliquent aux affaires dans lesquelles l\u2019audience de plaidoirie ou la mise en d\u00e9lib\u00e9r\u00e9 de l\u2019affaire dans le cadre de la proc\u00e9dure sans audience a lieu entre le 20 novembre et l\u2019expiration d\u2019un d\u00e9lai d\u2019un mois \u00e0 compter de la fin de l\u2019\u00e9tat d\u2019urgence sanitaire.<\/p>\n<ul>\n<li><strong> Concernant le Conseil de prud\u2019hommes <\/strong><\/li>\n<\/ul>\n<p>Le Conseil de prud&#8217;hommes peut statuer en formation restreinte, qui doit comprendre un conseiller employeur et un conseiller salari\u00e9. En cas de partage des voix, l\u2019affaire doit \u00eatre renvoy\u00e9e devant un juge du tribunal judiciaire.<\/p>\n<p>Si \u00e0 l\u2019expiration d\u2019un d\u00e9lai d\u2019un mois \u00e0 compter de la fin de l\u2019\u00e9tat d\u2019urgence sanitaire, le juge n\u2019a pas tenu cette audience de d\u00e9partage, l\u2019affaire sera renvoy\u00e9e devant la formation restreinte, qui sera pr\u00e9sid\u00e9e par ce m\u00eame juge.<\/p>\n<p>Ces dispositions s\u2019appliquent aux affaires dans lesquelles l\u2019audience de plaidoirie ou la mise en d\u00e9lib\u00e9r\u00e9 de l\u2019affaire dans le cadre de la proc\u00e9dure sans audience a lieu entre le 20 novembre et l\u2019expiration d\u2019un d\u00e9lai d\u2019un mois \u00e0 compter de la fin de l\u2019\u00e9tat d\u2019urgence sanitaire.<\/p>\n<ul>\n<li><strong> Concernant le moyen de t\u00e9l\u00e9communication audiovisuelle <\/strong><\/li>\n<\/ul>\n<p>Le juge, le pr\u00e9sident de la formation de jugement ou le juge des libert\u00e9s et de la d\u00e9tention (JLD) peut d\u00e9cider que l&#8217;audience ou l&#8217;audition se tiendra en utilisant un moyen de t\u00e9l\u00e9communication audiovisuelle permettant de s&#8217;assurer de l&#8217;identit\u00e9 des personnes y participant et garantissant la qualit\u00e9 de la transmission et la confidentialit\u00e9 des \u00e9changes entre les parties et leurs avocats.<\/p>\n<p>La d\u00e9cision alors prise ne peut pas faire l\u2019objet d\u2019un recours.<\/p>\n<p>S\u2019il est techniquement ou mat\u00e9riellement impossible d\u2019avoir recours \u00e0 un tel moyen, le juge peut d\u00e9cider d&#8217;entendre les parties et leurs avocats, ou la personne \u00e0 auditionner, par tout moyen de communication \u00e9lectronique, y compris t\u00e9l\u00e9phonique, \u00e0 la condition que celui-ci permette de s&#8217;assurer de leur identit\u00e9 et de garantir la qualit\u00e9 de la transmission et la confidentialit\u00e9 des \u00e9changes.<\/p>\n<p>L\u00e0 encore, sa d\u00e9cision ne peut pas faire l\u2019objet d\u2019un recours.<\/p>\n<p>Les juges, le greffier, les parties, les personnes qui les assistent ou les repr\u00e9sentent, les techniciens et auxiliaires de justice ainsi que les personnes convoqu\u00e9es \u00e0 l&#8217;audience ou \u00e0 l&#8217;audition peuvent se trouver en des lieux distincts.<\/p>\n<ul>\n<li><strong> Concernant le r\u00f4le du juge <\/strong><\/li>\n<\/ul>\n<p>Dans tous les cas, le juge organise et conduit la proc\u00e9dure, et s\u2019assure du bon d\u00e9roulement des \u00e9changes entre les parties. Il veille aussi au respect des droits de la d\u00e9fense, et au caract\u00e8re contradictoire des d\u00e9bats.<\/p>\n<p>Notez que les moyens de communication utilis\u00e9s par les juges doivent garantir le secret du d\u00e9lib\u00e9r\u00e9.<\/p>\n<ul>\n<li><strong> Concernant la proc\u00e9dure sans audience <\/strong><\/li>\n<\/ul>\n<p>Lorsqu\u2019un avocat repr\u00e9sente les parties, parce que c\u2019est obligatoire ou parce que celles-ci l\u2019ont choisi, le juge ou le pr\u00e9sident de la formation de jugement peut d\u00e9cider \u00e0 tout moment de la proc\u00e9dure que celle-ci se d\u00e9roule sans audience.<\/p>\n<p>Les parties en sont alors inform\u00e9es par tout moyen, et peuvent s\u2019y opposer dans un d\u00e9lai de 15 jours. Ce d\u00e9lai peut \u00eatre r\u00e9duit par le juge ou le pr\u00e9sident de la formation de jugement en cas d\u2019urgence.<\/p>\n<p>A d\u00e9faut d&#8217;opposition, la proc\u00e9dure est exclusivement \u00e9crite. La communication entre les parties est faite par notification entre avocats, ce qui doit \u00eatre justifi\u00e9 dans les d\u00e9lais impartis par le juge.<\/p>\n<p>S\u2019il estime qu&#8217;il n&#8217;est pas possible de rendre une d\u00e9cision au regard des preuves \u00e9crites ou si l&#8217;une des parties en fait la demande, le juge ou le pr\u00e9sident de la formation de jugement peut d\u00e9cider de tenir une audience.<\/p>\n<p>Ces dispositions s\u2019appliquent aux affaires dans lesquelles la mise en d\u00e9lib\u00e9r\u00e9 de l\u2019affaire est annonc\u00e9e entre le 20 novembre et l\u2019expiration d\u2019un d\u00e9lai d\u2019un mois \u00e0 compter de la fin de l\u2019\u00e9tat d\u2019urgence sanitaire.<\/p>\n<ul>\n<li><strong> Concernant les soins psychiatriques <\/strong><\/li>\n<\/ul>\n<p>Notez qu\u2019en mati\u00e8re de soins psychiatriques sans consentement, la personne hospitalis\u00e9e peut, \u00e0 tout moment, demander \u00e0 \u00eatre entendue par le juge des libert\u00e9s et de la d\u00e9tention (JLD).<\/p>\n<p>Cette audition peut \u00eatre r\u00e9alis\u00e9e par tout moyen permettant de s&#8217;assurer de son identit\u00e9 et garantissant la qualit\u00e9 de la transmission et la confidentialit\u00e9 des \u00e9changes.<\/p>\n<p>Ces dispositions s\u2019appliquent aux affaires dans lesquelles la mise en d\u00e9lib\u00e9r\u00e9 de l\u2019affaire est annonc\u00e9e entre le 20 novembre et l\u2019expiration d\u2019un d\u00e9lai d\u2019un mois \u00e0 compter de la fin de l\u2019\u00e9tat d\u2019urgence sanitaire.<\/p>\n<ul>\n<li><strong> Concernant la prestation de serment <\/strong><\/li>\n<\/ul>\n<p>Toute prestation de serment devant une juridiction peut \u00eatre pr\u00e9sent\u00e9e par \u00e9crit : dans ce cas, elle doit comprendre la mention manuscrite des termes de la prestation.<\/p>\n<p>Cet \u00e9crit doit \u00eatre d\u00e9pos\u00e9 aupr\u00e8s de la juridiction comp\u00e9tente qui en accuse r\u00e9ception.<\/p>\n<ul>\n<li><strong> Concernant les suppressions d\u2019audiences <\/strong><\/li>\n<\/ul>\n<p>Lorsqu&#8217;une audience ou une audition est supprim\u00e9e, le greffe en avise les parties par tout moyen :<\/p>\n<ul>\n<li>\u00e9lectronique, si les parties sont repr\u00e9sent\u00e9es par un avocat ou lorsqu&#8217;elles ont consenti \u00e0 la r\u00e9ception des actes sur le \u00ab Portail du justiciable \u00bb du minist\u00e8re de la justice ;<\/li>\n<li>par lettre simple dans les autres cas.<\/li>\n<\/ul>\n<p>La d\u00e9cision est dite rendue \u00ab par d\u00e9faut \u00bb si le d\u00e9fendeur ne compara\u00eet pas \u00e0 l&#8217;audience \u00e0 laquelle l&#8217;affaire est renvoy\u00e9e et s\u2019il ne s\u2019est pas vu remettre en personne sa citation \u00e0 compara\u00eetre.<\/p>\n<ul>\n<li><strong> Concernant les plaidoiries <\/strong><\/li>\n<\/ul>\n<p>Le juge de la mise en \u00e9tat ou le magistrat charg\u00e9 du rapport peut tenir seul l&#8217;audience pour entendre les plaidoiries :<\/p>\n<ul>\n<li>en proc\u00e9dure \u00e9crite ordinaire devant le tribunal judiciaire ;<\/li>\n<li>en proc\u00e9dure avec repr\u00e9sentation obligatoire par avocat devant la cour d&#8217;appel .<\/li>\n<\/ul>\n<p>Il en informe les parties par tout moyen, et en rend compte au tribunal dans son d\u00e9lib\u00e9r\u00e9.<\/p>\n<p>Devant le tribunal de commerce, le pr\u00e9sident du tribunal peut, dans toutes les affaires, d\u00e9cider que l&#8217;audience sera tenue par l&#8217;un des membres de la formation de jugement. L\u00e0 encore, il doit en rendre compte dans son d\u00e9lib\u00e9r\u00e9.<\/p>\n<ul>\n<li><strong> Concernant l\u2019\u00e9change des pi\u00e8ces <\/strong><\/li>\n<\/ul>\n<p>Les parties peuvent \u00e9changer leurs \u00e9critures et leurs pi\u00e8ces par tout moyen, d\u00e8s lors que le juge peut s&#8217;assurer du respect du contradictoire.<\/p>\n<ul>\n<li><strong> Concernant le service d\u2019accueil unique du justiciable <\/strong><\/li>\n<\/ul>\n<p>Le service d\u2019accueil unique du justiciable peut recevoir et transmettre par voie \u00e9lectronique :<\/p>\n<ul>\n<li>tous les actes en mati\u00e8re civile, lorsque la repr\u00e9sentation n&#8217;est pas obligatoire ;<\/li>\n<li>en mati\u00e8re prud&#8217;homale :<\/li>\n<\/ul>\n<ul>\n<li>\u25cb les requ\u00eates ;<\/li>\n<li>\u25cb les demandes de d\u00e9livrance de copie certifi\u00e9e conforme, d&#8217;un extrait et d&#8217;une copie certifi\u00e9e conforme rev\u00eatue de la formule ex\u00e9cutoire ;<\/li>\n<\/ul>\n<ul>\n<li>les demandes d&#8217;aide juridictionnelle.<\/li>\n<\/ul>\n<p>Si le document est re\u00e7u par le service d\u2019accueil par voie \u00e9lectronique, son auteur devra produire le document original, sur support papier, avant qu\u2019il ne soit statu\u00e9 sur sa demande.<\/p>\n<ul>\n<li><strong> Concernant les majeurs prot\u00e9g\u00e9s <\/strong><\/li>\n<\/ul>\n<p>Le dossier d\u2019un majeur prot\u00e9g\u00e9 peut d\u00e9sormais \u00eatre communiqu\u00e9 par tout moyen au mandataire judiciaire, \u00e0 l\u2019exception du dossier m\u00e9dical.<\/p>\n<p>L\u2019ensemble de ces dispositions sont applicables dans les \u00eeles Wallis et Futuna au 20 novembre 2020.<\/p>\n<p><span style=\"text-decoration: underline;\">Source :<\/span> SOURCE (Si une seule source)<\/p>\n<ul>\n<li>Ordonnance n\u00b0 2020-1400 du 18 novembre 2020 portant adaptation des r\u00e8gles applicables aux juridictions de l&#8217;ordre judiciaire statuant en mati\u00e8re non p\u00e9nale et aux copropri\u00e9t\u00e9s<\/li>\n<li>Rapport au Pr\u00e9sident de la R\u00e9publique relatif \u00e0 l&#8217;ordonnance n\u00b0 2020-1400 du 18 novembre 2020 portant adaptation des r\u00e8gles applicables aux juridictions de l&#8217;ordre judiciaire statuant en mati\u00e8re non p\u00e9nale et aux copropri\u00e9t\u00e9s<\/li>\n<li>D\u00e9cret n\u00b0 2020-1405 du 18 novembre 2020 portant adaptation des r\u00e8gles applicables aux juridictions de l&#8217;ordre judiciaire statuant en mati\u00e8re non p\u00e9nale<\/li>\n<\/ul>\n<p><a href=\"https:\/\/www.weblex.fr\/weblex-actualite\/coronavirus-covid-19-et-reconfinement-un-point-sur-la-justice-civile\" rel=\"nofollow noopener\" target=\"_blank\">Coronavirus (COVID-19) et reconfinement : un point sur la justice civile<\/a> \u00a9 Copyright WebLex &#8211; 2020<\/p>\n<\/div>\n<\/div>\n<p><img src='https:\/\/www.weblex.fr\/images\/flux_actus\/justice.jpg'><\/p>\n","protected":false},"excerpt":{"rendered":"<p>Pour permettre la continuit\u00e9 de l\u2019activit\u00e9 des juridictions civiles en cette p\u00e9riode de reconfinement, les r\u00e8gles de proc\u00e9dure civile sont adapt\u00e9es. Revue de d\u00e9tails\u2026<\/p>\n","protected":false},"author":0,"featured_media":4693,"comment_status":"open","ping_status":"closed","sticky":false,"template":"","format":"standard","meta":{"_acf_changed":false,"footnotes":""},"categories":[9,7],"tags":[],"class_list":["post-1148","post","type-post","status-publish","format-standard","has-post-thumbnail","hentry","category-actu-juridique","category-actualites"],"acf":[],"yoast_head":"<!-- This site is optimized with the Yoast SEO plugin v27.2 - https:\/\/yoast.com\/product\/yoast-seo-wordpress\/ -->\n<title>Coronavirus (COVID-19) et reconfinement : un point sur la justice civile - Cabinet Magar<\/title>\n<meta name=\"robots\" content=\"index, follow, max-snippet:-1, max-image-preview:large, max-video-preview:-1\" \/>\n<link rel=\"canonical\" href=\"https:\/\/www.cabinet-magar.fr\/actualites\/coronavirus-covid-19-et-reconfinement-un-point-sur-la-justice-civile\/\" \/>\n<meta property=\"og:locale\" content=\"de_DE\" \/>\n<meta property=\"og:type\" content=\"article\" \/>\n<meta property=\"og:title\" content=\"Coronavirus (COVID-19) et reconfinement : un point sur la justice civile - Cabinet Magar\" \/>\n<meta property=\"og:description\" content=\"Pour permettre la continuit\u00e9 de l\u2019activit\u00e9 des juridictions civiles en cette p\u00e9riode de reconfinement, les r\u00e8gles de proc\u00e9dure civile sont adapt\u00e9es. Revue de d\u00e9tails\u2026\" \/>\n<meta property=\"og:url\" content=\"https:\/\/www.cabinet-magar.fr\/actualites\/coronavirus-covid-19-et-reconfinement-un-point-sur-la-justice-civile\/\" \/>\n<meta property=\"og:site_name\" content=\"Cabinet Magar\" \/>\n<meta property=\"article:published_time\" content=\"2020-11-19T04:45:00+00:00\" \/>\n<meta property=\"article:modified_time\" content=\"2021-05-06T01:00:42+00:00\" \/>\n<meta property=\"og:image\" content=\"https:\/\/www.cabinet-magar.fr\/wp-content\/uploads\/2021\/05\/justice.jpg\" \/>\n\t<meta property=\"og:image:width\" content=\"600\" \/>\n\t<meta property=\"og:image:height\" content=\"400\" \/>\n\t<meta property=\"og:image:type\" content=\"image\/jpeg\" \/>\n<meta name=\"twitter:card\" content=\"summary_large_image\" \/>\n<meta name=\"twitter:label1\" content=\"Gesch\u00e4tzte Lesezeit\" \/>\n\t<meta name=\"twitter:data1\" content=\"9\u00a0Minuten\" \/>\n<script type=\"application\/ld+json\" class=\"yoast-schema-graph\">{\"@context\":\"https:\/\/schema.org\",\"@graph\":[{\"@type\":\"Article\",\"@id\":\"https:\/\/www.cabinet-magar.fr\/actualites\/coronavirus-covid-19-et-reconfinement-un-point-sur-la-justice-civile\/#article\",\"isPartOf\":{\"@id\":\"https:\/\/www.cabinet-magar.fr\/actualites\/coronavirus-covid-19-et-reconfinement-un-point-sur-la-justice-civile\/\"},\"author\":{\"name\":\"\",\"@id\":\"\"},\"headline\":\"Coronavirus (COVID-19) et reconfinement : un point sur la justice civile\",\"datePublished\":\"2020-11-19T04:45:00+00:00\",\"dateModified\":\"2021-05-06T01:00:42+00:00\",\"mainEntityOfPage\":{\"@id\":\"https:\/\/www.cabinet-magar.fr\/actualites\/coronavirus-covid-19-et-reconfinement-un-point-sur-la-justice-civile\/\"},\"wordCount\":1926,\"commentCount\":0,\"image\":{\"@id\":\"https:\/\/www.cabinet-magar.fr\/actualites\/coronavirus-covid-19-et-reconfinement-un-point-sur-la-justice-civile\/#primaryimage\"},\"thumbnailUrl\":\"https:\/\/www.cabinet-magar.fr\/wp-content\/uploads\/2021\/05\/justice.jpg\",\"articleSection\":[\"Actu Juridique\",\"Actualit\u00e9s\"],\"inLanguage\":\"de\",\"potentialAction\":[{\"@type\":\"CommentAction\",\"name\":\"Comment\",\"target\":[\"https:\/\/www.cabinet-magar.fr\/actualites\/coronavirus-covid-19-et-reconfinement-un-point-sur-la-justice-civile\/#respond\"]}]},{\"@type\":\"WebPage\",\"@id\":\"https:\/\/www.cabinet-magar.fr\/actualites\/coronavirus-covid-19-et-reconfinement-un-point-sur-la-justice-civile\/\",\"url\":\"https:\/\/www.cabinet-magar.fr\/actualites\/coronavirus-covid-19-et-reconfinement-un-point-sur-la-justice-civile\/\",\"name\":\"Coronavirus (COVID-19) et reconfinement : un point sur la justice civile - Cabinet Magar\",\"isPartOf\":{\"@id\":\"https:\/\/www.cabinet-magar.fr\/#website\"},\"primaryImageOfPage\":{\"@id\":\"https:\/\/www.cabinet-magar.fr\/actualites\/coronavirus-covid-19-et-reconfinement-un-point-sur-la-justice-civile\/#primaryimage\"},\"image\":{\"@id\":\"https:\/\/www.cabinet-magar.fr\/actualites\/coronavirus-covid-19-et-reconfinement-un-point-sur-la-justice-civile\/#primaryimage\"},\"thumbnailUrl\":\"https:\/\/www.cabinet-magar.fr\/wp-content\/uploads\/2021\/05\/justice.jpg\",\"datePublished\":\"2020-11-19T04:45:00+00:00\",\"dateModified\":\"2021-05-06T01:00:42+00:00\",\"author\":{\"@id\":\"\"},\"breadcrumb\":{\"@id\":\"https:\/\/www.cabinet-magar.fr\/actualites\/coronavirus-covid-19-et-reconfinement-un-point-sur-la-justice-civile\/#breadcrumb\"},\"inLanguage\":\"de\",\"potentialAction\":[{\"@type\":\"ReadAction\",\"target\":[\"https:\/\/www.cabinet-magar.fr\/actualites\/coronavirus-covid-19-et-reconfinement-un-point-sur-la-justice-civile\/\"]}]},{\"@type\":\"ImageObject\",\"inLanguage\":\"de\",\"@id\":\"https:\/\/www.cabinet-magar.fr\/actualites\/coronavirus-covid-19-et-reconfinement-un-point-sur-la-justice-civile\/#primaryimage\",\"url\":\"https:\/\/www.cabinet-magar.fr\/wp-content\/uploads\/2021\/05\/justice.jpg\",\"contentUrl\":\"https:\/\/www.cabinet-magar.fr\/wp-content\/uploads\/2021\/05\/justice.jpg\",\"width\":600,\"height\":400},{\"@type\":\"BreadcrumbList\",\"@id\":\"https:\/\/www.cabinet-magar.fr\/actualites\/coronavirus-covid-19-et-reconfinement-un-point-sur-la-justice-civile\/#breadcrumb\",\"itemListElement\":[{\"@type\":\"ListItem\",\"position\":1,\"name\":\"Accueil\",\"item\":\"https:\/\/www.cabinet-magar.fr\/de\/\"},{\"@type\":\"ListItem\",\"position\":2,\"name\":\"Coronavirus (COVID-19) et reconfinement : un point sur la justice civile\"}]},{\"@type\":\"WebSite\",\"@id\":\"https:\/\/www.cabinet-magar.fr\/#website\",\"url\":\"https:\/\/www.cabinet-magar.fr\/\",\"name\":\"Cabinet Magar\",\"description\":\"\",\"potentialAction\":[{\"@type\":\"SearchAction\",\"target\":{\"@type\":\"EntryPoint\",\"urlTemplate\":\"https:\/\/www.cabinet-magar.fr\/?s={search_term_string}\"},\"query-input\":{\"@type\":\"PropertyValueSpecification\",\"valueRequired\":true,\"valueName\":\"search_term_string\"}}],\"inLanguage\":\"de\"}]}<\/script>\n<!-- \/ Yoast SEO plugin. -->","yoast_head_json":{"title":"Coronavirus (COVID-19) et reconfinement : un point sur la justice civile - Cabinet Magar","robots":{"index":"index","follow":"follow","max-snippet":"max-snippet:-1","max-image-preview":"max-image-preview:large","max-video-preview":"max-video-preview:-1"},"canonical":"https:\/\/www.cabinet-magar.fr\/actualites\/coronavirus-covid-19-et-reconfinement-un-point-sur-la-justice-civile\/","og_locale":"de_DE","og_type":"article","og_title":"Coronavirus (COVID-19) et reconfinement : un point sur la justice civile - Cabinet Magar","og_description":"Pour permettre la continuit\u00e9 de l\u2019activit\u00e9 des juridictions civiles en cette p\u00e9riode de reconfinement, les r\u00e8gles de proc\u00e9dure civile sont adapt\u00e9es. Revue de d\u00e9tails\u2026","og_url":"https:\/\/www.cabinet-magar.fr\/actualites\/coronavirus-covid-19-et-reconfinement-un-point-sur-la-justice-civile\/","og_site_name":"Cabinet Magar","article_published_time":"2020-11-19T04:45:00+00:00","article_modified_time":"2021-05-06T01:00:42+00:00","og_image":[{"width":600,"height":400,"url":"https:\/\/www.cabinet-magar.fr\/wp-content\/uploads\/2021\/05\/justice.jpg","type":"image\/jpeg"}],"twitter_card":"summary_large_image","twitter_misc":{"Gesch\u00e4tzte Lesezeit":"9\u00a0Minuten"},"schema":{"@context":"https:\/\/schema.org","@graph":[{"@type":"Article","@id":"https:\/\/www.cabinet-magar.fr\/actualites\/coronavirus-covid-19-et-reconfinement-un-point-sur-la-justice-civile\/#article","isPartOf":{"@id":"https:\/\/www.cabinet-magar.fr\/actualites\/coronavirus-covid-19-et-reconfinement-un-point-sur-la-justice-civile\/"},"author":{"name":"","@id":""},"headline":"Coronavirus (COVID-19) et reconfinement : un point sur la justice civile","datePublished":"2020-11-19T04:45:00+00:00","dateModified":"2021-05-06T01:00:42+00:00","mainEntityOfPage":{"@id":"https:\/\/www.cabinet-magar.fr\/actualites\/coronavirus-covid-19-et-reconfinement-un-point-sur-la-justice-civile\/"},"wordCount":1926,"commentCount":0,"image":{"@id":"https:\/\/www.cabinet-magar.fr\/actualites\/coronavirus-covid-19-et-reconfinement-un-point-sur-la-justice-civile\/#primaryimage"},"thumbnailUrl":"https:\/\/www.cabinet-magar.fr\/wp-content\/uploads\/2021\/05\/justice.jpg","articleSection":["Actu Juridique","Actualit\u00e9s"],"inLanguage":"de","potentialAction":[{"@type":"CommentAction","name":"Comment","target":["https:\/\/www.cabinet-magar.fr\/actualites\/coronavirus-covid-19-et-reconfinement-un-point-sur-la-justice-civile\/#respond"]}]},{"@type":"WebPage","@id":"https:\/\/www.cabinet-magar.fr\/actualites\/coronavirus-covid-19-et-reconfinement-un-point-sur-la-justice-civile\/","url":"https:\/\/www.cabinet-magar.fr\/actualites\/coronavirus-covid-19-et-reconfinement-un-point-sur-la-justice-civile\/","name":"Coronavirus (COVID-19) et reconfinement : un point sur la justice civile - Cabinet Magar","isPartOf":{"@id":"https:\/\/www.cabinet-magar.fr\/#website"},"primaryImageOfPage":{"@id":"https:\/\/www.cabinet-magar.fr\/actualites\/coronavirus-covid-19-et-reconfinement-un-point-sur-la-justice-civile\/#primaryimage"},"image":{"@id":"https:\/\/www.cabinet-magar.fr\/actualites\/coronavirus-covid-19-et-reconfinement-un-point-sur-la-justice-civile\/#primaryimage"},"thumbnailUrl":"https:\/\/www.cabinet-magar.fr\/wp-content\/uploads\/2021\/05\/justice.jpg","datePublished":"2020-11-19T04:45:00+00:00","dateModified":"2021-05-06T01:00:42+00:00","author":{"@id":""},"breadcrumb":{"@id":"https:\/\/www.cabinet-magar.fr\/actualites\/coronavirus-covid-19-et-reconfinement-un-point-sur-la-justice-civile\/#breadcrumb"},"inLanguage":"de","potentialAction":[{"@type":"ReadAction","target":["https:\/\/www.cabinet-magar.fr\/actualites\/coronavirus-covid-19-et-reconfinement-un-point-sur-la-justice-civile\/"]}]},{"@type":"ImageObject","inLanguage":"de","@id":"https:\/\/www.cabinet-magar.fr\/actualites\/coronavirus-covid-19-et-reconfinement-un-point-sur-la-justice-civile\/#primaryimage","url":"https:\/\/www.cabinet-magar.fr\/wp-content\/uploads\/2021\/05\/justice.jpg","contentUrl":"https:\/\/www.cabinet-magar.fr\/wp-content\/uploads\/2021\/05\/justice.jpg","width":600,"height":400},{"@type":"BreadcrumbList","@id":"https:\/\/www.cabinet-magar.fr\/actualites\/coronavirus-covid-19-et-reconfinement-un-point-sur-la-justice-civile\/#breadcrumb","itemListElement":[{"@type":"ListItem","position":1,"name":"Accueil","item":"https:\/\/www.cabinet-magar.fr\/de\/"},{"@type":"ListItem","position":2,"name":"Coronavirus (COVID-19) et reconfinement : un point sur la justice civile"}]},{"@type":"WebSite","@id":"https:\/\/www.cabinet-magar.fr\/#website","url":"https:\/\/www.cabinet-magar.fr\/","name":"Cabinet Magar","description":"","potentialAction":[{"@type":"SearchAction","target":{"@type":"EntryPoint","urlTemplate":"https:\/\/www.cabinet-magar.fr\/?s={search_term_string}"},"query-input":{"@type":"PropertyValueSpecification","valueRequired":true,"valueName":"search_term_string"}}],"inLanguage":"de"}]}},"_links":{"self":[{"href":"https:\/\/www.cabinet-magar.fr\/de\/wp-json\/wp\/v2\/posts\/1148","targetHints":{"allow":["GET"]}}],"collection":[{"href":"https:\/\/www.cabinet-magar.fr\/de\/wp-json\/wp\/v2\/posts"}],"about":[{"href":"https:\/\/www.cabinet-magar.fr\/de\/wp-json\/wp\/v2\/types\/post"}],"replies":[{"embeddable":true,"href":"https:\/\/www.cabinet-magar.fr\/de\/wp-json\/wp\/v2\/comments?post=1148"}],"version-history":[{"count":1,"href":"https:\/\/www.cabinet-magar.fr\/de\/wp-json\/wp\/v2\/posts\/1148\/revisions"}],"predecessor-version":[{"id":4692,"href":"https:\/\/www.cabinet-magar.fr\/de\/wp-json\/wp\/v2\/posts\/1148\/revisions\/4692"}],"wp:featuredmedia":[{"embeddable":true,"href":"https:\/\/www.cabinet-magar.fr\/de\/wp-json\/wp\/v2\/media\/4693"}],"wp:attachment":[{"href":"https:\/\/www.cabinet-magar.fr\/de\/wp-json\/wp\/v2\/media?parent=1148"}],"wp:term":[{"taxonomy":"category","embeddable":true,"href":"https:\/\/www.cabinet-magar.fr\/de\/wp-json\/wp\/v2\/categories?post=1148"},{"taxonomy":"post_tag","embeddable":true,"href":"https:\/\/www.cabinet-magar.fr\/de\/wp-json\/wp\/v2\/tags?post=1148"}],"curies":[{"name":"wp","href":"https:\/\/api.w.org\/{rel}","templated":true}]}}