{"id":1147,"date":"2020-11-19T05:45:00","date_gmt":"2020-11-19T04:45:00","guid":{"rendered":"https:\/\/www.cabinet-magar.fr\/un-pacte-national-pour-relancer-la-construction\/"},"modified":"2021-05-06T03:00:38","modified_gmt":"2021-05-06T01:00:38","slug":"un-pacte-national-pour-relancer-la-construction","status":"publish","type":"post","link":"https:\/\/www.cabinet-magar.fr\/de\/actualites\/un-pacte-national-pour-relancer-la-construction\/","title":{"rendered":"Un pacte national pour relancer la construction"},"content":{"rendered":"<p >Avant la crise sanitaire et \u00e9conomique li\u00e9e \u00e0 la covid-19, le secteur du BTP se portait bien. Pour que cela continue en 2021, le Gouvernement a conclu un pacte national avec les professionnels de la construction. Que pr\u00e9voit-il ?<\/p>\n<div>\n<h2>Construction : que pr\u00e9voit le pacte national ?<\/h2>\n<p>Le Gouvernement a conclu, avec les repr\u00e9sentants des f\u00e9d\u00e9rations de la construction (constructeurs, architectes, promoteurs, etc.), un pacte national pour relancer la construction en 2021.<\/p>\n<p>Ce pacte s\u2019articule autour de 2 grands axes :<\/p>\n<ul>\n<ul>\n<li>simplifier et acc\u00e9l\u00e9rer les proc\u00e9dures d\u2019urbanisme pour limiter la baisse des mises en chantier en 2021 ;<\/li>\n<li>accompagner l\u2019\u00e9mergence de projets durables de construction, en promouvant la sobri\u00e9t\u00e9 fonci\u00e8re, la qualit\u00e9 des logements et du cadre de vie.<\/li>\n<\/ul>\n<\/ul>\n<p><span style=\"text-decoration: underline;\">Source :<\/span> Communiqu\u00e9 de presse du Minist\u00e8re de l\u2019Ecologie du 13 novembre 2020<\/p>\n<p><a title=\"WebLex - Un pacte national pour relancer la construction\" href=\"https:\/\/www.weblex.fr\/weblex-actualite\/un-pacte-national-pour-relancer-la-construction\" target=\"_blank\" rel=\"noopener\">Un pacte national pour relancer la construction<\/a> \u00a9 Copyright WebLex &#8211; 2020<\/p>\n<\/div>\n<p><img src='https:\/\/www.weblex.fr\/images\/flux_actus\/chantier1.jpg'><\/p>\n","protected":false},"excerpt":{"rendered":"<p>Avant la crise sanitaire et \u00e9conomique li\u00e9e \u00e0 la covid-19, le secteur du BTP se portait bien. Pour que cela continue en 2021, le Gouvernement a conclu un pacte national avec les professionnels de la construction. Que pr\u00e9voit-il ?<\/p>\n","protected":false},"author":0,"featured_media":4691,"comment_status":"open","ping_status":"closed","sticky":false,"template":"","format":"standard","meta":{"_acf_changed":false,"footnotes":""},"categories":[9,7],"tags":[],"class_list":["post-1147","post","type-post","status-publish","format-standard","has-post-thumbnail","hentry","category-actu-juridique","category-actualites"],"acf":[],"yoast_head":"<!-- This site is optimized with the Yoast SEO plugin v27.2 - https:\/\/yoast.com\/product\/yoast-seo-wordpress\/ -->\n<title>Un pacte national pour relancer la construction - Cabinet Magar<\/title>\n<meta name=\"robots\" content=\"index, follow, max-snippet:-1, max-image-preview:large, max-video-preview:-1\" \/>\n<link rel=\"canonical\" href=\"https:\/\/www.cabinet-magar.fr\/actualites\/un-pacte-national-pour-relancer-la-construction\/\" \/>\n<meta property=\"og:locale\" content=\"de_DE\" \/>\n<meta property=\"og:type\" content=\"article\" \/>\n<meta property=\"og:title\" content=\"Un pacte national pour relancer la construction - Cabinet Magar\" \/>\n<meta property=\"og:description\" content=\"Avant la crise sanitaire et \u00e9conomique li\u00e9e \u00e0 la covid-19, le secteur du BTP se portait bien. Pour que cela continue en 2021, le Gouvernement a conclu un pacte national avec les professionnels de la construction. Que pr\u00e9voit-il ?\" \/>\n<meta property=\"og:url\" content=\"https:\/\/www.cabinet-magar.fr\/actualites\/un-pacte-national-pour-relancer-la-construction\/\" \/>\n<meta property=\"og:site_name\" content=\"Cabinet Magar\" \/>\n<meta property=\"article:published_time\" content=\"2020-11-19T04:45:00+00:00\" \/>\n<meta property=\"article:modified_time\" content=\"2021-05-06T01:00:38+00:00\" \/>\n<meta property=\"og:image\" content=\"https:\/\/www.cabinet-magar.fr\/wp-content\/uploads\/2021\/05\/chantier1.jpg\" \/>\n\t<meta property=\"og:image:width\" content=\"600\" \/>\n\t<meta property=\"og:image:height\" content=\"400\" \/>\n\t<meta property=\"og:image:type\" content=\"image\/jpeg\" \/>\n<meta name=\"twitter:card\" content=\"summary_large_image\" \/>\n<meta name=\"twitter:label1\" content=\"Gesch\u00e4tzte Lesezeit\" \/>\n\t<meta name=\"twitter:data1\" content=\"1\u00a0Minute\" \/>\n<script type=\"application\/ld+json\" class=\"yoast-schema-graph\">{\"@context\":\"https:\/\/schema.org\",\"@graph\":[{\"@type\":\"Article\",\"@id\":\"https:\/\/www.cabinet-magar.fr\/actualites\/un-pacte-national-pour-relancer-la-construction\/#article\",\"isPartOf\":{\"@id\":\"https:\/\/www.cabinet-magar.fr\/actualites\/un-pacte-national-pour-relancer-la-construction\/\"},\"author\":{\"name\":\"\",\"@id\":\"\"},\"headline\":\"Un pacte national pour relancer la construction\",\"datePublished\":\"2020-11-19T04:45:00+00:00\",\"dateModified\":\"2021-05-06T01:00:38+00:00\",\"mainEntityOfPage\":{\"@id\":\"https:\/\/www.cabinet-magar.fr\/actualites\/un-pacte-national-pour-relancer-la-construction\/\"},\"wordCount\":152,\"commentCount\":0,\"image\":{\"@id\":\"https:\/\/www.cabinet-magar.fr\/actualites\/un-pacte-national-pour-relancer-la-construction\/#primaryimage\"},\"thumbnailUrl\":\"https:\/\/www.cabinet-magar.fr\/wp-content\/uploads\/2021\/05\/chantier1.jpg\",\"articleSection\":[\"Actu Juridique\",\"Actualit\u00e9s\"],\"inLanguage\":\"de\",\"potentialAction\":[{\"@type\":\"CommentAction\",\"name\":\"Comment\",\"target\":[\"https:\/\/www.cabinet-magar.fr\/actualites\/un-pacte-national-pour-relancer-la-construction\/#respond\"]}]},{\"@type\":\"WebPage\",\"@id\":\"https:\/\/www.cabinet-magar.fr\/actualites\/un-pacte-national-pour-relancer-la-construction\/\",\"url\":\"https:\/\/www.cabinet-magar.fr\/actualites\/un-pacte-national-pour-relancer-la-construction\/\",\"name\":\"Un pacte national pour relancer la construction - Cabinet Magar\",\"isPartOf\":{\"@id\":\"https:\/\/www.cabinet-magar.fr\/#website\"},\"primaryImageOfPage\":{\"@id\":\"https:\/\/www.cabinet-magar.fr\/actualites\/un-pacte-national-pour-relancer-la-construction\/#primaryimage\"},\"image\":{\"@id\":\"https:\/\/www.cabinet-magar.fr\/actualites\/un-pacte-national-pour-relancer-la-construction\/#primaryimage\"},\"thumbnailUrl\":\"https:\/\/www.cabinet-magar.fr\/wp-content\/uploads\/2021\/05\/chantier1.jpg\",\"datePublished\":\"2020-11-19T04:45:00+00:00\",\"dateModified\":\"2021-05-06T01:00:38+00:00\",\"author\":{\"@id\":\"\"},\"breadcrumb\":{\"@id\":\"https:\/\/www.cabinet-magar.fr\/actualites\/un-pacte-national-pour-relancer-la-construction\/#breadcrumb\"},\"inLanguage\":\"de\",\"potentialAction\":[{\"@type\":\"ReadAction\",\"target\":[\"https:\/\/www.cabinet-magar.fr\/actualites\/un-pacte-national-pour-relancer-la-construction\/\"]}]},{\"@type\":\"ImageObject\",\"inLanguage\":\"de\",\"@id\":\"https:\/\/www.cabinet-magar.fr\/actualites\/un-pacte-national-pour-relancer-la-construction\/#primaryimage\",\"url\":\"https:\/\/www.cabinet-magar.fr\/wp-content\/uploads\/2021\/05\/chantier1.jpg\",\"contentUrl\":\"https:\/\/www.cabinet-magar.fr\/wp-content\/uploads\/2021\/05\/chantier1.jpg\",\"width\":600,\"height\":400},{\"@type\":\"BreadcrumbList\",\"@id\":\"https:\/\/www.cabinet-magar.fr\/actualites\/un-pacte-national-pour-relancer-la-construction\/#breadcrumb\",\"itemListElement\":[{\"@type\":\"ListItem\",\"position\":1,\"name\":\"Accueil\",\"item\":\"https:\/\/www.cabinet-magar.fr\/de\/\"},{\"@type\":\"ListItem\",\"position\":2,\"name\":\"Un pacte national pour relancer la construction\"}]},{\"@type\":\"WebSite\",\"@id\":\"https:\/\/www.cabinet-magar.fr\/#website\",\"url\":\"https:\/\/www.cabinet-magar.fr\/\",\"name\":\"Cabinet Magar\",\"description\":\"\",\"potentialAction\":[{\"@type\":\"SearchAction\",\"target\":{\"@type\":\"EntryPoint\",\"urlTemplate\":\"https:\/\/www.cabinet-magar.fr\/?s={search_term_string}\"},\"query-input\":{\"@type\":\"PropertyValueSpecification\",\"valueRequired\":true,\"valueName\":\"search_term_string\"}}],\"inLanguage\":\"de\"}]}<\/script>\n<!-- \/ Yoast SEO plugin. -->","yoast_head_json":{"title":"Un pacte national pour relancer la construction - Cabinet Magar","robots":{"index":"index","follow":"follow","max-snippet":"max-snippet:-1","max-image-preview":"max-image-preview:large","max-video-preview":"max-video-preview:-1"},"canonical":"https:\/\/www.cabinet-magar.fr\/actualites\/un-pacte-national-pour-relancer-la-construction\/","og_locale":"de_DE","og_type":"article","og_title":"Un pacte national pour relancer la construction - Cabinet Magar","og_description":"Avant la crise sanitaire et \u00e9conomique li\u00e9e \u00e0 la covid-19, le secteur du BTP se portait bien. Pour que cela continue en 2021, le Gouvernement a conclu un pacte national avec les professionnels de la construction. Que pr\u00e9voit-il ?","og_url":"https:\/\/www.cabinet-magar.fr\/actualites\/un-pacte-national-pour-relancer-la-construction\/","og_site_name":"Cabinet Magar","article_published_time":"2020-11-19T04:45:00+00:00","article_modified_time":"2021-05-06T01:00:38+00:00","og_image":[{"width":600,"height":400,"url":"https:\/\/www.cabinet-magar.fr\/wp-content\/uploads\/2021\/05\/chantier1.jpg","type":"image\/jpeg"}],"twitter_card":"summary_large_image","twitter_misc":{"Gesch\u00e4tzte Lesezeit":"1\u00a0Minute"},"schema":{"@context":"https:\/\/schema.org","@graph":[{"@type":"Article","@id":"https:\/\/www.cabinet-magar.fr\/actualites\/un-pacte-national-pour-relancer-la-construction\/#article","isPartOf":{"@id":"https:\/\/www.cabinet-magar.fr\/actualites\/un-pacte-national-pour-relancer-la-construction\/"},"author":{"name":"","@id":""},"headline":"Un pacte national pour relancer la construction","datePublished":"2020-11-19T04:45:00+00:00","dateModified":"2021-05-06T01:00:38+00:00","mainEntityOfPage":{"@id":"https:\/\/www.cabinet-magar.fr\/actualites\/un-pacte-national-pour-relancer-la-construction\/"},"wordCount":152,"commentCount":0,"image":{"@id":"https:\/\/www.cabinet-magar.fr\/actualites\/un-pacte-national-pour-relancer-la-construction\/#primaryimage"},"thumbnailUrl":"https:\/\/www.cabinet-magar.fr\/wp-content\/uploads\/2021\/05\/chantier1.jpg","articleSection":["Actu Juridique","Actualit\u00e9s"],"inLanguage":"de","potentialAction":[{"@type":"CommentAction","name":"Comment","target":["https:\/\/www.cabinet-magar.fr\/actualites\/un-pacte-national-pour-relancer-la-construction\/#respond"]}]},{"@type":"WebPage","@id":"https:\/\/www.cabinet-magar.fr\/actualites\/un-pacte-national-pour-relancer-la-construction\/","url":"https:\/\/www.cabinet-magar.fr\/actualites\/un-pacte-national-pour-relancer-la-construction\/","name":"Un pacte national pour relancer la construction - Cabinet Magar","isPartOf":{"@id":"https:\/\/www.cabinet-magar.fr\/#website"},"primaryImageOfPage":{"@id":"https:\/\/www.cabinet-magar.fr\/actualites\/un-pacte-national-pour-relancer-la-construction\/#primaryimage"},"image":{"@id":"https:\/\/www.cabinet-magar.fr\/actualites\/un-pacte-national-pour-relancer-la-construction\/#primaryimage"},"thumbnailUrl":"https:\/\/www.cabinet-magar.fr\/wp-content\/uploads\/2021\/05\/chantier1.jpg","datePublished":"2020-11-19T04:45:00+00:00","dateModified":"2021-05-06T01:00:38+00:00","author":{"@id":""},"breadcrumb":{"@id":"https:\/\/www.cabinet-magar.fr\/actualites\/un-pacte-national-pour-relancer-la-construction\/#breadcrumb"},"inLanguage":"de","potentialAction":[{"@type":"ReadAction","target":["https:\/\/www.cabinet-magar.fr\/actualites\/un-pacte-national-pour-relancer-la-construction\/"]}]},{"@type":"ImageObject","inLanguage":"de","@id":"https:\/\/www.cabinet-magar.fr\/actualites\/un-pacte-national-pour-relancer-la-construction\/#primaryimage","url":"https:\/\/www.cabinet-magar.fr\/wp-content\/uploads\/2021\/05\/chantier1.jpg","contentUrl":"https:\/\/www.cabinet-magar.fr\/wp-content\/uploads\/2021\/05\/chantier1.jpg","width":600,"height":400},{"@type":"BreadcrumbList","@id":"https:\/\/www.cabinet-magar.fr\/actualites\/un-pacte-national-pour-relancer-la-construction\/#breadcrumb","itemListElement":[{"@type":"ListItem","position":1,"name":"Accueil","item":"https:\/\/www.cabinet-magar.fr\/de\/"},{"@type":"ListItem","position":2,"name":"Un pacte national pour relancer la construction"}]},{"@type":"WebSite","@id":"https:\/\/www.cabinet-magar.fr\/#website","url":"https:\/\/www.cabinet-magar.fr\/","name":"Cabinet Magar","description":"","potentialAction":[{"@type":"SearchAction","target":{"@type":"EntryPoint","urlTemplate":"https:\/\/www.cabinet-magar.fr\/?s={search_term_string}"},"query-input":{"@type":"PropertyValueSpecification","valueRequired":true,"valueName":"search_term_string"}}],"inLanguage":"de"}]}},"_links":{"self":[{"href":"https:\/\/www.cabinet-magar.fr\/de\/wp-json\/wp\/v2\/posts\/1147","targetHints":{"allow":["GET"]}}],"collection":[{"href":"https:\/\/www.cabinet-magar.fr\/de\/wp-json\/wp\/v2\/posts"}],"about":[{"href":"https:\/\/www.cabinet-magar.fr\/de\/wp-json\/wp\/v2\/types\/post"}],"replies":[{"embeddable":true,"href":"https:\/\/www.cabinet-magar.fr\/de\/wp-json\/wp\/v2\/comments?post=1147"}],"version-history":[{"count":1,"href":"https:\/\/www.cabinet-magar.fr\/de\/wp-json\/wp\/v2\/posts\/1147\/revisions"}],"predecessor-version":[{"id":4690,"href":"https:\/\/www.cabinet-magar.fr\/de\/wp-json\/wp\/v2\/posts\/1147\/revisions\/4690"}],"wp:featuredmedia":[{"embeddable":true,"href":"https:\/\/www.cabinet-magar.fr\/de\/wp-json\/wp\/v2\/media\/4691"}],"wp:attachment":[{"href":"https:\/\/www.cabinet-magar.fr\/de\/wp-json\/wp\/v2\/media?parent=1147"}],"wp:term":[{"taxonomy":"category","embeddable":true,"href":"https:\/\/www.cabinet-magar.fr\/de\/wp-json\/wp\/v2\/categories?post=1147"},{"taxonomy":"post_tag","embeddable":true,"href":"https:\/\/www.cabinet-magar.fr\/de\/wp-json\/wp\/v2\/tags?post=1147"}],"curies":[{"name":"wp","href":"https:\/\/api.w.org\/{rel}","templated":true}]}}