{"id":1146,"date":"2020-11-19T05:46:00","date_gmt":"2020-11-19T04:46:00","guid":{"rendered":"https:\/\/www.cabinet-magar.fr\/coronavirus-covid-19-et-plan-de-relance-des-precisions-pour-lagriculture\/"},"modified":"2021-05-06T03:00:35","modified_gmt":"2021-05-06T01:00:35","slug":"coronavirus-covid-19-et-plan-de-relance-des-precisions-pour-lagriculture","status":"publish","type":"post","link":"https:\/\/www.cabinet-magar.fr\/de\/actualites\/coronavirus-covid-19-et-plan-de-relance-des-precisions-pour-lagriculture\/","title":{"rendered":"Coronavirus (COVID-19) et plan de relance : des pr\u00e9cisions pour l\u2019agriculture"},"content":{"rendered":"<p >Au mois de septembre 2020, le Gouvernement a annonc\u00e9 la mise en \u0153uvre d\u2019un plan de relance comprenant, notamment, des mesures pour le secteur agricole. Certaines d\u2019entre elles viennent faire l\u2019objet de pr\u00e9cisions. Lesquelles ?<\/p>\n<div>\n<h2>Coronavirus (COVID-19) et plan de relance : les premiers dispositifs agricoles sont connus !<\/h2>\n<p>Dans le cadre du plan de relance de l\u2019\u00e9conomie, pour soutenir l\u2019investissement mat\u00e9riel dans les exploitations agricoles, seront accessibles, \u00e0 partir du d\u00e9but de l\u2019ann\u00e9e 2021 :<\/p>\n<ul>\n<li>une aide \u00e0 la conversion des \u00e9quipements pour doter les agriculteurs de mat\u00e9riels plus performants en mati\u00e8re environnementale, permettant une agriculture plus sobre en intrants (pour r\u00e9duire l\u2019usage des pesticides ou encore am\u00e9liorer l\u2019\u00e9pandage des effluents d\u2019\u00e9levage), dot\u00e9e de 135 M\u20ac ;<\/li>\n<li>une aide \u00e0 l\u2019investissement dans des mat\u00e9riels de pr\u00e9vention des al\u00e9as climatiques, dot\u00e9e de 70 M\u20ac, pour am\u00e9liorer la capacit\u00e9 des agriculteurs \u00e0 faire face aux \u00e9pisodes de plus en plus fr\u00e9quents de gel, de gr\u00eale ou de s\u00e9cheresse<\/li>\n<\/ul>\n<p>Par ailleurs, un plan de \u00ab structuration des fili\u00e8res agricoles et agroalimentaires \u00bb, dot\u00e9 de 50 M\u20ac, permettra de soutenir des projets de d\u00e9veloppement de fili\u00e8res de produits agricoles et agroalimentaires et d\u2019acc\u00e9l\u00e9rer la transformation de ces secteurs.<\/p>\n<p>Il sera ainsi possible de financer des d\u00e9penses immat\u00e9rielles et des investissements mat\u00e9riels pour des projets visant \u00e0 d\u00e9velopper les fili\u00e8res de produits agricoles et agroalimentaires (hors prot\u00e9ines v\u00e9g\u00e9tales, d\u00e9j\u00e0 couvertes par le plan prot\u00e9ines). Ce dispositif ouvrira d\u2019ici fin novembre 2020, pour des s\u00e9lections de dossiers tout au long des ann\u00e9es 2021 et 2022.<\/p>\n<p>En outre, un dispositif dot\u00e9 de 130M\u20ac soutiendra sp\u00e9cifiquement la modernisation des abattoirs, et poursuivra 3 objectifs principaux : am\u00e9liorer la protection des animaux et le respect des r\u00e9glementations sanitaires et environnementales, renforcer la comp\u00e9titivit\u00e9 des fili\u00e8res et participer au maintien de l\u2019emploi \u00e0 moyen terme au travers de la modernisation des outils d\u2019abattage et de la formation \u00e0 la protection animale.<\/p>\n<p>Enfin, 2 dispositifs faisant partie du plan prot\u00e9ines v\u00e9g\u00e9tales feront l\u2019objet de pr\u00e9cisions ult\u00e9rieures : le dispositif de \u00ab structuration des fili\u00e8res prot\u00e9ines v\u00e9g\u00e9tales \u00bb, et une aide \u00e0 l\u2019investissement dans des \u00e9quipements sp\u00e9cifiques permettant la culture, la r\u00e9colte et le s\u00e9chage d\u2019esp\u00e8ces riches en prot\u00e9ines v\u00e9g\u00e9tales, et dans des semences de l\u00e9gumineuses fourrag\u00e8res.<\/p>\n<p>Notez que les d\u00e9partements d\u2019Outre-mer seront \u00e9ligibles \u00e0 l\u2019ensemble de ces dispositifs, en tenant compte des sp\u00e9cificit\u00e9s propres \u00e0 leurs territoires : bonifications des taux d\u2019aide, seuils des tailles de projets \u00e9ligibles adapt\u00e9s et liste des mat\u00e9riels \u00e9ligibles ajust\u00e9e en fonction des besoins des DOM pour les aides \u00e0 l\u2019investissement.<\/p>\n<p><span style=\"text-decoration: underline;\">Source :<\/span> Communiqu\u00e9 de presse du Minist\u00e8re de l\u2019Agriculture du 17 novembre 2020<\/p>\n<p><a title=\"WebLex - Coronavirus (COVID-19) et plan de relance : des pr\u00e9cisions pour l\u2019agriculture\" href=\"https:\/\/www.weblex.fr\/weblex-actualite\/coronavirus-covid-19-et-plan-de-relance-des-precisions-pour-lagriculture\" target=\"_blank\" rel=\"noopener\">Coronavirus (COVID-19) et plan de relance : des pr\u00e9cisions pour l\u2019agriculture<\/a> \u00a9 Copyright WebLex &#8211; 2020<\/p>\n<\/div>\n<p><img src='https:\/\/www.weblex.fr\/images\/flux_actus\/agricole.jpg'><\/p>\n","protected":false},"excerpt":{"rendered":"<p>Au mois de septembre 2020, le Gouvernement a annonc\u00e9 la mise en \u0153uvre d\u2019un plan de relance comprenant, notamment, des mesures pour le secteur agricole. Certaines d\u2019entre elles viennent faire l\u2019objet de pr\u00e9cisions. Lesquelles ?<\/p>\n","protected":false},"author":0,"featured_media":3773,"comment_status":"open","ping_status":"closed","sticky":false,"template":"","format":"standard","meta":{"_acf_changed":false,"footnotes":""},"categories":[9,7],"tags":[],"class_list":["post-1146","post","type-post","status-publish","format-standard","has-post-thumbnail","hentry","category-actu-juridique","category-actualites"],"acf":[],"yoast_head":"<!-- This site is optimized with the Yoast SEO plugin v27.2 - https:\/\/yoast.com\/product\/yoast-seo-wordpress\/ -->\n<title>Coronavirus (COVID-19) et plan de relance : des pr\u00e9cisions pour l\u2019agriculture - Cabinet Magar<\/title>\n<meta name=\"robots\" content=\"index, follow, max-snippet:-1, max-image-preview:large, max-video-preview:-1\" \/>\n<link rel=\"canonical\" href=\"https:\/\/www.cabinet-magar.fr\/actualites\/coronavirus-covid-19-et-plan-de-relance-des-precisions-pour-lagriculture\/\" \/>\n<meta property=\"og:locale\" content=\"de_DE\" \/>\n<meta property=\"og:type\" content=\"article\" \/>\n<meta property=\"og:title\" content=\"Coronavirus (COVID-19) et plan de relance : des pr\u00e9cisions pour l\u2019agriculture - Cabinet Magar\" \/>\n<meta property=\"og:description\" content=\"Au mois de septembre 2020, le Gouvernement a annonc\u00e9 la mise en \u0153uvre d\u2019un plan de relance comprenant, notamment, des mesures pour le secteur agricole. Certaines d\u2019entre elles viennent faire l\u2019objet de pr\u00e9cisions. Lesquelles ?\" \/>\n<meta property=\"og:url\" content=\"https:\/\/www.cabinet-magar.fr\/actualites\/coronavirus-covid-19-et-plan-de-relance-des-precisions-pour-lagriculture\/\" \/>\n<meta property=\"og:site_name\" content=\"Cabinet Magar\" \/>\n<meta property=\"article:published_time\" content=\"2020-11-19T04:46:00+00:00\" \/>\n<meta property=\"article:modified_time\" content=\"2021-05-06T01:00:35+00:00\" \/>\n<meta property=\"og:image\" content=\"https:\/\/www.cabinet-magar.fr\/wp-content\/uploads\/2021\/04\/agricole.jpg\" \/>\n\t<meta property=\"og:image:width\" content=\"600\" \/>\n\t<meta property=\"og:image:height\" content=\"400\" \/>\n\t<meta property=\"og:image:type\" content=\"image\/jpeg\" \/>\n<meta name=\"twitter:card\" content=\"summary_large_image\" \/>\n<meta name=\"twitter:label1\" content=\"Gesch\u00e4tzte Lesezeit\" \/>\n\t<meta name=\"twitter:data1\" content=\"2\u00a0Minuten\" \/>\n<script type=\"application\/ld+json\" class=\"yoast-schema-graph\">{\"@context\":\"https:\/\/schema.org\",\"@graph\":[{\"@type\":\"Article\",\"@id\":\"https:\/\/www.cabinet-magar.fr\/actualites\/coronavirus-covid-19-et-plan-de-relance-des-precisions-pour-lagriculture\/#article\",\"isPartOf\":{\"@id\":\"https:\/\/www.cabinet-magar.fr\/actualites\/coronavirus-covid-19-et-plan-de-relance-des-precisions-pour-lagriculture\/\"},\"author\":{\"name\":\"\",\"@id\":\"\"},\"headline\":\"Coronavirus (COVID-19) et plan de relance : des pr\u00e9cisions pour l\u2019agriculture\",\"datePublished\":\"2020-11-19T04:46:00+00:00\",\"dateModified\":\"2021-05-06T01:00:35+00:00\",\"mainEntityOfPage\":{\"@id\":\"https:\/\/www.cabinet-magar.fr\/actualites\/coronavirus-covid-19-et-plan-de-relance-des-precisions-pour-lagriculture\/\"},\"wordCount\":506,\"commentCount\":0,\"image\":{\"@id\":\"https:\/\/www.cabinet-magar.fr\/actualites\/coronavirus-covid-19-et-plan-de-relance-des-precisions-pour-lagriculture\/#primaryimage\"},\"thumbnailUrl\":\"https:\/\/www.cabinet-magar.fr\/wp-content\/uploads\/2021\/04\/agricole.jpg\",\"articleSection\":[\"Actu Juridique\",\"Actualit\u00e9s\"],\"inLanguage\":\"de\",\"potentialAction\":[{\"@type\":\"CommentAction\",\"name\":\"Comment\",\"target\":[\"https:\/\/www.cabinet-magar.fr\/actualites\/coronavirus-covid-19-et-plan-de-relance-des-precisions-pour-lagriculture\/#respond\"]}]},{\"@type\":\"WebPage\",\"@id\":\"https:\/\/www.cabinet-magar.fr\/actualites\/coronavirus-covid-19-et-plan-de-relance-des-precisions-pour-lagriculture\/\",\"url\":\"https:\/\/www.cabinet-magar.fr\/actualites\/coronavirus-covid-19-et-plan-de-relance-des-precisions-pour-lagriculture\/\",\"name\":\"Coronavirus (COVID-19) et plan de relance : des pr\u00e9cisions pour l\u2019agriculture - Cabinet Magar\",\"isPartOf\":{\"@id\":\"https:\/\/www.cabinet-magar.fr\/#website\"},\"primaryImageOfPage\":{\"@id\":\"https:\/\/www.cabinet-magar.fr\/actualites\/coronavirus-covid-19-et-plan-de-relance-des-precisions-pour-lagriculture\/#primaryimage\"},\"image\":{\"@id\":\"https:\/\/www.cabinet-magar.fr\/actualites\/coronavirus-covid-19-et-plan-de-relance-des-precisions-pour-lagriculture\/#primaryimage\"},\"thumbnailUrl\":\"https:\/\/www.cabinet-magar.fr\/wp-content\/uploads\/2021\/04\/agricole.jpg\",\"datePublished\":\"2020-11-19T04:46:00+00:00\",\"dateModified\":\"2021-05-06T01:00:35+00:00\",\"author\":{\"@id\":\"\"},\"breadcrumb\":{\"@id\":\"https:\/\/www.cabinet-magar.fr\/actualites\/coronavirus-covid-19-et-plan-de-relance-des-precisions-pour-lagriculture\/#breadcrumb\"},\"inLanguage\":\"de\",\"potentialAction\":[{\"@type\":\"ReadAction\",\"target\":[\"https:\/\/www.cabinet-magar.fr\/actualites\/coronavirus-covid-19-et-plan-de-relance-des-precisions-pour-lagriculture\/\"]}]},{\"@type\":\"ImageObject\",\"inLanguage\":\"de\",\"@id\":\"https:\/\/www.cabinet-magar.fr\/actualites\/coronavirus-covid-19-et-plan-de-relance-des-precisions-pour-lagriculture\/#primaryimage\",\"url\":\"https:\/\/www.cabinet-magar.fr\/wp-content\/uploads\/2021\/04\/agricole.jpg\",\"contentUrl\":\"https:\/\/www.cabinet-magar.fr\/wp-content\/uploads\/2021\/04\/agricole.jpg\",\"width\":600,\"height\":400},{\"@type\":\"BreadcrumbList\",\"@id\":\"https:\/\/www.cabinet-magar.fr\/actualites\/coronavirus-covid-19-et-plan-de-relance-des-precisions-pour-lagriculture\/#breadcrumb\",\"itemListElement\":[{\"@type\":\"ListItem\",\"position\":1,\"name\":\"Accueil\",\"item\":\"https:\/\/www.cabinet-magar.fr\/de\/\"},{\"@type\":\"ListItem\",\"position\":2,\"name\":\"Coronavirus (COVID-19) et plan de relance : des pr\u00e9cisions pour l\u2019agriculture\"}]},{\"@type\":\"WebSite\",\"@id\":\"https:\/\/www.cabinet-magar.fr\/#website\",\"url\":\"https:\/\/www.cabinet-magar.fr\/\",\"name\":\"Cabinet Magar\",\"description\":\"\",\"potentialAction\":[{\"@type\":\"SearchAction\",\"target\":{\"@type\":\"EntryPoint\",\"urlTemplate\":\"https:\/\/www.cabinet-magar.fr\/?s={search_term_string}\"},\"query-input\":{\"@type\":\"PropertyValueSpecification\",\"valueRequired\":true,\"valueName\":\"search_term_string\"}}],\"inLanguage\":\"de\"}]}<\/script>\n<!-- \/ Yoast SEO plugin. -->","yoast_head_json":{"title":"Coronavirus (COVID-19) et plan de relance : des pr\u00e9cisions pour l\u2019agriculture - Cabinet Magar","robots":{"index":"index","follow":"follow","max-snippet":"max-snippet:-1","max-image-preview":"max-image-preview:large","max-video-preview":"max-video-preview:-1"},"canonical":"https:\/\/www.cabinet-magar.fr\/actualites\/coronavirus-covid-19-et-plan-de-relance-des-precisions-pour-lagriculture\/","og_locale":"de_DE","og_type":"article","og_title":"Coronavirus (COVID-19) et plan de relance : des pr\u00e9cisions pour l\u2019agriculture - Cabinet Magar","og_description":"Au mois de septembre 2020, le Gouvernement a annonc\u00e9 la mise en \u0153uvre d\u2019un plan de relance comprenant, notamment, des mesures pour le secteur agricole. Certaines d\u2019entre elles viennent faire l\u2019objet de pr\u00e9cisions. Lesquelles ?","og_url":"https:\/\/www.cabinet-magar.fr\/actualites\/coronavirus-covid-19-et-plan-de-relance-des-precisions-pour-lagriculture\/","og_site_name":"Cabinet Magar","article_published_time":"2020-11-19T04:46:00+00:00","article_modified_time":"2021-05-06T01:00:35+00:00","og_image":[{"width":600,"height":400,"url":"https:\/\/www.cabinet-magar.fr\/wp-content\/uploads\/2021\/04\/agricole.jpg","type":"image\/jpeg"}],"twitter_card":"summary_large_image","twitter_misc":{"Gesch\u00e4tzte Lesezeit":"2\u00a0Minuten"},"schema":{"@context":"https:\/\/schema.org","@graph":[{"@type":"Article","@id":"https:\/\/www.cabinet-magar.fr\/actualites\/coronavirus-covid-19-et-plan-de-relance-des-precisions-pour-lagriculture\/#article","isPartOf":{"@id":"https:\/\/www.cabinet-magar.fr\/actualites\/coronavirus-covid-19-et-plan-de-relance-des-precisions-pour-lagriculture\/"},"author":{"name":"","@id":""},"headline":"Coronavirus (COVID-19) et plan de relance : des pr\u00e9cisions pour l\u2019agriculture","datePublished":"2020-11-19T04:46:00+00:00","dateModified":"2021-05-06T01:00:35+00:00","mainEntityOfPage":{"@id":"https:\/\/www.cabinet-magar.fr\/actualites\/coronavirus-covid-19-et-plan-de-relance-des-precisions-pour-lagriculture\/"},"wordCount":506,"commentCount":0,"image":{"@id":"https:\/\/www.cabinet-magar.fr\/actualites\/coronavirus-covid-19-et-plan-de-relance-des-precisions-pour-lagriculture\/#primaryimage"},"thumbnailUrl":"https:\/\/www.cabinet-magar.fr\/wp-content\/uploads\/2021\/04\/agricole.jpg","articleSection":["Actu Juridique","Actualit\u00e9s"],"inLanguage":"de","potentialAction":[{"@type":"CommentAction","name":"Comment","target":["https:\/\/www.cabinet-magar.fr\/actualites\/coronavirus-covid-19-et-plan-de-relance-des-precisions-pour-lagriculture\/#respond"]}]},{"@type":"WebPage","@id":"https:\/\/www.cabinet-magar.fr\/actualites\/coronavirus-covid-19-et-plan-de-relance-des-precisions-pour-lagriculture\/","url":"https:\/\/www.cabinet-magar.fr\/actualites\/coronavirus-covid-19-et-plan-de-relance-des-precisions-pour-lagriculture\/","name":"Coronavirus (COVID-19) et plan de relance : des pr\u00e9cisions pour l\u2019agriculture - Cabinet Magar","isPartOf":{"@id":"https:\/\/www.cabinet-magar.fr\/#website"},"primaryImageOfPage":{"@id":"https:\/\/www.cabinet-magar.fr\/actualites\/coronavirus-covid-19-et-plan-de-relance-des-precisions-pour-lagriculture\/#primaryimage"},"image":{"@id":"https:\/\/www.cabinet-magar.fr\/actualites\/coronavirus-covid-19-et-plan-de-relance-des-precisions-pour-lagriculture\/#primaryimage"},"thumbnailUrl":"https:\/\/www.cabinet-magar.fr\/wp-content\/uploads\/2021\/04\/agricole.jpg","datePublished":"2020-11-19T04:46:00+00:00","dateModified":"2021-05-06T01:00:35+00:00","author":{"@id":""},"breadcrumb":{"@id":"https:\/\/www.cabinet-magar.fr\/actualites\/coronavirus-covid-19-et-plan-de-relance-des-precisions-pour-lagriculture\/#breadcrumb"},"inLanguage":"de","potentialAction":[{"@type":"ReadAction","target":["https:\/\/www.cabinet-magar.fr\/actualites\/coronavirus-covid-19-et-plan-de-relance-des-precisions-pour-lagriculture\/"]}]},{"@type":"ImageObject","inLanguage":"de","@id":"https:\/\/www.cabinet-magar.fr\/actualites\/coronavirus-covid-19-et-plan-de-relance-des-precisions-pour-lagriculture\/#primaryimage","url":"https:\/\/www.cabinet-magar.fr\/wp-content\/uploads\/2021\/04\/agricole.jpg","contentUrl":"https:\/\/www.cabinet-magar.fr\/wp-content\/uploads\/2021\/04\/agricole.jpg","width":600,"height":400},{"@type":"BreadcrumbList","@id":"https:\/\/www.cabinet-magar.fr\/actualites\/coronavirus-covid-19-et-plan-de-relance-des-precisions-pour-lagriculture\/#breadcrumb","itemListElement":[{"@type":"ListItem","position":1,"name":"Accueil","item":"https:\/\/www.cabinet-magar.fr\/de\/"},{"@type":"ListItem","position":2,"name":"Coronavirus (COVID-19) et plan de relance : des pr\u00e9cisions pour l\u2019agriculture"}]},{"@type":"WebSite","@id":"https:\/\/www.cabinet-magar.fr\/#website","url":"https:\/\/www.cabinet-magar.fr\/","name":"Cabinet Magar","description":"","potentialAction":[{"@type":"SearchAction","target":{"@type":"EntryPoint","urlTemplate":"https:\/\/www.cabinet-magar.fr\/?s={search_term_string}"},"query-input":{"@type":"PropertyValueSpecification","valueRequired":true,"valueName":"search_term_string"}}],"inLanguage":"de"}]}},"_links":{"self":[{"href":"https:\/\/www.cabinet-magar.fr\/de\/wp-json\/wp\/v2\/posts\/1146","targetHints":{"allow":["GET"]}}],"collection":[{"href":"https:\/\/www.cabinet-magar.fr\/de\/wp-json\/wp\/v2\/posts"}],"about":[{"href":"https:\/\/www.cabinet-magar.fr\/de\/wp-json\/wp\/v2\/types\/post"}],"replies":[{"embeddable":true,"href":"https:\/\/www.cabinet-magar.fr\/de\/wp-json\/wp\/v2\/comments?post=1146"}],"version-history":[{"count":1,"href":"https:\/\/www.cabinet-magar.fr\/de\/wp-json\/wp\/v2\/posts\/1146\/revisions"}],"predecessor-version":[{"id":4689,"href":"https:\/\/www.cabinet-magar.fr\/de\/wp-json\/wp\/v2\/posts\/1146\/revisions\/4689"}],"wp:featuredmedia":[{"embeddable":true,"href":"https:\/\/www.cabinet-magar.fr\/de\/wp-json\/wp\/v2\/media\/3773"}],"wp:attachment":[{"href":"https:\/\/www.cabinet-magar.fr\/de\/wp-json\/wp\/v2\/media?parent=1146"}],"wp:term":[{"taxonomy":"category","embeddable":true,"href":"https:\/\/www.cabinet-magar.fr\/de\/wp-json\/wp\/v2\/categories?post=1146"},{"taxonomy":"post_tag","embeddable":true,"href":"https:\/\/www.cabinet-magar.fr\/de\/wp-json\/wp\/v2\/tags?post=1146"}],"curies":[{"name":"wp","href":"https:\/\/api.w.org\/{rel}","templated":true}]}}