{"id":1145,"date":"2020-11-19T05:47:00","date_gmt":"2020-11-19T04:47:00","guid":{"rendered":"https:\/\/www.cabinet-magar.fr\/concurrence-deloyale-coupable-mais-pas-seul-responsable\/"},"modified":"2021-05-06T03:00:24","modified_gmt":"2021-05-06T01:00:24","slug":"concurrence-deloyale-coupable-mais-pas-seul-responsable","status":"publish","type":"post","link":"https:\/\/www.cabinet-magar.fr\/de\/actualites\/concurrence-deloyale-coupable-mais-pas-seul-responsable\/","title":{"rendered":"Concurrence d\u00e9loyale : coupable, mais pas (seul) responsable\u2026"},"content":{"rendered":"<p >Une soci\u00e9t\u00e9 r\u00e9clame une indemnisation \u00e0 son ex-dirigeant, auquel elle reproche la publication d\u2019un article d\u00e9nigrant l\u2019un de ses produits. Sauf, r\u00e9torque celui-ci, qu\u2019il n\u2019est pas le seul auteur du communiqu\u00e9 en question\u2026 et que cela change tout\u2026<\/p>\n<div>\n<h2> Gare au d\u00e9nigrement !<\/h2>\n<p>A la suite du d\u00e9veloppement d\u2019une mol\u00e9cule, une soci\u00e9t\u00e9 publie plusieurs communiqu\u00e9s relatifs \u00e0 l\u2019utilisation de celle-ci pour le traitement des maladies m\u00e9taboliques.<\/p>\n<p>Mais quelques jours plus tard, un autre communiqu\u00e9, r\u00e9dig\u00e9 et diffus\u00e9 par un collectif regroupant divers acteurs, met en cause la mol\u00e9cule que la soci\u00e9t\u00e9 vient de mettre au point\u2026<\/p>\n<p>Un d\u00e9nigrement, selon celle-ci, qui d\u00e9cide alors de r\u00e9clamer une indemnisation \u00e0 l\u2019un membres du collectif \u00e0 l\u2019origine du communiqu\u00e9\u2026 qui n\u2019est autre que son ancien dirigeant !<\/p>\n<p>Une demande d\u2019indemnisation infond\u00e9e, selon celui-ci, qui souligne qu\u2019\u00e0 d\u00e9faut d\u2019\u00eatre le seul auteur de cette publication, il ne peut en \u00eatre tenu pour responsable\u2026<\/p>\n<p>Une position que ne partage pas le juge : m\u00eame si l\u2019ex-dirigeant n\u2019est pas l\u2019unique auteur et instigateur du communiqu\u00e9 constitutif du d\u00e9nigrement, il peut voir sa responsabilit\u00e9 engag\u00e9e d\u00e8s lors qu\u2019il y a en effet particip\u00e9\u2026 ce qui est bien le cas ici.<\/p>\n<p>La soci\u00e9t\u00e9 a donc droit \u00e0 une indemnisation\u2026<\/p>\n<p><span style=\"text-decoration: underline;\">Source :<\/span> Arr\u00eat de la Cour de cassation, chambre commerciale, du 4 novembre 2020, n \u00b0 18-23757 (NP)<\/p>\n<p><a title=\"WebLex - Concurrence d\u00e9loyale : coupable, mais pas (seul) responsable\u2026\" href=\"https:\/\/www.weblex.fr\/weblex-actualite\/concurrence-deloyale-coupable-mais-pas-seul-responsable\" target=\"_blank\" rel=\"noopener\">Concurrence d\u00e9loyale : coupable, mais pas (seul) responsable\u2026<\/a> \u00a9 Copyright WebLex &#8211; 2020<\/p>\n<\/div>\n<p><img src='https:\/\/www.weblex.fr\/images\/flux_actus\/concurrencedeloyale.jpg'><\/p>\n","protected":false},"excerpt":{"rendered":"<p>Une soci\u00e9t\u00e9 r\u00e9clame une indemnisation \u00e0 son ex-dirigeant, auquel elle reproche la publication d\u2019un article d\u00e9nigrant l\u2019un de ses produits. Sauf, r\u00e9torque celui-ci, qu\u2019il n\u2019est pas le seul auteur du communiqu\u00e9 en question\u2026 et que cela change tout\u2026<\/p>\n","protected":false},"author":0,"featured_media":4688,"comment_status":"open","ping_status":"closed","sticky":false,"template":"","format":"standard","meta":{"_acf_changed":false,"footnotes":""},"categories":[9,7],"tags":[],"class_list":["post-1145","post","type-post","status-publish","format-standard","has-post-thumbnail","hentry","category-actu-juridique","category-actualites"],"acf":[],"yoast_head":"<!-- This site is optimized with the Yoast SEO plugin v27.2 - https:\/\/yoast.com\/product\/yoast-seo-wordpress\/ -->\n<title>Concurrence d\u00e9loyale : coupable, mais pas (seul) responsable\u2026 - Cabinet Magar<\/title>\n<meta name=\"robots\" content=\"index, follow, max-snippet:-1, max-image-preview:large, max-video-preview:-1\" \/>\n<link rel=\"canonical\" href=\"https:\/\/www.cabinet-magar.fr\/actualites\/concurrence-deloyale-coupable-mais-pas-seul-responsable\/\" \/>\n<meta property=\"og:locale\" content=\"de_DE\" \/>\n<meta property=\"og:type\" content=\"article\" \/>\n<meta property=\"og:title\" content=\"Concurrence d\u00e9loyale : coupable, mais pas (seul) responsable\u2026 - Cabinet Magar\" \/>\n<meta property=\"og:description\" content=\"Une soci\u00e9t\u00e9 r\u00e9clame une indemnisation \u00e0 son ex-dirigeant, auquel elle reproche la publication d\u2019un article d\u00e9nigrant l\u2019un de ses produits. Sauf, r\u00e9torque celui-ci, qu\u2019il n\u2019est pas le seul auteur du communiqu\u00e9 en question\u2026 et que cela change tout\u2026\" \/>\n<meta property=\"og:url\" content=\"https:\/\/www.cabinet-magar.fr\/actualites\/concurrence-deloyale-coupable-mais-pas-seul-responsable\/\" \/>\n<meta property=\"og:site_name\" content=\"Cabinet Magar\" \/>\n<meta property=\"article:published_time\" content=\"2020-11-19T04:47:00+00:00\" \/>\n<meta property=\"article:modified_time\" content=\"2021-05-06T01:00:24+00:00\" \/>\n<meta property=\"og:image\" content=\"https:\/\/www.cabinet-magar.fr\/wp-content\/uploads\/2021\/05\/concurrencedeloyale.jpg\" \/>\n\t<meta property=\"og:image:width\" content=\"600\" \/>\n\t<meta property=\"og:image:height\" content=\"400\" \/>\n\t<meta property=\"og:image:type\" content=\"image\/jpeg\" \/>\n<meta name=\"twitter:card\" content=\"summary_large_image\" \/>\n<meta name=\"twitter:label1\" content=\"Gesch\u00e4tzte Lesezeit\" \/>\n\t<meta name=\"twitter:data1\" content=\"1\u00a0Minute\" \/>\n<script type=\"application\/ld+json\" class=\"yoast-schema-graph\">{\"@context\":\"https:\/\/schema.org\",\"@graph\":[{\"@type\":\"Article\",\"@id\":\"https:\/\/www.cabinet-magar.fr\/actualites\/concurrence-deloyale-coupable-mais-pas-seul-responsable\/#article\",\"isPartOf\":{\"@id\":\"https:\/\/www.cabinet-magar.fr\/actualites\/concurrence-deloyale-coupable-mais-pas-seul-responsable\/\"},\"author\":{\"name\":\"\",\"@id\":\"\"},\"headline\":\"Concurrence d\u00e9loyale : coupable, mais pas (seul) responsable\u2026\",\"datePublished\":\"2020-11-19T04:47:00+00:00\",\"dateModified\":\"2021-05-06T01:00:24+00:00\",\"mainEntityOfPage\":{\"@id\":\"https:\/\/www.cabinet-magar.fr\/actualites\/concurrence-deloyale-coupable-mais-pas-seul-responsable\/\"},\"wordCount\":264,\"commentCount\":0,\"image\":{\"@id\":\"https:\/\/www.cabinet-magar.fr\/actualites\/concurrence-deloyale-coupable-mais-pas-seul-responsable\/#primaryimage\"},\"thumbnailUrl\":\"https:\/\/www.cabinet-magar.fr\/wp-content\/uploads\/2021\/05\/concurrencedeloyale.jpg\",\"articleSection\":[\"Actu Juridique\",\"Actualit\u00e9s\"],\"inLanguage\":\"de\",\"potentialAction\":[{\"@type\":\"CommentAction\",\"name\":\"Comment\",\"target\":[\"https:\/\/www.cabinet-magar.fr\/actualites\/concurrence-deloyale-coupable-mais-pas-seul-responsable\/#respond\"]}]},{\"@type\":\"WebPage\",\"@id\":\"https:\/\/www.cabinet-magar.fr\/actualites\/concurrence-deloyale-coupable-mais-pas-seul-responsable\/\",\"url\":\"https:\/\/www.cabinet-magar.fr\/actualites\/concurrence-deloyale-coupable-mais-pas-seul-responsable\/\",\"name\":\"Concurrence d\u00e9loyale : coupable, mais pas (seul) responsable\u2026 - Cabinet Magar\",\"isPartOf\":{\"@id\":\"https:\/\/www.cabinet-magar.fr\/#website\"},\"primaryImageOfPage\":{\"@id\":\"https:\/\/www.cabinet-magar.fr\/actualites\/concurrence-deloyale-coupable-mais-pas-seul-responsable\/#primaryimage\"},\"image\":{\"@id\":\"https:\/\/www.cabinet-magar.fr\/actualites\/concurrence-deloyale-coupable-mais-pas-seul-responsable\/#primaryimage\"},\"thumbnailUrl\":\"https:\/\/www.cabinet-magar.fr\/wp-content\/uploads\/2021\/05\/concurrencedeloyale.jpg\",\"datePublished\":\"2020-11-19T04:47:00+00:00\",\"dateModified\":\"2021-05-06T01:00:24+00:00\",\"author\":{\"@id\":\"\"},\"breadcrumb\":{\"@id\":\"https:\/\/www.cabinet-magar.fr\/actualites\/concurrence-deloyale-coupable-mais-pas-seul-responsable\/#breadcrumb\"},\"inLanguage\":\"de\",\"potentialAction\":[{\"@type\":\"ReadAction\",\"target\":[\"https:\/\/www.cabinet-magar.fr\/actualites\/concurrence-deloyale-coupable-mais-pas-seul-responsable\/\"]}]},{\"@type\":\"ImageObject\",\"inLanguage\":\"de\",\"@id\":\"https:\/\/www.cabinet-magar.fr\/actualites\/concurrence-deloyale-coupable-mais-pas-seul-responsable\/#primaryimage\",\"url\":\"https:\/\/www.cabinet-magar.fr\/wp-content\/uploads\/2021\/05\/concurrencedeloyale.jpg\",\"contentUrl\":\"https:\/\/www.cabinet-magar.fr\/wp-content\/uploads\/2021\/05\/concurrencedeloyale.jpg\",\"width\":600,\"height\":400},{\"@type\":\"BreadcrumbList\",\"@id\":\"https:\/\/www.cabinet-magar.fr\/actualites\/concurrence-deloyale-coupable-mais-pas-seul-responsable\/#breadcrumb\",\"itemListElement\":[{\"@type\":\"ListItem\",\"position\":1,\"name\":\"Accueil\",\"item\":\"https:\/\/www.cabinet-magar.fr\/de\/\"},{\"@type\":\"ListItem\",\"position\":2,\"name\":\"Concurrence d\u00e9loyale : coupable, mais pas (seul) responsable\u2026\"}]},{\"@type\":\"WebSite\",\"@id\":\"https:\/\/www.cabinet-magar.fr\/#website\",\"url\":\"https:\/\/www.cabinet-magar.fr\/\",\"name\":\"Cabinet Magar\",\"description\":\"\",\"potentialAction\":[{\"@type\":\"SearchAction\",\"target\":{\"@type\":\"EntryPoint\",\"urlTemplate\":\"https:\/\/www.cabinet-magar.fr\/?s={search_term_string}\"},\"query-input\":{\"@type\":\"PropertyValueSpecification\",\"valueRequired\":true,\"valueName\":\"search_term_string\"}}],\"inLanguage\":\"de\"}]}<\/script>\n<!-- \/ Yoast SEO plugin. -->","yoast_head_json":{"title":"Concurrence d\u00e9loyale : coupable, mais pas (seul) responsable\u2026 - Cabinet Magar","robots":{"index":"index","follow":"follow","max-snippet":"max-snippet:-1","max-image-preview":"max-image-preview:large","max-video-preview":"max-video-preview:-1"},"canonical":"https:\/\/www.cabinet-magar.fr\/actualites\/concurrence-deloyale-coupable-mais-pas-seul-responsable\/","og_locale":"de_DE","og_type":"article","og_title":"Concurrence d\u00e9loyale : coupable, mais pas (seul) responsable\u2026 - Cabinet Magar","og_description":"Une soci\u00e9t\u00e9 r\u00e9clame une indemnisation \u00e0 son ex-dirigeant, auquel elle reproche la publication d\u2019un article d\u00e9nigrant l\u2019un de ses produits. Sauf, r\u00e9torque celui-ci, qu\u2019il n\u2019est pas le seul auteur du communiqu\u00e9 en question\u2026 et que cela change tout\u2026","og_url":"https:\/\/www.cabinet-magar.fr\/actualites\/concurrence-deloyale-coupable-mais-pas-seul-responsable\/","og_site_name":"Cabinet Magar","article_published_time":"2020-11-19T04:47:00+00:00","article_modified_time":"2021-05-06T01:00:24+00:00","og_image":[{"width":600,"height":400,"url":"https:\/\/www.cabinet-magar.fr\/wp-content\/uploads\/2021\/05\/concurrencedeloyale.jpg","type":"image\/jpeg"}],"twitter_card":"summary_large_image","twitter_misc":{"Gesch\u00e4tzte Lesezeit":"1\u00a0Minute"},"schema":{"@context":"https:\/\/schema.org","@graph":[{"@type":"Article","@id":"https:\/\/www.cabinet-magar.fr\/actualites\/concurrence-deloyale-coupable-mais-pas-seul-responsable\/#article","isPartOf":{"@id":"https:\/\/www.cabinet-magar.fr\/actualites\/concurrence-deloyale-coupable-mais-pas-seul-responsable\/"},"author":{"name":"","@id":""},"headline":"Concurrence d\u00e9loyale : coupable, mais pas (seul) responsable\u2026","datePublished":"2020-11-19T04:47:00+00:00","dateModified":"2021-05-06T01:00:24+00:00","mainEntityOfPage":{"@id":"https:\/\/www.cabinet-magar.fr\/actualites\/concurrence-deloyale-coupable-mais-pas-seul-responsable\/"},"wordCount":264,"commentCount":0,"image":{"@id":"https:\/\/www.cabinet-magar.fr\/actualites\/concurrence-deloyale-coupable-mais-pas-seul-responsable\/#primaryimage"},"thumbnailUrl":"https:\/\/www.cabinet-magar.fr\/wp-content\/uploads\/2021\/05\/concurrencedeloyale.jpg","articleSection":["Actu Juridique","Actualit\u00e9s"],"inLanguage":"de","potentialAction":[{"@type":"CommentAction","name":"Comment","target":["https:\/\/www.cabinet-magar.fr\/actualites\/concurrence-deloyale-coupable-mais-pas-seul-responsable\/#respond"]}]},{"@type":"WebPage","@id":"https:\/\/www.cabinet-magar.fr\/actualites\/concurrence-deloyale-coupable-mais-pas-seul-responsable\/","url":"https:\/\/www.cabinet-magar.fr\/actualites\/concurrence-deloyale-coupable-mais-pas-seul-responsable\/","name":"Concurrence d\u00e9loyale : coupable, mais pas (seul) responsable\u2026 - Cabinet Magar","isPartOf":{"@id":"https:\/\/www.cabinet-magar.fr\/#website"},"primaryImageOfPage":{"@id":"https:\/\/www.cabinet-magar.fr\/actualites\/concurrence-deloyale-coupable-mais-pas-seul-responsable\/#primaryimage"},"image":{"@id":"https:\/\/www.cabinet-magar.fr\/actualites\/concurrence-deloyale-coupable-mais-pas-seul-responsable\/#primaryimage"},"thumbnailUrl":"https:\/\/www.cabinet-magar.fr\/wp-content\/uploads\/2021\/05\/concurrencedeloyale.jpg","datePublished":"2020-11-19T04:47:00+00:00","dateModified":"2021-05-06T01:00:24+00:00","author":{"@id":""},"breadcrumb":{"@id":"https:\/\/www.cabinet-magar.fr\/actualites\/concurrence-deloyale-coupable-mais-pas-seul-responsable\/#breadcrumb"},"inLanguage":"de","potentialAction":[{"@type":"ReadAction","target":["https:\/\/www.cabinet-magar.fr\/actualites\/concurrence-deloyale-coupable-mais-pas-seul-responsable\/"]}]},{"@type":"ImageObject","inLanguage":"de","@id":"https:\/\/www.cabinet-magar.fr\/actualites\/concurrence-deloyale-coupable-mais-pas-seul-responsable\/#primaryimage","url":"https:\/\/www.cabinet-magar.fr\/wp-content\/uploads\/2021\/05\/concurrencedeloyale.jpg","contentUrl":"https:\/\/www.cabinet-magar.fr\/wp-content\/uploads\/2021\/05\/concurrencedeloyale.jpg","width":600,"height":400},{"@type":"BreadcrumbList","@id":"https:\/\/www.cabinet-magar.fr\/actualites\/concurrence-deloyale-coupable-mais-pas-seul-responsable\/#breadcrumb","itemListElement":[{"@type":"ListItem","position":1,"name":"Accueil","item":"https:\/\/www.cabinet-magar.fr\/de\/"},{"@type":"ListItem","position":2,"name":"Concurrence d\u00e9loyale : coupable, mais pas (seul) responsable\u2026"}]},{"@type":"WebSite","@id":"https:\/\/www.cabinet-magar.fr\/#website","url":"https:\/\/www.cabinet-magar.fr\/","name":"Cabinet Magar","description":"","potentialAction":[{"@type":"SearchAction","target":{"@type":"EntryPoint","urlTemplate":"https:\/\/www.cabinet-magar.fr\/?s={search_term_string}"},"query-input":{"@type":"PropertyValueSpecification","valueRequired":true,"valueName":"search_term_string"}}],"inLanguage":"de"}]}},"_links":{"self":[{"href":"https:\/\/www.cabinet-magar.fr\/de\/wp-json\/wp\/v2\/posts\/1145","targetHints":{"allow":["GET"]}}],"collection":[{"href":"https:\/\/www.cabinet-magar.fr\/de\/wp-json\/wp\/v2\/posts"}],"about":[{"href":"https:\/\/www.cabinet-magar.fr\/de\/wp-json\/wp\/v2\/types\/post"}],"replies":[{"embeddable":true,"href":"https:\/\/www.cabinet-magar.fr\/de\/wp-json\/wp\/v2\/comments?post=1145"}],"version-history":[{"count":1,"href":"https:\/\/www.cabinet-magar.fr\/de\/wp-json\/wp\/v2\/posts\/1145\/revisions"}],"predecessor-version":[{"id":4687,"href":"https:\/\/www.cabinet-magar.fr\/de\/wp-json\/wp\/v2\/posts\/1145\/revisions\/4687"}],"wp:featuredmedia":[{"embeddable":true,"href":"https:\/\/www.cabinet-magar.fr\/de\/wp-json\/wp\/v2\/media\/4688"}],"wp:attachment":[{"href":"https:\/\/www.cabinet-magar.fr\/de\/wp-json\/wp\/v2\/media?parent=1145"}],"wp:term":[{"taxonomy":"category","embeddable":true,"href":"https:\/\/www.cabinet-magar.fr\/de\/wp-json\/wp\/v2\/categories?post=1145"},{"taxonomy":"post_tag","embeddable":true,"href":"https:\/\/www.cabinet-magar.fr\/de\/wp-json\/wp\/v2\/tags?post=1145"}],"curies":[{"name":"wp","href":"https:\/\/api.w.org\/{rel}","templated":true}]}}