{"id":1144,"date":"2020-11-19T05:48:00","date_gmt":"2020-11-19T04:48:00","guid":{"rendered":"https:\/\/www.cabinet-magar.fr\/agriculteurs-et-commercants-la-grippe-aviaire-est-la\/"},"modified":"2021-05-05T03:01:05","modified_gmt":"2021-05-05T01:01:05","slug":"agriculteurs-et-commercants-la-grippe-aviaire-est-la","status":"publish","type":"post","link":"https:\/\/www.cabinet-magar.fr\/de\/actualites\/agriculteurs-et-commercants-la-grippe-aviaire-est-la\/","title":{"rendered":"Agriculteurs et commer\u00e7ants : la grippe aviaire est l\u00e0\u2026"},"content":{"rendered":"<p >Le 20 octobre 2020, des cas de grippe aviaire sur des cygnes ont \u00e9t\u00e9 d\u00e9tect\u00e9s aux Pays-Bas. Les couloirs de migration des oiseaux sauvages passant par la France, le risque d\u2019introduction de la grippe aviaire en m\u00e9tropole est pass\u00e9 de \u00ab n\u00e9gligeable \u00bb \u00e0 \u00ab mod\u00e9r\u00e9 \u00bb. Ce risque vient encore d\u2019\u00e9voluer\u2026<\/p>\n<div>\n<h2>Agriculteurs, commer\u00e7ants : la France passe en niveau \u00ab \u00e9lev\u00e9 \u00bb<\/h2>\n<p>Apr\u00e8s plusieurs pays du Nord de l\u2019Europe, la France a d\u00e9tect\u00e9 un foyer de grippe aviaire en Haute-Corse. Le cas a \u00e9t\u00e9 identifi\u00e9 dans le rayon animalerie d\u2019une jardinerie, \u00e0 la suite de la constatation de mortalit\u00e9s anormales parmi les volailles. Tous les oiseaux ont donc \u00e9t\u00e9 euthanasi\u00e9s.<\/p>\n<p>Apr\u00e8s avoir pris connaissance de ce cas, le Gouvernement a d\u00e9cid\u00e9 de placer l\u2019ensemble du territoire national m\u00e9tropolitain en niveau de risque \u00ab \u00e9lev\u00e9 \u00bb, depuis le 17 novembre 2020.<\/p>\n<p>\u00c0 ce titre, les mesures suivantes s\u2019appliquent \u00e0 l\u2019ensemble des d\u00e9partements m\u00e9tropolitains :<\/p>\n<ul>\n<li>claustration ou protection des \u00e9levages de volailles par un filet avec r\u00e9duction des parcours ext\u00e9rieurs pour les animaux ;<\/li>\n<li>interdiction de rassemblements d\u2019oiseaux (exemples : concours, foires ou expositions) ;<\/li>\n<li>interdiction de faire participer des oiseaux originaires de ces d\u00e9partements \u00e0 des rassemblements organis\u00e9s ;<\/li>\n<li>interdiction des transports et l\u00e2chers de gibiers \u00e0 plumes ;<\/li>\n<li>interdiction d\u2019utilisation d&#8217;appelants.<\/li>\n<\/ul>\n<p>Notez que des mesures sp\u00e9cifiques de surveillance et de limitation des mouvements autour du foyer de Haute-Corse ont \u00e9t\u00e9 mises en place imm\u00e9diatement pour \u00e9viter toute propagation de la grippe aviaire. Des mesures conservatoires sont \u00e9galement prises chez les fournisseurs et acheteurs li\u00e9s au foyer Corse.<\/p>\n<p><span style=\"text-decoration: underline;\">Source :<\/span><\/p>\n<ul>\n<li>Arr\u00eat\u00e9 du 16 novembre 2020 qualifiant le niveau de risque en mati\u00e8re d&#8217;influenza aviaire hautement pathog\u00e8ne<\/li>\n<li>Communiqu\u00e9 de presse du Minist\u00e8re de l\u2019Agriculture du 16 novembre 2020<\/li>\n<\/ul>\n<p><a title=\"WebLex - Agriculteurs et commer\u00e7ants : la grippe aviaire est l\u00e0\u2026\" href=\"https:\/\/www.weblex.fr\/weblex-actualite\/agriculteurs-et-commercants-la-grippe-aviaire-est-la\" target=\"_blank\" rel=\"noopener\">Agriculteurs et commer\u00e7ants : la grippe aviaire est l\u00e0\u2026<\/a> \u00a9 Copyright WebLex &#8211; 2020<\/p>\n<\/div>\n<p><img src='https:\/\/www.weblex.fr\/images\/flux_actus\/cerisier.jpg'><\/p>\n","protected":false},"excerpt":{"rendered":"<p>Le 20 octobre 2020, des cas de grippe aviaire sur des cygnes ont \u00e9t\u00e9 d\u00e9tect\u00e9s aux Pays-Bas. Les couloirs de migration des oiseaux sauvages passant par la France, le risque d\u2019introduction de la grippe aviaire en m\u00e9tropole est pass\u00e9 de \u00ab n\u00e9gligeable \u00bb \u00e0 \u00ab mod\u00e9r\u00e9 \u00bb. Ce risque vient encore d\u2019\u00e9voluer\u2026<\/p>\n","protected":false},"author":0,"featured_media":4686,"comment_status":"open","ping_status":"closed","sticky":false,"template":"","format":"standard","meta":{"_acf_changed":false,"footnotes":""},"categories":[9,7],"tags":[],"class_list":["post-1144","post","type-post","status-publish","format-standard","has-post-thumbnail","hentry","category-actu-juridique","category-actualites"],"acf":[],"yoast_head":"<!-- This site is optimized with the Yoast SEO plugin v27.2 - https:\/\/yoast.com\/product\/yoast-seo-wordpress\/ -->\n<title>Agriculteurs et commer\u00e7ants : la grippe aviaire est l\u00e0\u2026 - Cabinet Magar<\/title>\n<meta name=\"robots\" content=\"index, follow, max-snippet:-1, max-image-preview:large, max-video-preview:-1\" \/>\n<link rel=\"canonical\" href=\"https:\/\/www.cabinet-magar.fr\/actualites\/agriculteurs-et-commercants-la-grippe-aviaire-est-la\/\" \/>\n<meta property=\"og:locale\" content=\"de_DE\" \/>\n<meta property=\"og:type\" content=\"article\" \/>\n<meta property=\"og:title\" content=\"Agriculteurs et commer\u00e7ants : la grippe aviaire est l\u00e0\u2026 - Cabinet Magar\" \/>\n<meta property=\"og:description\" content=\"Le 20 octobre 2020, des cas de grippe aviaire sur des cygnes ont \u00e9t\u00e9 d\u00e9tect\u00e9s aux Pays-Bas. Les couloirs de migration des oiseaux sauvages passant par la France, le risque d\u2019introduction de la grippe aviaire en m\u00e9tropole est pass\u00e9 de \u00ab n\u00e9gligeable \u00bb \u00e0 \u00ab mod\u00e9r\u00e9 \u00bb. Ce risque vient encore d\u2019\u00e9voluer\u2026\" \/>\n<meta property=\"og:url\" content=\"https:\/\/www.cabinet-magar.fr\/actualites\/agriculteurs-et-commercants-la-grippe-aviaire-est-la\/\" \/>\n<meta property=\"og:site_name\" content=\"Cabinet Magar\" \/>\n<meta property=\"article:published_time\" content=\"2020-11-19T04:48:00+00:00\" \/>\n<meta property=\"article:modified_time\" content=\"2021-05-05T01:01:05+00:00\" \/>\n<meta property=\"og:image\" content=\"https:\/\/www.cabinet-magar.fr\/wp-content\/uploads\/2021\/05\/cerisier.jpg\" \/>\n\t<meta property=\"og:image:width\" content=\"600\" \/>\n\t<meta property=\"og:image:height\" content=\"400\" \/>\n\t<meta property=\"og:image:type\" content=\"image\/jpeg\" \/>\n<meta name=\"twitter:card\" content=\"summary_large_image\" \/>\n<meta name=\"twitter:label1\" content=\"Gesch\u00e4tzte Lesezeit\" \/>\n\t<meta name=\"twitter:data1\" content=\"2\u00a0Minuten\" \/>\n<script type=\"application\/ld+json\" class=\"yoast-schema-graph\">{\"@context\":\"https:\/\/schema.org\",\"@graph\":[{\"@type\":\"Article\",\"@id\":\"https:\/\/www.cabinet-magar.fr\/actualites\/agriculteurs-et-commercants-la-grippe-aviaire-est-la\/#article\",\"isPartOf\":{\"@id\":\"https:\/\/www.cabinet-magar.fr\/actualites\/agriculteurs-et-commercants-la-grippe-aviaire-est-la\/\"},\"author\":{\"name\":\"\",\"@id\":\"\"},\"headline\":\"Agriculteurs et commer\u00e7ants : la grippe aviaire est l\u00e0\u2026\",\"datePublished\":\"2020-11-19T04:48:00+00:00\",\"dateModified\":\"2021-05-05T01:01:05+00:00\",\"mainEntityOfPage\":{\"@id\":\"https:\/\/www.cabinet-magar.fr\/actualites\/agriculteurs-et-commercants-la-grippe-aviaire-est-la\/\"},\"wordCount\":317,\"commentCount\":0,\"image\":{\"@id\":\"https:\/\/www.cabinet-magar.fr\/actualites\/agriculteurs-et-commercants-la-grippe-aviaire-est-la\/#primaryimage\"},\"thumbnailUrl\":\"https:\/\/www.cabinet-magar.fr\/wp-content\/uploads\/2021\/05\/cerisier.jpg\",\"articleSection\":[\"Actu Juridique\",\"Actualit\u00e9s\"],\"inLanguage\":\"de\",\"potentialAction\":[{\"@type\":\"CommentAction\",\"name\":\"Comment\",\"target\":[\"https:\/\/www.cabinet-magar.fr\/actualites\/agriculteurs-et-commercants-la-grippe-aviaire-est-la\/#respond\"]}]},{\"@type\":\"WebPage\",\"@id\":\"https:\/\/www.cabinet-magar.fr\/actualites\/agriculteurs-et-commercants-la-grippe-aviaire-est-la\/\",\"url\":\"https:\/\/www.cabinet-magar.fr\/actualites\/agriculteurs-et-commercants-la-grippe-aviaire-est-la\/\",\"name\":\"Agriculteurs et commer\u00e7ants : la grippe aviaire est l\u00e0\u2026 - Cabinet Magar\",\"isPartOf\":{\"@id\":\"https:\/\/www.cabinet-magar.fr\/#website\"},\"primaryImageOfPage\":{\"@id\":\"https:\/\/www.cabinet-magar.fr\/actualites\/agriculteurs-et-commercants-la-grippe-aviaire-est-la\/#primaryimage\"},\"image\":{\"@id\":\"https:\/\/www.cabinet-magar.fr\/actualites\/agriculteurs-et-commercants-la-grippe-aviaire-est-la\/#primaryimage\"},\"thumbnailUrl\":\"https:\/\/www.cabinet-magar.fr\/wp-content\/uploads\/2021\/05\/cerisier.jpg\",\"datePublished\":\"2020-11-19T04:48:00+00:00\",\"dateModified\":\"2021-05-05T01:01:05+00:00\",\"author\":{\"@id\":\"\"},\"breadcrumb\":{\"@id\":\"https:\/\/www.cabinet-magar.fr\/actualites\/agriculteurs-et-commercants-la-grippe-aviaire-est-la\/#breadcrumb\"},\"inLanguage\":\"de\",\"potentialAction\":[{\"@type\":\"ReadAction\",\"target\":[\"https:\/\/www.cabinet-magar.fr\/actualites\/agriculteurs-et-commercants-la-grippe-aviaire-est-la\/\"]}]},{\"@type\":\"ImageObject\",\"inLanguage\":\"de\",\"@id\":\"https:\/\/www.cabinet-magar.fr\/actualites\/agriculteurs-et-commercants-la-grippe-aviaire-est-la\/#primaryimage\",\"url\":\"https:\/\/www.cabinet-magar.fr\/wp-content\/uploads\/2021\/05\/cerisier.jpg\",\"contentUrl\":\"https:\/\/www.cabinet-magar.fr\/wp-content\/uploads\/2021\/05\/cerisier.jpg\",\"width\":600,\"height\":400},{\"@type\":\"BreadcrumbList\",\"@id\":\"https:\/\/www.cabinet-magar.fr\/actualites\/agriculteurs-et-commercants-la-grippe-aviaire-est-la\/#breadcrumb\",\"itemListElement\":[{\"@type\":\"ListItem\",\"position\":1,\"name\":\"Accueil\",\"item\":\"https:\/\/www.cabinet-magar.fr\/de\/\"},{\"@type\":\"ListItem\",\"position\":2,\"name\":\"Agriculteurs et commer\u00e7ants : la grippe aviaire est l\u00e0\u2026\"}]},{\"@type\":\"WebSite\",\"@id\":\"https:\/\/www.cabinet-magar.fr\/#website\",\"url\":\"https:\/\/www.cabinet-magar.fr\/\",\"name\":\"Cabinet Magar\",\"description\":\"\",\"potentialAction\":[{\"@type\":\"SearchAction\",\"target\":{\"@type\":\"EntryPoint\",\"urlTemplate\":\"https:\/\/www.cabinet-magar.fr\/?s={search_term_string}\"},\"query-input\":{\"@type\":\"PropertyValueSpecification\",\"valueRequired\":true,\"valueName\":\"search_term_string\"}}],\"inLanguage\":\"de\"}]}<\/script>\n<!-- \/ Yoast SEO plugin. -->","yoast_head_json":{"title":"Agriculteurs et commer\u00e7ants : la grippe aviaire est l\u00e0\u2026 - Cabinet Magar","robots":{"index":"index","follow":"follow","max-snippet":"max-snippet:-1","max-image-preview":"max-image-preview:large","max-video-preview":"max-video-preview:-1"},"canonical":"https:\/\/www.cabinet-magar.fr\/actualites\/agriculteurs-et-commercants-la-grippe-aviaire-est-la\/","og_locale":"de_DE","og_type":"article","og_title":"Agriculteurs et commer\u00e7ants : la grippe aviaire est l\u00e0\u2026 - Cabinet Magar","og_description":"Le 20 octobre 2020, des cas de grippe aviaire sur des cygnes ont \u00e9t\u00e9 d\u00e9tect\u00e9s aux Pays-Bas. Les couloirs de migration des oiseaux sauvages passant par la France, le risque d\u2019introduction de la grippe aviaire en m\u00e9tropole est pass\u00e9 de \u00ab n\u00e9gligeable \u00bb \u00e0 \u00ab mod\u00e9r\u00e9 \u00bb. Ce risque vient encore d\u2019\u00e9voluer\u2026","og_url":"https:\/\/www.cabinet-magar.fr\/actualites\/agriculteurs-et-commercants-la-grippe-aviaire-est-la\/","og_site_name":"Cabinet Magar","article_published_time":"2020-11-19T04:48:00+00:00","article_modified_time":"2021-05-05T01:01:05+00:00","og_image":[{"width":600,"height":400,"url":"https:\/\/www.cabinet-magar.fr\/wp-content\/uploads\/2021\/05\/cerisier.jpg","type":"image\/jpeg"}],"twitter_card":"summary_large_image","twitter_misc":{"Gesch\u00e4tzte Lesezeit":"2\u00a0Minuten"},"schema":{"@context":"https:\/\/schema.org","@graph":[{"@type":"Article","@id":"https:\/\/www.cabinet-magar.fr\/actualites\/agriculteurs-et-commercants-la-grippe-aviaire-est-la\/#article","isPartOf":{"@id":"https:\/\/www.cabinet-magar.fr\/actualites\/agriculteurs-et-commercants-la-grippe-aviaire-est-la\/"},"author":{"name":"","@id":""},"headline":"Agriculteurs et commer\u00e7ants : la grippe aviaire est l\u00e0\u2026","datePublished":"2020-11-19T04:48:00+00:00","dateModified":"2021-05-05T01:01:05+00:00","mainEntityOfPage":{"@id":"https:\/\/www.cabinet-magar.fr\/actualites\/agriculteurs-et-commercants-la-grippe-aviaire-est-la\/"},"wordCount":317,"commentCount":0,"image":{"@id":"https:\/\/www.cabinet-magar.fr\/actualites\/agriculteurs-et-commercants-la-grippe-aviaire-est-la\/#primaryimage"},"thumbnailUrl":"https:\/\/www.cabinet-magar.fr\/wp-content\/uploads\/2021\/05\/cerisier.jpg","articleSection":["Actu Juridique","Actualit\u00e9s"],"inLanguage":"de","potentialAction":[{"@type":"CommentAction","name":"Comment","target":["https:\/\/www.cabinet-magar.fr\/actualites\/agriculteurs-et-commercants-la-grippe-aviaire-est-la\/#respond"]}]},{"@type":"WebPage","@id":"https:\/\/www.cabinet-magar.fr\/actualites\/agriculteurs-et-commercants-la-grippe-aviaire-est-la\/","url":"https:\/\/www.cabinet-magar.fr\/actualites\/agriculteurs-et-commercants-la-grippe-aviaire-est-la\/","name":"Agriculteurs et commer\u00e7ants : la grippe aviaire est l\u00e0\u2026 - Cabinet Magar","isPartOf":{"@id":"https:\/\/www.cabinet-magar.fr\/#website"},"primaryImageOfPage":{"@id":"https:\/\/www.cabinet-magar.fr\/actualites\/agriculteurs-et-commercants-la-grippe-aviaire-est-la\/#primaryimage"},"image":{"@id":"https:\/\/www.cabinet-magar.fr\/actualites\/agriculteurs-et-commercants-la-grippe-aviaire-est-la\/#primaryimage"},"thumbnailUrl":"https:\/\/www.cabinet-magar.fr\/wp-content\/uploads\/2021\/05\/cerisier.jpg","datePublished":"2020-11-19T04:48:00+00:00","dateModified":"2021-05-05T01:01:05+00:00","author":{"@id":""},"breadcrumb":{"@id":"https:\/\/www.cabinet-magar.fr\/actualites\/agriculteurs-et-commercants-la-grippe-aviaire-est-la\/#breadcrumb"},"inLanguage":"de","potentialAction":[{"@type":"ReadAction","target":["https:\/\/www.cabinet-magar.fr\/actualites\/agriculteurs-et-commercants-la-grippe-aviaire-est-la\/"]}]},{"@type":"ImageObject","inLanguage":"de","@id":"https:\/\/www.cabinet-magar.fr\/actualites\/agriculteurs-et-commercants-la-grippe-aviaire-est-la\/#primaryimage","url":"https:\/\/www.cabinet-magar.fr\/wp-content\/uploads\/2021\/05\/cerisier.jpg","contentUrl":"https:\/\/www.cabinet-magar.fr\/wp-content\/uploads\/2021\/05\/cerisier.jpg","width":600,"height":400},{"@type":"BreadcrumbList","@id":"https:\/\/www.cabinet-magar.fr\/actualites\/agriculteurs-et-commercants-la-grippe-aviaire-est-la\/#breadcrumb","itemListElement":[{"@type":"ListItem","position":1,"name":"Accueil","item":"https:\/\/www.cabinet-magar.fr\/de\/"},{"@type":"ListItem","position":2,"name":"Agriculteurs et commer\u00e7ants : la grippe aviaire est l\u00e0\u2026"}]},{"@type":"WebSite","@id":"https:\/\/www.cabinet-magar.fr\/#website","url":"https:\/\/www.cabinet-magar.fr\/","name":"Cabinet Magar","description":"","potentialAction":[{"@type":"SearchAction","target":{"@type":"EntryPoint","urlTemplate":"https:\/\/www.cabinet-magar.fr\/?s={search_term_string}"},"query-input":{"@type":"PropertyValueSpecification","valueRequired":true,"valueName":"search_term_string"}}],"inLanguage":"de"}]}},"_links":{"self":[{"href":"https:\/\/www.cabinet-magar.fr\/de\/wp-json\/wp\/v2\/posts\/1144","targetHints":{"allow":["GET"]}}],"collection":[{"href":"https:\/\/www.cabinet-magar.fr\/de\/wp-json\/wp\/v2\/posts"}],"about":[{"href":"https:\/\/www.cabinet-magar.fr\/de\/wp-json\/wp\/v2\/types\/post"}],"replies":[{"embeddable":true,"href":"https:\/\/www.cabinet-magar.fr\/de\/wp-json\/wp\/v2\/comments?post=1144"}],"version-history":[{"count":1,"href":"https:\/\/www.cabinet-magar.fr\/de\/wp-json\/wp\/v2\/posts\/1144\/revisions"}],"predecessor-version":[{"id":4685,"href":"https:\/\/www.cabinet-magar.fr\/de\/wp-json\/wp\/v2\/posts\/1144\/revisions\/4685"}],"wp:featuredmedia":[{"embeddable":true,"href":"https:\/\/www.cabinet-magar.fr\/de\/wp-json\/wp\/v2\/media\/4686"}],"wp:attachment":[{"href":"https:\/\/www.cabinet-magar.fr\/de\/wp-json\/wp\/v2\/media?parent=1144"}],"wp:term":[{"taxonomy":"category","embeddable":true,"href":"https:\/\/www.cabinet-magar.fr\/de\/wp-json\/wp\/v2\/categories?post=1144"},{"taxonomy":"post_tag","embeddable":true,"href":"https:\/\/www.cabinet-magar.fr\/de\/wp-json\/wp\/v2\/tags?post=1144"}],"curies":[{"name":"wp","href":"https:\/\/api.w.org\/{rel}","templated":true}]}}