{"id":1143,"date":"2020-11-19T05:49:00","date_gmt":"2020-11-19T04:49:00","guid":{"rendered":"https:\/\/www.cabinet-magar.fr\/petit-exces-de-vitesse-petite-sanction\/"},"modified":"2021-05-05T03:01:02","modified_gmt":"2021-05-05T01:01:02","slug":"petit-exces-de-vitesse-petite-sanction","status":"publish","type":"post","link":"https:\/\/www.cabinet-magar.fr\/de\/actualites\/petit-exces-de-vitesse-petite-sanction\/","title":{"rendered":"\u00ab Petit exc\u00e8s de vitesse \u00bb = \u00ab petite sanction \u00bb ?"},"content":{"rendered":"<p >Le Gouvernement va-t-il minorer le montant des amendes dues en cas de \u00ab petit exc\u00e8s de vitesse \u00bb ? R\u00e9ponse\u2026<\/p>\n<div>\n<h2>Vers des \u00ab petites sanctions \u00bb pour les \u00ab petits exc\u00e8s de vitesse \u00bb ?<\/h2>\n<p>Il peut arriver que des automobilistes re\u00e7oivent des avis de contravention pour des exc\u00e8s de vitesse d\u2019\u00e0 peine 1 ou 2 km\/h par rapport \u00e0 la vitesse autoris\u00e9e, ce qui suscite souvent un sentiment d&#8217;injustice et d&#8217;incompr\u00e9hension, car le montant de l&#8217;amende est le m\u00eame que pour un d\u00e9passement de 20 km\/h.<\/p>\n<p>Pour certains, le montant de l\u2019amende due devrait donc \u00eatre minor\u00e9 dans le cas d&#8217;un d\u00e9passement de la vitesse autoris\u00e9e inf\u00e9rieur \u00e0 10 km\/h.<\/p>\n<p>Mais pas pour le Gouvernement qui rappelle que la vitesse excessive ou inadapt\u00e9e est la premi\u00e8re cause d&#8217;accidents mortels en France.<\/p>\n<p>Un exc\u00e8s de vitesse, m\u00eame faible, peut avoir des cons\u00e9quences importantes. Ainsi, une augmentation de la vitesse de 1 km\/h entra\u00eene en moyenne une majoration de 3 % du risque d&#8217;\u00eatre impliqu\u00e9 dans un accident faisant des bless\u00e9s et de 4 \u00e0 5 % du risque d&#8217;\u00eatre impliqu\u00e9 dans un accident mortel.<\/p>\n<p>En outre, les \u00ab petits \u00bb exc\u00e8s de vitesse, ainsi que la plupart des infractions consid\u00e9r\u00e9es commun\u00e9ment comme mineures, sont \u00e0 l&#8217;origine de la plupart des accidents mortels.<\/p>\n<p>Tout all\u00e8gement du dispositif conduirait donc \u00e0 adresser aux automobilistes un signal n\u00e9gatif qui risquerait d&#8217;entra\u00eener un rel\u00e2chement des comportements et donc des cons\u00e9quences n\u00e9gatives en mati\u00e8re de s\u00e9curit\u00e9 routi\u00e8re.<\/p>\n<p>De plus, lors des contr\u00f4les routiers, les forces de l&#8217;ordre appliquent d\u00e9j\u00e0 un abattement de 5 % par rapport \u00e0 la mesure effectu\u00e9e par le radar pour une vitesse sup\u00e9rieure \u00e0 100 km\/h et de 5 km\/h pour une vitesse inf\u00e9rieure \u00e0 100 km\/h.<\/p>\n<p>Ainsi, les contraventions pour des exc\u00e8s de vitesse de 1 ou 2 km\/h correspondent, en r\u00e9alit\u00e9, \u00e0 des d\u00e9passements d&#8217;au moins 6 ou 7 km\/h.<\/p>\n<p>Et pour la s\u00e9curit\u00e9 de tous, le Gouvernement rappelle qu\u2019il est pr\u00e9f\u00e9rable de rouler \u00e0 une vitesse inf\u00e9rieure \u00e0 la vitesse maximale autoris\u00e9e indiqu\u00e9e par la signalisation, afin d&#8217;\u00eatre certain de ne pas \u00eatre en infraction.<\/p>\n<p><span style=\"text-decoration: underline;\">Source :<\/span> R\u00e9ponse Minist\u00e9rielle Borowczyk, Assembl\u00e9e Nationale, du 17 novembre 2020<\/p>\n<p><a title=\"WebLex - \u00ab Petit exc\u00e8s de vitesse \u00bb = \u00ab petite sanction \u00bb ?\" href=\"https:\/\/www.weblex.fr\/weblex-actualite\/petit-exces-de-vitesse-petite-sanction\" target=\"_blank\" rel=\"noopener\">\u00ab Petit exc\u00e8s de vitesse \u00bb = \u00ab petite sanction \u00bb ?<\/a> \u00a9 Copyright WebLex &#8211; 2020<\/p>\n<\/div>\n<p><img src='https:\/\/www.weblex.fr\/images\/flux_actus\/policecontravention.jpg'><\/p>\n","protected":false},"excerpt":{"rendered":"<p>Le Gouvernement va-t-il minorer le montant des amendes dues en cas de \u00ab petit exc\u00e8s de vitesse \u00bb ? R\u00e9ponse\u2026<\/p>\n","protected":false},"author":0,"featured_media":4684,"comment_status":"open","ping_status":"closed","sticky":false,"template":"","format":"standard","meta":{"_acf_changed":false,"footnotes":""},"categories":[7,10],"tags":[],"class_list":["post-1143","post","type-post","status-publish","format-standard","has-post-thumbnail","hentry","category-actualites","category-le-coin-du-dirigeant"],"acf":[],"yoast_head":"<!-- This site is optimized with the Yoast SEO plugin v27.2 - https:\/\/yoast.com\/product\/yoast-seo-wordpress\/ -->\n<title>\u00ab Petit exc\u00e8s de vitesse \u00bb = \u00ab petite sanction \u00bb ? - Cabinet Magar<\/title>\n<meta name=\"robots\" content=\"index, follow, max-snippet:-1, max-image-preview:large, max-video-preview:-1\" \/>\n<link rel=\"canonical\" href=\"https:\/\/www.cabinet-magar.fr\/actualites\/petit-exces-de-vitesse-petite-sanction\/\" \/>\n<meta property=\"og:locale\" content=\"de_DE\" \/>\n<meta property=\"og:type\" content=\"article\" \/>\n<meta property=\"og:title\" content=\"\u00ab Petit exc\u00e8s de vitesse \u00bb = \u00ab petite sanction \u00bb ? - Cabinet Magar\" \/>\n<meta property=\"og:description\" content=\"Le Gouvernement va-t-il minorer le montant des amendes dues en cas de \u00ab petit exc\u00e8s de vitesse \u00bb ? R\u00e9ponse\u2026\" \/>\n<meta property=\"og:url\" content=\"https:\/\/www.cabinet-magar.fr\/actualites\/petit-exces-de-vitesse-petite-sanction\/\" \/>\n<meta property=\"og:site_name\" content=\"Cabinet Magar\" \/>\n<meta property=\"article:published_time\" content=\"2020-11-19T04:49:00+00:00\" \/>\n<meta property=\"article:modified_time\" content=\"2021-05-05T01:01:02+00:00\" \/>\n<meta property=\"og:image\" content=\"https:\/\/www.cabinet-magar.fr\/wp-content\/uploads\/2021\/05\/policecontravention.jpg\" \/>\n\t<meta property=\"og:image:width\" content=\"600\" \/>\n\t<meta property=\"og:image:height\" content=\"400\" \/>\n\t<meta property=\"og:image:type\" content=\"image\/jpeg\" \/>\n<meta name=\"twitter:card\" content=\"summary_large_image\" \/>\n<meta name=\"twitter:label1\" content=\"Gesch\u00e4tzte Lesezeit\" \/>\n\t<meta name=\"twitter:data1\" content=\"2\u00a0Minuten\" \/>\n<script type=\"application\/ld+json\" class=\"yoast-schema-graph\">{\"@context\":\"https:\/\/schema.org\",\"@graph\":[{\"@type\":\"Article\",\"@id\":\"https:\/\/www.cabinet-magar.fr\/actualites\/petit-exces-de-vitesse-petite-sanction\/#article\",\"isPartOf\":{\"@id\":\"https:\/\/www.cabinet-magar.fr\/actualites\/petit-exces-de-vitesse-petite-sanction\/\"},\"author\":{\"name\":\"\",\"@id\":\"\"},\"headline\":\"\u00ab Petit exc\u00e8s de vitesse \u00bb = \u00ab petite sanction \u00bb ?\",\"datePublished\":\"2020-11-19T04:49:00+00:00\",\"dateModified\":\"2021-05-05T01:01:02+00:00\",\"mainEntityOfPage\":{\"@id\":\"https:\/\/www.cabinet-magar.fr\/actualites\/petit-exces-de-vitesse-petite-sanction\/\"},\"wordCount\":404,\"commentCount\":0,\"image\":{\"@id\":\"https:\/\/www.cabinet-magar.fr\/actualites\/petit-exces-de-vitesse-petite-sanction\/#primaryimage\"},\"thumbnailUrl\":\"https:\/\/www.cabinet-magar.fr\/wp-content\/uploads\/2021\/05\/policecontravention.jpg\",\"articleSection\":[\"Actualit\u00e9s\",\"Le coin du dirigeant\"],\"inLanguage\":\"de\",\"potentialAction\":[{\"@type\":\"CommentAction\",\"name\":\"Comment\",\"target\":[\"https:\/\/www.cabinet-magar.fr\/actualites\/petit-exces-de-vitesse-petite-sanction\/#respond\"]}]},{\"@type\":\"WebPage\",\"@id\":\"https:\/\/www.cabinet-magar.fr\/actualites\/petit-exces-de-vitesse-petite-sanction\/\",\"url\":\"https:\/\/www.cabinet-magar.fr\/actualites\/petit-exces-de-vitesse-petite-sanction\/\",\"name\":\"\u00ab Petit exc\u00e8s de vitesse \u00bb = \u00ab petite sanction \u00bb ? - Cabinet Magar\",\"isPartOf\":{\"@id\":\"https:\/\/www.cabinet-magar.fr\/#website\"},\"primaryImageOfPage\":{\"@id\":\"https:\/\/www.cabinet-magar.fr\/actualites\/petit-exces-de-vitesse-petite-sanction\/#primaryimage\"},\"image\":{\"@id\":\"https:\/\/www.cabinet-magar.fr\/actualites\/petit-exces-de-vitesse-petite-sanction\/#primaryimage\"},\"thumbnailUrl\":\"https:\/\/www.cabinet-magar.fr\/wp-content\/uploads\/2021\/05\/policecontravention.jpg\",\"datePublished\":\"2020-11-19T04:49:00+00:00\",\"dateModified\":\"2021-05-05T01:01:02+00:00\",\"author\":{\"@id\":\"\"},\"breadcrumb\":{\"@id\":\"https:\/\/www.cabinet-magar.fr\/actualites\/petit-exces-de-vitesse-petite-sanction\/#breadcrumb\"},\"inLanguage\":\"de\",\"potentialAction\":[{\"@type\":\"ReadAction\",\"target\":[\"https:\/\/www.cabinet-magar.fr\/actualites\/petit-exces-de-vitesse-petite-sanction\/\"]}]},{\"@type\":\"ImageObject\",\"inLanguage\":\"de\",\"@id\":\"https:\/\/www.cabinet-magar.fr\/actualites\/petit-exces-de-vitesse-petite-sanction\/#primaryimage\",\"url\":\"https:\/\/www.cabinet-magar.fr\/wp-content\/uploads\/2021\/05\/policecontravention.jpg\",\"contentUrl\":\"https:\/\/www.cabinet-magar.fr\/wp-content\/uploads\/2021\/05\/policecontravention.jpg\",\"width\":600,\"height\":400},{\"@type\":\"BreadcrumbList\",\"@id\":\"https:\/\/www.cabinet-magar.fr\/actualites\/petit-exces-de-vitesse-petite-sanction\/#breadcrumb\",\"itemListElement\":[{\"@type\":\"ListItem\",\"position\":1,\"name\":\"Accueil\",\"item\":\"https:\/\/www.cabinet-magar.fr\/de\/\"},{\"@type\":\"ListItem\",\"position\":2,\"name\":\"\u00ab Petit exc\u00e8s de vitesse \u00bb = \u00ab petite sanction \u00bb ?\"}]},{\"@type\":\"WebSite\",\"@id\":\"https:\/\/www.cabinet-magar.fr\/#website\",\"url\":\"https:\/\/www.cabinet-magar.fr\/\",\"name\":\"Cabinet Magar\",\"description\":\"\",\"potentialAction\":[{\"@type\":\"SearchAction\",\"target\":{\"@type\":\"EntryPoint\",\"urlTemplate\":\"https:\/\/www.cabinet-magar.fr\/?s={search_term_string}\"},\"query-input\":{\"@type\":\"PropertyValueSpecification\",\"valueRequired\":true,\"valueName\":\"search_term_string\"}}],\"inLanguage\":\"de\"}]}<\/script>\n<!-- \/ Yoast SEO plugin. -->","yoast_head_json":{"title":"\u00ab Petit exc\u00e8s de vitesse \u00bb = \u00ab petite sanction \u00bb ? - Cabinet Magar","robots":{"index":"index","follow":"follow","max-snippet":"max-snippet:-1","max-image-preview":"max-image-preview:large","max-video-preview":"max-video-preview:-1"},"canonical":"https:\/\/www.cabinet-magar.fr\/actualites\/petit-exces-de-vitesse-petite-sanction\/","og_locale":"de_DE","og_type":"article","og_title":"\u00ab Petit exc\u00e8s de vitesse \u00bb = \u00ab petite sanction \u00bb ? - Cabinet Magar","og_description":"Le Gouvernement va-t-il minorer le montant des amendes dues en cas de \u00ab petit exc\u00e8s de vitesse \u00bb ? R\u00e9ponse\u2026","og_url":"https:\/\/www.cabinet-magar.fr\/actualites\/petit-exces-de-vitesse-petite-sanction\/","og_site_name":"Cabinet Magar","article_published_time":"2020-11-19T04:49:00+00:00","article_modified_time":"2021-05-05T01:01:02+00:00","og_image":[{"width":600,"height":400,"url":"https:\/\/www.cabinet-magar.fr\/wp-content\/uploads\/2021\/05\/policecontravention.jpg","type":"image\/jpeg"}],"twitter_card":"summary_large_image","twitter_misc":{"Gesch\u00e4tzte Lesezeit":"2\u00a0Minuten"},"schema":{"@context":"https:\/\/schema.org","@graph":[{"@type":"Article","@id":"https:\/\/www.cabinet-magar.fr\/actualites\/petit-exces-de-vitesse-petite-sanction\/#article","isPartOf":{"@id":"https:\/\/www.cabinet-magar.fr\/actualites\/petit-exces-de-vitesse-petite-sanction\/"},"author":{"name":"","@id":""},"headline":"\u00ab Petit exc\u00e8s de vitesse \u00bb = \u00ab petite sanction \u00bb ?","datePublished":"2020-11-19T04:49:00+00:00","dateModified":"2021-05-05T01:01:02+00:00","mainEntityOfPage":{"@id":"https:\/\/www.cabinet-magar.fr\/actualites\/petit-exces-de-vitesse-petite-sanction\/"},"wordCount":404,"commentCount":0,"image":{"@id":"https:\/\/www.cabinet-magar.fr\/actualites\/petit-exces-de-vitesse-petite-sanction\/#primaryimage"},"thumbnailUrl":"https:\/\/www.cabinet-magar.fr\/wp-content\/uploads\/2021\/05\/policecontravention.jpg","articleSection":["Actualit\u00e9s","Le coin du dirigeant"],"inLanguage":"de","potentialAction":[{"@type":"CommentAction","name":"Comment","target":["https:\/\/www.cabinet-magar.fr\/actualites\/petit-exces-de-vitesse-petite-sanction\/#respond"]}]},{"@type":"WebPage","@id":"https:\/\/www.cabinet-magar.fr\/actualites\/petit-exces-de-vitesse-petite-sanction\/","url":"https:\/\/www.cabinet-magar.fr\/actualites\/petit-exces-de-vitesse-petite-sanction\/","name":"\u00ab Petit exc\u00e8s de vitesse \u00bb = \u00ab petite sanction \u00bb ? - Cabinet Magar","isPartOf":{"@id":"https:\/\/www.cabinet-magar.fr\/#website"},"primaryImageOfPage":{"@id":"https:\/\/www.cabinet-magar.fr\/actualites\/petit-exces-de-vitesse-petite-sanction\/#primaryimage"},"image":{"@id":"https:\/\/www.cabinet-magar.fr\/actualites\/petit-exces-de-vitesse-petite-sanction\/#primaryimage"},"thumbnailUrl":"https:\/\/www.cabinet-magar.fr\/wp-content\/uploads\/2021\/05\/policecontravention.jpg","datePublished":"2020-11-19T04:49:00+00:00","dateModified":"2021-05-05T01:01:02+00:00","author":{"@id":""},"breadcrumb":{"@id":"https:\/\/www.cabinet-magar.fr\/actualites\/petit-exces-de-vitesse-petite-sanction\/#breadcrumb"},"inLanguage":"de","potentialAction":[{"@type":"ReadAction","target":["https:\/\/www.cabinet-magar.fr\/actualites\/petit-exces-de-vitesse-petite-sanction\/"]}]},{"@type":"ImageObject","inLanguage":"de","@id":"https:\/\/www.cabinet-magar.fr\/actualites\/petit-exces-de-vitesse-petite-sanction\/#primaryimage","url":"https:\/\/www.cabinet-magar.fr\/wp-content\/uploads\/2021\/05\/policecontravention.jpg","contentUrl":"https:\/\/www.cabinet-magar.fr\/wp-content\/uploads\/2021\/05\/policecontravention.jpg","width":600,"height":400},{"@type":"BreadcrumbList","@id":"https:\/\/www.cabinet-magar.fr\/actualites\/petit-exces-de-vitesse-petite-sanction\/#breadcrumb","itemListElement":[{"@type":"ListItem","position":1,"name":"Accueil","item":"https:\/\/www.cabinet-magar.fr\/de\/"},{"@type":"ListItem","position":2,"name":"\u00ab Petit exc\u00e8s de vitesse \u00bb = \u00ab petite sanction \u00bb ?"}]},{"@type":"WebSite","@id":"https:\/\/www.cabinet-magar.fr\/#website","url":"https:\/\/www.cabinet-magar.fr\/","name":"Cabinet Magar","description":"","potentialAction":[{"@type":"SearchAction","target":{"@type":"EntryPoint","urlTemplate":"https:\/\/www.cabinet-magar.fr\/?s={search_term_string}"},"query-input":{"@type":"PropertyValueSpecification","valueRequired":true,"valueName":"search_term_string"}}],"inLanguage":"de"}]}},"_links":{"self":[{"href":"https:\/\/www.cabinet-magar.fr\/de\/wp-json\/wp\/v2\/posts\/1143","targetHints":{"allow":["GET"]}}],"collection":[{"href":"https:\/\/www.cabinet-magar.fr\/de\/wp-json\/wp\/v2\/posts"}],"about":[{"href":"https:\/\/www.cabinet-magar.fr\/de\/wp-json\/wp\/v2\/types\/post"}],"replies":[{"embeddable":true,"href":"https:\/\/www.cabinet-magar.fr\/de\/wp-json\/wp\/v2\/comments?post=1143"}],"version-history":[{"count":1,"href":"https:\/\/www.cabinet-magar.fr\/de\/wp-json\/wp\/v2\/posts\/1143\/revisions"}],"predecessor-version":[{"id":4683,"href":"https:\/\/www.cabinet-magar.fr\/de\/wp-json\/wp\/v2\/posts\/1143\/revisions\/4683"}],"wp:featuredmedia":[{"embeddable":true,"href":"https:\/\/www.cabinet-magar.fr\/de\/wp-json\/wp\/v2\/media\/4684"}],"wp:attachment":[{"href":"https:\/\/www.cabinet-magar.fr\/de\/wp-json\/wp\/v2\/media?parent=1143"}],"wp:term":[{"taxonomy":"category","embeddable":true,"href":"https:\/\/www.cabinet-magar.fr\/de\/wp-json\/wp\/v2\/categories?post=1143"},{"taxonomy":"post_tag","embeddable":true,"href":"https:\/\/www.cabinet-magar.fr\/de\/wp-json\/wp\/v2\/tags?post=1143"}],"curies":[{"name":"wp","href":"https:\/\/api.w.org\/{rel}","templated":true}]}}