{"id":1142,"date":"2020-11-19T05:50:00","date_gmt":"2020-11-19T04:50:00","guid":{"rendered":"https:\/\/www.cabinet-magar.fr\/coronavirus-covid-19-y-aura-t-il-des-sapins-a-noel\/"},"modified":"2021-05-05T03:00:58","modified_gmt":"2021-05-05T01:00:58","slug":"coronavirus-covid-19-y-aura-t-il-des-sapins-a-noel","status":"publish","type":"post","link":"https:\/\/www.cabinet-magar.fr\/de\/actualites\/coronavirus-covid-19-y-aura-t-il-des-sapins-a-noel\/","title":{"rendered":"Coronavirus (COVID-19) : y aura-t-il des sapins \u00e0 No\u00ebl ?"},"content":{"rendered":"<p >En raison du confinement, il est actuellement impossible pour les particuliers d\u2019acheter leurs sapins de No\u00ebl. Le Gouvernement va-t-il exceptionnellement cr\u00e9er une d\u00e9rogation \u00e0 l\u2019interdiction de sortir de son domicile ? R\u00e9ponse\u2026<\/p>\n<div>\n<h2>Coronavirus (COVID-19) : la vente de sapins de No\u00ebl autoris\u00e9e<\/h2>\n<p>Depuis le 30 octobre 2020, la France m\u00e9tropolitaine et la Martinique connaissent \u00e0 nouveau un confinement. Il est donc interdit de sortir de son domicile, hors motifs d\u00e9rogatoires strictement limit\u00e9s.<\/p>\n<p>Aucun de ces motifs n\u2019autorisent \u00e0 se d\u00e9placer pour acheter un sapin de No\u00ebl dont la vente est, en outre, interdite pour les commer\u00e7ants et les distributeurs.<\/p>\n<p>Or, la principale p\u00e9riode d\u2019achat des sapins approche. Pour cette raison, le Gouvernement autorise, \u00e0 compter du 20 novembre 2020, la vente de sapins de No\u00ebl.<\/p>\n<p>Notez que dans les \u00e9tablissements qui ne peuvent pas accueillir du public, la vente de sapins n\u2019est possible que dans le cadre de leurs activit\u00e9s de livraison, de retrait de commandes ou en ext\u00e9rieur.<\/p>\n<p><span style=\"text-decoration: underline;\">Source :<\/span> D\u00e9cret n\u00b0 2020-1409 du 18 novembre 2020 modifiant le d\u00e9cret n\u00b0 2020-1310 du 29 octobre 2020 prescrivant les mesures g\u00e9n\u00e9rales n\u00e9cessaires pour faire face \u00e0 l&#8217;\u00e9pid\u00e9mie de covid-19 dans le cadre de l&#8217;\u00e9tat d&#8217;urgence sanitaire<\/p>\n<p><a title=\"WebLex - Coronavirus (COVID-19) : y aura-t-il des sapins \u00e0 No\u00ebl ?\" href=\"https:\/\/www.weblex.fr\/weblex-actualite\/coronavirus-covid-19-y-aura-t-il-des-sapins-a-noel\" target=\"_blank\" rel=\"noopener\">Coronavirus (COVID-19) : y aura-t-il des sapins \u00e0 No\u00ebl ?<\/a> \u00a9 Copyright WebLex &#8211; 2020<\/p>\n<\/div>\n<p><img src='https:\/\/www.weblex.fr\/images\/flux_actus\/sapindenoel.jpg'><\/p>\n","protected":false},"excerpt":{"rendered":"<p>En raison du confinement, il est actuellement impossible pour les particuliers d\u2019acheter leurs sapins de No\u00ebl. Le Gouvernement va-t-il exceptionnellement cr\u00e9er une d\u00e9rogation \u00e0 l\u2019interdiction de sortir de son domicile ? R\u00e9ponse\u2026<\/p>\n","protected":false},"author":0,"featured_media":4682,"comment_status":"open","ping_status":"closed","sticky":false,"template":"","format":"standard","meta":{"_acf_changed":false,"footnotes":""},"categories":[9,7],"tags":[],"class_list":["post-1142","post","type-post","status-publish","format-standard","has-post-thumbnail","hentry","category-actu-juridique","category-actualites"],"acf":[],"yoast_head":"<!-- This site is optimized with the Yoast SEO plugin v27.2 - https:\/\/yoast.com\/product\/yoast-seo-wordpress\/ -->\n<title>Coronavirus (COVID-19) : y aura-t-il des sapins \u00e0 No\u00ebl ? - Cabinet Magar<\/title>\n<meta name=\"robots\" content=\"index, follow, max-snippet:-1, max-image-preview:large, max-video-preview:-1\" \/>\n<link rel=\"canonical\" href=\"https:\/\/www.cabinet-magar.fr\/actualites\/coronavirus-covid-19-y-aura-t-il-des-sapins-a-noel\/\" \/>\n<meta property=\"og:locale\" content=\"de_DE\" \/>\n<meta property=\"og:type\" content=\"article\" \/>\n<meta property=\"og:title\" content=\"Coronavirus (COVID-19) : y aura-t-il des sapins \u00e0 No\u00ebl ? - Cabinet Magar\" \/>\n<meta property=\"og:description\" content=\"En raison du confinement, il est actuellement impossible pour les particuliers d\u2019acheter leurs sapins de No\u00ebl. Le Gouvernement va-t-il exceptionnellement cr\u00e9er une d\u00e9rogation \u00e0 l\u2019interdiction de sortir de son domicile ? R\u00e9ponse\u2026\" \/>\n<meta property=\"og:url\" content=\"https:\/\/www.cabinet-magar.fr\/actualites\/coronavirus-covid-19-y-aura-t-il-des-sapins-a-noel\/\" \/>\n<meta property=\"og:site_name\" content=\"Cabinet Magar\" \/>\n<meta property=\"article:published_time\" content=\"2020-11-19T04:50:00+00:00\" \/>\n<meta property=\"article:modified_time\" content=\"2021-05-05T01:00:58+00:00\" \/>\n<meta property=\"og:image\" content=\"https:\/\/www.cabinet-magar.fr\/wp-content\/uploads\/2021\/05\/sapindenoel.jpg\" \/>\n\t<meta property=\"og:image:width\" content=\"600\" \/>\n\t<meta property=\"og:image:height\" content=\"400\" \/>\n\t<meta property=\"og:image:type\" content=\"image\/jpeg\" \/>\n<meta name=\"twitter:card\" content=\"summary_large_image\" \/>\n<meta name=\"twitter:label1\" content=\"Gesch\u00e4tzte Lesezeit\" \/>\n\t<meta name=\"twitter:data1\" content=\"1\u00a0Minute\" \/>\n<script type=\"application\/ld+json\" class=\"yoast-schema-graph\">{\"@context\":\"https:\/\/schema.org\",\"@graph\":[{\"@type\":\"Article\",\"@id\":\"https:\/\/www.cabinet-magar.fr\/actualites\/coronavirus-covid-19-y-aura-t-il-des-sapins-a-noel\/#article\",\"isPartOf\":{\"@id\":\"https:\/\/www.cabinet-magar.fr\/actualites\/coronavirus-covid-19-y-aura-t-il-des-sapins-a-noel\/\"},\"author\":{\"name\":\"\",\"@id\":\"\"},\"headline\":\"Coronavirus (COVID-19) : y aura-t-il des sapins \u00e0 No\u00ebl ?\",\"datePublished\":\"2020-11-19T04:50:00+00:00\",\"dateModified\":\"2021-05-05T01:00:58+00:00\",\"mainEntityOfPage\":{\"@id\":\"https:\/\/www.cabinet-magar.fr\/actualites\/coronavirus-covid-19-y-aura-t-il-des-sapins-a-noel\/\"},\"wordCount\":229,\"commentCount\":0,\"image\":{\"@id\":\"https:\/\/www.cabinet-magar.fr\/actualites\/coronavirus-covid-19-y-aura-t-il-des-sapins-a-noel\/#primaryimage\"},\"thumbnailUrl\":\"https:\/\/www.cabinet-magar.fr\/wp-content\/uploads\/2021\/05\/sapindenoel.jpg\",\"articleSection\":[\"Actu Juridique\",\"Actualit\u00e9s\"],\"inLanguage\":\"de\",\"potentialAction\":[{\"@type\":\"CommentAction\",\"name\":\"Comment\",\"target\":[\"https:\/\/www.cabinet-magar.fr\/actualites\/coronavirus-covid-19-y-aura-t-il-des-sapins-a-noel\/#respond\"]}]},{\"@type\":\"WebPage\",\"@id\":\"https:\/\/www.cabinet-magar.fr\/actualites\/coronavirus-covid-19-y-aura-t-il-des-sapins-a-noel\/\",\"url\":\"https:\/\/www.cabinet-magar.fr\/actualites\/coronavirus-covid-19-y-aura-t-il-des-sapins-a-noel\/\",\"name\":\"Coronavirus (COVID-19) : y aura-t-il des sapins \u00e0 No\u00ebl ? - Cabinet Magar\",\"isPartOf\":{\"@id\":\"https:\/\/www.cabinet-magar.fr\/#website\"},\"primaryImageOfPage\":{\"@id\":\"https:\/\/www.cabinet-magar.fr\/actualites\/coronavirus-covid-19-y-aura-t-il-des-sapins-a-noel\/#primaryimage\"},\"image\":{\"@id\":\"https:\/\/www.cabinet-magar.fr\/actualites\/coronavirus-covid-19-y-aura-t-il-des-sapins-a-noel\/#primaryimage\"},\"thumbnailUrl\":\"https:\/\/www.cabinet-magar.fr\/wp-content\/uploads\/2021\/05\/sapindenoel.jpg\",\"datePublished\":\"2020-11-19T04:50:00+00:00\",\"dateModified\":\"2021-05-05T01:00:58+00:00\",\"author\":{\"@id\":\"\"},\"breadcrumb\":{\"@id\":\"https:\/\/www.cabinet-magar.fr\/actualites\/coronavirus-covid-19-y-aura-t-il-des-sapins-a-noel\/#breadcrumb\"},\"inLanguage\":\"de\",\"potentialAction\":[{\"@type\":\"ReadAction\",\"target\":[\"https:\/\/www.cabinet-magar.fr\/actualites\/coronavirus-covid-19-y-aura-t-il-des-sapins-a-noel\/\"]}]},{\"@type\":\"ImageObject\",\"inLanguage\":\"de\",\"@id\":\"https:\/\/www.cabinet-magar.fr\/actualites\/coronavirus-covid-19-y-aura-t-il-des-sapins-a-noel\/#primaryimage\",\"url\":\"https:\/\/www.cabinet-magar.fr\/wp-content\/uploads\/2021\/05\/sapindenoel.jpg\",\"contentUrl\":\"https:\/\/www.cabinet-magar.fr\/wp-content\/uploads\/2021\/05\/sapindenoel.jpg\",\"width\":600,\"height\":400},{\"@type\":\"BreadcrumbList\",\"@id\":\"https:\/\/www.cabinet-magar.fr\/actualites\/coronavirus-covid-19-y-aura-t-il-des-sapins-a-noel\/#breadcrumb\",\"itemListElement\":[{\"@type\":\"ListItem\",\"position\":1,\"name\":\"Accueil\",\"item\":\"https:\/\/www.cabinet-magar.fr\/de\/\"},{\"@type\":\"ListItem\",\"position\":2,\"name\":\"Coronavirus (COVID-19) : y aura-t-il des sapins \u00e0 No\u00ebl ?\"}]},{\"@type\":\"WebSite\",\"@id\":\"https:\/\/www.cabinet-magar.fr\/#website\",\"url\":\"https:\/\/www.cabinet-magar.fr\/\",\"name\":\"Cabinet Magar\",\"description\":\"\",\"potentialAction\":[{\"@type\":\"SearchAction\",\"target\":{\"@type\":\"EntryPoint\",\"urlTemplate\":\"https:\/\/www.cabinet-magar.fr\/?s={search_term_string}\"},\"query-input\":{\"@type\":\"PropertyValueSpecification\",\"valueRequired\":true,\"valueName\":\"search_term_string\"}}],\"inLanguage\":\"de\"}]}<\/script>\n<!-- \/ Yoast SEO plugin. -->","yoast_head_json":{"title":"Coronavirus (COVID-19) : y aura-t-il des sapins \u00e0 No\u00ebl ? - Cabinet Magar","robots":{"index":"index","follow":"follow","max-snippet":"max-snippet:-1","max-image-preview":"max-image-preview:large","max-video-preview":"max-video-preview:-1"},"canonical":"https:\/\/www.cabinet-magar.fr\/actualites\/coronavirus-covid-19-y-aura-t-il-des-sapins-a-noel\/","og_locale":"de_DE","og_type":"article","og_title":"Coronavirus (COVID-19) : y aura-t-il des sapins \u00e0 No\u00ebl ? - Cabinet Magar","og_description":"En raison du confinement, il est actuellement impossible pour les particuliers d\u2019acheter leurs sapins de No\u00ebl. Le Gouvernement va-t-il exceptionnellement cr\u00e9er une d\u00e9rogation \u00e0 l\u2019interdiction de sortir de son domicile ? R\u00e9ponse\u2026","og_url":"https:\/\/www.cabinet-magar.fr\/actualites\/coronavirus-covid-19-y-aura-t-il-des-sapins-a-noel\/","og_site_name":"Cabinet Magar","article_published_time":"2020-11-19T04:50:00+00:00","article_modified_time":"2021-05-05T01:00:58+00:00","og_image":[{"width":600,"height":400,"url":"https:\/\/www.cabinet-magar.fr\/wp-content\/uploads\/2021\/05\/sapindenoel.jpg","type":"image\/jpeg"}],"twitter_card":"summary_large_image","twitter_misc":{"Gesch\u00e4tzte Lesezeit":"1\u00a0Minute"},"schema":{"@context":"https:\/\/schema.org","@graph":[{"@type":"Article","@id":"https:\/\/www.cabinet-magar.fr\/actualites\/coronavirus-covid-19-y-aura-t-il-des-sapins-a-noel\/#article","isPartOf":{"@id":"https:\/\/www.cabinet-magar.fr\/actualites\/coronavirus-covid-19-y-aura-t-il-des-sapins-a-noel\/"},"author":{"name":"","@id":""},"headline":"Coronavirus (COVID-19) : y aura-t-il des sapins \u00e0 No\u00ebl ?","datePublished":"2020-11-19T04:50:00+00:00","dateModified":"2021-05-05T01:00:58+00:00","mainEntityOfPage":{"@id":"https:\/\/www.cabinet-magar.fr\/actualites\/coronavirus-covid-19-y-aura-t-il-des-sapins-a-noel\/"},"wordCount":229,"commentCount":0,"image":{"@id":"https:\/\/www.cabinet-magar.fr\/actualites\/coronavirus-covid-19-y-aura-t-il-des-sapins-a-noel\/#primaryimage"},"thumbnailUrl":"https:\/\/www.cabinet-magar.fr\/wp-content\/uploads\/2021\/05\/sapindenoel.jpg","articleSection":["Actu Juridique","Actualit\u00e9s"],"inLanguage":"de","potentialAction":[{"@type":"CommentAction","name":"Comment","target":["https:\/\/www.cabinet-magar.fr\/actualites\/coronavirus-covid-19-y-aura-t-il-des-sapins-a-noel\/#respond"]}]},{"@type":"WebPage","@id":"https:\/\/www.cabinet-magar.fr\/actualites\/coronavirus-covid-19-y-aura-t-il-des-sapins-a-noel\/","url":"https:\/\/www.cabinet-magar.fr\/actualites\/coronavirus-covid-19-y-aura-t-il-des-sapins-a-noel\/","name":"Coronavirus (COVID-19) : y aura-t-il des sapins \u00e0 No\u00ebl ? - Cabinet Magar","isPartOf":{"@id":"https:\/\/www.cabinet-magar.fr\/#website"},"primaryImageOfPage":{"@id":"https:\/\/www.cabinet-magar.fr\/actualites\/coronavirus-covid-19-y-aura-t-il-des-sapins-a-noel\/#primaryimage"},"image":{"@id":"https:\/\/www.cabinet-magar.fr\/actualites\/coronavirus-covid-19-y-aura-t-il-des-sapins-a-noel\/#primaryimage"},"thumbnailUrl":"https:\/\/www.cabinet-magar.fr\/wp-content\/uploads\/2021\/05\/sapindenoel.jpg","datePublished":"2020-11-19T04:50:00+00:00","dateModified":"2021-05-05T01:00:58+00:00","author":{"@id":""},"breadcrumb":{"@id":"https:\/\/www.cabinet-magar.fr\/actualites\/coronavirus-covid-19-y-aura-t-il-des-sapins-a-noel\/#breadcrumb"},"inLanguage":"de","potentialAction":[{"@type":"ReadAction","target":["https:\/\/www.cabinet-magar.fr\/actualites\/coronavirus-covid-19-y-aura-t-il-des-sapins-a-noel\/"]}]},{"@type":"ImageObject","inLanguage":"de","@id":"https:\/\/www.cabinet-magar.fr\/actualites\/coronavirus-covid-19-y-aura-t-il-des-sapins-a-noel\/#primaryimage","url":"https:\/\/www.cabinet-magar.fr\/wp-content\/uploads\/2021\/05\/sapindenoel.jpg","contentUrl":"https:\/\/www.cabinet-magar.fr\/wp-content\/uploads\/2021\/05\/sapindenoel.jpg","width":600,"height":400},{"@type":"BreadcrumbList","@id":"https:\/\/www.cabinet-magar.fr\/actualites\/coronavirus-covid-19-y-aura-t-il-des-sapins-a-noel\/#breadcrumb","itemListElement":[{"@type":"ListItem","position":1,"name":"Accueil","item":"https:\/\/www.cabinet-magar.fr\/de\/"},{"@type":"ListItem","position":2,"name":"Coronavirus (COVID-19) : y aura-t-il des sapins \u00e0 No\u00ebl ?"}]},{"@type":"WebSite","@id":"https:\/\/www.cabinet-magar.fr\/#website","url":"https:\/\/www.cabinet-magar.fr\/","name":"Cabinet Magar","description":"","potentialAction":[{"@type":"SearchAction","target":{"@type":"EntryPoint","urlTemplate":"https:\/\/www.cabinet-magar.fr\/?s={search_term_string}"},"query-input":{"@type":"PropertyValueSpecification","valueRequired":true,"valueName":"search_term_string"}}],"inLanguage":"de"}]}},"_links":{"self":[{"href":"https:\/\/www.cabinet-magar.fr\/de\/wp-json\/wp\/v2\/posts\/1142","targetHints":{"allow":["GET"]}}],"collection":[{"href":"https:\/\/www.cabinet-magar.fr\/de\/wp-json\/wp\/v2\/posts"}],"about":[{"href":"https:\/\/www.cabinet-magar.fr\/de\/wp-json\/wp\/v2\/types\/post"}],"replies":[{"embeddable":true,"href":"https:\/\/www.cabinet-magar.fr\/de\/wp-json\/wp\/v2\/comments?post=1142"}],"version-history":[{"count":1,"href":"https:\/\/www.cabinet-magar.fr\/de\/wp-json\/wp\/v2\/posts\/1142\/revisions"}],"predecessor-version":[{"id":4681,"href":"https:\/\/www.cabinet-magar.fr\/de\/wp-json\/wp\/v2\/posts\/1142\/revisions\/4681"}],"wp:featuredmedia":[{"embeddable":true,"href":"https:\/\/www.cabinet-magar.fr\/de\/wp-json\/wp\/v2\/media\/4682"}],"wp:attachment":[{"href":"https:\/\/www.cabinet-magar.fr\/de\/wp-json\/wp\/v2\/media?parent=1142"}],"wp:term":[{"taxonomy":"category","embeddable":true,"href":"https:\/\/www.cabinet-magar.fr\/de\/wp-json\/wp\/v2\/categories?post=1142"},{"taxonomy":"post_tag","embeddable":true,"href":"https:\/\/www.cabinet-magar.fr\/de\/wp-json\/wp\/v2\/tags?post=1142"}],"curies":[{"name":"wp","href":"https:\/\/api.w.org\/{rel}","templated":true}]}}