{"id":1141,"date":"2020-11-19T05:51:00","date_gmt":"2020-11-19T04:51:00","guid":{"rendered":"https:\/\/www.cabinet-magar.fr\/coronavirus-covid-19-precisions-relatives-a-la-formation-des-salaries-en-activite-partielle\/"},"modified":"2021-05-05T03:00:55","modified_gmt":"2021-05-05T01:00:55","slug":"coronavirus-covid-19-precisions-relatives-a-la-formation-des-salaries-en-activite-partielle","status":"publish","type":"post","link":"https:\/\/www.cabinet-magar.fr\/de\/actualites\/coronavirus-covid-19-precisions-relatives-a-la-formation-des-salaries-en-activite-partielle\/","title":{"rendered":"Coronavirus (COVID-19) : pr\u00e9cisions relatives \u00e0 la formation des salari\u00e9s en activit\u00e9 partielle"},"content":{"rendered":"<p >Un dispositif de financement de la formation des salari\u00e9s a \u00e9t\u00e9 adapt\u00e9 pour faire face aux cons\u00e9quences de l\u2019\u00e9pid\u00e9mie de covid-19 : le FNE-Formation. Il concerne d\u00e9sormais les salari\u00e9s plac\u00e9s en activit\u00e9 partielle ou en activit\u00e9 partielle de longue dur\u00e9e. Des nouveaut\u00e9s \u00e0 ce sujet sont \u00e0 noter. Lesquelles ?<\/p>\n<div>\n<h2>Le dispositif du FNE-Formation remodel\u00e9<\/h2>\n<p>Pour faire face \u00e0 la crise r\u00e9sultant de l\u2019\u00e9pid\u00e9mie de covid-19, les entreprises qui ont plac\u00e9 des salari\u00e9s en activit\u00e9 partielle ou en activit\u00e9 partielle de longue dur\u00e9e, peuvent b\u00e9n\u00e9ficier d\u2019une prise en charge par l\u2019Etat d\u2019une partie des co\u00fbts p\u00e9dagogiques du projet de formation, via le FNE-Formation.<\/p>\n<p>Depuis le 1er novembre 2020, ce dispositif est exclusivement r\u00e9serv\u00e9 aux salari\u00e9s plac\u00e9s en activit\u00e9 partielle, de droit commun ou de longue dur\u00e9e.<\/p>\n<p>Les formations \u00e9ligibles sont notamment celles permettant d\u2019obtenir une qualification professionnelle et les actions de VAE (validation des acquis de l\u2019exp\u00e9rience).<\/p>\n<p>La prise en charge par l\u2019\u00c9tat, depuis le 1er novembre 2020, s\u2019\u00e9l\u00e8ve \u00e0 :<\/p>\n<ul>\n<li>70 % des frais p\u00e9dagogiques pour les salari\u00e9s en activit\u00e9 partielle de droit commun (APDC) : (contre 100 % pour tout dossier complet d\u00e9pos\u00e9 jusqu\u2019au 31 octobre 2020) ;<\/li>\n<li>80 % des co\u00fbt p\u00e9dagogiques pour les salari\u00e9s en activit\u00e9 partielle longue dur\u00e9e (APLD), avec un plafond moyen de 6 000 \u20ac par salari\u00e9 et par an.<\/li>\n<\/ul>\n<p>La r\u00e9mun\u00e9ration du salari\u00e9 en formation est exclue de la prise en charge de l\u2019Etat au titre du FNE-Formation. Rappelons n\u00e9anmoins que l\u2019employeur per\u00e7oit, au titre de la r\u00e9mun\u00e9ration du salari\u00e9 plac\u00e9 en activit\u00e9 partielle, une allocation de l\u2019Etat.<\/p>\n<p>Toute entreprise, sans condition de forme, de taille, d\u2019effectif ou de secteur d\u2019activit\u00e9, peut adresser sa demande de FNE-Formation \u00e0 son OPCO ou \u00e0 la Direccte. Elle doit \u00eatre en mesure de produire un dossier complet pr\u00e9sentant la formation (ou bilan de comp\u00e9tences, ou VAE) destin\u00e9e \u00e0 \u00eatre soutenue.<\/p>\n<p><span style=\"text-decoration: underline;\">Source :<\/span> Questions\/R\u00e9ponses du Minist\u00e8re du travail, FNE-Formation, mise \u00e0 jour du 13 novembre 2020<\/p>\n<p><a title=\"WebLex - Coronavirus (COVID-19) : pr\u00e9cisions relatives \u00e0 la formation des salari\u00e9s en activit\u00e9 partielle\" href=\"https:\/\/www.weblex.fr\/weblex-actualite\/coronavirus-covid-19-precisions-relatives-a-la-formation-des-salaries-en-activite-partielle\" target=\"_blank\" rel=\"noopener\">Coronavirus (COVID-19) : pr\u00e9cisions relatives \u00e0 la formation des salari\u00e9s en activit\u00e9 partielle<\/a> \u00a9 Copyright WebLex &#8211; 2020<\/p>\n<\/div>\n<p><img src='https:\/\/www.weblex.fr\/images\/flux_actus\/formationavenirpro.jpg'><\/p>\n","protected":false},"excerpt":{"rendered":"<p>Un dispositif de financement de la formation des salari\u00e9s a \u00e9t\u00e9 adapt\u00e9 pour faire face aux cons\u00e9quences de l\u2019\u00e9pid\u00e9mie de covid-19 : le FNE-Formation. Il concerne d\u00e9sormais les salari\u00e9s plac\u00e9s en activit\u00e9 partielle ou en activit\u00e9 partielle de longue dur\u00e9e. Des nouveaut\u00e9s \u00e0 ce sujet sont \u00e0 noter. Lesquelles ?<\/p>\n","protected":false},"author":0,"featured_media":3843,"comment_status":"open","ping_status":"closed","sticky":false,"template":"","format":"standard","meta":{"_acf_changed":false,"footnotes":""},"categories":[8,7],"tags":[],"class_list":["post-1141","post","type-post","status-publish","format-standard","has-post-thumbnail","hentry","category-actu-sociale","category-actualites"],"acf":[],"yoast_head":"<!-- This site is optimized with the Yoast SEO plugin v27.2 - https:\/\/yoast.com\/product\/yoast-seo-wordpress\/ -->\n<title>Coronavirus (COVID-19) : pr\u00e9cisions relatives \u00e0 la formation des salari\u00e9s en activit\u00e9 partielle - Cabinet Magar<\/title>\n<meta name=\"robots\" content=\"index, follow, max-snippet:-1, max-image-preview:large, max-video-preview:-1\" \/>\n<link rel=\"canonical\" href=\"https:\/\/www.cabinet-magar.fr\/actualites\/coronavirus-covid-19-precisions-relatives-a-la-formation-des-salaries-en-activite-partielle\/\" \/>\n<meta property=\"og:locale\" content=\"de_DE\" \/>\n<meta property=\"og:type\" content=\"article\" \/>\n<meta property=\"og:title\" content=\"Coronavirus (COVID-19) : pr\u00e9cisions relatives \u00e0 la formation des salari\u00e9s en activit\u00e9 partielle - Cabinet Magar\" \/>\n<meta property=\"og:description\" content=\"Un dispositif de financement de la formation des salari\u00e9s a \u00e9t\u00e9 adapt\u00e9 pour faire face aux cons\u00e9quences de l\u2019\u00e9pid\u00e9mie de covid-19 : le FNE-Formation. Il concerne d\u00e9sormais les salari\u00e9s plac\u00e9s en activit\u00e9 partielle ou en activit\u00e9 partielle de longue dur\u00e9e. Des nouveaut\u00e9s \u00e0 ce sujet sont \u00e0 noter. Lesquelles ?\" \/>\n<meta property=\"og:url\" content=\"https:\/\/www.cabinet-magar.fr\/actualites\/coronavirus-covid-19-precisions-relatives-a-la-formation-des-salaries-en-activite-partielle\/\" \/>\n<meta property=\"og:site_name\" content=\"Cabinet Magar\" \/>\n<meta property=\"article:published_time\" content=\"2020-11-19T04:51:00+00:00\" \/>\n<meta property=\"article:modified_time\" content=\"2021-05-05T01:00:55+00:00\" \/>\n<meta property=\"og:image\" content=\"https:\/\/www.cabinet-magar.fr\/wp-content\/uploads\/2021\/04\/formationavenirpro.jpg\" \/>\n\t<meta property=\"og:image:width\" content=\"600\" \/>\n\t<meta property=\"og:image:height\" content=\"400\" \/>\n\t<meta property=\"og:image:type\" content=\"image\/jpeg\" \/>\n<meta name=\"twitter:card\" content=\"summary_large_image\" \/>\n<meta name=\"twitter:label1\" content=\"Gesch\u00e4tzte Lesezeit\" \/>\n\t<meta name=\"twitter:data1\" content=\"2\u00a0Minuten\" \/>\n<script type=\"application\/ld+json\" class=\"yoast-schema-graph\">{\"@context\":\"https:\/\/schema.org\",\"@graph\":[{\"@type\":\"Article\",\"@id\":\"https:\/\/www.cabinet-magar.fr\/actualites\/coronavirus-covid-19-precisions-relatives-a-la-formation-des-salaries-en-activite-partielle\/#article\",\"isPartOf\":{\"@id\":\"https:\/\/www.cabinet-magar.fr\/actualites\/coronavirus-covid-19-precisions-relatives-a-la-formation-des-salaries-en-activite-partielle\/\"},\"author\":{\"name\":\"\",\"@id\":\"\"},\"headline\":\"Coronavirus (COVID-19) : pr\u00e9cisions relatives \u00e0 la formation des salari\u00e9s en activit\u00e9 partielle\",\"datePublished\":\"2020-11-19T04:51:00+00:00\",\"dateModified\":\"2021-05-05T01:00:55+00:00\",\"mainEntityOfPage\":{\"@id\":\"https:\/\/www.cabinet-magar.fr\/actualites\/coronavirus-covid-19-precisions-relatives-a-la-formation-des-salaries-en-activite-partielle\/\"},\"wordCount\":376,\"commentCount\":0,\"image\":{\"@id\":\"https:\/\/www.cabinet-magar.fr\/actualites\/coronavirus-covid-19-precisions-relatives-a-la-formation-des-salaries-en-activite-partielle\/#primaryimage\"},\"thumbnailUrl\":\"https:\/\/www.cabinet-magar.fr\/wp-content\/uploads\/2021\/04\/formationavenirpro.jpg\",\"articleSection\":[\"Actu Sociale\",\"Actualit\u00e9s\"],\"inLanguage\":\"de\",\"potentialAction\":[{\"@type\":\"CommentAction\",\"name\":\"Comment\",\"target\":[\"https:\/\/www.cabinet-magar.fr\/actualites\/coronavirus-covid-19-precisions-relatives-a-la-formation-des-salaries-en-activite-partielle\/#respond\"]}]},{\"@type\":\"WebPage\",\"@id\":\"https:\/\/www.cabinet-magar.fr\/actualites\/coronavirus-covid-19-precisions-relatives-a-la-formation-des-salaries-en-activite-partielle\/\",\"url\":\"https:\/\/www.cabinet-magar.fr\/actualites\/coronavirus-covid-19-precisions-relatives-a-la-formation-des-salaries-en-activite-partielle\/\",\"name\":\"Coronavirus (COVID-19) : pr\u00e9cisions relatives \u00e0 la formation des salari\u00e9s en activit\u00e9 partielle - Cabinet Magar\",\"isPartOf\":{\"@id\":\"https:\/\/www.cabinet-magar.fr\/#website\"},\"primaryImageOfPage\":{\"@id\":\"https:\/\/www.cabinet-magar.fr\/actualites\/coronavirus-covid-19-precisions-relatives-a-la-formation-des-salaries-en-activite-partielle\/#primaryimage\"},\"image\":{\"@id\":\"https:\/\/www.cabinet-magar.fr\/actualites\/coronavirus-covid-19-precisions-relatives-a-la-formation-des-salaries-en-activite-partielle\/#primaryimage\"},\"thumbnailUrl\":\"https:\/\/www.cabinet-magar.fr\/wp-content\/uploads\/2021\/04\/formationavenirpro.jpg\",\"datePublished\":\"2020-11-19T04:51:00+00:00\",\"dateModified\":\"2021-05-05T01:00:55+00:00\",\"author\":{\"@id\":\"\"},\"breadcrumb\":{\"@id\":\"https:\/\/www.cabinet-magar.fr\/actualites\/coronavirus-covid-19-precisions-relatives-a-la-formation-des-salaries-en-activite-partielle\/#breadcrumb\"},\"inLanguage\":\"de\",\"potentialAction\":[{\"@type\":\"ReadAction\",\"target\":[\"https:\/\/www.cabinet-magar.fr\/actualites\/coronavirus-covid-19-precisions-relatives-a-la-formation-des-salaries-en-activite-partielle\/\"]}]},{\"@type\":\"ImageObject\",\"inLanguage\":\"de\",\"@id\":\"https:\/\/www.cabinet-magar.fr\/actualites\/coronavirus-covid-19-precisions-relatives-a-la-formation-des-salaries-en-activite-partielle\/#primaryimage\",\"url\":\"https:\/\/www.cabinet-magar.fr\/wp-content\/uploads\/2021\/04\/formationavenirpro.jpg\",\"contentUrl\":\"https:\/\/www.cabinet-magar.fr\/wp-content\/uploads\/2021\/04\/formationavenirpro.jpg\",\"width\":600,\"height\":400},{\"@type\":\"BreadcrumbList\",\"@id\":\"https:\/\/www.cabinet-magar.fr\/actualites\/coronavirus-covid-19-precisions-relatives-a-la-formation-des-salaries-en-activite-partielle\/#breadcrumb\",\"itemListElement\":[{\"@type\":\"ListItem\",\"position\":1,\"name\":\"Accueil\",\"item\":\"https:\/\/www.cabinet-magar.fr\/de\/\"},{\"@type\":\"ListItem\",\"position\":2,\"name\":\"Coronavirus (COVID-19) : pr\u00e9cisions relatives \u00e0 la formation des salari\u00e9s en activit\u00e9 partielle\"}]},{\"@type\":\"WebSite\",\"@id\":\"https:\/\/www.cabinet-magar.fr\/#website\",\"url\":\"https:\/\/www.cabinet-magar.fr\/\",\"name\":\"Cabinet Magar\",\"description\":\"\",\"potentialAction\":[{\"@type\":\"SearchAction\",\"target\":{\"@type\":\"EntryPoint\",\"urlTemplate\":\"https:\/\/www.cabinet-magar.fr\/?s={search_term_string}\"},\"query-input\":{\"@type\":\"PropertyValueSpecification\",\"valueRequired\":true,\"valueName\":\"search_term_string\"}}],\"inLanguage\":\"de\"}]}<\/script>\n<!-- \/ Yoast SEO plugin. -->","yoast_head_json":{"title":"Coronavirus (COVID-19) : pr\u00e9cisions relatives \u00e0 la formation des salari\u00e9s en activit\u00e9 partielle - Cabinet Magar","robots":{"index":"index","follow":"follow","max-snippet":"max-snippet:-1","max-image-preview":"max-image-preview:large","max-video-preview":"max-video-preview:-1"},"canonical":"https:\/\/www.cabinet-magar.fr\/actualites\/coronavirus-covid-19-precisions-relatives-a-la-formation-des-salaries-en-activite-partielle\/","og_locale":"de_DE","og_type":"article","og_title":"Coronavirus (COVID-19) : pr\u00e9cisions relatives \u00e0 la formation des salari\u00e9s en activit\u00e9 partielle - Cabinet Magar","og_description":"Un dispositif de financement de la formation des salari\u00e9s a \u00e9t\u00e9 adapt\u00e9 pour faire face aux cons\u00e9quences de l\u2019\u00e9pid\u00e9mie de covid-19 : le FNE-Formation. Il concerne d\u00e9sormais les salari\u00e9s plac\u00e9s en activit\u00e9 partielle ou en activit\u00e9 partielle de longue dur\u00e9e. Des nouveaut\u00e9s \u00e0 ce sujet sont \u00e0 noter. Lesquelles ?","og_url":"https:\/\/www.cabinet-magar.fr\/actualites\/coronavirus-covid-19-precisions-relatives-a-la-formation-des-salaries-en-activite-partielle\/","og_site_name":"Cabinet Magar","article_published_time":"2020-11-19T04:51:00+00:00","article_modified_time":"2021-05-05T01:00:55+00:00","og_image":[{"width":600,"height":400,"url":"https:\/\/www.cabinet-magar.fr\/wp-content\/uploads\/2021\/04\/formationavenirpro.jpg","type":"image\/jpeg"}],"twitter_card":"summary_large_image","twitter_misc":{"Gesch\u00e4tzte Lesezeit":"2\u00a0Minuten"},"schema":{"@context":"https:\/\/schema.org","@graph":[{"@type":"Article","@id":"https:\/\/www.cabinet-magar.fr\/actualites\/coronavirus-covid-19-precisions-relatives-a-la-formation-des-salaries-en-activite-partielle\/#article","isPartOf":{"@id":"https:\/\/www.cabinet-magar.fr\/actualites\/coronavirus-covid-19-precisions-relatives-a-la-formation-des-salaries-en-activite-partielle\/"},"author":{"name":"","@id":""},"headline":"Coronavirus (COVID-19) : pr\u00e9cisions relatives \u00e0 la formation des salari\u00e9s en activit\u00e9 partielle","datePublished":"2020-11-19T04:51:00+00:00","dateModified":"2021-05-05T01:00:55+00:00","mainEntityOfPage":{"@id":"https:\/\/www.cabinet-magar.fr\/actualites\/coronavirus-covid-19-precisions-relatives-a-la-formation-des-salaries-en-activite-partielle\/"},"wordCount":376,"commentCount":0,"image":{"@id":"https:\/\/www.cabinet-magar.fr\/actualites\/coronavirus-covid-19-precisions-relatives-a-la-formation-des-salaries-en-activite-partielle\/#primaryimage"},"thumbnailUrl":"https:\/\/www.cabinet-magar.fr\/wp-content\/uploads\/2021\/04\/formationavenirpro.jpg","articleSection":["Actu Sociale","Actualit\u00e9s"],"inLanguage":"de","potentialAction":[{"@type":"CommentAction","name":"Comment","target":["https:\/\/www.cabinet-magar.fr\/actualites\/coronavirus-covid-19-precisions-relatives-a-la-formation-des-salaries-en-activite-partielle\/#respond"]}]},{"@type":"WebPage","@id":"https:\/\/www.cabinet-magar.fr\/actualites\/coronavirus-covid-19-precisions-relatives-a-la-formation-des-salaries-en-activite-partielle\/","url":"https:\/\/www.cabinet-magar.fr\/actualites\/coronavirus-covid-19-precisions-relatives-a-la-formation-des-salaries-en-activite-partielle\/","name":"Coronavirus (COVID-19) : pr\u00e9cisions relatives \u00e0 la formation des salari\u00e9s en activit\u00e9 partielle - Cabinet Magar","isPartOf":{"@id":"https:\/\/www.cabinet-magar.fr\/#website"},"primaryImageOfPage":{"@id":"https:\/\/www.cabinet-magar.fr\/actualites\/coronavirus-covid-19-precisions-relatives-a-la-formation-des-salaries-en-activite-partielle\/#primaryimage"},"image":{"@id":"https:\/\/www.cabinet-magar.fr\/actualites\/coronavirus-covid-19-precisions-relatives-a-la-formation-des-salaries-en-activite-partielle\/#primaryimage"},"thumbnailUrl":"https:\/\/www.cabinet-magar.fr\/wp-content\/uploads\/2021\/04\/formationavenirpro.jpg","datePublished":"2020-11-19T04:51:00+00:00","dateModified":"2021-05-05T01:00:55+00:00","author":{"@id":""},"breadcrumb":{"@id":"https:\/\/www.cabinet-magar.fr\/actualites\/coronavirus-covid-19-precisions-relatives-a-la-formation-des-salaries-en-activite-partielle\/#breadcrumb"},"inLanguage":"de","potentialAction":[{"@type":"ReadAction","target":["https:\/\/www.cabinet-magar.fr\/actualites\/coronavirus-covid-19-precisions-relatives-a-la-formation-des-salaries-en-activite-partielle\/"]}]},{"@type":"ImageObject","inLanguage":"de","@id":"https:\/\/www.cabinet-magar.fr\/actualites\/coronavirus-covid-19-precisions-relatives-a-la-formation-des-salaries-en-activite-partielle\/#primaryimage","url":"https:\/\/www.cabinet-magar.fr\/wp-content\/uploads\/2021\/04\/formationavenirpro.jpg","contentUrl":"https:\/\/www.cabinet-magar.fr\/wp-content\/uploads\/2021\/04\/formationavenirpro.jpg","width":600,"height":400},{"@type":"BreadcrumbList","@id":"https:\/\/www.cabinet-magar.fr\/actualites\/coronavirus-covid-19-precisions-relatives-a-la-formation-des-salaries-en-activite-partielle\/#breadcrumb","itemListElement":[{"@type":"ListItem","position":1,"name":"Accueil","item":"https:\/\/www.cabinet-magar.fr\/de\/"},{"@type":"ListItem","position":2,"name":"Coronavirus (COVID-19) : pr\u00e9cisions relatives \u00e0 la formation des salari\u00e9s en activit\u00e9 partielle"}]},{"@type":"WebSite","@id":"https:\/\/www.cabinet-magar.fr\/#website","url":"https:\/\/www.cabinet-magar.fr\/","name":"Cabinet Magar","description":"","potentialAction":[{"@type":"SearchAction","target":{"@type":"EntryPoint","urlTemplate":"https:\/\/www.cabinet-magar.fr\/?s={search_term_string}"},"query-input":{"@type":"PropertyValueSpecification","valueRequired":true,"valueName":"search_term_string"}}],"inLanguage":"de"}]}},"_links":{"self":[{"href":"https:\/\/www.cabinet-magar.fr\/de\/wp-json\/wp\/v2\/posts\/1141","targetHints":{"allow":["GET"]}}],"collection":[{"href":"https:\/\/www.cabinet-magar.fr\/de\/wp-json\/wp\/v2\/posts"}],"about":[{"href":"https:\/\/www.cabinet-magar.fr\/de\/wp-json\/wp\/v2\/types\/post"}],"replies":[{"embeddable":true,"href":"https:\/\/www.cabinet-magar.fr\/de\/wp-json\/wp\/v2\/comments?post=1141"}],"version-history":[{"count":1,"href":"https:\/\/www.cabinet-magar.fr\/de\/wp-json\/wp\/v2\/posts\/1141\/revisions"}],"predecessor-version":[{"id":4680,"href":"https:\/\/www.cabinet-magar.fr\/de\/wp-json\/wp\/v2\/posts\/1141\/revisions\/4680"}],"wp:featuredmedia":[{"embeddable":true,"href":"https:\/\/www.cabinet-magar.fr\/de\/wp-json\/wp\/v2\/media\/3843"}],"wp:attachment":[{"href":"https:\/\/www.cabinet-magar.fr\/de\/wp-json\/wp\/v2\/media?parent=1141"}],"wp:term":[{"taxonomy":"category","embeddable":true,"href":"https:\/\/www.cabinet-magar.fr\/de\/wp-json\/wp\/v2\/categories?post=1141"},{"taxonomy":"post_tag","embeddable":true,"href":"https:\/\/www.cabinet-magar.fr\/de\/wp-json\/wp\/v2\/tags?post=1141"}],"curies":[{"name":"wp","href":"https:\/\/api.w.org\/{rel}","templated":true}]}}