{"id":1021,"date":"2020-12-04T05:45:00","date_gmt":"2020-12-04T04:45:00","guid":{"rendered":"https:\/\/www.cabinet-magar.fr\/elections-professionnelles-un-traitement-de-defaveur-des-syndicats\/"},"modified":"2021-04-29T03:00:47","modified_gmt":"2021-04-29T01:00:47","slug":"elections-professionnelles-un-traitement-de-defaveur-des-syndicats","status":"publish","type":"post","link":"https:\/\/www.cabinet-magar.fr\/de\/actualites\/elections-professionnelles-un-traitement-de-defaveur-des-syndicats\/","title":{"rendered":"Elections professionnelles : un traitement de (d\u00e9)faveur des syndicats ?"},"content":{"rendered":"<p >Une entreprise organise le second tour de ses \u00e9lections professionnelles, permettant \u00e0 des salari\u00e9s qui n\u2019adh\u00e8rent \u00e0 aucun syndicat de se pr\u00e9senter librement. Une libert\u00e9 toutefois encadr\u00e9e, selon un syndicat qui r\u00e9clame l\u2019annulation d\u2019une liste de candidatures libres. Pourquoi ?<\/p>\n<div>\n<h2> Point sur la repr\u00e9sentation proportionnelle d\u2019hommes et de femmes<\/h2>\n<p>Une entreprise organise ses \u00e9lections professionnelles. Mais parce que le nombre des votants est inf\u00e9rieur \u00e0 la moiti\u00e9 des \u00e9lecteurs inscrits lors d\u2019un premier tour (on dit alors que le quorum n\u2019est pas atteint), un second tour de scrutin est donc organis\u00e9.<\/p>\n<p>Et si au 1er tour, seuls les syndicats peuvent pr\u00e9senter une liste de candidats, la pr\u00e9sentation de listes au 2nd tour est ouverte \u00e0 la fois aux syndicats mais aussi aux candidatures libres. A cette occasion, les syndicats n\u2019ont donc plus le monopole de la pr\u00e9sentation des listes de candidats.<\/p>\n<p>L\u2019un d\u2019eux constate cependant qu\u2019une liste de candidats libres ne respecte pas les r\u00e8gles de repr\u00e9sentation \u00e9quilibr\u00e9e hommes\/femmes et demande donc l\u2019annulation de l\u2019\u00e9lection des 2 \u00e9lus du sexe surrepr\u00e9sent\u00e9.<\/p>\n<p>Ce que refuse le juge : il pr\u00e9cise que les dispositions relatives \u00e0 la repr\u00e9sentation \u00e9quilibr\u00e9e d\u2019hommes et de femmes s\u2019imposent aux syndicats (\u00e0 chaque tour de scrutin), mais pas aux candidatures libres pr\u00e9sent\u00e9es au second tour des \u00e9lections professionnelles.<\/p>\n<p><span style=\"text-decoration: underline;\">Source :<\/span> Arr\u00eat de la Cour de Cassation, chambre sociale, du 25 novembre 2020, n\u00b0 19-60222<\/p>\n<p><a title=\"Titre WebLex - Elections professionnelles : un traitement de (d\u00e9)faveur des syndicats ?\" href=\"https:\/\/www.weblex.fr\/weblex-actualite\/elections-professionnelles-un-traitement-de-defaveur-des-syndicats\" rel=\"nofollow noopener\" target=\"_blank\">Elections professionnelles : un traitement de (d\u00e9)faveur des syndicats ?<\/a> \u00a9 Copyright WebLex &#8211; 2020<\/p>\n<\/div>\n<p><img src='https:\/\/www.weblex.fr\/images\/flux_actus\/egalitesexe.jpg'><\/p>\n","protected":false},"excerpt":{"rendered":"<p>Une entreprise organise le second tour de ses \u00e9lections professionnelles, permettant \u00e0 des salari\u00e9s qui n\u2019adh\u00e8rent \u00e0 aucun syndicat de se pr\u00e9senter librement. Une libert\u00e9 toutefois encadr\u00e9e, selon un syndicat qui r\u00e9clame l\u2019annulation d\u2019une liste de candidatures libres. Pourquoi ?<\/p>\n","protected":false},"author":0,"featured_media":4487,"comment_status":"open","ping_status":"closed","sticky":false,"template":"","format":"standard","meta":{"_acf_changed":false,"footnotes":""},"categories":[8,7],"tags":[],"class_list":["post-1021","post","type-post","status-publish","format-standard","has-post-thumbnail","hentry","category-actu-sociale","category-actualites"],"acf":[],"yoast_head":"<!-- This site is optimized with the Yoast SEO plugin v27.2 - https:\/\/yoast.com\/product\/yoast-seo-wordpress\/ -->\n<title>Elections professionnelles : un traitement de (d\u00e9)faveur des syndicats ? - Cabinet Magar<\/title>\n<meta name=\"robots\" content=\"index, follow, max-snippet:-1, max-image-preview:large, max-video-preview:-1\" \/>\n<link rel=\"canonical\" href=\"https:\/\/www.cabinet-magar.fr\/actualites\/elections-professionnelles-un-traitement-de-defaveur-des-syndicats\/\" \/>\n<meta property=\"og:locale\" content=\"de_DE\" \/>\n<meta property=\"og:type\" content=\"article\" \/>\n<meta property=\"og:title\" content=\"Elections professionnelles : un traitement de (d\u00e9)faveur des syndicats ? - Cabinet Magar\" \/>\n<meta property=\"og:description\" content=\"Une entreprise organise le second tour de ses \u00e9lections professionnelles, permettant \u00e0 des salari\u00e9s qui n\u2019adh\u00e8rent \u00e0 aucun syndicat de se pr\u00e9senter librement. Une libert\u00e9 toutefois encadr\u00e9e, selon un syndicat qui r\u00e9clame l\u2019annulation d\u2019une liste de candidatures libres. Pourquoi ?\" \/>\n<meta property=\"og:url\" content=\"https:\/\/www.cabinet-magar.fr\/actualites\/elections-professionnelles-un-traitement-de-defaveur-des-syndicats\/\" \/>\n<meta property=\"og:site_name\" content=\"Cabinet Magar\" \/>\n<meta property=\"article:published_time\" content=\"2020-12-04T04:45:00+00:00\" \/>\n<meta property=\"article:modified_time\" content=\"2021-04-29T01:00:47+00:00\" \/>\n<meta property=\"og:image\" content=\"https:\/\/www.cabinet-magar.fr\/wp-content\/uploads\/2021\/04\/egalitesexe.jpg\" \/>\n\t<meta property=\"og:image:width\" content=\"600\" \/>\n\t<meta property=\"og:image:height\" content=\"400\" \/>\n\t<meta property=\"og:image:type\" content=\"image\/jpeg\" \/>\n<meta name=\"twitter:card\" content=\"summary_large_image\" \/>\n<meta name=\"twitter:label1\" content=\"Gesch\u00e4tzte Lesezeit\" \/>\n\t<meta name=\"twitter:data1\" content=\"1\u00a0Minute\" \/>\n<script type=\"application\/ld+json\" class=\"yoast-schema-graph\">{\"@context\":\"https:\/\/schema.org\",\"@graph\":[{\"@type\":\"Article\",\"@id\":\"https:\/\/www.cabinet-magar.fr\/actualites\/elections-professionnelles-un-traitement-de-defaveur-des-syndicats\/#article\",\"isPartOf\":{\"@id\":\"https:\/\/www.cabinet-magar.fr\/actualites\/elections-professionnelles-un-traitement-de-defaveur-des-syndicats\/\"},\"author\":{\"name\":\"\",\"@id\":\"\"},\"headline\":\"Elections professionnelles : un traitement de (d\u00e9)faveur des syndicats ?\",\"datePublished\":\"2020-12-04T04:45:00+00:00\",\"dateModified\":\"2021-04-29T01:00:47+00:00\",\"mainEntityOfPage\":{\"@id\":\"https:\/\/www.cabinet-magar.fr\/actualites\/elections-professionnelles-un-traitement-de-defaveur-des-syndicats\/\"},\"wordCount\":271,\"commentCount\":0,\"image\":{\"@id\":\"https:\/\/www.cabinet-magar.fr\/actualites\/elections-professionnelles-un-traitement-de-defaveur-des-syndicats\/#primaryimage\"},\"thumbnailUrl\":\"https:\/\/www.cabinet-magar.fr\/wp-content\/uploads\/2021\/04\/egalitesexe.jpg\",\"articleSection\":[\"Actu Sociale\",\"Actualit\u00e9s\"],\"inLanguage\":\"de\",\"potentialAction\":[{\"@type\":\"CommentAction\",\"name\":\"Comment\",\"target\":[\"https:\/\/www.cabinet-magar.fr\/actualites\/elections-professionnelles-un-traitement-de-defaveur-des-syndicats\/#respond\"]}]},{\"@type\":\"WebPage\",\"@id\":\"https:\/\/www.cabinet-magar.fr\/actualites\/elections-professionnelles-un-traitement-de-defaveur-des-syndicats\/\",\"url\":\"https:\/\/www.cabinet-magar.fr\/actualites\/elections-professionnelles-un-traitement-de-defaveur-des-syndicats\/\",\"name\":\"Elections professionnelles : un traitement de (d\u00e9)faveur des syndicats ? - Cabinet Magar\",\"isPartOf\":{\"@id\":\"https:\/\/www.cabinet-magar.fr\/#website\"},\"primaryImageOfPage\":{\"@id\":\"https:\/\/www.cabinet-magar.fr\/actualites\/elections-professionnelles-un-traitement-de-defaveur-des-syndicats\/#primaryimage\"},\"image\":{\"@id\":\"https:\/\/www.cabinet-magar.fr\/actualites\/elections-professionnelles-un-traitement-de-defaveur-des-syndicats\/#primaryimage\"},\"thumbnailUrl\":\"https:\/\/www.cabinet-magar.fr\/wp-content\/uploads\/2021\/04\/egalitesexe.jpg\",\"datePublished\":\"2020-12-04T04:45:00+00:00\",\"dateModified\":\"2021-04-29T01:00:47+00:00\",\"author\":{\"@id\":\"\"},\"breadcrumb\":{\"@id\":\"https:\/\/www.cabinet-magar.fr\/actualites\/elections-professionnelles-un-traitement-de-defaveur-des-syndicats\/#breadcrumb\"},\"inLanguage\":\"de\",\"potentialAction\":[{\"@type\":\"ReadAction\",\"target\":[\"https:\/\/www.cabinet-magar.fr\/actualites\/elections-professionnelles-un-traitement-de-defaveur-des-syndicats\/\"]}]},{\"@type\":\"ImageObject\",\"inLanguage\":\"de\",\"@id\":\"https:\/\/www.cabinet-magar.fr\/actualites\/elections-professionnelles-un-traitement-de-defaveur-des-syndicats\/#primaryimage\",\"url\":\"https:\/\/www.cabinet-magar.fr\/wp-content\/uploads\/2021\/04\/egalitesexe.jpg\",\"contentUrl\":\"https:\/\/www.cabinet-magar.fr\/wp-content\/uploads\/2021\/04\/egalitesexe.jpg\",\"width\":600,\"height\":400},{\"@type\":\"BreadcrumbList\",\"@id\":\"https:\/\/www.cabinet-magar.fr\/actualites\/elections-professionnelles-un-traitement-de-defaveur-des-syndicats\/#breadcrumb\",\"itemListElement\":[{\"@type\":\"ListItem\",\"position\":1,\"name\":\"Accueil\",\"item\":\"https:\/\/www.cabinet-magar.fr\/de\/\"},{\"@type\":\"ListItem\",\"position\":2,\"name\":\"Elections professionnelles : un traitement de (d\u00e9)faveur des syndicats ?\"}]},{\"@type\":\"WebSite\",\"@id\":\"https:\/\/www.cabinet-magar.fr\/#website\",\"url\":\"https:\/\/www.cabinet-magar.fr\/\",\"name\":\"Cabinet Magar\",\"description\":\"\",\"potentialAction\":[{\"@type\":\"SearchAction\",\"target\":{\"@type\":\"EntryPoint\",\"urlTemplate\":\"https:\/\/www.cabinet-magar.fr\/?s={search_term_string}\"},\"query-input\":{\"@type\":\"PropertyValueSpecification\",\"valueRequired\":true,\"valueName\":\"search_term_string\"}}],\"inLanguage\":\"de\"}]}<\/script>\n<!-- \/ Yoast SEO plugin. -->","yoast_head_json":{"title":"Elections professionnelles : un traitement de (d\u00e9)faveur des syndicats ? - Cabinet Magar","robots":{"index":"index","follow":"follow","max-snippet":"max-snippet:-1","max-image-preview":"max-image-preview:large","max-video-preview":"max-video-preview:-1"},"canonical":"https:\/\/www.cabinet-magar.fr\/actualites\/elections-professionnelles-un-traitement-de-defaveur-des-syndicats\/","og_locale":"de_DE","og_type":"article","og_title":"Elections professionnelles : un traitement de (d\u00e9)faveur des syndicats ? - Cabinet Magar","og_description":"Une entreprise organise le second tour de ses \u00e9lections professionnelles, permettant \u00e0 des salari\u00e9s qui n\u2019adh\u00e8rent \u00e0 aucun syndicat de se pr\u00e9senter librement. Une libert\u00e9 toutefois encadr\u00e9e, selon un syndicat qui r\u00e9clame l\u2019annulation d\u2019une liste de candidatures libres. Pourquoi ?","og_url":"https:\/\/www.cabinet-magar.fr\/actualites\/elections-professionnelles-un-traitement-de-defaveur-des-syndicats\/","og_site_name":"Cabinet Magar","article_published_time":"2020-12-04T04:45:00+00:00","article_modified_time":"2021-04-29T01:00:47+00:00","og_image":[{"width":600,"height":400,"url":"https:\/\/www.cabinet-magar.fr\/wp-content\/uploads\/2021\/04\/egalitesexe.jpg","type":"image\/jpeg"}],"twitter_card":"summary_large_image","twitter_misc":{"Gesch\u00e4tzte Lesezeit":"1\u00a0Minute"},"schema":{"@context":"https:\/\/schema.org","@graph":[{"@type":"Article","@id":"https:\/\/www.cabinet-magar.fr\/actualites\/elections-professionnelles-un-traitement-de-defaveur-des-syndicats\/#article","isPartOf":{"@id":"https:\/\/www.cabinet-magar.fr\/actualites\/elections-professionnelles-un-traitement-de-defaveur-des-syndicats\/"},"author":{"name":"","@id":""},"headline":"Elections professionnelles : un traitement de (d\u00e9)faveur des syndicats ?","datePublished":"2020-12-04T04:45:00+00:00","dateModified":"2021-04-29T01:00:47+00:00","mainEntityOfPage":{"@id":"https:\/\/www.cabinet-magar.fr\/actualites\/elections-professionnelles-un-traitement-de-defaveur-des-syndicats\/"},"wordCount":271,"commentCount":0,"image":{"@id":"https:\/\/www.cabinet-magar.fr\/actualites\/elections-professionnelles-un-traitement-de-defaveur-des-syndicats\/#primaryimage"},"thumbnailUrl":"https:\/\/www.cabinet-magar.fr\/wp-content\/uploads\/2021\/04\/egalitesexe.jpg","articleSection":["Actu Sociale","Actualit\u00e9s"],"inLanguage":"de","potentialAction":[{"@type":"CommentAction","name":"Comment","target":["https:\/\/www.cabinet-magar.fr\/actualites\/elections-professionnelles-un-traitement-de-defaveur-des-syndicats\/#respond"]}]},{"@type":"WebPage","@id":"https:\/\/www.cabinet-magar.fr\/actualites\/elections-professionnelles-un-traitement-de-defaveur-des-syndicats\/","url":"https:\/\/www.cabinet-magar.fr\/actualites\/elections-professionnelles-un-traitement-de-defaveur-des-syndicats\/","name":"Elections professionnelles : un traitement de (d\u00e9)faveur des syndicats ? - Cabinet Magar","isPartOf":{"@id":"https:\/\/www.cabinet-magar.fr\/#website"},"primaryImageOfPage":{"@id":"https:\/\/www.cabinet-magar.fr\/actualites\/elections-professionnelles-un-traitement-de-defaveur-des-syndicats\/#primaryimage"},"image":{"@id":"https:\/\/www.cabinet-magar.fr\/actualites\/elections-professionnelles-un-traitement-de-defaveur-des-syndicats\/#primaryimage"},"thumbnailUrl":"https:\/\/www.cabinet-magar.fr\/wp-content\/uploads\/2021\/04\/egalitesexe.jpg","datePublished":"2020-12-04T04:45:00+00:00","dateModified":"2021-04-29T01:00:47+00:00","author":{"@id":""},"breadcrumb":{"@id":"https:\/\/www.cabinet-magar.fr\/actualites\/elections-professionnelles-un-traitement-de-defaveur-des-syndicats\/#breadcrumb"},"inLanguage":"de","potentialAction":[{"@type":"ReadAction","target":["https:\/\/www.cabinet-magar.fr\/actualites\/elections-professionnelles-un-traitement-de-defaveur-des-syndicats\/"]}]},{"@type":"ImageObject","inLanguage":"de","@id":"https:\/\/www.cabinet-magar.fr\/actualites\/elections-professionnelles-un-traitement-de-defaveur-des-syndicats\/#primaryimage","url":"https:\/\/www.cabinet-magar.fr\/wp-content\/uploads\/2021\/04\/egalitesexe.jpg","contentUrl":"https:\/\/www.cabinet-magar.fr\/wp-content\/uploads\/2021\/04\/egalitesexe.jpg","width":600,"height":400},{"@type":"BreadcrumbList","@id":"https:\/\/www.cabinet-magar.fr\/actualites\/elections-professionnelles-un-traitement-de-defaveur-des-syndicats\/#breadcrumb","itemListElement":[{"@type":"ListItem","position":1,"name":"Accueil","item":"https:\/\/www.cabinet-magar.fr\/de\/"},{"@type":"ListItem","position":2,"name":"Elections professionnelles : un traitement de (d\u00e9)faveur des syndicats ?"}]},{"@type":"WebSite","@id":"https:\/\/www.cabinet-magar.fr\/#website","url":"https:\/\/www.cabinet-magar.fr\/","name":"Cabinet Magar","description":"","potentialAction":[{"@type":"SearchAction","target":{"@type":"EntryPoint","urlTemplate":"https:\/\/www.cabinet-magar.fr\/?s={search_term_string}"},"query-input":{"@type":"PropertyValueSpecification","valueRequired":true,"valueName":"search_term_string"}}],"inLanguage":"de"}]}},"_links":{"self":[{"href":"https:\/\/www.cabinet-magar.fr\/de\/wp-json\/wp\/v2\/posts\/1021","targetHints":{"allow":["GET"]}}],"collection":[{"href":"https:\/\/www.cabinet-magar.fr\/de\/wp-json\/wp\/v2\/posts"}],"about":[{"href":"https:\/\/www.cabinet-magar.fr\/de\/wp-json\/wp\/v2\/types\/post"}],"replies":[{"embeddable":true,"href":"https:\/\/www.cabinet-magar.fr\/de\/wp-json\/wp\/v2\/comments?post=1021"}],"version-history":[{"count":1,"href":"https:\/\/www.cabinet-magar.fr\/de\/wp-json\/wp\/v2\/posts\/1021\/revisions"}],"predecessor-version":[{"id":4486,"href":"https:\/\/www.cabinet-magar.fr\/de\/wp-json\/wp\/v2\/posts\/1021\/revisions\/4486"}],"wp:featuredmedia":[{"embeddable":true,"href":"https:\/\/www.cabinet-magar.fr\/de\/wp-json\/wp\/v2\/media\/4487"}],"wp:attachment":[{"href":"https:\/\/www.cabinet-magar.fr\/de\/wp-json\/wp\/v2\/media?parent=1021"}],"wp:term":[{"taxonomy":"category","embeddable":true,"href":"https:\/\/www.cabinet-magar.fr\/de\/wp-json\/wp\/v2\/categories?post=1021"},{"taxonomy":"post_tag","embeddable":true,"href":"https:\/\/www.cabinet-magar.fr\/de\/wp-json\/wp\/v2\/tags?post=1021"}],"curies":[{"name":"wp","href":"https:\/\/api.w.org\/{rel}","templated":true}]}}