{"id":1020,"date":"2020-12-04T05:45:00","date_gmt":"2020-12-04T04:45:00","guid":{"rendered":"https:\/\/www.cabinet-magar.fr\/transports-publics-comment-operer-une-retenue-en-cas-de-greve\/"},"modified":"2021-04-29T03:00:44","modified_gmt":"2021-04-29T01:00:44","slug":"transports-publics-comment-operer-une-retenue-en-cas-de-greve","status":"publish","type":"post","link":"https:\/\/www.cabinet-magar.fr\/de\/actualites\/transports-publics-comment-operer-une-retenue-en-cas-de-greve\/","title":{"rendered":"Transports publics : comment op\u00e9rer une retenue en cas de gr\u00e8ve ?"},"content":{"rendered":"<p >Une entreprise de transport public de voyageurs fait face \u00e0 un mouvement de gr\u00e8ve. Un salari\u00e9 gr\u00e9viste conteste la retenue sur salaire op\u00e9r\u00e9e par l\u2019employeur. Quelle est \u00ab la bonne m\u00e9thode \u00bb pour calculer cette retenue ?<\/p>\n<div>\n<h2> Gr\u00e8ves dans les transports : des r\u00e8gles sp\u00e9ciales<\/h2>\n<p>Un salari\u00e9 gr\u00e9viste conteste la retenue sur salaire op\u00e9r\u00e9e par son employeur, une entreprise de transports de voyageurs qui exerce une mission de service public. Selon lui, cette mission de service public implique que l\u2019employeur applique les r\u00e8gles applicables aux fonctionnaires en cas de gr\u00e8ve, \u00e0 savoir qu\u2019il doit retenir, pour chaque journ\u00e9e :<\/p>\n<ul>\n<li>lorsque l\u2019arr\u00eat de travail pour gr\u00e8ve n&#8217;exc\u00e8de pas une heure, 1\/60e de sa r\u00e9mun\u00e9ration mensuelle ;<\/li>\n<li>lorsqu&#8217;elle d\u00e9passe une heure, sans exc\u00e9der une demi-journ\u00e9e, 1\/50e de sa r\u00e9mun\u00e9ration mensuelle ;<\/li>\n<li>lorsqu&#8217;elle d\u00e9passe une demi-journ\u00e9e sans exc\u00e9der une journ\u00e9e, 1\/30e de sa r\u00e9mun\u00e9ration mensuelle.<\/li>\n<\/ul>\n<p>\u00ab Pas du tout \u00bb, r\u00e9pond le juge : le secteur du transport est soumis \u00e0 des r\u00e8gles sp\u00e9cifiques, lesquelles pr\u00e9voient qu&#8217;en cas de mouvement de gr\u00e8ve dans une entreprise g\u00e9rant un service public de transport terrestre de voyageurs, la retenue sur salaire \u00e0 appliquer doit \u00eatre proportionnelle aux heures non travaill\u00e9es en raison de la gr\u00e8ve\u2026 Ce qu\u2019a tr\u00e8s justement fait l\u2019employeur.<\/p>\n<p>Cela signifie qu\u2019il ne s\u2019agit pas de tenir compte uniquement du fait que l\u2019entreprise exerce une mission de service public mais des r\u00e8gles sp\u00e9cifiques applicables \u00e0 son secteur, s\u2019il y en a\u2026<\/p>\n<p><span style=\"text-decoration: underline;\">Source :<\/span> Arr\u00eat de la Cour de Cassation, chambre sociale, du 18 novembre 2020, n\u00b0 19-20545<\/p>\n<p><a title=\"Titre WebLex - Transports publics : comment op\u00e9rer une retenue en cas de gr\u00e8ve ?\" href=\"https:\/\/www.weblex.fr\/weblex-actualite\/transports-publics-comment-operer-une-retenue-en-cas-de-greve\" rel=\"nofollow noopener\" target=\"_blank\">Transports publics : comment op\u00e9rer une retenue en cas de gr\u00e8ve ?<\/a> \u00a9 Copyright WebLex &#8211; 2020<\/p>\n<\/div>\n<p><img src='https:\/\/www.weblex.fr\/images\/flux_actus\/greve2.jpg'><\/p>\n","protected":false},"excerpt":{"rendered":"<p>Une entreprise de transport public de voyageurs fait face \u00e0 un mouvement de gr\u00e8ve. Un salari\u00e9 gr\u00e9viste conteste la retenue sur salaire op\u00e9r\u00e9e par l\u2019employeur. Quelle est \u00ab la bonne m\u00e9thode \u00bb pour calculer cette retenue ?<\/p>\n","protected":false},"author":0,"featured_media":4485,"comment_status":"open","ping_status":"closed","sticky":false,"template":"","format":"standard","meta":{"_acf_changed":false,"footnotes":""},"categories":[8,7],"tags":[],"class_list":["post-1020","post","type-post","status-publish","format-standard","has-post-thumbnail","hentry","category-actu-sociale","category-actualites"],"acf":[],"yoast_head":"<!-- This site is optimized with the Yoast SEO plugin v27.2 - https:\/\/yoast.com\/product\/yoast-seo-wordpress\/ -->\n<title>Transports publics : comment op\u00e9rer une retenue en cas de gr\u00e8ve ? - Cabinet Magar<\/title>\n<meta name=\"robots\" content=\"index, follow, max-snippet:-1, max-image-preview:large, max-video-preview:-1\" \/>\n<link rel=\"canonical\" href=\"https:\/\/www.cabinet-magar.fr\/de\/actualites\/transports-publics-comment-operer-une-retenue-en-cas-de-greve\/\" \/>\n<meta property=\"og:locale\" content=\"de_DE\" \/>\n<meta property=\"og:type\" content=\"article\" \/>\n<meta property=\"og:title\" content=\"Transports publics : comment op\u00e9rer une retenue en cas de gr\u00e8ve ? - Cabinet Magar\" \/>\n<meta property=\"og:description\" content=\"Une entreprise de transport public de voyageurs fait face \u00e0 un mouvement de gr\u00e8ve. Un salari\u00e9 gr\u00e9viste conteste la retenue sur salaire op\u00e9r\u00e9e par l\u2019employeur. Quelle est \u00ab la bonne m\u00e9thode \u00bb pour calculer cette retenue ?\" \/>\n<meta property=\"og:url\" content=\"https:\/\/www.cabinet-magar.fr\/de\/actualites\/transports-publics-comment-operer-une-retenue-en-cas-de-greve\/\" \/>\n<meta property=\"og:site_name\" content=\"Cabinet Magar\" \/>\n<meta property=\"article:published_time\" content=\"2020-12-04T04:45:00+00:00\" \/>\n<meta property=\"article:modified_time\" content=\"2021-04-29T01:00:44+00:00\" \/>\n<meta property=\"og:image\" content=\"https:\/\/www.cabinet-magar.fr\/wp-content\/uploads\/2021\/04\/greve2.jpg\" \/>\n\t<meta property=\"og:image:width\" content=\"600\" \/>\n\t<meta property=\"og:image:height\" content=\"400\" \/>\n\t<meta property=\"og:image:type\" content=\"image\/jpeg\" \/>\n<meta name=\"twitter:card\" content=\"summary_large_image\" \/>\n<meta name=\"twitter:label1\" content=\"Gesch\u00e4tzte Lesezeit\" \/>\n\t<meta name=\"twitter:data1\" content=\"2\u00a0Minuten\" \/>\n<script type=\"application\/ld+json\" class=\"yoast-schema-graph\">{\"@context\":\"https:\/\/schema.org\",\"@graph\":[{\"@type\":\"Article\",\"@id\":\"https:\/\/www.cabinet-magar.fr\/de\/actualites\/transports-publics-comment-operer-une-retenue-en-cas-de-greve\/#article\",\"isPartOf\":{\"@id\":\"https:\/\/www.cabinet-magar.fr\/de\/actualites\/transports-publics-comment-operer-une-retenue-en-cas-de-greve\/\"},\"author\":{\"name\":\"\",\"@id\":\"\"},\"headline\":\"Transports publics : comment op\u00e9rer une retenue en cas de gr\u00e8ve ?\",\"datePublished\":\"2020-12-04T04:45:00+00:00\",\"dateModified\":\"2021-04-29T01:00:44+00:00\",\"mainEntityOfPage\":{\"@id\":\"https:\/\/www.cabinet-magar.fr\/de\/actualites\/transports-publics-comment-operer-une-retenue-en-cas-de-greve\/\"},\"wordCount\":318,\"commentCount\":0,\"image\":{\"@id\":\"https:\/\/www.cabinet-magar.fr\/de\/actualites\/transports-publics-comment-operer-une-retenue-en-cas-de-greve\/#primaryimage\"},\"thumbnailUrl\":\"https:\/\/www.cabinet-magar.fr\/wp-content\/uploads\/2021\/04\/greve2.jpg\",\"articleSection\":[\"Actu Sociale\",\"Actualit\u00e9s\"],\"inLanguage\":\"de\",\"potentialAction\":[{\"@type\":\"CommentAction\",\"name\":\"Comment\",\"target\":[\"https:\/\/www.cabinet-magar.fr\/de\/actualites\/transports-publics-comment-operer-une-retenue-en-cas-de-greve\/#respond\"]}]},{\"@type\":\"WebPage\",\"@id\":\"https:\/\/www.cabinet-magar.fr\/de\/actualites\/transports-publics-comment-operer-une-retenue-en-cas-de-greve\/\",\"url\":\"https:\/\/www.cabinet-magar.fr\/de\/actualites\/transports-publics-comment-operer-une-retenue-en-cas-de-greve\/\",\"name\":\"Transports publics : comment op\u00e9rer une retenue en cas de gr\u00e8ve ? - Cabinet Magar\",\"isPartOf\":{\"@id\":\"https:\/\/www.cabinet-magar.fr\/#website\"},\"primaryImageOfPage\":{\"@id\":\"https:\/\/www.cabinet-magar.fr\/de\/actualites\/transports-publics-comment-operer-une-retenue-en-cas-de-greve\/#primaryimage\"},\"image\":{\"@id\":\"https:\/\/www.cabinet-magar.fr\/de\/actualites\/transports-publics-comment-operer-une-retenue-en-cas-de-greve\/#primaryimage\"},\"thumbnailUrl\":\"https:\/\/www.cabinet-magar.fr\/wp-content\/uploads\/2021\/04\/greve2.jpg\",\"datePublished\":\"2020-12-04T04:45:00+00:00\",\"dateModified\":\"2021-04-29T01:00:44+00:00\",\"author\":{\"@id\":\"\"},\"breadcrumb\":{\"@id\":\"https:\/\/www.cabinet-magar.fr\/de\/actualites\/transports-publics-comment-operer-une-retenue-en-cas-de-greve\/#breadcrumb\"},\"inLanguage\":\"de\",\"potentialAction\":[{\"@type\":\"ReadAction\",\"target\":[\"https:\/\/www.cabinet-magar.fr\/de\/actualites\/transports-publics-comment-operer-une-retenue-en-cas-de-greve\/\"]}]},{\"@type\":\"ImageObject\",\"inLanguage\":\"de\",\"@id\":\"https:\/\/www.cabinet-magar.fr\/de\/actualites\/transports-publics-comment-operer-une-retenue-en-cas-de-greve\/#primaryimage\",\"url\":\"https:\/\/www.cabinet-magar.fr\/wp-content\/uploads\/2021\/04\/greve2.jpg\",\"contentUrl\":\"https:\/\/www.cabinet-magar.fr\/wp-content\/uploads\/2021\/04\/greve2.jpg\",\"width\":600,\"height\":400},{\"@type\":\"BreadcrumbList\",\"@id\":\"https:\/\/www.cabinet-magar.fr\/de\/actualites\/transports-publics-comment-operer-une-retenue-en-cas-de-greve\/#breadcrumb\",\"itemListElement\":[{\"@type\":\"ListItem\",\"position\":1,\"name\":\"Accueil\",\"item\":\"https:\/\/www.cabinet-magar.fr\/de\/\"},{\"@type\":\"ListItem\",\"position\":2,\"name\":\"Transports publics : comment op\u00e9rer une retenue en cas de gr\u00e8ve ?\"}]},{\"@type\":\"WebSite\",\"@id\":\"https:\/\/www.cabinet-magar.fr\/#website\",\"url\":\"https:\/\/www.cabinet-magar.fr\/\",\"name\":\"Cabinet Magar\",\"description\":\"\",\"potentialAction\":[{\"@type\":\"SearchAction\",\"target\":{\"@type\":\"EntryPoint\",\"urlTemplate\":\"https:\/\/www.cabinet-magar.fr\/?s={search_term_string}\"},\"query-input\":{\"@type\":\"PropertyValueSpecification\",\"valueRequired\":true,\"valueName\":\"search_term_string\"}}],\"inLanguage\":\"de\"}]}<\/script>\n<!-- \/ Yoast SEO plugin. -->","yoast_head_json":{"title":"Transports publics : comment op\u00e9rer une retenue en cas de gr\u00e8ve ? - Cabinet Magar","robots":{"index":"index","follow":"follow","max-snippet":"max-snippet:-1","max-image-preview":"max-image-preview:large","max-video-preview":"max-video-preview:-1"},"canonical":"https:\/\/www.cabinet-magar.fr\/de\/actualites\/transports-publics-comment-operer-une-retenue-en-cas-de-greve\/","og_locale":"de_DE","og_type":"article","og_title":"Transports publics : comment op\u00e9rer une retenue en cas de gr\u00e8ve ? - Cabinet Magar","og_description":"Une entreprise de transport public de voyageurs fait face \u00e0 un mouvement de gr\u00e8ve. Un salari\u00e9 gr\u00e9viste conteste la retenue sur salaire op\u00e9r\u00e9e par l\u2019employeur. Quelle est \u00ab la bonne m\u00e9thode \u00bb pour calculer cette retenue ?","og_url":"https:\/\/www.cabinet-magar.fr\/de\/actualites\/transports-publics-comment-operer-une-retenue-en-cas-de-greve\/","og_site_name":"Cabinet Magar","article_published_time":"2020-12-04T04:45:00+00:00","article_modified_time":"2021-04-29T01:00:44+00:00","og_image":[{"width":600,"height":400,"url":"https:\/\/www.cabinet-magar.fr\/wp-content\/uploads\/2021\/04\/greve2.jpg","type":"image\/jpeg"}],"twitter_card":"summary_large_image","twitter_misc":{"Gesch\u00e4tzte Lesezeit":"2\u00a0Minuten"},"schema":{"@context":"https:\/\/schema.org","@graph":[{"@type":"Article","@id":"https:\/\/www.cabinet-magar.fr\/de\/actualites\/transports-publics-comment-operer-une-retenue-en-cas-de-greve\/#article","isPartOf":{"@id":"https:\/\/www.cabinet-magar.fr\/de\/actualites\/transports-publics-comment-operer-une-retenue-en-cas-de-greve\/"},"author":{"name":"","@id":""},"headline":"Transports publics : comment op\u00e9rer une retenue en cas de gr\u00e8ve ?","datePublished":"2020-12-04T04:45:00+00:00","dateModified":"2021-04-29T01:00:44+00:00","mainEntityOfPage":{"@id":"https:\/\/www.cabinet-magar.fr\/de\/actualites\/transports-publics-comment-operer-une-retenue-en-cas-de-greve\/"},"wordCount":318,"commentCount":0,"image":{"@id":"https:\/\/www.cabinet-magar.fr\/de\/actualites\/transports-publics-comment-operer-une-retenue-en-cas-de-greve\/#primaryimage"},"thumbnailUrl":"https:\/\/www.cabinet-magar.fr\/wp-content\/uploads\/2021\/04\/greve2.jpg","articleSection":["Actu Sociale","Actualit\u00e9s"],"inLanguage":"de","potentialAction":[{"@type":"CommentAction","name":"Comment","target":["https:\/\/www.cabinet-magar.fr\/de\/actualites\/transports-publics-comment-operer-une-retenue-en-cas-de-greve\/#respond"]}]},{"@type":"WebPage","@id":"https:\/\/www.cabinet-magar.fr\/de\/actualites\/transports-publics-comment-operer-une-retenue-en-cas-de-greve\/","url":"https:\/\/www.cabinet-magar.fr\/de\/actualites\/transports-publics-comment-operer-une-retenue-en-cas-de-greve\/","name":"Transports publics : comment op\u00e9rer une retenue en cas de gr\u00e8ve ? - Cabinet Magar","isPartOf":{"@id":"https:\/\/www.cabinet-magar.fr\/#website"},"primaryImageOfPage":{"@id":"https:\/\/www.cabinet-magar.fr\/de\/actualites\/transports-publics-comment-operer-une-retenue-en-cas-de-greve\/#primaryimage"},"image":{"@id":"https:\/\/www.cabinet-magar.fr\/de\/actualites\/transports-publics-comment-operer-une-retenue-en-cas-de-greve\/#primaryimage"},"thumbnailUrl":"https:\/\/www.cabinet-magar.fr\/wp-content\/uploads\/2021\/04\/greve2.jpg","datePublished":"2020-12-04T04:45:00+00:00","dateModified":"2021-04-29T01:00:44+00:00","author":{"@id":""},"breadcrumb":{"@id":"https:\/\/www.cabinet-magar.fr\/de\/actualites\/transports-publics-comment-operer-une-retenue-en-cas-de-greve\/#breadcrumb"},"inLanguage":"de","potentialAction":[{"@type":"ReadAction","target":["https:\/\/www.cabinet-magar.fr\/de\/actualites\/transports-publics-comment-operer-une-retenue-en-cas-de-greve\/"]}]},{"@type":"ImageObject","inLanguage":"de","@id":"https:\/\/www.cabinet-magar.fr\/de\/actualites\/transports-publics-comment-operer-une-retenue-en-cas-de-greve\/#primaryimage","url":"https:\/\/www.cabinet-magar.fr\/wp-content\/uploads\/2021\/04\/greve2.jpg","contentUrl":"https:\/\/www.cabinet-magar.fr\/wp-content\/uploads\/2021\/04\/greve2.jpg","width":600,"height":400},{"@type":"BreadcrumbList","@id":"https:\/\/www.cabinet-magar.fr\/de\/actualites\/transports-publics-comment-operer-une-retenue-en-cas-de-greve\/#breadcrumb","itemListElement":[{"@type":"ListItem","position":1,"name":"Accueil","item":"https:\/\/www.cabinet-magar.fr\/de\/"},{"@type":"ListItem","position":2,"name":"Transports publics : comment op\u00e9rer une retenue en cas de gr\u00e8ve ?"}]},{"@type":"WebSite","@id":"https:\/\/www.cabinet-magar.fr\/#website","url":"https:\/\/www.cabinet-magar.fr\/","name":"Cabinet Magar","description":"","potentialAction":[{"@type":"SearchAction","target":{"@type":"EntryPoint","urlTemplate":"https:\/\/www.cabinet-magar.fr\/?s={search_term_string}"},"query-input":{"@type":"PropertyValueSpecification","valueRequired":true,"valueName":"search_term_string"}}],"inLanguage":"de"}]}},"_links":{"self":[{"href":"https:\/\/www.cabinet-magar.fr\/de\/wp-json\/wp\/v2\/posts\/1020","targetHints":{"allow":["GET"]}}],"collection":[{"href":"https:\/\/www.cabinet-magar.fr\/de\/wp-json\/wp\/v2\/posts"}],"about":[{"href":"https:\/\/www.cabinet-magar.fr\/de\/wp-json\/wp\/v2\/types\/post"}],"replies":[{"embeddable":true,"href":"https:\/\/www.cabinet-magar.fr\/de\/wp-json\/wp\/v2\/comments?post=1020"}],"version-history":[{"count":1,"href":"https:\/\/www.cabinet-magar.fr\/de\/wp-json\/wp\/v2\/posts\/1020\/revisions"}],"predecessor-version":[{"id":4484,"href":"https:\/\/www.cabinet-magar.fr\/de\/wp-json\/wp\/v2\/posts\/1020\/revisions\/4484"}],"wp:featuredmedia":[{"embeddable":true,"href":"https:\/\/www.cabinet-magar.fr\/de\/wp-json\/wp\/v2\/media\/4485"}],"wp:attachment":[{"href":"https:\/\/www.cabinet-magar.fr\/de\/wp-json\/wp\/v2\/media?parent=1020"}],"wp:term":[{"taxonomy":"category","embeddable":true,"href":"https:\/\/www.cabinet-magar.fr\/de\/wp-json\/wp\/v2\/categories?post=1020"},{"taxonomy":"post_tag","embeddable":true,"href":"https:\/\/www.cabinet-magar.fr\/de\/wp-json\/wp\/v2\/tags?post=1020"}],"curies":[{"name":"wp","href":"https:\/\/api.w.org\/{rel}","templated":true}]}}