{"id":1003,"date":"2020-12-07T05:50:00","date_gmt":"2020-12-07T04:50:00","guid":{"rendered":"https:\/\/www.cabinet-magar.fr\/vente-de-titres-attention-a-la-situation-financiere-de-lentreprise\/"},"modified":"2021-04-28T03:00:30","modified_gmt":"2021-04-28T01:00:30","slug":"vente-de-titres-attention-a-la-situation-financiere-de-lentreprise","status":"publish","type":"post","link":"https:\/\/www.cabinet-magar.fr\/de\/actualites\/vente-de-titres-attention-a-la-situation-financiere-de-lentreprise\/","title":{"rendered":"Vente de titres : attention \u00e0 la situation financi\u00e8re de l\u2019entreprise !"},"content":{"rendered":"<p >Parce qu\u2019ils estiment avoir \u00e9t\u00e9 tromp\u00e9s sur la situation financi\u00e8re de la soci\u00e9t\u00e9 dont ils ont achet\u00e9 les parts, des acqu\u00e9reurs demandent l\u2019annulation de la vente. Et ils ont une bonne raison pour cela\u2026enfin c\u2019est ce qu\u2019ils croient\u2026<\/p>\n<div>\n<h2> Focus sur la date de cessation des paiements<\/h2>\n<p>Deux particuliers ach\u00e8tent les parts d\u2019une soci\u00e9t\u00e9, et un an plus tard, la soci\u00e9t\u00e9 est mise en redressement puis en liquidation judiciaire.<\/p>\n<p>Une situation qui justifie l\u2019annulation de la vente des titres, selon les acqu\u00e9reurs, et pour cause : ils reprochent aux vendeurs d\u2019avoir d\u00e9lib\u00e9r\u00e9ment omis de les informer, de mani\u00e8re d\u00e9taill\u00e9e et exhaustive, sur la situation financi\u00e8re de la soci\u00e9t\u00e9\u2026 qui \u00e9tait pourtant, lors de la vente des titres, d\u00e9j\u00e0 grandement compromise !<\/p>\n<p>Preuve en est : dans le cadre des proc\u00e9dures collectives dont la soci\u00e9t\u00e9 a fait l\u2019objet, la date de cessation des paiements a \u00e9t\u00e9 fix\u00e9e plus d\u2019un an en amont de la vente.<\/p>\n<p>Pour rappel, on parle de \u00ab cessation des paiements \u00bb lorsqu\u2019une entreprise ne peut plus r\u00e9gler ses dettes (appel\u00e9es \u00ab passif exigible \u00bb) avec son actif disponible (c\u2018est-\u00e0-dire tout ce qui peut \u00eatre transform\u00e9 en liquidit\u00e9s dans l\u2019imm\u00e9diat ou \u00e0 tr\u00e8s court terme, comme sa tr\u00e9sorerie ou ses r\u00e9serves de cr\u00e9dit).<\/p>\n<p>\u00ab Peu importe \u00bb, r\u00e9torquent les vendeurs, qui rappellent avoir transmis aux acqu\u00e9reurs les documents comptables propres \u00e0 r\u00e9v\u00e9ler la d\u00e9gradation de la tr\u00e9sorerie de la soci\u00e9t\u00e9. Ce qui prouve leur absence de faute !<\/p>\n<p>Une position que ne partage pas le juge, qui rel\u00e8ve que les vendeurs, qui avaient parfaitement conscience de la situation financi\u00e8re tr\u00e8s d\u00e9grad\u00e9e de la soci\u00e9t\u00e9, ont pourtant attest\u00e9, dans les actes de vente, que la soci\u00e9t\u00e9 n\u2019\u00e9tait pas en \u00e9tat de cessation de paiements.<\/p>\n<p>Et s\u2019ils ont effectivement pr\u00e9venu les acqu\u00e9reurs de l\u2019existence de certaines dettes, ils se sont toutefois gard\u00e9s de leur en communiquer l\u2019ampleur et l\u2019anciennet\u00e9.<\/p>\n<p>Les vendeurs ont donc d\u00e9lib\u00e9r\u00e9ment tent\u00e9 de tromper les acqu\u00e9reurs sur la situation de la soci\u00e9t\u00e9, ce qui justifie l\u2019annulation de la vente des titres\u2026<\/p>\n<p><span style=\"text-decoration: underline;\">Source :<\/span> Arr\u00eat de la Cour de cassation, chambre commerciale, du 18 novembre 2020, n\u00b0 18-24301<\/p>\n<p><a title=\"WebLex - Vente de titres : attention \u00e0 la situation financi\u00e8re de l\u2019entreprise !\" href=\"https:\/\/www.weblex.fr\/weblex-actualite\/vente-de-titres-attention-a-la-situation-financiere-de-lentreprise\" target=\"_blank\" rel=\"noopener\">Vente de titres : attention \u00e0 la situation financi\u00e8re de l\u2019entreprise !<\/a> \u00a9 Copyright WebLex &#8211; 2020<\/p>\n<\/div>\n<p><img src='https:\/\/www.weblex.fr\/images\/flux_actus\/cfe.jpg'><\/p>\n","protected":false},"excerpt":{"rendered":"<p>Parce qu\u2019ils estiment avoir \u00e9t\u00e9 tromp\u00e9s sur la situation financi\u00e8re de la soci\u00e9t\u00e9 dont ils ont achet\u00e9 les parts, des acqu\u00e9reurs demandent l\u2019annulation de la vente. Et ils ont une bonne raison pour cela\u2026enfin c\u2019est ce qu\u2019ils croient\u2026<\/p>\n","protected":false},"author":0,"featured_media":4248,"comment_status":"open","ping_status":"closed","sticky":false,"template":"","format":"standard","meta":{"_acf_changed":false,"footnotes":""},"categories":[9,7],"tags":[],"class_list":["post-1003","post","type-post","status-publish","format-standard","has-post-thumbnail","hentry","category-actu-juridique","category-actualites"],"acf":[],"yoast_head":"<!-- This site is optimized with the Yoast SEO plugin v27.2 - https:\/\/yoast.com\/product\/yoast-seo-wordpress\/ -->\n<title>Vente de titres : attention \u00e0 la situation financi\u00e8re de l\u2019entreprise ! - Cabinet Magar<\/title>\n<meta name=\"robots\" content=\"index, follow, max-snippet:-1, max-image-preview:large, max-video-preview:-1\" \/>\n<link rel=\"canonical\" href=\"https:\/\/www.cabinet-magar.fr\/de\/actualites\/vente-de-titres-attention-a-la-situation-financiere-de-lentreprise\/\" \/>\n<meta property=\"og:locale\" content=\"de_DE\" \/>\n<meta property=\"og:type\" content=\"article\" \/>\n<meta property=\"og:title\" content=\"Vente de titres : attention \u00e0 la situation financi\u00e8re de l\u2019entreprise ! - Cabinet Magar\" \/>\n<meta property=\"og:description\" content=\"Parce qu\u2019ils estiment avoir \u00e9t\u00e9 tromp\u00e9s sur la situation financi\u00e8re de la soci\u00e9t\u00e9 dont ils ont achet\u00e9 les parts, des acqu\u00e9reurs demandent l\u2019annulation de la vente. Et ils ont une bonne raison pour cela\u2026enfin c\u2019est ce qu\u2019ils croient\u2026\" \/>\n<meta property=\"og:url\" content=\"https:\/\/www.cabinet-magar.fr\/de\/actualites\/vente-de-titres-attention-a-la-situation-financiere-de-lentreprise\/\" \/>\n<meta property=\"og:site_name\" content=\"Cabinet Magar\" \/>\n<meta property=\"article:published_time\" content=\"2020-12-07T04:50:00+00:00\" \/>\n<meta property=\"article:modified_time\" content=\"2021-04-28T01:00:30+00:00\" \/>\n<meta property=\"og:image\" content=\"https:\/\/www.cabinet-magar.fr\/wp-content\/uploads\/2021\/04\/cfe.jpg\" \/>\n\t<meta property=\"og:image:width\" content=\"600\" \/>\n\t<meta property=\"og:image:height\" content=\"400\" \/>\n\t<meta property=\"og:image:type\" content=\"image\/jpeg\" \/>\n<meta name=\"twitter:card\" content=\"summary_large_image\" \/>\n<meta name=\"twitter:label1\" content=\"Gesch\u00e4tzte Lesezeit\" \/>\n\t<meta name=\"twitter:data1\" content=\"2\u00a0Minuten\" \/>\n<script type=\"application\/ld+json\" class=\"yoast-schema-graph\">{\"@context\":\"https:\/\/schema.org\",\"@graph\":[{\"@type\":\"Article\",\"@id\":\"https:\/\/www.cabinet-magar.fr\/de\/actualites\/vente-de-titres-attention-a-la-situation-financiere-de-lentreprise\/#article\",\"isPartOf\":{\"@id\":\"https:\/\/www.cabinet-magar.fr\/de\/actualites\/vente-de-titres-attention-a-la-situation-financiere-de-lentreprise\/\"},\"author\":{\"name\":\"\",\"@id\":\"\"},\"headline\":\"Vente de titres : attention \u00e0 la situation financi\u00e8re de l\u2019entreprise !\",\"datePublished\":\"2020-12-07T04:50:00+00:00\",\"dateModified\":\"2021-04-28T01:00:30+00:00\",\"mainEntityOfPage\":{\"@id\":\"https:\/\/www.cabinet-magar.fr\/de\/actualites\/vente-de-titres-attention-a-la-situation-financiere-de-lentreprise\/\"},\"wordCount\":430,\"commentCount\":0,\"image\":{\"@id\":\"https:\/\/www.cabinet-magar.fr\/de\/actualites\/vente-de-titres-attention-a-la-situation-financiere-de-lentreprise\/#primaryimage\"},\"thumbnailUrl\":\"https:\/\/www.cabinet-magar.fr\/wp-content\/uploads\/2021\/04\/cfe.jpg\",\"articleSection\":[\"Actu Juridique\",\"Actualit\u00e9s\"],\"inLanguage\":\"de\",\"potentialAction\":[{\"@type\":\"CommentAction\",\"name\":\"Comment\",\"target\":[\"https:\/\/www.cabinet-magar.fr\/de\/actualites\/vente-de-titres-attention-a-la-situation-financiere-de-lentreprise\/#respond\"]}]},{\"@type\":\"WebPage\",\"@id\":\"https:\/\/www.cabinet-magar.fr\/de\/actualites\/vente-de-titres-attention-a-la-situation-financiere-de-lentreprise\/\",\"url\":\"https:\/\/www.cabinet-magar.fr\/de\/actualites\/vente-de-titres-attention-a-la-situation-financiere-de-lentreprise\/\",\"name\":\"Vente de titres : attention \u00e0 la situation financi\u00e8re de l\u2019entreprise ! - Cabinet Magar\",\"isPartOf\":{\"@id\":\"https:\/\/www.cabinet-magar.fr\/#website\"},\"primaryImageOfPage\":{\"@id\":\"https:\/\/www.cabinet-magar.fr\/de\/actualites\/vente-de-titres-attention-a-la-situation-financiere-de-lentreprise\/#primaryimage\"},\"image\":{\"@id\":\"https:\/\/www.cabinet-magar.fr\/de\/actualites\/vente-de-titres-attention-a-la-situation-financiere-de-lentreprise\/#primaryimage\"},\"thumbnailUrl\":\"https:\/\/www.cabinet-magar.fr\/wp-content\/uploads\/2021\/04\/cfe.jpg\",\"datePublished\":\"2020-12-07T04:50:00+00:00\",\"dateModified\":\"2021-04-28T01:00:30+00:00\",\"author\":{\"@id\":\"\"},\"breadcrumb\":{\"@id\":\"https:\/\/www.cabinet-magar.fr\/de\/actualites\/vente-de-titres-attention-a-la-situation-financiere-de-lentreprise\/#breadcrumb\"},\"inLanguage\":\"de\",\"potentialAction\":[{\"@type\":\"ReadAction\",\"target\":[\"https:\/\/www.cabinet-magar.fr\/de\/actualites\/vente-de-titres-attention-a-la-situation-financiere-de-lentreprise\/\"]}]},{\"@type\":\"ImageObject\",\"inLanguage\":\"de\",\"@id\":\"https:\/\/www.cabinet-magar.fr\/de\/actualites\/vente-de-titres-attention-a-la-situation-financiere-de-lentreprise\/#primaryimage\",\"url\":\"https:\/\/www.cabinet-magar.fr\/wp-content\/uploads\/2021\/04\/cfe.jpg\",\"contentUrl\":\"https:\/\/www.cabinet-magar.fr\/wp-content\/uploads\/2021\/04\/cfe.jpg\",\"width\":600,\"height\":400},{\"@type\":\"BreadcrumbList\",\"@id\":\"https:\/\/www.cabinet-magar.fr\/de\/actualites\/vente-de-titres-attention-a-la-situation-financiere-de-lentreprise\/#breadcrumb\",\"itemListElement\":[{\"@type\":\"ListItem\",\"position\":1,\"name\":\"Accueil\",\"item\":\"https:\/\/www.cabinet-magar.fr\/de\/\"},{\"@type\":\"ListItem\",\"position\":2,\"name\":\"Vente de titres : attention \u00e0 la situation financi\u00e8re de l\u2019entreprise !\"}]},{\"@type\":\"WebSite\",\"@id\":\"https:\/\/www.cabinet-magar.fr\/#website\",\"url\":\"https:\/\/www.cabinet-magar.fr\/\",\"name\":\"Cabinet Magar\",\"description\":\"\",\"potentialAction\":[{\"@type\":\"SearchAction\",\"target\":{\"@type\":\"EntryPoint\",\"urlTemplate\":\"https:\/\/www.cabinet-magar.fr\/?s={search_term_string}\"},\"query-input\":{\"@type\":\"PropertyValueSpecification\",\"valueRequired\":true,\"valueName\":\"search_term_string\"}}],\"inLanguage\":\"de\"}]}<\/script>\n<!-- \/ Yoast SEO plugin. -->","yoast_head_json":{"title":"Vente de titres : attention \u00e0 la situation financi\u00e8re de l\u2019entreprise ! - Cabinet Magar","robots":{"index":"index","follow":"follow","max-snippet":"max-snippet:-1","max-image-preview":"max-image-preview:large","max-video-preview":"max-video-preview:-1"},"canonical":"https:\/\/www.cabinet-magar.fr\/de\/actualites\/vente-de-titres-attention-a-la-situation-financiere-de-lentreprise\/","og_locale":"de_DE","og_type":"article","og_title":"Vente de titres : attention \u00e0 la situation financi\u00e8re de l\u2019entreprise ! - Cabinet Magar","og_description":"Parce qu\u2019ils estiment avoir \u00e9t\u00e9 tromp\u00e9s sur la situation financi\u00e8re de la soci\u00e9t\u00e9 dont ils ont achet\u00e9 les parts, des acqu\u00e9reurs demandent l\u2019annulation de la vente. Et ils ont une bonne raison pour cela\u2026enfin c\u2019est ce qu\u2019ils croient\u2026","og_url":"https:\/\/www.cabinet-magar.fr\/de\/actualites\/vente-de-titres-attention-a-la-situation-financiere-de-lentreprise\/","og_site_name":"Cabinet Magar","article_published_time":"2020-12-07T04:50:00+00:00","article_modified_time":"2021-04-28T01:00:30+00:00","og_image":[{"width":600,"height":400,"url":"https:\/\/www.cabinet-magar.fr\/wp-content\/uploads\/2021\/04\/cfe.jpg","type":"image\/jpeg"}],"twitter_card":"summary_large_image","twitter_misc":{"Gesch\u00e4tzte Lesezeit":"2\u00a0Minuten"},"schema":{"@context":"https:\/\/schema.org","@graph":[{"@type":"Article","@id":"https:\/\/www.cabinet-magar.fr\/de\/actualites\/vente-de-titres-attention-a-la-situation-financiere-de-lentreprise\/#article","isPartOf":{"@id":"https:\/\/www.cabinet-magar.fr\/de\/actualites\/vente-de-titres-attention-a-la-situation-financiere-de-lentreprise\/"},"author":{"name":"","@id":""},"headline":"Vente de titres : attention \u00e0 la situation financi\u00e8re de l\u2019entreprise !","datePublished":"2020-12-07T04:50:00+00:00","dateModified":"2021-04-28T01:00:30+00:00","mainEntityOfPage":{"@id":"https:\/\/www.cabinet-magar.fr\/de\/actualites\/vente-de-titres-attention-a-la-situation-financiere-de-lentreprise\/"},"wordCount":430,"commentCount":0,"image":{"@id":"https:\/\/www.cabinet-magar.fr\/de\/actualites\/vente-de-titres-attention-a-la-situation-financiere-de-lentreprise\/#primaryimage"},"thumbnailUrl":"https:\/\/www.cabinet-magar.fr\/wp-content\/uploads\/2021\/04\/cfe.jpg","articleSection":["Actu Juridique","Actualit\u00e9s"],"inLanguage":"de","potentialAction":[{"@type":"CommentAction","name":"Comment","target":["https:\/\/www.cabinet-magar.fr\/de\/actualites\/vente-de-titres-attention-a-la-situation-financiere-de-lentreprise\/#respond"]}]},{"@type":"WebPage","@id":"https:\/\/www.cabinet-magar.fr\/de\/actualites\/vente-de-titres-attention-a-la-situation-financiere-de-lentreprise\/","url":"https:\/\/www.cabinet-magar.fr\/de\/actualites\/vente-de-titres-attention-a-la-situation-financiere-de-lentreprise\/","name":"Vente de titres : attention \u00e0 la situation financi\u00e8re de l\u2019entreprise ! - Cabinet Magar","isPartOf":{"@id":"https:\/\/www.cabinet-magar.fr\/#website"},"primaryImageOfPage":{"@id":"https:\/\/www.cabinet-magar.fr\/de\/actualites\/vente-de-titres-attention-a-la-situation-financiere-de-lentreprise\/#primaryimage"},"image":{"@id":"https:\/\/www.cabinet-magar.fr\/de\/actualites\/vente-de-titres-attention-a-la-situation-financiere-de-lentreprise\/#primaryimage"},"thumbnailUrl":"https:\/\/www.cabinet-magar.fr\/wp-content\/uploads\/2021\/04\/cfe.jpg","datePublished":"2020-12-07T04:50:00+00:00","dateModified":"2021-04-28T01:00:30+00:00","author":{"@id":""},"breadcrumb":{"@id":"https:\/\/www.cabinet-magar.fr\/de\/actualites\/vente-de-titres-attention-a-la-situation-financiere-de-lentreprise\/#breadcrumb"},"inLanguage":"de","potentialAction":[{"@type":"ReadAction","target":["https:\/\/www.cabinet-magar.fr\/de\/actualites\/vente-de-titres-attention-a-la-situation-financiere-de-lentreprise\/"]}]},{"@type":"ImageObject","inLanguage":"de","@id":"https:\/\/www.cabinet-magar.fr\/de\/actualites\/vente-de-titres-attention-a-la-situation-financiere-de-lentreprise\/#primaryimage","url":"https:\/\/www.cabinet-magar.fr\/wp-content\/uploads\/2021\/04\/cfe.jpg","contentUrl":"https:\/\/www.cabinet-magar.fr\/wp-content\/uploads\/2021\/04\/cfe.jpg","width":600,"height":400},{"@type":"BreadcrumbList","@id":"https:\/\/www.cabinet-magar.fr\/de\/actualites\/vente-de-titres-attention-a-la-situation-financiere-de-lentreprise\/#breadcrumb","itemListElement":[{"@type":"ListItem","position":1,"name":"Accueil","item":"https:\/\/www.cabinet-magar.fr\/de\/"},{"@type":"ListItem","position":2,"name":"Vente de titres : attention \u00e0 la situation financi\u00e8re de l\u2019entreprise !"}]},{"@type":"WebSite","@id":"https:\/\/www.cabinet-magar.fr\/#website","url":"https:\/\/www.cabinet-magar.fr\/","name":"Cabinet Magar","description":"","potentialAction":[{"@type":"SearchAction","target":{"@type":"EntryPoint","urlTemplate":"https:\/\/www.cabinet-magar.fr\/?s={search_term_string}"},"query-input":{"@type":"PropertyValueSpecification","valueRequired":true,"valueName":"search_term_string"}}],"inLanguage":"de"}]}},"_links":{"self":[{"href":"https:\/\/www.cabinet-magar.fr\/de\/wp-json\/wp\/v2\/posts\/1003","targetHints":{"allow":["GET"]}}],"collection":[{"href":"https:\/\/www.cabinet-magar.fr\/de\/wp-json\/wp\/v2\/posts"}],"about":[{"href":"https:\/\/www.cabinet-magar.fr\/de\/wp-json\/wp\/v2\/types\/post"}],"replies":[{"embeddable":true,"href":"https:\/\/www.cabinet-magar.fr\/de\/wp-json\/wp\/v2\/comments?post=1003"}],"version-history":[{"count":1,"href":"https:\/\/www.cabinet-magar.fr\/de\/wp-json\/wp\/v2\/posts\/1003\/revisions"}],"predecessor-version":[{"id":4459,"href":"https:\/\/www.cabinet-magar.fr\/de\/wp-json\/wp\/v2\/posts\/1003\/revisions\/4459"}],"wp:featuredmedia":[{"embeddable":true,"href":"https:\/\/www.cabinet-magar.fr\/de\/wp-json\/wp\/v2\/media\/4248"}],"wp:attachment":[{"href":"https:\/\/www.cabinet-magar.fr\/de\/wp-json\/wp\/v2\/media?parent=1003"}],"wp:term":[{"taxonomy":"category","embeddable":true,"href":"https:\/\/www.cabinet-magar.fr\/de\/wp-json\/wp\/v2\/categories?post=1003"},{"taxonomy":"post_tag","embeddable":true,"href":"https:\/\/www.cabinet-magar.fr\/de\/wp-json\/wp\/v2\/tags?post=1003"}],"curies":[{"name":"wp","href":"https:\/\/api.w.org\/{rel}","templated":true}]}}