{"id":1002,"date":"2020-12-07T05:51:00","date_gmt":"2020-12-07T04:51:00","guid":{"rendered":"https:\/\/www.cabinet-magar.fr\/autorisation-prealable-de-licencier-indiscutable\/"},"modified":"2021-04-28T03:00:26","modified_gmt":"2021-04-28T01:00:26","slug":"autorisation-prealable-de-licencier-indiscutable","status":"publish","type":"post","link":"https:\/\/www.cabinet-magar.fr\/de\/actualites\/autorisation-prealable-de-licencier-indiscutable\/","title":{"rendered":"Autorisation pr\u00e9alable de licencier : indiscutable ?"},"content":{"rendered":"<p >Des salari\u00e9s prot\u00e9g\u00e9s contestent leur licenciement et r\u00e9clament des indemnit\u00e9s. Refus de l\u2019employeur qui rappelle qu\u2019il a obtenu l\u2019autorisation pr\u00e9alable de l\u2019inspecteur du travail pour valider ces licenciements. \u00ab Et alors ? \u00bb r\u00e9torquent ces salari\u00e9s\u2026<\/p>\n<div>\n<h2>Rappel des limites de l\u2019autorisation pr\u00e9alable de l\u2019inspecteur du travail<\/h2>\n<p>Une entreprise est plac\u00e9e en liquidation judiciaire avec cessation d\u2019activit\u00e9. Elle demande l\u2019autorisation de l\u2019inspecteur du travail pour licencier des salari\u00e9s prot\u00e9g\u00e9s pour motif \u00e9conomique. Ce qu\u2019elle obtient.<\/p>\n<p>Toutefois, ces salari\u00e9s prot\u00e9g\u00e9s effectivement licenci\u00e9s contestent la rupture de leur contrat, accusant l\u2019employeur de faute et de l\u00e9g\u00e8ret\u00e9 bl\u00e2mable qui seraient \u00e0 l\u2019origine des difficult\u00e9s \u00e9conomiques et des licenciements qui ont suivi. Ils r\u00e9clament donc une indemnisation.<\/p>\n<p>Ce que refuse l\u2019employeur qui rappelle qu\u2019il a obtenu l\u2019autorisation de l\u2019inspecteur du travail. Pour lui, le licenciement est donc valid\u00e9.<\/p>\n<p>Sauf que l\u2019inspecteur du travail n\u2019a pas \u00e0 rechercher si la cessation d\u2019activit\u00e9 est due \u00e0 la faute ou \u00e0 la l\u00e9g\u00e8ret\u00e9 bl\u00e2mable de l\u2019employeur. Sa d\u00e9cision d\u2019autorisation n\u2019emp\u00eache donc pas le salari\u00e9 de demander r\u00e9paration d\u2019un pr\u00e9judice que lui aurait caus\u00e9 une faute de l\u2019employeur \u00e0 l\u2019origine de la cessation d\u2019activit\u00e9, y compris le pr\u00e9judice r\u00e9sultant de la perte de son emploi.<\/p>\n<p>Cette affaire sera rejug\u00e9e pour appr\u00e9cier \u00e0 la fois la l\u00e9g\u00e8ret\u00e9 bl\u00e2mable de l\u2019employeur et le pr\u00e9judice des salari\u00e9s concern\u00e9s.<\/p>\n<p>Rappelons que le r\u00f4le de l\u2019inspecteur du travail, lorsqu\u2019il est sollicit\u00e9 pour l\u2019autorisation pr\u00e9alable du licenciement d\u2019un salari\u00e9 prot\u00e9g\u00e9, est de s\u2019assurer que la proc\u00e9dure a bien \u00e9t\u00e9 respect\u00e9e et que le projet de licenciement ne repose pas sur un motif discriminatoire.<\/p>\n<p><span style=\"text-decoration: underline;\">Source :<\/span> Arr\u00eat de la Cour de Cassation, chambre sociale, du 25 novembre 2020, n\u00b0 18-13771<\/p>\n<p><a title=\"WebLex - Autorisation pr\u00e9alable de licencier : indiscutable ?\" href=\"https:\/\/www.weblex.fr\/weblex-actualite\/autorisation-prealable-de-licencier-indiscutable\" rel=\"nofollow noopener\" target=\"_blank\">Autorisation pr\u00e9alable de licencier : indiscutable ?<\/a> \u00a9 Copyright WebLex &#8211; 2020<\/p>\n<\/div>\n<p><img src='https:\/\/www.weblex.fr\/images\/flux_actus\/difficulteseconomiques2.jpg'><\/p>\n","protected":false},"excerpt":{"rendered":"<p>Des salari\u00e9s prot\u00e9g\u00e9s contestent leur licenciement et r\u00e9clament des indemnit\u00e9s. Refus de l\u2019employeur qui rappelle qu\u2019il a obtenu l\u2019autorisation pr\u00e9alable de l\u2019inspecteur du travail pour valider ces licenciements. \u00ab Et alors ? \u00bb r\u00e9torquent ces salari\u00e9s\u2026<\/p>\n","protected":false},"author":0,"featured_media":4458,"comment_status":"open","ping_status":"closed","sticky":false,"template":"","format":"standard","meta":{"_acf_changed":false,"footnotes":""},"categories":[8,7],"tags":[],"class_list":["post-1002","post","type-post","status-publish","format-standard","has-post-thumbnail","hentry","category-actu-sociale","category-actualites"],"acf":[],"yoast_head":"<!-- This site is optimized with the Yoast SEO plugin v27.2 - https:\/\/yoast.com\/product\/yoast-seo-wordpress\/ -->\n<title>Autorisation pr\u00e9alable de licencier : indiscutable ? - Cabinet Magar<\/title>\n<meta name=\"robots\" content=\"index, follow, max-snippet:-1, max-image-preview:large, max-video-preview:-1\" \/>\n<link rel=\"canonical\" href=\"https:\/\/www.cabinet-magar.fr\/actualites\/autorisation-prealable-de-licencier-indiscutable\/\" \/>\n<meta property=\"og:locale\" content=\"de_DE\" \/>\n<meta property=\"og:type\" content=\"article\" \/>\n<meta property=\"og:title\" content=\"Autorisation pr\u00e9alable de licencier : indiscutable ? - Cabinet Magar\" \/>\n<meta property=\"og:description\" content=\"Des salari\u00e9s prot\u00e9g\u00e9s contestent leur licenciement et r\u00e9clament des indemnit\u00e9s. Refus de l\u2019employeur qui rappelle qu\u2019il a obtenu l\u2019autorisation pr\u00e9alable de l\u2019inspecteur du travail pour valider ces licenciements. \u00ab Et alors ? \u00bb r\u00e9torquent ces salari\u00e9s\u2026\" \/>\n<meta property=\"og:url\" content=\"https:\/\/www.cabinet-magar.fr\/actualites\/autorisation-prealable-de-licencier-indiscutable\/\" \/>\n<meta property=\"og:site_name\" content=\"Cabinet Magar\" \/>\n<meta property=\"article:published_time\" content=\"2020-12-07T04:51:00+00:00\" \/>\n<meta property=\"article:modified_time\" content=\"2021-04-28T01:00:26+00:00\" \/>\n<meta property=\"og:image\" content=\"https:\/\/www.cabinet-magar.fr\/wp-content\/uploads\/2021\/04\/difficulteseconomiques2.jpg\" \/>\n\t<meta property=\"og:image:width\" content=\"600\" \/>\n\t<meta property=\"og:image:height\" content=\"400\" \/>\n\t<meta property=\"og:image:type\" content=\"image\/jpeg\" \/>\n<meta name=\"twitter:card\" content=\"summary_large_image\" \/>\n<meta name=\"twitter:label1\" content=\"Gesch\u00e4tzte Lesezeit\" \/>\n\t<meta name=\"twitter:data1\" content=\"2\u00a0Minuten\" \/>\n<script type=\"application\/ld+json\" class=\"yoast-schema-graph\">{\"@context\":\"https:\/\/schema.org\",\"@graph\":[{\"@type\":\"Article\",\"@id\":\"https:\/\/www.cabinet-magar.fr\/actualites\/autorisation-prealable-de-licencier-indiscutable\/#article\",\"isPartOf\":{\"@id\":\"https:\/\/www.cabinet-magar.fr\/actualites\/autorisation-prealable-de-licencier-indiscutable\/\"},\"author\":{\"name\":\"\",\"@id\":\"\"},\"headline\":\"Autorisation pr\u00e9alable de licencier : indiscutable ?\",\"datePublished\":\"2020-12-07T04:51:00+00:00\",\"dateModified\":\"2021-04-28T01:00:26+00:00\",\"mainEntityOfPage\":{\"@id\":\"https:\/\/www.cabinet-magar.fr\/actualites\/autorisation-prealable-de-licencier-indiscutable\/\"},\"wordCount\":354,\"commentCount\":0,\"image\":{\"@id\":\"https:\/\/www.cabinet-magar.fr\/actualites\/autorisation-prealable-de-licencier-indiscutable\/#primaryimage\"},\"thumbnailUrl\":\"https:\/\/www.cabinet-magar.fr\/wp-content\/uploads\/2021\/04\/difficulteseconomiques2.jpg\",\"articleSection\":[\"Actu Sociale\",\"Actualit\u00e9s\"],\"inLanguage\":\"de\",\"potentialAction\":[{\"@type\":\"CommentAction\",\"name\":\"Comment\",\"target\":[\"https:\/\/www.cabinet-magar.fr\/actualites\/autorisation-prealable-de-licencier-indiscutable\/#respond\"]}]},{\"@type\":\"WebPage\",\"@id\":\"https:\/\/www.cabinet-magar.fr\/actualites\/autorisation-prealable-de-licencier-indiscutable\/\",\"url\":\"https:\/\/www.cabinet-magar.fr\/actualites\/autorisation-prealable-de-licencier-indiscutable\/\",\"name\":\"Autorisation pr\u00e9alable de licencier : indiscutable ? - Cabinet Magar\",\"isPartOf\":{\"@id\":\"https:\/\/www.cabinet-magar.fr\/#website\"},\"primaryImageOfPage\":{\"@id\":\"https:\/\/www.cabinet-magar.fr\/actualites\/autorisation-prealable-de-licencier-indiscutable\/#primaryimage\"},\"image\":{\"@id\":\"https:\/\/www.cabinet-magar.fr\/actualites\/autorisation-prealable-de-licencier-indiscutable\/#primaryimage\"},\"thumbnailUrl\":\"https:\/\/www.cabinet-magar.fr\/wp-content\/uploads\/2021\/04\/difficulteseconomiques2.jpg\",\"datePublished\":\"2020-12-07T04:51:00+00:00\",\"dateModified\":\"2021-04-28T01:00:26+00:00\",\"author\":{\"@id\":\"\"},\"breadcrumb\":{\"@id\":\"https:\/\/www.cabinet-magar.fr\/actualites\/autorisation-prealable-de-licencier-indiscutable\/#breadcrumb\"},\"inLanguage\":\"de\",\"potentialAction\":[{\"@type\":\"ReadAction\",\"target\":[\"https:\/\/www.cabinet-magar.fr\/actualites\/autorisation-prealable-de-licencier-indiscutable\/\"]}]},{\"@type\":\"ImageObject\",\"inLanguage\":\"de\",\"@id\":\"https:\/\/www.cabinet-magar.fr\/actualites\/autorisation-prealable-de-licencier-indiscutable\/#primaryimage\",\"url\":\"https:\/\/www.cabinet-magar.fr\/wp-content\/uploads\/2021\/04\/difficulteseconomiques2.jpg\",\"contentUrl\":\"https:\/\/www.cabinet-magar.fr\/wp-content\/uploads\/2021\/04\/difficulteseconomiques2.jpg\",\"width\":600,\"height\":400},{\"@type\":\"BreadcrumbList\",\"@id\":\"https:\/\/www.cabinet-magar.fr\/actualites\/autorisation-prealable-de-licencier-indiscutable\/#breadcrumb\",\"itemListElement\":[{\"@type\":\"ListItem\",\"position\":1,\"name\":\"Accueil\",\"item\":\"https:\/\/www.cabinet-magar.fr\/de\/\"},{\"@type\":\"ListItem\",\"position\":2,\"name\":\"Autorisation pr\u00e9alable de licencier : indiscutable ?\"}]},{\"@type\":\"WebSite\",\"@id\":\"https:\/\/www.cabinet-magar.fr\/#website\",\"url\":\"https:\/\/www.cabinet-magar.fr\/\",\"name\":\"Cabinet Magar\",\"description\":\"\",\"potentialAction\":[{\"@type\":\"SearchAction\",\"target\":{\"@type\":\"EntryPoint\",\"urlTemplate\":\"https:\/\/www.cabinet-magar.fr\/?s={search_term_string}\"},\"query-input\":{\"@type\":\"PropertyValueSpecification\",\"valueRequired\":true,\"valueName\":\"search_term_string\"}}],\"inLanguage\":\"de\"}]}<\/script>\n<!-- \/ Yoast SEO plugin. -->","yoast_head_json":{"title":"Autorisation pr\u00e9alable de licencier : indiscutable ? - Cabinet Magar","robots":{"index":"index","follow":"follow","max-snippet":"max-snippet:-1","max-image-preview":"max-image-preview:large","max-video-preview":"max-video-preview:-1"},"canonical":"https:\/\/www.cabinet-magar.fr\/actualites\/autorisation-prealable-de-licencier-indiscutable\/","og_locale":"de_DE","og_type":"article","og_title":"Autorisation pr\u00e9alable de licencier : indiscutable ? - Cabinet Magar","og_description":"Des salari\u00e9s prot\u00e9g\u00e9s contestent leur licenciement et r\u00e9clament des indemnit\u00e9s. Refus de l\u2019employeur qui rappelle qu\u2019il a obtenu l\u2019autorisation pr\u00e9alable de l\u2019inspecteur du travail pour valider ces licenciements. \u00ab Et alors ? \u00bb r\u00e9torquent ces salari\u00e9s\u2026","og_url":"https:\/\/www.cabinet-magar.fr\/actualites\/autorisation-prealable-de-licencier-indiscutable\/","og_site_name":"Cabinet Magar","article_published_time":"2020-12-07T04:51:00+00:00","article_modified_time":"2021-04-28T01:00:26+00:00","og_image":[{"width":600,"height":400,"url":"https:\/\/www.cabinet-magar.fr\/wp-content\/uploads\/2021\/04\/difficulteseconomiques2.jpg","type":"image\/jpeg"}],"twitter_card":"summary_large_image","twitter_misc":{"Gesch\u00e4tzte Lesezeit":"2\u00a0Minuten"},"schema":{"@context":"https:\/\/schema.org","@graph":[{"@type":"Article","@id":"https:\/\/www.cabinet-magar.fr\/actualites\/autorisation-prealable-de-licencier-indiscutable\/#article","isPartOf":{"@id":"https:\/\/www.cabinet-magar.fr\/actualites\/autorisation-prealable-de-licencier-indiscutable\/"},"author":{"name":"","@id":""},"headline":"Autorisation pr\u00e9alable de licencier : indiscutable ?","datePublished":"2020-12-07T04:51:00+00:00","dateModified":"2021-04-28T01:00:26+00:00","mainEntityOfPage":{"@id":"https:\/\/www.cabinet-magar.fr\/actualites\/autorisation-prealable-de-licencier-indiscutable\/"},"wordCount":354,"commentCount":0,"image":{"@id":"https:\/\/www.cabinet-magar.fr\/actualites\/autorisation-prealable-de-licencier-indiscutable\/#primaryimage"},"thumbnailUrl":"https:\/\/www.cabinet-magar.fr\/wp-content\/uploads\/2021\/04\/difficulteseconomiques2.jpg","articleSection":["Actu Sociale","Actualit\u00e9s"],"inLanguage":"de","potentialAction":[{"@type":"CommentAction","name":"Comment","target":["https:\/\/www.cabinet-magar.fr\/actualites\/autorisation-prealable-de-licencier-indiscutable\/#respond"]}]},{"@type":"WebPage","@id":"https:\/\/www.cabinet-magar.fr\/actualites\/autorisation-prealable-de-licencier-indiscutable\/","url":"https:\/\/www.cabinet-magar.fr\/actualites\/autorisation-prealable-de-licencier-indiscutable\/","name":"Autorisation pr\u00e9alable de licencier : indiscutable ? - Cabinet Magar","isPartOf":{"@id":"https:\/\/www.cabinet-magar.fr\/#website"},"primaryImageOfPage":{"@id":"https:\/\/www.cabinet-magar.fr\/actualites\/autorisation-prealable-de-licencier-indiscutable\/#primaryimage"},"image":{"@id":"https:\/\/www.cabinet-magar.fr\/actualites\/autorisation-prealable-de-licencier-indiscutable\/#primaryimage"},"thumbnailUrl":"https:\/\/www.cabinet-magar.fr\/wp-content\/uploads\/2021\/04\/difficulteseconomiques2.jpg","datePublished":"2020-12-07T04:51:00+00:00","dateModified":"2021-04-28T01:00:26+00:00","author":{"@id":""},"breadcrumb":{"@id":"https:\/\/www.cabinet-magar.fr\/actualites\/autorisation-prealable-de-licencier-indiscutable\/#breadcrumb"},"inLanguage":"de","potentialAction":[{"@type":"ReadAction","target":["https:\/\/www.cabinet-magar.fr\/actualites\/autorisation-prealable-de-licencier-indiscutable\/"]}]},{"@type":"ImageObject","inLanguage":"de","@id":"https:\/\/www.cabinet-magar.fr\/actualites\/autorisation-prealable-de-licencier-indiscutable\/#primaryimage","url":"https:\/\/www.cabinet-magar.fr\/wp-content\/uploads\/2021\/04\/difficulteseconomiques2.jpg","contentUrl":"https:\/\/www.cabinet-magar.fr\/wp-content\/uploads\/2021\/04\/difficulteseconomiques2.jpg","width":600,"height":400},{"@type":"BreadcrumbList","@id":"https:\/\/www.cabinet-magar.fr\/actualites\/autorisation-prealable-de-licencier-indiscutable\/#breadcrumb","itemListElement":[{"@type":"ListItem","position":1,"name":"Accueil","item":"https:\/\/www.cabinet-magar.fr\/de\/"},{"@type":"ListItem","position":2,"name":"Autorisation pr\u00e9alable de licencier : indiscutable ?"}]},{"@type":"WebSite","@id":"https:\/\/www.cabinet-magar.fr\/#website","url":"https:\/\/www.cabinet-magar.fr\/","name":"Cabinet Magar","description":"","potentialAction":[{"@type":"SearchAction","target":{"@type":"EntryPoint","urlTemplate":"https:\/\/www.cabinet-magar.fr\/?s={search_term_string}"},"query-input":{"@type":"PropertyValueSpecification","valueRequired":true,"valueName":"search_term_string"}}],"inLanguage":"de"}]}},"_links":{"self":[{"href":"https:\/\/www.cabinet-magar.fr\/de\/wp-json\/wp\/v2\/posts\/1002","targetHints":{"allow":["GET"]}}],"collection":[{"href":"https:\/\/www.cabinet-magar.fr\/de\/wp-json\/wp\/v2\/posts"}],"about":[{"href":"https:\/\/www.cabinet-magar.fr\/de\/wp-json\/wp\/v2\/types\/post"}],"replies":[{"embeddable":true,"href":"https:\/\/www.cabinet-magar.fr\/de\/wp-json\/wp\/v2\/comments?post=1002"}],"version-history":[{"count":1,"href":"https:\/\/www.cabinet-magar.fr\/de\/wp-json\/wp\/v2\/posts\/1002\/revisions"}],"predecessor-version":[{"id":4457,"href":"https:\/\/www.cabinet-magar.fr\/de\/wp-json\/wp\/v2\/posts\/1002\/revisions\/4457"}],"wp:featuredmedia":[{"embeddable":true,"href":"https:\/\/www.cabinet-magar.fr\/de\/wp-json\/wp\/v2\/media\/4458"}],"wp:attachment":[{"href":"https:\/\/www.cabinet-magar.fr\/de\/wp-json\/wp\/v2\/media?parent=1002"}],"wp:term":[{"taxonomy":"category","embeddable":true,"href":"https:\/\/www.cabinet-magar.fr\/de\/wp-json\/wp\/v2\/categories?post=1002"},{"taxonomy":"post_tag","embeddable":true,"href":"https:\/\/www.cabinet-magar.fr\/de\/wp-json\/wp\/v2\/tags?post=1002"}],"curies":[{"name":"wp","href":"https:\/\/api.w.org\/{rel}","templated":true}]}}