{"id":1001,"date":"2020-12-07T05:52:00","date_gmt":"2020-12-07T04:52:00","guid":{"rendered":"https:\/\/www.cabinet-magar.fr\/coronavirus-covid-19-du-nouveau-pour-les-comites-de-protection-des-personnes\/"},"modified":"2021-04-28T03:00:23","modified_gmt":"2021-04-28T01:00:23","slug":"coronavirus-covid-19-du-nouveau-pour-les-comites-de-protection-des-personnes","status":"publish","type":"post","link":"https:\/\/www.cabinet-magar.fr\/de\/actualites\/coronavirus-covid-19-du-nouveau-pour-les-comites-de-protection-des-personnes\/","title":{"rendered":"Coronavirus (COVID-19) : du nouveau pour les comit\u00e9s de protection des personnes"},"content":{"rendered":"<p >Dans le cadre de la recherche d\u2019un vaccin contre la covid-19, des essais sont men\u00e9s sur des personnes s\u2019\u00e9tant port\u00e9es volontaires. Ces essais sont soumis \u00e0 l\u2019avis pr\u00e9alable des comit\u00e9s de protection des personnes, dont les modalit\u00e9s de nomination viennent de changer\u2026<\/p>\n<div>\n<h2>Coronavirus (COVID-19) : qui nomme les membres des comit\u00e9s de protection des personnes ?<\/h2>\n<p>Habituellement, les membres des comit\u00e9s de protection des personnes sont nomm\u00e9s par les directeurs des Agences r\u00e9gionales de sant\u00e9 (ARS).<\/p>\n<p>Mais, au mois d\u2019avril 2020, au moment de lancer les premi\u00e8res recherches d\u2019un vaccin contre la covid-19, le Gouvernement a d\u00e9cid\u00e9 qu\u2019exceptionnellement les nominations reviendraient au Ministre de la Sant\u00e9, au plus tard jusqu\u2019au 31 d\u00e9cembre 2021, lorsque les essais impliquaient des personnes humaines.<\/p>\n<p>Cette date pouvait \u00eatre avanc\u00e9e. C\u2019est ce qui vient de se passer : \u00e0 compter du 7 d\u00e9cembre 2020, les nominations des membres des comit\u00e9s de protection des personnes sont \u00e0 nouveau faites par les directeurs des ARS.<\/p>\n<p><span style=\"text-decoration: underline;\">Source :<\/span> D\u00e9cret n\u00b0 2020-1517 du 3 d\u00e9cembre 2020 mettant fin \u00e0 la d\u00e9signation par le ministre charg\u00e9 de la sant\u00e9 des comit\u00e9s de protection des personnes comp\u00e9tents pour examiner les projets de recherches impliquant la personne humaine visant \u00e0 lutter contre l&#8217;\u00e9pid\u00e9mie de covid-19<\/p>\n<p><a title=\"WebLex - Coronavirus (COVID-19) : du nouveau pour les comit\u00e9s de protection des personnes\" href=\"https:\/\/www.weblex.fr\/weblex-actualite\/coronavirus-covid-19-du-nouveau-pour-les-comites-de-protection-des-personnes\" target=\"_blank\" rel=\"noopener\">Coronavirus (COVID-19) : du nouveau pour les comit\u00e9s de protection des personnes<\/a> \u00a9 Copyright WebLex &#8211; 2020<\/p>\n<\/div>\n<p><img src='https:\/\/www.weblex.fr\/images\/flux_actus\/vaccin.jpg'><\/p>\n","protected":false},"excerpt":{"rendered":"<p>Dans le cadre de la recherche d\u2019un vaccin contre la covid-19, des essais sont men\u00e9s sur des personnes s\u2019\u00e9tant port\u00e9es volontaires. Ces essais sont soumis \u00e0 l\u2019avis pr\u00e9alable des comit\u00e9s de protection des personnes, dont les modalit\u00e9s de nomination viennent de changer\u2026<\/p>\n","protected":false},"author":0,"featured_media":3636,"comment_status":"open","ping_status":"closed","sticky":false,"template":"","format":"standard","meta":{"_acf_changed":false,"footnotes":""},"categories":[9,7],"tags":[],"class_list":["post-1001","post","type-post","status-publish","format-standard","has-post-thumbnail","hentry","category-actu-juridique","category-actualites"],"acf":[],"yoast_head":"<!-- This site is optimized with the Yoast SEO plugin v27.2 - https:\/\/yoast.com\/product\/yoast-seo-wordpress\/ -->\n<title>Coronavirus (COVID-19) : du nouveau pour les comit\u00e9s de protection des personnes - Cabinet Magar<\/title>\n<meta name=\"robots\" content=\"index, follow, max-snippet:-1, max-image-preview:large, max-video-preview:-1\" \/>\n<link rel=\"canonical\" href=\"https:\/\/www.cabinet-magar.fr\/actualites\/coronavirus-covid-19-du-nouveau-pour-les-comites-de-protection-des-personnes\/\" \/>\n<meta property=\"og:locale\" content=\"de_DE\" \/>\n<meta property=\"og:type\" content=\"article\" \/>\n<meta property=\"og:title\" content=\"Coronavirus (COVID-19) : du nouveau pour les comit\u00e9s de protection des personnes - Cabinet Magar\" \/>\n<meta property=\"og:description\" content=\"Dans le cadre de la recherche d\u2019un vaccin contre la covid-19, des essais sont men\u00e9s sur des personnes s\u2019\u00e9tant port\u00e9es volontaires. Ces essais sont soumis \u00e0 l\u2019avis pr\u00e9alable des comit\u00e9s de protection des personnes, dont les modalit\u00e9s de nomination viennent de changer\u2026\" \/>\n<meta property=\"og:url\" content=\"https:\/\/www.cabinet-magar.fr\/actualites\/coronavirus-covid-19-du-nouveau-pour-les-comites-de-protection-des-personnes\/\" \/>\n<meta property=\"og:site_name\" content=\"Cabinet Magar\" \/>\n<meta property=\"article:published_time\" content=\"2020-12-07T04:52:00+00:00\" \/>\n<meta property=\"article:modified_time\" content=\"2021-04-28T01:00:23+00:00\" \/>\n<meta property=\"og:image\" content=\"https:\/\/www.cabinet-magar.fr\/wp-content\/uploads\/2021\/04\/vaccin.jpg\" \/>\n\t<meta property=\"og:image:width\" content=\"600\" \/>\n\t<meta property=\"og:image:height\" content=\"400\" \/>\n\t<meta property=\"og:image:type\" content=\"image\/jpeg\" \/>\n<meta name=\"twitter:card\" content=\"summary_large_image\" \/>\n<meta name=\"twitter:label1\" content=\"Gesch\u00e4tzte Lesezeit\" \/>\n\t<meta name=\"twitter:data1\" content=\"1\u00a0Minute\" \/>\n<script type=\"application\/ld+json\" class=\"yoast-schema-graph\">{\"@context\":\"https:\/\/schema.org\",\"@graph\":[{\"@type\":\"Article\",\"@id\":\"https:\/\/www.cabinet-magar.fr\/actualites\/coronavirus-covid-19-du-nouveau-pour-les-comites-de-protection-des-personnes\/#article\",\"isPartOf\":{\"@id\":\"https:\/\/www.cabinet-magar.fr\/actualites\/coronavirus-covid-19-du-nouveau-pour-les-comites-de-protection-des-personnes\/\"},\"author\":{\"name\":\"\",\"@id\":\"\"},\"headline\":\"Coronavirus (COVID-19) : du nouveau pour les comit\u00e9s de protection des personnes\",\"datePublished\":\"2020-12-07T04:52:00+00:00\",\"dateModified\":\"2021-04-28T01:00:23+00:00\",\"mainEntityOfPage\":{\"@id\":\"https:\/\/www.cabinet-magar.fr\/actualites\/coronavirus-covid-19-du-nouveau-pour-les-comites-de-protection-des-personnes\/\"},\"wordCount\":244,\"commentCount\":0,\"image\":{\"@id\":\"https:\/\/www.cabinet-magar.fr\/actualites\/coronavirus-covid-19-du-nouveau-pour-les-comites-de-protection-des-personnes\/#primaryimage\"},\"thumbnailUrl\":\"https:\/\/www.cabinet-magar.fr\/wp-content\/uploads\/2021\/04\/vaccin.jpg\",\"articleSection\":[\"Actu Juridique\",\"Actualit\u00e9s\"],\"inLanguage\":\"de\",\"potentialAction\":[{\"@type\":\"CommentAction\",\"name\":\"Comment\",\"target\":[\"https:\/\/www.cabinet-magar.fr\/actualites\/coronavirus-covid-19-du-nouveau-pour-les-comites-de-protection-des-personnes\/#respond\"]}]},{\"@type\":\"WebPage\",\"@id\":\"https:\/\/www.cabinet-magar.fr\/actualites\/coronavirus-covid-19-du-nouveau-pour-les-comites-de-protection-des-personnes\/\",\"url\":\"https:\/\/www.cabinet-magar.fr\/actualites\/coronavirus-covid-19-du-nouveau-pour-les-comites-de-protection-des-personnes\/\",\"name\":\"Coronavirus (COVID-19) : du nouveau pour les comit\u00e9s de protection des personnes - Cabinet Magar\",\"isPartOf\":{\"@id\":\"https:\/\/www.cabinet-magar.fr\/#website\"},\"primaryImageOfPage\":{\"@id\":\"https:\/\/www.cabinet-magar.fr\/actualites\/coronavirus-covid-19-du-nouveau-pour-les-comites-de-protection-des-personnes\/#primaryimage\"},\"image\":{\"@id\":\"https:\/\/www.cabinet-magar.fr\/actualites\/coronavirus-covid-19-du-nouveau-pour-les-comites-de-protection-des-personnes\/#primaryimage\"},\"thumbnailUrl\":\"https:\/\/www.cabinet-magar.fr\/wp-content\/uploads\/2021\/04\/vaccin.jpg\",\"datePublished\":\"2020-12-07T04:52:00+00:00\",\"dateModified\":\"2021-04-28T01:00:23+00:00\",\"author\":{\"@id\":\"\"},\"breadcrumb\":{\"@id\":\"https:\/\/www.cabinet-magar.fr\/actualites\/coronavirus-covid-19-du-nouveau-pour-les-comites-de-protection-des-personnes\/#breadcrumb\"},\"inLanguage\":\"de\",\"potentialAction\":[{\"@type\":\"ReadAction\",\"target\":[\"https:\/\/www.cabinet-magar.fr\/actualites\/coronavirus-covid-19-du-nouveau-pour-les-comites-de-protection-des-personnes\/\"]}]},{\"@type\":\"ImageObject\",\"inLanguage\":\"de\",\"@id\":\"https:\/\/www.cabinet-magar.fr\/actualites\/coronavirus-covid-19-du-nouveau-pour-les-comites-de-protection-des-personnes\/#primaryimage\",\"url\":\"https:\/\/www.cabinet-magar.fr\/wp-content\/uploads\/2021\/04\/vaccin.jpg\",\"contentUrl\":\"https:\/\/www.cabinet-magar.fr\/wp-content\/uploads\/2021\/04\/vaccin.jpg\",\"width\":600,\"height\":400},{\"@type\":\"BreadcrumbList\",\"@id\":\"https:\/\/www.cabinet-magar.fr\/actualites\/coronavirus-covid-19-du-nouveau-pour-les-comites-de-protection-des-personnes\/#breadcrumb\",\"itemListElement\":[{\"@type\":\"ListItem\",\"position\":1,\"name\":\"Accueil\",\"item\":\"https:\/\/www.cabinet-magar.fr\/de\/\"},{\"@type\":\"ListItem\",\"position\":2,\"name\":\"Coronavirus (COVID-19) : du nouveau pour les comit\u00e9s de protection des personnes\"}]},{\"@type\":\"WebSite\",\"@id\":\"https:\/\/www.cabinet-magar.fr\/#website\",\"url\":\"https:\/\/www.cabinet-magar.fr\/\",\"name\":\"Cabinet Magar\",\"description\":\"\",\"potentialAction\":[{\"@type\":\"SearchAction\",\"target\":{\"@type\":\"EntryPoint\",\"urlTemplate\":\"https:\/\/www.cabinet-magar.fr\/?s={search_term_string}\"},\"query-input\":{\"@type\":\"PropertyValueSpecification\",\"valueRequired\":true,\"valueName\":\"search_term_string\"}}],\"inLanguage\":\"de\"}]}<\/script>\n<!-- \/ Yoast SEO plugin. -->","yoast_head_json":{"title":"Coronavirus (COVID-19) : du nouveau pour les comit\u00e9s de protection des personnes - Cabinet Magar","robots":{"index":"index","follow":"follow","max-snippet":"max-snippet:-1","max-image-preview":"max-image-preview:large","max-video-preview":"max-video-preview:-1"},"canonical":"https:\/\/www.cabinet-magar.fr\/actualites\/coronavirus-covid-19-du-nouveau-pour-les-comites-de-protection-des-personnes\/","og_locale":"de_DE","og_type":"article","og_title":"Coronavirus (COVID-19) : du nouveau pour les comit\u00e9s de protection des personnes - Cabinet Magar","og_description":"Dans le cadre de la recherche d\u2019un vaccin contre la covid-19, des essais sont men\u00e9s sur des personnes s\u2019\u00e9tant port\u00e9es volontaires. Ces essais sont soumis \u00e0 l\u2019avis pr\u00e9alable des comit\u00e9s de protection des personnes, dont les modalit\u00e9s de nomination viennent de changer\u2026","og_url":"https:\/\/www.cabinet-magar.fr\/actualites\/coronavirus-covid-19-du-nouveau-pour-les-comites-de-protection-des-personnes\/","og_site_name":"Cabinet Magar","article_published_time":"2020-12-07T04:52:00+00:00","article_modified_time":"2021-04-28T01:00:23+00:00","og_image":[{"width":600,"height":400,"url":"https:\/\/www.cabinet-magar.fr\/wp-content\/uploads\/2021\/04\/vaccin.jpg","type":"image\/jpeg"}],"twitter_card":"summary_large_image","twitter_misc":{"Gesch\u00e4tzte Lesezeit":"1\u00a0Minute"},"schema":{"@context":"https:\/\/schema.org","@graph":[{"@type":"Article","@id":"https:\/\/www.cabinet-magar.fr\/actualites\/coronavirus-covid-19-du-nouveau-pour-les-comites-de-protection-des-personnes\/#article","isPartOf":{"@id":"https:\/\/www.cabinet-magar.fr\/actualites\/coronavirus-covid-19-du-nouveau-pour-les-comites-de-protection-des-personnes\/"},"author":{"name":"","@id":""},"headline":"Coronavirus (COVID-19) : du nouveau pour les comit\u00e9s de protection des personnes","datePublished":"2020-12-07T04:52:00+00:00","dateModified":"2021-04-28T01:00:23+00:00","mainEntityOfPage":{"@id":"https:\/\/www.cabinet-magar.fr\/actualites\/coronavirus-covid-19-du-nouveau-pour-les-comites-de-protection-des-personnes\/"},"wordCount":244,"commentCount":0,"image":{"@id":"https:\/\/www.cabinet-magar.fr\/actualites\/coronavirus-covid-19-du-nouveau-pour-les-comites-de-protection-des-personnes\/#primaryimage"},"thumbnailUrl":"https:\/\/www.cabinet-magar.fr\/wp-content\/uploads\/2021\/04\/vaccin.jpg","articleSection":["Actu Juridique","Actualit\u00e9s"],"inLanguage":"de","potentialAction":[{"@type":"CommentAction","name":"Comment","target":["https:\/\/www.cabinet-magar.fr\/actualites\/coronavirus-covid-19-du-nouveau-pour-les-comites-de-protection-des-personnes\/#respond"]}]},{"@type":"WebPage","@id":"https:\/\/www.cabinet-magar.fr\/actualites\/coronavirus-covid-19-du-nouveau-pour-les-comites-de-protection-des-personnes\/","url":"https:\/\/www.cabinet-magar.fr\/actualites\/coronavirus-covid-19-du-nouveau-pour-les-comites-de-protection-des-personnes\/","name":"Coronavirus (COVID-19) : du nouveau pour les comit\u00e9s de protection des personnes - Cabinet Magar","isPartOf":{"@id":"https:\/\/www.cabinet-magar.fr\/#website"},"primaryImageOfPage":{"@id":"https:\/\/www.cabinet-magar.fr\/actualites\/coronavirus-covid-19-du-nouveau-pour-les-comites-de-protection-des-personnes\/#primaryimage"},"image":{"@id":"https:\/\/www.cabinet-magar.fr\/actualites\/coronavirus-covid-19-du-nouveau-pour-les-comites-de-protection-des-personnes\/#primaryimage"},"thumbnailUrl":"https:\/\/www.cabinet-magar.fr\/wp-content\/uploads\/2021\/04\/vaccin.jpg","datePublished":"2020-12-07T04:52:00+00:00","dateModified":"2021-04-28T01:00:23+00:00","author":{"@id":""},"breadcrumb":{"@id":"https:\/\/www.cabinet-magar.fr\/actualites\/coronavirus-covid-19-du-nouveau-pour-les-comites-de-protection-des-personnes\/#breadcrumb"},"inLanguage":"de","potentialAction":[{"@type":"ReadAction","target":["https:\/\/www.cabinet-magar.fr\/actualites\/coronavirus-covid-19-du-nouveau-pour-les-comites-de-protection-des-personnes\/"]}]},{"@type":"ImageObject","inLanguage":"de","@id":"https:\/\/www.cabinet-magar.fr\/actualites\/coronavirus-covid-19-du-nouveau-pour-les-comites-de-protection-des-personnes\/#primaryimage","url":"https:\/\/www.cabinet-magar.fr\/wp-content\/uploads\/2021\/04\/vaccin.jpg","contentUrl":"https:\/\/www.cabinet-magar.fr\/wp-content\/uploads\/2021\/04\/vaccin.jpg","width":600,"height":400},{"@type":"BreadcrumbList","@id":"https:\/\/www.cabinet-magar.fr\/actualites\/coronavirus-covid-19-du-nouveau-pour-les-comites-de-protection-des-personnes\/#breadcrumb","itemListElement":[{"@type":"ListItem","position":1,"name":"Accueil","item":"https:\/\/www.cabinet-magar.fr\/de\/"},{"@type":"ListItem","position":2,"name":"Coronavirus (COVID-19) : du nouveau pour les comit\u00e9s de protection des personnes"}]},{"@type":"WebSite","@id":"https:\/\/www.cabinet-magar.fr\/#website","url":"https:\/\/www.cabinet-magar.fr\/","name":"Cabinet Magar","description":"","potentialAction":[{"@type":"SearchAction","target":{"@type":"EntryPoint","urlTemplate":"https:\/\/www.cabinet-magar.fr\/?s={search_term_string}"},"query-input":{"@type":"PropertyValueSpecification","valueRequired":true,"valueName":"search_term_string"}}],"inLanguage":"de"}]}},"_links":{"self":[{"href":"https:\/\/www.cabinet-magar.fr\/de\/wp-json\/wp\/v2\/posts\/1001","targetHints":{"allow":["GET"]}}],"collection":[{"href":"https:\/\/www.cabinet-magar.fr\/de\/wp-json\/wp\/v2\/posts"}],"about":[{"href":"https:\/\/www.cabinet-magar.fr\/de\/wp-json\/wp\/v2\/types\/post"}],"replies":[{"embeddable":true,"href":"https:\/\/www.cabinet-magar.fr\/de\/wp-json\/wp\/v2\/comments?post=1001"}],"version-history":[{"count":1,"href":"https:\/\/www.cabinet-magar.fr\/de\/wp-json\/wp\/v2\/posts\/1001\/revisions"}],"predecessor-version":[{"id":4456,"href":"https:\/\/www.cabinet-magar.fr\/de\/wp-json\/wp\/v2\/posts\/1001\/revisions\/4456"}],"wp:featuredmedia":[{"embeddable":true,"href":"https:\/\/www.cabinet-magar.fr\/de\/wp-json\/wp\/v2\/media\/3636"}],"wp:attachment":[{"href":"https:\/\/www.cabinet-magar.fr\/de\/wp-json\/wp\/v2\/media?parent=1001"}],"wp:term":[{"taxonomy":"category","embeddable":true,"href":"https:\/\/www.cabinet-magar.fr\/de\/wp-json\/wp\/v2\/categories?post=1001"},{"taxonomy":"post_tag","embeddable":true,"href":"https:\/\/www.cabinet-magar.fr\/de\/wp-json\/wp\/v2\/tags?post=1001"}],"curies":[{"name":"wp","href":"https:\/\/api.w.org\/{rel}","templated":true}]}}