{"id":1000,"date":"2020-12-07T05:53:00","date_gmt":"2020-12-07T04:53:00","guid":{"rendered":"https:\/\/www.cabinet-magar.fr\/coronavirus-covid-19-et-ski-qui-peut-utiliser-les-remontees-mecaniques\/"},"modified":"2021-04-28T03:00:20","modified_gmt":"2021-04-28T01:00:20","slug":"coronavirus-covid-19-et-ski-qui-peut-utiliser-les-remontees-mecaniques","status":"publish","type":"post","link":"https:\/\/www.cabinet-magar.fr\/de\/actualites\/coronavirus-covid-19-et-ski-qui-peut-utiliser-les-remontees-mecaniques\/","title":{"rendered":"Coronavirus (COVID-19) et ski : qui peut utiliser les remont\u00e9es m\u00e9caniques ?"},"content":{"rendered":"<p >Les remont\u00e9es m\u00e9caniques ne pourront pas \u00eatre utilis\u00e9es par le grand public durant les prochaines semaines, en raison de la crise sanitaire li\u00e9e \u00e0 la covid-19. Toutefois, certaines personnes peuvent, malgr\u00e9 tout, les utiliser. Lesquelles ?<\/p>\n<div>\n<h2>Coronavirus (COVID-19) et ski : les conditions pour utiliser les remont\u00e9es m\u00e9caniques<\/h2>\n<p>Il est d\u00e9sormais express\u00e9ment pr\u00e9vu que les remont\u00e9es m\u00e9caniques ne sont pas accessibles au public, sauf pour :<\/p>\n<ul>\n<li>les professionnels dans l&#8217;exercice de leur activit\u00e9 ;<\/li>\n<li>les personnes autoris\u00e9es \u00e0 pratiquer une activit\u00e9 sportive (sportifs professionnels et de haut niveau et formations continues ou entra\u00eenements n\u00e9cessaires pour le maintien des comp\u00e9tences professionnelles) ;<\/li>\n<li>les pratiquants mineurs licenci\u00e9s au sein d&#8217;une association sportive affili\u00e9e \u00e0 la F\u00e9d\u00e9ration fran\u00e7aise de ski.<\/li>\n<\/ul>\n<p>En outre, le Pr\u00e9fet peut autoriser, en fonction des circonstances locales, l\u2019acc\u00e8s aux t\u00e9l\u00e9ph\u00e9riques, funiculaires et autres remont\u00e9es reliant une station \u00e0 une autre.<\/p>\n<p>Les exploitants de remont\u00e9es m\u00e9caniques doivent veiller, dans la mesure du possible, \u00e0 la distanciation physique des passagers ou groupes de passagers voyageant ensemble \u00e0 bord de chaque appareil, en tenant compte des contraintes propres \u00e0 chaque moyen de transport.<\/p>\n<p>Par d\u00e9rogation, l\u2019obligation de port du masque pour les personnes de plus de 11 ans n&#8217;est pas applicable :<\/p>\n<ul>\n<li>dans les t\u00e9l\u00e9skis ;<\/li>\n<li>dans les t\u00e9l\u00e9si\u00e8ges lorsqu&#8217;ils sont exploit\u00e9s de sorte que chaque si\u00e8ge suspendu ne soit occup\u00e9 que par une personne ou par des personnes laissant entre elles au moins une place vide.<\/li>\n<\/ul>\n<p><span style=\"text-decoration: underline;\">Source :<\/span> D\u00e9cret n\u00b0 2020-1519 du 4 d\u00e9cembre 2020 modifiant le d\u00e9cret n\u00b0 2020-1310 du 29 octobre 2020 prescrivant les mesures g\u00e9n\u00e9rales n\u00e9cessaires pour faire face \u00e0 l&#8217;\u00e9pid\u00e9mie de covid-19 dans le cadre de l&#8217;\u00e9tat d&#8217;urgence sanitaire<\/p>\n<p><a title=\"WebLex - Coronavirus (COVID-19) et ski : qui peut utiliser les remont\u00e9es m\u00e9caniques ?\" href=\"https:\/\/www.weblex.fr\/weblex-actualite\/coronavirus-covid-19-et-ski-qui-peut-utiliser-les-remontees-mecaniques\" target=\"_blank\" rel=\"noopener\">Coronavirus (COVID-19) et ski : qui peut utiliser les remont\u00e9es m\u00e9caniques ?<\/a> \u00a9 Copyright WebLex &#8211; 2020<\/p>\n<\/div>\n<p><img src='https:\/\/www.weblex.fr\/images\/flux_actus\/ski.jpg'><\/p>\n","protected":false},"excerpt":{"rendered":"<p>Les remont\u00e9es m\u00e9caniques ne pourront pas \u00eatre utilis\u00e9es par le grand public durant les prochaines semaines, en raison de la crise sanitaire li\u00e9e \u00e0 la covid-19. Toutefois, certaines personnes peuvent, malgr\u00e9 tout, les utiliser. Lesquelles ?<\/p>\n","protected":false},"author":0,"featured_media":4282,"comment_status":"open","ping_status":"closed","sticky":false,"template":"","format":"standard","meta":{"_acf_changed":false,"footnotes":""},"categories":[9,7],"tags":[],"class_list":["post-1000","post","type-post","status-publish","format-standard","has-post-thumbnail","hentry","category-actu-juridique","category-actualites"],"acf":[],"yoast_head":"<!-- This site is optimized with the Yoast SEO plugin v27.2 - https:\/\/yoast.com\/product\/yoast-seo-wordpress\/ -->\n<title>Coronavirus (COVID-19) et ski : qui peut utiliser les remont\u00e9es m\u00e9caniques ? - Cabinet Magar<\/title>\n<meta name=\"robots\" content=\"index, follow, max-snippet:-1, max-image-preview:large, max-video-preview:-1\" \/>\n<link rel=\"canonical\" href=\"https:\/\/www.cabinet-magar.fr\/actualites\/coronavirus-covid-19-et-ski-qui-peut-utiliser-les-remontees-mecaniques\/\" \/>\n<meta property=\"og:locale\" content=\"de_DE\" \/>\n<meta property=\"og:type\" content=\"article\" \/>\n<meta property=\"og:title\" content=\"Coronavirus (COVID-19) et ski : qui peut utiliser les remont\u00e9es m\u00e9caniques ? - Cabinet Magar\" \/>\n<meta property=\"og:description\" content=\"Les remont\u00e9es m\u00e9caniques ne pourront pas \u00eatre utilis\u00e9es par le grand public durant les prochaines semaines, en raison de la crise sanitaire li\u00e9e \u00e0 la covid-19. Toutefois, certaines personnes peuvent, malgr\u00e9 tout, les utiliser. Lesquelles ?\" \/>\n<meta property=\"og:url\" content=\"https:\/\/www.cabinet-magar.fr\/actualites\/coronavirus-covid-19-et-ski-qui-peut-utiliser-les-remontees-mecaniques\/\" \/>\n<meta property=\"og:site_name\" content=\"Cabinet Magar\" \/>\n<meta property=\"article:published_time\" content=\"2020-12-07T04:53:00+00:00\" \/>\n<meta property=\"article:modified_time\" content=\"2021-04-28T01:00:20+00:00\" \/>\n<meta property=\"og:image\" content=\"https:\/\/www.cabinet-magar.fr\/wp-content\/uploads\/2021\/04\/ski.jpg\" \/>\n\t<meta property=\"og:image:width\" content=\"600\" \/>\n\t<meta property=\"og:image:height\" content=\"400\" \/>\n\t<meta property=\"og:image:type\" content=\"image\/jpeg\" \/>\n<meta name=\"twitter:card\" content=\"summary_large_image\" \/>\n<meta name=\"twitter:label1\" content=\"Gesch\u00e4tzte Lesezeit\" \/>\n\t<meta name=\"twitter:data1\" content=\"2\u00a0Minuten\" \/>\n<script type=\"application\/ld+json\" class=\"yoast-schema-graph\">{\"@context\":\"https:\/\/schema.org\",\"@graph\":[{\"@type\":\"Article\",\"@id\":\"https:\/\/www.cabinet-magar.fr\/actualites\/coronavirus-covid-19-et-ski-qui-peut-utiliser-les-remontees-mecaniques\/#article\",\"isPartOf\":{\"@id\":\"https:\/\/www.cabinet-magar.fr\/actualites\/coronavirus-covid-19-et-ski-qui-peut-utiliser-les-remontees-mecaniques\/\"},\"author\":{\"name\":\"\",\"@id\":\"\"},\"headline\":\"Coronavirus (COVID-19) et ski : qui peut utiliser les remont\u00e9es m\u00e9caniques ?\",\"datePublished\":\"2020-12-07T04:53:00+00:00\",\"dateModified\":\"2021-04-28T01:00:20+00:00\",\"mainEntityOfPage\":{\"@id\":\"https:\/\/www.cabinet-magar.fr\/actualites\/coronavirus-covid-19-et-ski-qui-peut-utiliser-les-remontees-mecaniques\/\"},\"wordCount\":330,\"commentCount\":0,\"image\":{\"@id\":\"https:\/\/www.cabinet-magar.fr\/actualites\/coronavirus-covid-19-et-ski-qui-peut-utiliser-les-remontees-mecaniques\/#primaryimage\"},\"thumbnailUrl\":\"https:\/\/www.cabinet-magar.fr\/wp-content\/uploads\/2021\/04\/ski.jpg\",\"articleSection\":[\"Actu Juridique\",\"Actualit\u00e9s\"],\"inLanguage\":\"de\",\"potentialAction\":[{\"@type\":\"CommentAction\",\"name\":\"Comment\",\"target\":[\"https:\/\/www.cabinet-magar.fr\/actualites\/coronavirus-covid-19-et-ski-qui-peut-utiliser-les-remontees-mecaniques\/#respond\"]}]},{\"@type\":\"WebPage\",\"@id\":\"https:\/\/www.cabinet-magar.fr\/actualites\/coronavirus-covid-19-et-ski-qui-peut-utiliser-les-remontees-mecaniques\/\",\"url\":\"https:\/\/www.cabinet-magar.fr\/actualites\/coronavirus-covid-19-et-ski-qui-peut-utiliser-les-remontees-mecaniques\/\",\"name\":\"Coronavirus (COVID-19) et ski : qui peut utiliser les remont\u00e9es m\u00e9caniques ? - Cabinet Magar\",\"isPartOf\":{\"@id\":\"https:\/\/www.cabinet-magar.fr\/#website\"},\"primaryImageOfPage\":{\"@id\":\"https:\/\/www.cabinet-magar.fr\/actualites\/coronavirus-covid-19-et-ski-qui-peut-utiliser-les-remontees-mecaniques\/#primaryimage\"},\"image\":{\"@id\":\"https:\/\/www.cabinet-magar.fr\/actualites\/coronavirus-covid-19-et-ski-qui-peut-utiliser-les-remontees-mecaniques\/#primaryimage\"},\"thumbnailUrl\":\"https:\/\/www.cabinet-magar.fr\/wp-content\/uploads\/2021\/04\/ski.jpg\",\"datePublished\":\"2020-12-07T04:53:00+00:00\",\"dateModified\":\"2021-04-28T01:00:20+00:00\",\"author\":{\"@id\":\"\"},\"breadcrumb\":{\"@id\":\"https:\/\/www.cabinet-magar.fr\/actualites\/coronavirus-covid-19-et-ski-qui-peut-utiliser-les-remontees-mecaniques\/#breadcrumb\"},\"inLanguage\":\"de\",\"potentialAction\":[{\"@type\":\"ReadAction\",\"target\":[\"https:\/\/www.cabinet-magar.fr\/actualites\/coronavirus-covid-19-et-ski-qui-peut-utiliser-les-remontees-mecaniques\/\"]}]},{\"@type\":\"ImageObject\",\"inLanguage\":\"de\",\"@id\":\"https:\/\/www.cabinet-magar.fr\/actualites\/coronavirus-covid-19-et-ski-qui-peut-utiliser-les-remontees-mecaniques\/#primaryimage\",\"url\":\"https:\/\/www.cabinet-magar.fr\/wp-content\/uploads\/2021\/04\/ski.jpg\",\"contentUrl\":\"https:\/\/www.cabinet-magar.fr\/wp-content\/uploads\/2021\/04\/ski.jpg\",\"width\":600,\"height\":400},{\"@type\":\"BreadcrumbList\",\"@id\":\"https:\/\/www.cabinet-magar.fr\/actualites\/coronavirus-covid-19-et-ski-qui-peut-utiliser-les-remontees-mecaniques\/#breadcrumb\",\"itemListElement\":[{\"@type\":\"ListItem\",\"position\":1,\"name\":\"Accueil\",\"item\":\"https:\/\/www.cabinet-magar.fr\/de\/\"},{\"@type\":\"ListItem\",\"position\":2,\"name\":\"Coronavirus (COVID-19) et ski : qui peut utiliser les remont\u00e9es m\u00e9caniques ?\"}]},{\"@type\":\"WebSite\",\"@id\":\"https:\/\/www.cabinet-magar.fr\/#website\",\"url\":\"https:\/\/www.cabinet-magar.fr\/\",\"name\":\"Cabinet Magar\",\"description\":\"\",\"potentialAction\":[{\"@type\":\"SearchAction\",\"target\":{\"@type\":\"EntryPoint\",\"urlTemplate\":\"https:\/\/www.cabinet-magar.fr\/?s={search_term_string}\"},\"query-input\":{\"@type\":\"PropertyValueSpecification\",\"valueRequired\":true,\"valueName\":\"search_term_string\"}}],\"inLanguage\":\"de\"}]}<\/script>\n<!-- \/ Yoast SEO plugin. -->","yoast_head_json":{"title":"Coronavirus (COVID-19) et ski : qui peut utiliser les remont\u00e9es m\u00e9caniques ? - Cabinet Magar","robots":{"index":"index","follow":"follow","max-snippet":"max-snippet:-1","max-image-preview":"max-image-preview:large","max-video-preview":"max-video-preview:-1"},"canonical":"https:\/\/www.cabinet-magar.fr\/actualites\/coronavirus-covid-19-et-ski-qui-peut-utiliser-les-remontees-mecaniques\/","og_locale":"de_DE","og_type":"article","og_title":"Coronavirus (COVID-19) et ski : qui peut utiliser les remont\u00e9es m\u00e9caniques ? - Cabinet Magar","og_description":"Les remont\u00e9es m\u00e9caniques ne pourront pas \u00eatre utilis\u00e9es par le grand public durant les prochaines semaines, en raison de la crise sanitaire li\u00e9e \u00e0 la covid-19. Toutefois, certaines personnes peuvent, malgr\u00e9 tout, les utiliser. Lesquelles ?","og_url":"https:\/\/www.cabinet-magar.fr\/actualites\/coronavirus-covid-19-et-ski-qui-peut-utiliser-les-remontees-mecaniques\/","og_site_name":"Cabinet Magar","article_published_time":"2020-12-07T04:53:00+00:00","article_modified_time":"2021-04-28T01:00:20+00:00","og_image":[{"width":600,"height":400,"url":"https:\/\/www.cabinet-magar.fr\/wp-content\/uploads\/2021\/04\/ski.jpg","type":"image\/jpeg"}],"twitter_card":"summary_large_image","twitter_misc":{"Gesch\u00e4tzte Lesezeit":"2\u00a0Minuten"},"schema":{"@context":"https:\/\/schema.org","@graph":[{"@type":"Article","@id":"https:\/\/www.cabinet-magar.fr\/actualites\/coronavirus-covid-19-et-ski-qui-peut-utiliser-les-remontees-mecaniques\/#article","isPartOf":{"@id":"https:\/\/www.cabinet-magar.fr\/actualites\/coronavirus-covid-19-et-ski-qui-peut-utiliser-les-remontees-mecaniques\/"},"author":{"name":"","@id":""},"headline":"Coronavirus (COVID-19) et ski : qui peut utiliser les remont\u00e9es m\u00e9caniques ?","datePublished":"2020-12-07T04:53:00+00:00","dateModified":"2021-04-28T01:00:20+00:00","mainEntityOfPage":{"@id":"https:\/\/www.cabinet-magar.fr\/actualites\/coronavirus-covid-19-et-ski-qui-peut-utiliser-les-remontees-mecaniques\/"},"wordCount":330,"commentCount":0,"image":{"@id":"https:\/\/www.cabinet-magar.fr\/actualites\/coronavirus-covid-19-et-ski-qui-peut-utiliser-les-remontees-mecaniques\/#primaryimage"},"thumbnailUrl":"https:\/\/www.cabinet-magar.fr\/wp-content\/uploads\/2021\/04\/ski.jpg","articleSection":["Actu Juridique","Actualit\u00e9s"],"inLanguage":"de","potentialAction":[{"@type":"CommentAction","name":"Comment","target":["https:\/\/www.cabinet-magar.fr\/actualites\/coronavirus-covid-19-et-ski-qui-peut-utiliser-les-remontees-mecaniques\/#respond"]}]},{"@type":"WebPage","@id":"https:\/\/www.cabinet-magar.fr\/actualites\/coronavirus-covid-19-et-ski-qui-peut-utiliser-les-remontees-mecaniques\/","url":"https:\/\/www.cabinet-magar.fr\/actualites\/coronavirus-covid-19-et-ski-qui-peut-utiliser-les-remontees-mecaniques\/","name":"Coronavirus (COVID-19) et ski : qui peut utiliser les remont\u00e9es m\u00e9caniques ? - Cabinet Magar","isPartOf":{"@id":"https:\/\/www.cabinet-magar.fr\/#website"},"primaryImageOfPage":{"@id":"https:\/\/www.cabinet-magar.fr\/actualites\/coronavirus-covid-19-et-ski-qui-peut-utiliser-les-remontees-mecaniques\/#primaryimage"},"image":{"@id":"https:\/\/www.cabinet-magar.fr\/actualites\/coronavirus-covid-19-et-ski-qui-peut-utiliser-les-remontees-mecaniques\/#primaryimage"},"thumbnailUrl":"https:\/\/www.cabinet-magar.fr\/wp-content\/uploads\/2021\/04\/ski.jpg","datePublished":"2020-12-07T04:53:00+00:00","dateModified":"2021-04-28T01:00:20+00:00","author":{"@id":""},"breadcrumb":{"@id":"https:\/\/www.cabinet-magar.fr\/actualites\/coronavirus-covid-19-et-ski-qui-peut-utiliser-les-remontees-mecaniques\/#breadcrumb"},"inLanguage":"de","potentialAction":[{"@type":"ReadAction","target":["https:\/\/www.cabinet-magar.fr\/actualites\/coronavirus-covid-19-et-ski-qui-peut-utiliser-les-remontees-mecaniques\/"]}]},{"@type":"ImageObject","inLanguage":"de","@id":"https:\/\/www.cabinet-magar.fr\/actualites\/coronavirus-covid-19-et-ski-qui-peut-utiliser-les-remontees-mecaniques\/#primaryimage","url":"https:\/\/www.cabinet-magar.fr\/wp-content\/uploads\/2021\/04\/ski.jpg","contentUrl":"https:\/\/www.cabinet-magar.fr\/wp-content\/uploads\/2021\/04\/ski.jpg","width":600,"height":400},{"@type":"BreadcrumbList","@id":"https:\/\/www.cabinet-magar.fr\/actualites\/coronavirus-covid-19-et-ski-qui-peut-utiliser-les-remontees-mecaniques\/#breadcrumb","itemListElement":[{"@type":"ListItem","position":1,"name":"Accueil","item":"https:\/\/www.cabinet-magar.fr\/de\/"},{"@type":"ListItem","position":2,"name":"Coronavirus (COVID-19) et ski : qui peut utiliser les remont\u00e9es m\u00e9caniques ?"}]},{"@type":"WebSite","@id":"https:\/\/www.cabinet-magar.fr\/#website","url":"https:\/\/www.cabinet-magar.fr\/","name":"Cabinet Magar","description":"","potentialAction":[{"@type":"SearchAction","target":{"@type":"EntryPoint","urlTemplate":"https:\/\/www.cabinet-magar.fr\/?s={search_term_string}"},"query-input":{"@type":"PropertyValueSpecification","valueRequired":true,"valueName":"search_term_string"}}],"inLanguage":"de"}]}},"_links":{"self":[{"href":"https:\/\/www.cabinet-magar.fr\/de\/wp-json\/wp\/v2\/posts\/1000","targetHints":{"allow":["GET"]}}],"collection":[{"href":"https:\/\/www.cabinet-magar.fr\/de\/wp-json\/wp\/v2\/posts"}],"about":[{"href":"https:\/\/www.cabinet-magar.fr\/de\/wp-json\/wp\/v2\/types\/post"}],"replies":[{"embeddable":true,"href":"https:\/\/www.cabinet-magar.fr\/de\/wp-json\/wp\/v2\/comments?post=1000"}],"version-history":[{"count":1,"href":"https:\/\/www.cabinet-magar.fr\/de\/wp-json\/wp\/v2\/posts\/1000\/revisions"}],"predecessor-version":[{"id":4455,"href":"https:\/\/www.cabinet-magar.fr\/de\/wp-json\/wp\/v2\/posts\/1000\/revisions\/4455"}],"wp:featuredmedia":[{"embeddable":true,"href":"https:\/\/www.cabinet-magar.fr\/de\/wp-json\/wp\/v2\/media\/4282"}],"wp:attachment":[{"href":"https:\/\/www.cabinet-magar.fr\/de\/wp-json\/wp\/v2\/media?parent=1000"}],"wp:term":[{"taxonomy":"category","embeddable":true,"href":"https:\/\/www.cabinet-magar.fr\/de\/wp-json\/wp\/v2\/categories?post=1000"},{"taxonomy":"post_tag","embeddable":true,"href":"https:\/\/www.cabinet-magar.fr\/de\/wp-json\/wp\/v2\/tags?post=1000"}],"curies":[{"name":"wp","href":"https:\/\/api.w.org\/{rel}","templated":true}]}}